{"id":14602,"date":"2012-11-20T14:41:58","date_gmt":"2012-11-20T13:41:58","guid":{"rendered":"https:\/\/www.justiceinfo.net\/14602-201112-rwandajustice-louverture-du-proces-de-mugesera-reportee-au-17-decembre.html"},"modified":"2012-11-20T14:41:58","modified_gmt":"2012-11-20T13:41:58","slug":"201112-rwandajustice-louverture-du-proces-de-mugesera-reportee-au-17-decembre","status":"publish","type":"post","link":"https:\/\/www.justiceinfo.net\/fr\/14602-201112-rwandajustice-louverture-du-proces-de-mugesera-reportee-au-17-decembre.html","title":{"rendered":"20.11.12 - RWANDA\/JUSTICE  - L'OUVERTURE DU PROCES DE MUGESERA REPORTEE AU 17 DECEMBRE"},"content":{"rendered":"<p>Kigali, 20 novembre 2012 (FH) \u2013 Le proc\u00e8s de L\u00e9on Mugesera peine toujours \u00e0 d\u00e9marrer sur le fond devant la justice rwandaise, environ une ann\u00e9e apr\u00e8s son renvoi du Canada. Apr\u00e8s un rendez-vous manqu\u00e9 lundi, les juges ont, dans leur d\u00e9cision de mardi, fix\u00e9 l\u2019ouverture des d\u00e9bats au 17 d\u00e9cembre.<\/p>\n<p><!--more--><\/p>\n<p>A sa comparution lundi devant une chambre sp\u00e9cialis\u00e9e de la Haute cour \u00e0 Kigali, l\u2019universitaire rwandais, qui est poursuivi pour incitation au g\u00e9nocide des Tutsis de 1994, avait demand\u00e9 un report de 48 jours. Il avait d\u2019abord expliqu\u00e9 que l\u2019un de ses avocats, le K\u00e9nyan Ottachi Bw'Omanwa, pr\u00e9sent dans la salle, avait re\u00e7u avec retard les autorisations n\u00e9cessaires du barreau de Kigali. Il avait \u00e9galement\u00a0fait\u00a0\u00e9tat\u00a0de violations, par les services p\u00e9nitenciers, de la confidentialit\u00e9 de ses communications avec sa d\u00e9fense.<\/p>\n<p>Dans un autre grief contre l\u2019administration de la prison, il avait d\u00e9clar\u00e9 avoir re\u00e7u avec retard le mat\u00e9riel informatique n\u00e9cessaire pour la pr\u00e9paration du proc\u00e8s.<\/p>\n<p>Dans une d\u00e9cision rendue publiquement mardi, le juge Athanase Bakuzakundi et ses deux confr\u00e8res de la chambre sp\u00e9cialis\u00e9e ont conclu que le plaideur k\u00e9nyan n\u2019avait effectivement pas dispos\u00e9 du temps n\u00e9cessaire pour pr\u00e9parer son dossier. La chambre, apr\u00e8s avoir rejet\u00e9 les autres griefs, a ainsi report\u00e9 l\u2019ouverture du proc\u00e8s sur le fond au 17 d\u00e9cembre.<\/p>\n<p>Mugesera avait obtenu, le 19 septembre, un d\u00e9lai de deux mois pour pr\u00e9parer son proc\u00e8s. Ce linguiste rwandais est poursuivi pour un discours en langue rwandaise prononc\u00e9 il y a 20 ans, lors d\u2019un meeting politique de son parti. Le procureur soutient que le discours appelait les Hutus \u00e0 massacrer les Tutsis tandis que l\u2019universitaire affirme que ses propos ont \u00e9t\u00e9 mal interpr\u00e9t\u00e9s, sortis de leur contexte.<\/p>\n<p>Mugesera a \u00e9t\u00e9 extrad\u00e9 du Canada le 24 janvier dernier apr\u00e8s une bataille juridique de 15 ans.<\/p>\n<p>SRE-ER\/GF<\/p>\n","protected":false},"excerpt":{"rendered":"<p>Kigali, 20 novembre 2012 (FH) \u2013 Le proc\u00e8s de L\u00e9on Mugesera peine toujours \u00e0 d\u00e9marrer sur le fond devant la justice rwandaise, environ une ann\u00e9e apr\u00e8s son renvoi du Canada. Apr\u00e8s un rendez-vous manqu\u00e9 lundi, les juges ont, dans leur d\u00e9cision de mardi, fix\u00e9 l\u2019ouverture des d\u00e9bats au 17 d\u00e9cembre.<\/p>\n","protected":false},"author":64,"featured_media":0,"comment_status":"open","ping_status":"closed","sticky":false,"template":"","format":"standard","meta":{"_acf_changed":false,"footnotes":""},"categories":[554],"tags":[],"ji_location":[],"class_list":["post-14602","post","type-post","status-publish","format-standard","hentry","category-hirondellenews"],"acf":[],"yoast_head":"<!-- This site is optimized with the Yoast SEO Premium plugin v25.3.1 (Yoast SEO v25.3.1) - https:\/\/yoast.com\/wordpress\/plugins\/seo\/ -->\n<title>20.11.12 - RWANDA\/JUSTICE - L&#039;OUVERTURE DU PROCES DE MUGESERA REPORTEE AU 17 DECEMBRE - JusticeInfo.net<\/title>\n<meta name=\"robots\" content=\"index, follow, max-snippet:-1, max-image-preview:large, max-video-preview:-1\" \/>\n<link rel=\"canonical\" href=\"https:\/\/www.justiceinfo.net\/fr\/14602-201112-rwandajustice-louverture-du-proces-de-mugesera-reportee-au-17-decembre.html\" \/>\n<meta property=\"og:locale\" content=\"fr_FR\" \/>\n<meta property=\"og:type\" content=\"article\" \/>\n<meta property=\"og:title\" content=\"20.11.12 - RWANDA\/JUSTICE - L&#039;OUVERTURE DU PROCES DE MUGESERA REPORTEE AU 17 DECEMBRE\" \/>\n<meta property=\"og:description\" content=\"Kigali, 20 novembre 2012 (FH) \u2013 Le proc\u00e8s de L\u00e9on Mugesera peine toujours \u00e0 d\u00e9marrer sur le fond devant la justice rwandaise, environ une ann\u00e9e apr\u00e8s son renvoi du Canada. Apr\u00e8s un rendez-vous manqu\u00e9 lundi, les juges ont, dans leur d\u00e9cision de mardi, fix\u00e9 l\u2019ouverture des d\u00e9bats au 17 d\u00e9cembre.\" \/>\n<meta property=\"og:url\" content=\"https:\/\/www.justiceinfo.net\/fr\/14602-201112-rwandajustice-louverture-du-proces-de-mugesera-reportee-au-17-decembre.html\" \/>\n<meta property=\"og:site_name\" content=\"JusticeInfo.net\" \/>\n<meta property=\"article:publisher\" content=\"https:\/\/www.facebook.com\/JusticeInfo\/\" \/>\n<meta property=\"article:published_time\" content=\"2012-11-20T13:41:58+00:00\" \/>\n<meta property=\"og:image\" content=\"https:\/\/www.justiceinfo.net\/wp-content\/uploads\/JusticeInfoNet_logo_1200x630px.jpg\" \/>\n\t<meta property=\"og:image:width\" content=\"1200\" \/>\n\t<meta property=\"og:image:height\" content=\"630\" \/>\n\t<meta property=\"og:image:type\" content=\"image\/jpeg\" \/>\n<meta name=\"author\" content=\"solivri\" \/>\n<meta name=\"twitter:card\" content=\"summary_large_image\" \/>\n<meta name=\"twitter:creator\" content=\"@justiceinfonet\" \/>\n<meta name=\"twitter:site\" content=\"@justiceinfonet\" \/>\n<meta name=\"twitter:label1\" content=\"\u00c9crit par\" \/>\n\t<meta name=\"twitter:data1\" content=\"solivri\" \/>\n\t<meta name=\"twitter:label2\" content=\"Dur\u00e9e de lecture estim\u00e9e\" \/>\n\t<meta name=\"twitter:data2\" content=\"2 minutes\" \/>\n<script type=\"application\/ld+json\" class=\"yoast-schema-graph\">{\"@context\":\"https:\/\/schema.org\",\"@graph\":[{\"@type\":\"NewsArticle\",\"@id\":\"https:\/\/www.justiceinfo.net\/fr\/14602-201112-rwandajustice-louverture-du-proces-de-mugesera-reportee-au-17-decembre.html#article\",\"isPartOf\":{\"@id\":\"https:\/\/www.justiceinfo.net\/fr\/14602-201112-rwandajustice-louverture-du-proces-de-mugesera-reportee-au-17-decembre.html\"},\"author\":{\"name\":\"solivri\",\"@id\":\"https:\/\/www.justiceinfo.net\/fr#\/schema\/person\/6e53cba1629e2e66f3fc1821d3091865\"},\"headline\":\"20.11.12 - RWANDA\/JUSTICE - L'OUVERTURE DU PROCES DE MUGESERA REPORTEE AU 17 DECEMBRE\",\"datePublished\":\"2012-11-20T13:41:58+00:00\",\"mainEntityOfPage\":{\"@id\":\"https:\/\/www.justiceinfo.net\/fr\/14602-201112-rwandajustice-louverture-du-proces-de-mugesera-reportee-au-17-decembre.html\"},\"wordCount\":347,\"commentCount\":0,\"publisher\":{\"@id\":\"https:\/\/www.justiceinfo.net\/fr#organization\"},\"articleSection\":[\"Hirondelle News\"],\"inLanguage\":\"fr-FR\",\"potentialAction\":[{\"@type\":\"CommentAction\",\"name\":\"Comment\",\"target\":[\"https:\/\/www.justiceinfo.net\/fr\/14602-201112-rwandajustice-louverture-du-proces-de-mugesera-reportee-au-17-decembre.html#respond\"]}]},{\"@type\":\"WebPage\",\"@id\":\"https:\/\/www.justiceinfo.net\/fr\/14602-201112-rwandajustice-louverture-du-proces-de-mugesera-reportee-au-17-decembre.html\",\"url\":\"https:\/\/www.justiceinfo.net\/fr\/14602-201112-rwandajustice-louverture-du-proces-de-mugesera-reportee-au-17-decembre.html\",\"name\":\"20.11.12 - RWANDA\/JUSTICE - L'OUVERTURE DU PROCES DE MUGESERA REPORTEE AU 17 DECEMBRE - JusticeInfo.net\",\"isPartOf\":{\"@id\":\"https:\/\/www.justiceinfo.net\/fr#website\"},\"datePublished\":\"2012-11-20T13:41:58+00:00\",\"breadcrumb\":{\"@id\":\"https:\/\/www.justiceinfo.net\/fr\/14602-201112-rwandajustice-louverture-du-proces-de-mugesera-reportee-au-17-decembre.html#breadcrumb\"},\"inLanguage\":\"fr-FR\",\"potentialAction\":[{\"@type\":\"ReadAction\",\"target\":[\"https:\/\/www.justiceinfo.net\/fr\/14602-201112-rwandajustice-louverture-du-proces-de-mugesera-reportee-au-17-decembre.html\"]}]},{\"@type\":\"BreadcrumbList\",\"@id\":\"https:\/\/www.justiceinfo.net\/fr\/14602-201112-rwandajustice-louverture-du-proces-de-mugesera-reportee-au-17-decembre.html#breadcrumb\",\"itemListElement\":[{\"@type\":\"ListItem\",\"position\":1,\"name\":\"Home\",\"item\":\"https:\/\/www.justiceinfo.net\/fr\"},{\"@type\":\"ListItem\",\"position\":2,\"name\":\"20.11.12 - RWANDA\/JUSTICE - L'OUVERTURE DU PROCES DE MUGESERA REPORTEE AU 17 DECEMBRE\"}]},{\"@type\":\"WebSite\",\"@id\":\"https:\/\/www.justiceinfo.net\/fr#website\",\"url\":\"https:\/\/www.justiceinfo.net\/fr\",\"name\":\"JusticeInfo.net\",\"description\":\"La justice doit \u00eatre vue pour \u00eatre rendue\",\"publisher\":{\"@id\":\"https:\/\/www.justiceinfo.net\/fr#organization\"},\"potentialAction\":[{\"@type\":\"SearchAction\",\"target\":{\"@type\":\"EntryPoint\",\"urlTemplate\":\"https:\/\/www.justiceinfo.net\/fr?s={search_term_string}\"},\"query-input\":{\"@type\":\"PropertyValueSpecification\",\"valueRequired\":true,\"valueName\":\"search_term_string\"}}],\"inLanguage\":\"fr-FR\"},{\"@type\":\"Organization\",\"@id\":\"https:\/\/www.justiceinfo.net\/fr#organization\",\"name\":\"Justice Info\",\"url\":\"https:\/\/www.justiceinfo.net\/fr\",\"logo\":{\"@type\":\"ImageObject\",\"inLanguage\":\"fr-FR\",\"@id\":\"https:\/\/www.justiceinfo.net\/fr#\/schema\/logo\/image\/\",\"url\":\"https:\/\/www.justiceinfo.net\/wp-content\/uploads\/justiceinfo_logo-trans_1200x1200px.png\",\"contentUrl\":\"https:\/\/www.justiceinfo.net\/wp-content\/uploads\/justiceinfo_logo-trans_1200x1200px.png\",\"width\":1199,\"height\":1200,\"caption\":\"Justice Info\"},\"image\":{\"@id\":\"https:\/\/www.justiceinfo.net\/fr#\/schema\/logo\/image\/\"},\"sameAs\":[\"https:\/\/www.facebook.com\/JusticeInfo\/\",\"https:\/\/x.com\/justiceinfonet\",\"https:\/\/www.linkedin.com\/company\/justice-info\",\"https:\/\/www.youtube.com\/channel\/UCyCEsARodyuWtkWyhn-e7pA\"]},{\"@type\":\"Person\",\"name\":\"solivri\",\"url\":\"\/fr\/?s=solivri\"}]}<\/script>\n<!-- \/ Yoast SEO Premium plugin. -->","yoast_head_json":{"title":"20.11.12 - RWANDA\/JUSTICE - L'OUVERTURE DU PROCES DE MUGESERA REPORTEE AU 17 DECEMBRE - JusticeInfo.net","robots":{"index":"index","follow":"follow","max-snippet":"max-snippet:-1","max-image-preview":"max-image-preview:large","max-video-preview":"max-video-preview:-1"},"canonical":"https:\/\/www.justiceinfo.net\/fr\/14602-201112-rwandajustice-louverture-du-proces-de-mugesera-reportee-au-17-decembre.html","og_locale":"fr_FR","og_type":"article","og_title":"20.11.12 - RWANDA\/JUSTICE - L'OUVERTURE DU PROCES DE MUGESERA REPORTEE AU 17 DECEMBRE","og_description":"Kigali, 20 novembre 2012 (FH) \u2013 Le proc\u00e8s de L\u00e9on Mugesera peine toujours \u00e0 d\u00e9marrer sur le fond devant la justice rwandaise, environ une ann\u00e9e apr\u00e8s son renvoi du Canada. Apr\u00e8s un rendez-vous manqu\u00e9 lundi, les juges ont, dans leur d\u00e9cision de mardi, fix\u00e9 l\u2019ouverture des d\u00e9bats au 17 d\u00e9cembre.","og_url":"https:\/\/www.justiceinfo.net\/fr\/14602-201112-rwandajustice-louverture-du-proces-de-mugesera-reportee-au-17-decembre.html","og_site_name":"JusticeInfo.net","article_publisher":"https:\/\/www.facebook.com\/JusticeInfo\/","article_published_time":"2012-11-20T13:41:58+00:00","og_image":[{"width":1200,"height":630,"url":"https:\/\/www.justiceinfo.net\/wp-content\/uploads\/JusticeInfoNet_logo_1200x630px.jpg","type":"image\/jpeg"}],"author":"solivri","twitter_card":"summary_large_image","twitter_creator":"@justiceinfonet","twitter_site":"@justiceinfonet","twitter_misc":{"\u00c9crit par":"solivri","Dur\u00e9e de lecture estim\u00e9e":"2 minutes"},"schema":{"@context":"https:\/\/schema.org","@graph":[{"@type":"NewsArticle","@id":"https:\/\/www.justiceinfo.net\/fr\/14602-201112-rwandajustice-louverture-du-proces-de-mugesera-reportee-au-17-decembre.html#article","isPartOf":{"@id":"https:\/\/www.justiceinfo.net\/fr\/14602-201112-rwandajustice-louverture-du-proces-de-mugesera-reportee-au-17-decembre.html"},"author":{"name":"solivri","@id":"https:\/\/www.justiceinfo.net\/fr#\/schema\/person\/6e53cba1629e2e66f3fc1821d3091865"},"headline":"20.11.12 - RWANDA\/JUSTICE - L'OUVERTURE DU PROCES DE MUGESERA REPORTEE AU 17 DECEMBRE","datePublished":"2012-11-20T13:41:58+00:00","mainEntityOfPage":{"@id":"https:\/\/www.justiceinfo.net\/fr\/14602-201112-rwandajustice-louverture-du-proces-de-mugesera-reportee-au-17-decembre.html"},"wordCount":347,"commentCount":0,"publisher":{"@id":"https:\/\/www.justiceinfo.net\/fr#organization"},"articleSection":["Hirondelle News"],"inLanguage":"fr-FR","potentialAction":[{"@type":"CommentAction","name":"Comment","target":["https:\/\/www.justiceinfo.net\/fr\/14602-201112-rwandajustice-louverture-du-proces-de-mugesera-reportee-au-17-decembre.html#respond"]}]},{"@type":"WebPage","@id":"https:\/\/www.justiceinfo.net\/fr\/14602-201112-rwandajustice-louverture-du-proces-de-mugesera-reportee-au-17-decembre.html","url":"https:\/\/www.justiceinfo.net\/fr\/14602-201112-rwandajustice-louverture-du-proces-de-mugesera-reportee-au-17-decembre.html","name":"20.11.12 - RWANDA\/JUSTICE - L'OUVERTURE DU PROCES DE MUGESERA REPORTEE AU 17 DECEMBRE - JusticeInfo.net","isPartOf":{"@id":"https:\/\/www.justiceinfo.net\/fr#website"},"datePublished":"2012-11-20T13:41:58+00:00","breadcrumb":{"@id":"https:\/\/www.justiceinfo.net\/fr\/14602-201112-rwandajustice-louverture-du-proces-de-mugesera-reportee-au-17-decembre.html#breadcrumb"},"inLanguage":"fr-FR","potentialAction":[{"@type":"ReadAction","target":["https:\/\/www.justiceinfo.net\/fr\/14602-201112-rwandajustice-louverture-du-proces-de-mugesera-reportee-au-17-decembre.html"]}]},{"@type":"BreadcrumbList","@id":"https:\/\/www.justiceinfo.net\/fr\/14602-201112-rwandajustice-louverture-du-proces-de-mugesera-reportee-au-17-decembre.html#breadcrumb","itemListElement":[{"@type":"ListItem","position":1,"name":"Home","item":"https:\/\/www.justiceinfo.net\/fr"},{"@type":"ListItem","position":2,"name":"20.11.12 - RWANDA\/JUSTICE - L'OUVERTURE DU PROCES DE MUGESERA REPORTEE AU 17 DECEMBRE"}]},{"@type":"WebSite","@id":"https:\/\/www.justiceinfo.net\/fr#website","url":"https:\/\/www.justiceinfo.net\/fr","name":"JusticeInfo.net","description":"La justice doit \u00eatre vue pour \u00eatre rendue","publisher":{"@id":"https:\/\/www.justiceinfo.net\/fr#organization"},"potentialAction":[{"@type":"SearchAction","target":{"@type":"EntryPoint","urlTemplate":"https:\/\/www.justiceinfo.net\/fr?s={search_term_string}"},"query-input":{"@type":"PropertyValueSpecification","valueRequired":true,"valueName":"search_term_string"}}],"inLanguage":"fr-FR"},{"@type":"Organization","@id":"https:\/\/www.justiceinfo.net\/fr#organization","name":"Justice Info","url":"https:\/\/www.justiceinfo.net\/fr","logo":{"@type":"ImageObject","inLanguage":"fr-FR","@id":"https:\/\/www.justiceinfo.net\/fr#\/schema\/logo\/image\/","url":"https:\/\/www.justiceinfo.net\/wp-content\/uploads\/justiceinfo_logo-trans_1200x1200px.png","contentUrl":"https:\/\/www.justiceinfo.net\/wp-content\/uploads\/justiceinfo_logo-trans_1200x1200px.png","width":1199,"height":1200,"caption":"Justice Info"},"image":{"@id":"https:\/\/www.justiceinfo.net\/fr#\/schema\/logo\/image\/"},"sameAs":["https:\/\/www.facebook.com\/JusticeInfo\/","https:\/\/x.com\/justiceinfonet","https:\/\/www.linkedin.com\/company\/justice-info","https:\/\/www.youtube.com\/channel\/UCyCEsARodyuWtkWyhn-e7pA"]},{"@type":"Person","name":"solivri","url":"\/fr\/?s=solivri"}]}},"_links":{"self":[{"href":"https:\/\/www.justiceinfo.net\/fr\/wp-json\/wp\/v2\/posts\/14602","targetHints":{"allow":["GET"]}}],"collection":[{"href":"https:\/\/www.justiceinfo.net\/fr\/wp-json\/wp\/v2\/posts"}],"about":[{"href":"https:\/\/www.justiceinfo.net\/fr\/wp-json\/wp\/v2\/types\/post"}],"author":[{"embeddable":true,"href":"https:\/\/www.justiceinfo.net\/fr\/wp-json\/wp\/v2\/users\/64"}],"replies":[{"embeddable":true,"href":"https:\/\/www.justiceinfo.net\/fr\/wp-json\/wp\/v2\/comments?post=14602"}],"version-history":[{"count":0,"href":"https:\/\/www.justiceinfo.net\/fr\/wp-json\/wp\/v2\/posts\/14602\/revisions"}],"wp:attachment":[{"href":"https:\/\/www.justiceinfo.net\/fr\/wp-json\/wp\/v2\/media?parent=14602"}],"wp:term":[{"taxonomy":"category","embeddable":true,"href":"https:\/\/www.justiceinfo.net\/fr\/wp-json\/wp\/v2\/categories?post=14602"},{"taxonomy":"post_tag","embeddable":true,"href":"https:\/\/www.justiceinfo.net\/fr\/wp-json\/wp\/v2\/tags?post=14602"},{"taxonomy":"ji_location","embeddable":true,"href":"https:\/\/www.justiceinfo.net\/fr\/wp-json\/wp\/v2\/ji_location?post=14602"}],"curies":[{"name":"wp","href":"https:\/\/api.w.org\/{rel}","templated":true}]}}