{"id":14603,"date":"2012-11-21T23:25:36","date_gmt":"2012-11-21T22:25:36","guid":{"rendered":"https:\/\/www.justiceinfo.net\/14603-211112-cpingudjolo-verdict-le-18-decembre-pour-ngudjolo-en-2013-pour-katanga.html"},"modified":"2012-11-21T23:25:36","modified_gmt":"2012-11-21T22:25:36","slug":"211112-cpingudjolo-verdict-le-18-decembre-pour-ngudjolo-en-2013-pour-katanga","status":"publish","type":"post","link":"https:\/\/www.justiceinfo.net\/fr\/14603-211112-cpingudjolo-verdict-le-18-decembre-pour-ngudjolo-en-2013-pour-katanga.html","title":{"rendered":"21.11.12 - CPI\/NGUDJOLO \u2013 VERDICT LE 18 DECEMBRE POUR NGUDJOLO, EN 2013 POUR KATANGA"},"content":{"rendered":"<p>La Haye, 21 novembre 2012 (FH) \u2013 Des juges de la Cour p\u00e9nale internationale (CPI) ont d\u00e9cid\u00e9 de rendre deux verdicts s\u00e9par\u00e9s contre Mathieu Ngudjolo et Germain Katanga, pourtant jug\u00e9s ensemble. Les deux miliciens sont poursuivis pour crimes contre l\u2019humanit\u00e9 commis \u00e0 Bogoro, en Ituri, dans l\u2019est de la R\u00e9publique d\u00e9mocratique du Congo (RDC), le 24 f\u00e9vrier 2003.<\/p>\n<p><!--more--><\/p>\n<p>La d\u00e9cision concernant Mathieu Ngudjolo sera rendue le 18 d\u00e9cembre. Celle concernant Germain Karanga ne devrait pas \u00eatre rendue avant le printemps 2013. Dans une d\u00e9cision\u00a0dat\u00e9e du\u00a021 novembre, la chambre de premi\u00e8re instance a d\u00e9cid\u00e9 de disjoindre les deux affaires et propose de requalifier le mode de responsabilit\u00e9 imput\u00e9 \u00e0 Germain Katanga. <\/p>\n<p>Jusqu\u2019ici, le milicien congolais \u00e9tait poursuivi pour sa responsabilit\u00e9 en tant que co-auteur indirect des crimes mais selon la chambre, il aurait d\u00fb \u00eatre poursuivi en qualit\u00e9 de complice d\u2019un crime commis par un groupe agissant de concert. Le r\u00e8glement de la Cour permet aux juges de modifier, sous certaines modalit\u00e9s, les charges retenues contre un accus\u00e9. Les parties devront d\u00e9poser des m\u00e9moires \u00e9crits en janvier 2013. La d\u00e9fense pourra, le cas \u00e9ch\u00e9ant, appeler de nouveaux t\u00e9moins. <\/p>\n<p>Dans cette d\u00e9cision prise \u00e0 la majorit\u00e9 (deux juges sur trois), les juges rappellent qu\u2019au cours de sa d\u00e9position, Germain Katanga a mis l\u2019accent \u00ab\u00a0sur sa contribution, en tant que coordinateur, \u00e0 la pr\u00e9paration de l\u2019attaque de Bogoro\u00a0\u00bb et que plusieurs t\u00e9moins ont soulign\u00e9 sa contribution\u00a0\u00e0 l\u2019attaque. <\/p>\n<p>Ils notent qu\u2019une \u00ab\u00a0requalification juridique des faits au stade du d\u00e9lib\u00e9r\u00e9 pourrait conduire \u00e0 s\u2019interroger sur l\u2019apparente partialit\u00e9 des juges dont on pourrait penser qu\u2019ils seraient d\u00e9j\u00e0 convaincus de la culpabilit\u00e9 de l\u2019accus\u00e9 ou qu\u2019ils chercheraient \u00e0 tout prix \u00e0 y parvenir\u00a0\u00bb. Pour s\u2019en d\u00e9douaner, ils pr\u00e9cisent notamment que les faits retenus contre Germain Katanga sont les m\u00eames, mais que seule sa responsabilit\u00e9 dans ceux-ci pourraient \u00eatre modifi\u00e9e. <\/p>\n<p>La chambre estime que Germain Katanga\u00a0a eu, dans l\u2019attaque de Bogoro.\u00a0une responsabilit\u00e9 plus grande que celle d\u2019un co-auteur indirect. Sur ces faits, ajoutent-ils, l\u2019accus\u00e9 a d\u00e9j\u00e0 eu l\u2019occasion, au cours du proc\u00e8s, de se d\u00e9fendre. <\/p>\n<p>La juge Christine Van den Wyngaert s\u2019est dissoci\u00e9e de cette d\u00e9cision. La magistrate belge estime que cette d\u00e9cision est prise trop tard et qu\u2019elle risque, en outre, de conduire \u00e0 la r\u00e9ouverture du proc\u00e8s, cl\u00f4t le 23 mai 2012. Elle ajoute que la r\u00e8gle permettant de modifier certains points compris dans les charges \u00ab\u00a0ne donne pas licence aux chambres de premi\u00e8re instance de trouver \u00e0 tout prix un b\u00e2ton pour frapper l\u2019accus\u00e9\u00a0\u00bb. <\/p>\n<p>Le proc\u00e8s de Germain Katanga et Mathieu Ngudjolo s\u2019est ouvert le 24 novembre 2009. <\/p>\n<p>SM\/GF<\/p>\n<p>\u00a0<\/p>\n","protected":false},"excerpt":{"rendered":"<p>La Haye, 21 novembre 2012 (FH) \u2013 Des juges de la Cour p\u00e9nale internationale (CPI) ont d\u00e9cid\u00e9 de rendre deux verdicts s\u00e9par\u00e9s contre Mathieu Ngudjolo et Germain Katanga, pourtant jug\u00e9s ensemble. Les deux miliciens sont poursuivis pour crimes contre l\u2019humanit\u00e9 commis \u00e0 Bogoro, en Ituri, dans l\u2019est de la R\u00e9publique d\u00e9mocratique du Congo (RDC), le [&hellip;]<\/p>\n","protected":false},"author":64,"featured_media":0,"comment_status":"open","ping_status":"closed","sticky":false,"template":"","format":"standard","meta":{"_acf_changed":false,"footnotes":""},"categories":[554],"tags":[],"ji_location":[],"class_list":["post-14603","post","type-post","status-publish","format-standard","hentry","category-hirondellenews"],"acf":[],"yoast_head":"<!-- This site is optimized with the Yoast SEO Premium plugin v25.3.1 (Yoast SEO v25.3.1) - https:\/\/yoast.com\/wordpress\/plugins\/seo\/ -->\n<title>21.11.12 - CPI\/NGUDJOLO \u2013 VERDICT LE 18 DECEMBRE POUR NGUDJOLO, EN 2013 POUR KATANGA - JusticeInfo.net<\/title>\n<meta name=\"robots\" content=\"index, follow, max-snippet:-1, max-image-preview:large, max-video-preview:-1\" \/>\n<link rel=\"canonical\" href=\"https:\/\/www.justiceinfo.net\/fr\/14603-211112-cpingudjolo-verdict-le-18-decembre-pour-ngudjolo-en-2013-pour-katanga.html\" \/>\n<meta property=\"og:locale\" content=\"fr_FR\" \/>\n<meta property=\"og:type\" content=\"article\" \/>\n<meta property=\"og:title\" content=\"21.11.12 - CPI\/NGUDJOLO \u2013 VERDICT LE 18 DECEMBRE POUR NGUDJOLO, EN 2013 POUR KATANGA\" \/>\n<meta property=\"og:description\" content=\"La Haye, 21 novembre 2012 (FH) \u2013 Des juges de la Cour p\u00e9nale internationale (CPI) ont d\u00e9cid\u00e9 de rendre deux verdicts s\u00e9par\u00e9s contre Mathieu Ngudjolo et Germain Katanga, pourtant jug\u00e9s ensemble. Les deux miliciens sont poursuivis pour crimes contre l\u2019humanit\u00e9 commis \u00e0 Bogoro, en Ituri, dans l\u2019est de la R\u00e9publique d\u00e9mocratique du Congo (RDC), le [&hellip;]\" \/>\n<meta property=\"og:url\" content=\"https:\/\/www.justiceinfo.net\/fr\/14603-211112-cpingudjolo-verdict-le-18-decembre-pour-ngudjolo-en-2013-pour-katanga.html\" \/>\n<meta property=\"og:site_name\" content=\"JusticeInfo.net\" \/>\n<meta property=\"article:publisher\" content=\"https:\/\/www.facebook.com\/JusticeInfo\/\" \/>\n<meta property=\"article:published_time\" content=\"2012-11-21T22:25:36+00:00\" \/>\n<meta property=\"og:image\" content=\"https:\/\/www.justiceinfo.net\/wp-content\/uploads\/JusticeInfoNet_logo_1200x630px.jpg\" \/>\n\t<meta property=\"og:image:width\" content=\"1200\" \/>\n\t<meta property=\"og:image:height\" content=\"630\" \/>\n\t<meta property=\"og:image:type\" content=\"image\/jpeg\" \/>\n<meta name=\"author\" content=\"solivri\" \/>\n<meta name=\"twitter:card\" content=\"summary_large_image\" \/>\n<meta name=\"twitter:creator\" content=\"@justiceinfonet\" \/>\n<meta name=\"twitter:site\" content=\"@justiceinfonet\" \/>\n<meta name=\"twitter:label1\" content=\"\u00c9crit par\" \/>\n\t<meta name=\"twitter:data1\" content=\"solivri\" \/>\n\t<meta name=\"twitter:label2\" content=\"Dur\u00e9e de lecture estim\u00e9e\" \/>\n\t<meta name=\"twitter:data2\" content=\"2 minutes\" \/>\n<script type=\"application\/ld+json\" class=\"yoast-schema-graph\">{\"@context\":\"https:\/\/schema.org\",\"@graph\":[{\"@type\":\"NewsArticle\",\"@id\":\"https:\/\/www.justiceinfo.net\/fr\/14603-211112-cpingudjolo-verdict-le-18-decembre-pour-ngudjolo-en-2013-pour-katanga.html#article\",\"isPartOf\":{\"@id\":\"https:\/\/www.justiceinfo.net\/fr\/14603-211112-cpingudjolo-verdict-le-18-decembre-pour-ngudjolo-en-2013-pour-katanga.html\"},\"author\":{\"name\":\"solivri\",\"@id\":\"https:\/\/www.justiceinfo.net\/fr#\/schema\/person\/6e53cba1629e2e66f3fc1821d3091865\"},\"headline\":\"21.11.12 - CPI\/NGUDJOLO \u2013 VERDICT LE 18 DECEMBRE POUR NGUDJOLO, EN 2013 POUR KATANGA\",\"datePublished\":\"2012-11-21T22:25:36+00:00\",\"mainEntityOfPage\":{\"@id\":\"https:\/\/www.justiceinfo.net\/fr\/14603-211112-cpingudjolo-verdict-le-18-decembre-pour-ngudjolo-en-2013-pour-katanga.html\"},\"wordCount\":486,\"commentCount\":0,\"publisher\":{\"@id\":\"https:\/\/www.justiceinfo.net\/fr#organization\"},\"articleSection\":[\"Hirondelle News\"],\"inLanguage\":\"fr-FR\",\"potentialAction\":[{\"@type\":\"CommentAction\",\"name\":\"Comment\",\"target\":[\"https:\/\/www.justiceinfo.net\/fr\/14603-211112-cpingudjolo-verdict-le-18-decembre-pour-ngudjolo-en-2013-pour-katanga.html#respond\"]}]},{\"@type\":\"WebPage\",\"@id\":\"https:\/\/www.justiceinfo.net\/fr\/14603-211112-cpingudjolo-verdict-le-18-decembre-pour-ngudjolo-en-2013-pour-katanga.html\",\"url\":\"https:\/\/www.justiceinfo.net\/fr\/14603-211112-cpingudjolo-verdict-le-18-decembre-pour-ngudjolo-en-2013-pour-katanga.html\",\"name\":\"21.11.12 - CPI\/NGUDJOLO \u2013 VERDICT LE 18 DECEMBRE POUR NGUDJOLO, EN 2013 POUR KATANGA - JusticeInfo.net\",\"isPartOf\":{\"@id\":\"https:\/\/www.justiceinfo.net\/fr#website\"},\"datePublished\":\"2012-11-21T22:25:36+00:00\",\"breadcrumb\":{\"@id\":\"https:\/\/www.justiceinfo.net\/fr\/14603-211112-cpingudjolo-verdict-le-18-decembre-pour-ngudjolo-en-2013-pour-katanga.html#breadcrumb\"},\"inLanguage\":\"fr-FR\",\"potentialAction\":[{\"@type\":\"ReadAction\",\"target\":[\"https:\/\/www.justiceinfo.net\/fr\/14603-211112-cpingudjolo-verdict-le-18-decembre-pour-ngudjolo-en-2013-pour-katanga.html\"]}]},{\"@type\":\"BreadcrumbList\",\"@id\":\"https:\/\/www.justiceinfo.net\/fr\/14603-211112-cpingudjolo-verdict-le-18-decembre-pour-ngudjolo-en-2013-pour-katanga.html#breadcrumb\",\"itemListElement\":[{\"@type\":\"ListItem\",\"position\":1,\"name\":\"Home\",\"item\":\"https:\/\/www.justiceinfo.net\/fr\"},{\"@type\":\"ListItem\",\"position\":2,\"name\":\"21.11.12 - CPI\/NGUDJOLO \u2013 VERDICT LE 18 DECEMBRE POUR NGUDJOLO, EN 2013 POUR KATANGA\"}]},{\"@type\":\"WebSite\",\"@id\":\"https:\/\/www.justiceinfo.net\/fr#website\",\"url\":\"https:\/\/www.justiceinfo.net\/fr\",\"name\":\"JusticeInfo.net\",\"description\":\"La justice doit \u00eatre vue pour \u00eatre rendue\",\"publisher\":{\"@id\":\"https:\/\/www.justiceinfo.net\/fr#organization\"},\"potentialAction\":[{\"@type\":\"SearchAction\",\"target\":{\"@type\":\"EntryPoint\",\"urlTemplate\":\"https:\/\/www.justiceinfo.net\/fr?s={search_term_string}\"},\"query-input\":{\"@type\":\"PropertyValueSpecification\",\"valueRequired\":true,\"valueName\":\"search_term_string\"}}],\"inLanguage\":\"fr-FR\"},{\"@type\":\"Organization\",\"@id\":\"https:\/\/www.justiceinfo.net\/fr#organization\",\"name\":\"Justice Info\",\"url\":\"https:\/\/www.justiceinfo.net\/fr\",\"logo\":{\"@type\":\"ImageObject\",\"inLanguage\":\"fr-FR\",\"@id\":\"https:\/\/www.justiceinfo.net\/fr#\/schema\/logo\/image\/\",\"url\":\"https:\/\/www.justiceinfo.net\/wp-content\/uploads\/justiceinfo_logo-trans_1200x1200px.png\",\"contentUrl\":\"https:\/\/www.justiceinfo.net\/wp-content\/uploads\/justiceinfo_logo-trans_1200x1200px.png\",\"width\":1199,\"height\":1200,\"caption\":\"Justice Info\"},\"image\":{\"@id\":\"https:\/\/www.justiceinfo.net\/fr#\/schema\/logo\/image\/\"},\"sameAs\":[\"https:\/\/www.facebook.com\/JusticeInfo\/\",\"https:\/\/x.com\/justiceinfonet\",\"https:\/\/www.linkedin.com\/company\/justice-info\",\"https:\/\/www.youtube.com\/channel\/UCyCEsARodyuWtkWyhn-e7pA\"]},{\"@type\":\"Person\",\"name\":\"solivri\",\"url\":\"\/fr\/?s=solivri\"}]}<\/script>\n<!-- \/ Yoast SEO Premium plugin. -->","yoast_head_json":{"title":"21.11.12 - CPI\/NGUDJOLO \u2013 VERDICT LE 18 DECEMBRE POUR NGUDJOLO, EN 2013 POUR KATANGA - JusticeInfo.net","robots":{"index":"index","follow":"follow","max-snippet":"max-snippet:-1","max-image-preview":"max-image-preview:large","max-video-preview":"max-video-preview:-1"},"canonical":"https:\/\/www.justiceinfo.net\/fr\/14603-211112-cpingudjolo-verdict-le-18-decembre-pour-ngudjolo-en-2013-pour-katanga.html","og_locale":"fr_FR","og_type":"article","og_title":"21.11.12 - CPI\/NGUDJOLO \u2013 VERDICT LE 18 DECEMBRE POUR NGUDJOLO, EN 2013 POUR KATANGA","og_description":"La Haye, 21 novembre 2012 (FH) \u2013 Des juges de la Cour p\u00e9nale internationale (CPI) ont d\u00e9cid\u00e9 de rendre deux verdicts s\u00e9par\u00e9s contre Mathieu Ngudjolo et Germain Katanga, pourtant jug\u00e9s ensemble. Les deux miliciens sont poursuivis pour crimes contre l\u2019humanit\u00e9 commis \u00e0 Bogoro, en Ituri, dans l\u2019est de la R\u00e9publique d\u00e9mocratique du Congo (RDC), le [&hellip;]","og_url":"https:\/\/www.justiceinfo.net\/fr\/14603-211112-cpingudjolo-verdict-le-18-decembre-pour-ngudjolo-en-2013-pour-katanga.html","og_site_name":"JusticeInfo.net","article_publisher":"https:\/\/www.facebook.com\/JusticeInfo\/","article_published_time":"2012-11-21T22:25:36+00:00","og_image":[{"width":1200,"height":630,"url":"https:\/\/www.justiceinfo.net\/wp-content\/uploads\/JusticeInfoNet_logo_1200x630px.jpg","type":"image\/jpeg"}],"author":"solivri","twitter_card":"summary_large_image","twitter_creator":"@justiceinfonet","twitter_site":"@justiceinfonet","twitter_misc":{"\u00c9crit par":"solivri","Dur\u00e9e de lecture estim\u00e9e":"2 minutes"},"schema":{"@context":"https:\/\/schema.org","@graph":[{"@type":"NewsArticle","@id":"https:\/\/www.justiceinfo.net\/fr\/14603-211112-cpingudjolo-verdict-le-18-decembre-pour-ngudjolo-en-2013-pour-katanga.html#article","isPartOf":{"@id":"https:\/\/www.justiceinfo.net\/fr\/14603-211112-cpingudjolo-verdict-le-18-decembre-pour-ngudjolo-en-2013-pour-katanga.html"},"author":{"name":"solivri","@id":"https:\/\/www.justiceinfo.net\/fr#\/schema\/person\/6e53cba1629e2e66f3fc1821d3091865"},"headline":"21.11.12 - CPI\/NGUDJOLO \u2013 VERDICT LE 18 DECEMBRE POUR NGUDJOLO, EN 2013 POUR KATANGA","datePublished":"2012-11-21T22:25:36+00:00","mainEntityOfPage":{"@id":"https:\/\/www.justiceinfo.net\/fr\/14603-211112-cpingudjolo-verdict-le-18-decembre-pour-ngudjolo-en-2013-pour-katanga.html"},"wordCount":486,"commentCount":0,"publisher":{"@id":"https:\/\/www.justiceinfo.net\/fr#organization"},"articleSection":["Hirondelle News"],"inLanguage":"fr-FR","potentialAction":[{"@type":"CommentAction","name":"Comment","target":["https:\/\/www.justiceinfo.net\/fr\/14603-211112-cpingudjolo-verdict-le-18-decembre-pour-ngudjolo-en-2013-pour-katanga.html#respond"]}]},{"@type":"WebPage","@id":"https:\/\/www.justiceinfo.net\/fr\/14603-211112-cpingudjolo-verdict-le-18-decembre-pour-ngudjolo-en-2013-pour-katanga.html","url":"https:\/\/www.justiceinfo.net\/fr\/14603-211112-cpingudjolo-verdict-le-18-decembre-pour-ngudjolo-en-2013-pour-katanga.html","name":"21.11.12 - CPI\/NGUDJOLO \u2013 VERDICT LE 18 DECEMBRE POUR NGUDJOLO, EN 2013 POUR KATANGA - JusticeInfo.net","isPartOf":{"@id":"https:\/\/www.justiceinfo.net\/fr#website"},"datePublished":"2012-11-21T22:25:36+00:00","breadcrumb":{"@id":"https:\/\/www.justiceinfo.net\/fr\/14603-211112-cpingudjolo-verdict-le-18-decembre-pour-ngudjolo-en-2013-pour-katanga.html#breadcrumb"},"inLanguage":"fr-FR","potentialAction":[{"@type":"ReadAction","target":["https:\/\/www.justiceinfo.net\/fr\/14603-211112-cpingudjolo-verdict-le-18-decembre-pour-ngudjolo-en-2013-pour-katanga.html"]}]},{"@type":"BreadcrumbList","@id":"https:\/\/www.justiceinfo.net\/fr\/14603-211112-cpingudjolo-verdict-le-18-decembre-pour-ngudjolo-en-2013-pour-katanga.html#breadcrumb","itemListElement":[{"@type":"ListItem","position":1,"name":"Home","item":"https:\/\/www.justiceinfo.net\/fr"},{"@type":"ListItem","position":2,"name":"21.11.12 - CPI\/NGUDJOLO \u2013 VERDICT LE 18 DECEMBRE POUR NGUDJOLO, EN 2013 POUR KATANGA"}]},{"@type":"WebSite","@id":"https:\/\/www.justiceinfo.net\/fr#website","url":"https:\/\/www.justiceinfo.net\/fr","name":"JusticeInfo.net","description":"La justice doit \u00eatre vue pour \u00eatre rendue","publisher":{"@id":"https:\/\/www.justiceinfo.net\/fr#organization"},"potentialAction":[{"@type":"SearchAction","target":{"@type":"EntryPoint","urlTemplate":"https:\/\/www.justiceinfo.net\/fr?s={search_term_string}"},"query-input":{"@type":"PropertyValueSpecification","valueRequired":true,"valueName":"search_term_string"}}],"inLanguage":"fr-FR"},{"@type":"Organization","@id":"https:\/\/www.justiceinfo.net\/fr#organization","name":"Justice Info","url":"https:\/\/www.justiceinfo.net\/fr","logo":{"@type":"ImageObject","inLanguage":"fr-FR","@id":"https:\/\/www.justiceinfo.net\/fr#\/schema\/logo\/image\/","url":"https:\/\/www.justiceinfo.net\/wp-content\/uploads\/justiceinfo_logo-trans_1200x1200px.png","contentUrl":"https:\/\/www.justiceinfo.net\/wp-content\/uploads\/justiceinfo_logo-trans_1200x1200px.png","width":1199,"height":1200,"caption":"Justice Info"},"image":{"@id":"https:\/\/www.justiceinfo.net\/fr#\/schema\/logo\/image\/"},"sameAs":["https:\/\/www.facebook.com\/JusticeInfo\/","https:\/\/x.com\/justiceinfonet","https:\/\/www.linkedin.com\/company\/justice-info","https:\/\/www.youtube.com\/channel\/UCyCEsARodyuWtkWyhn-e7pA"]},{"@type":"Person","name":"solivri","url":"\/fr\/?s=solivri"}]}},"_links":{"self":[{"href":"https:\/\/www.justiceinfo.net\/fr\/wp-json\/wp\/v2\/posts\/14603","targetHints":{"allow":["GET"]}}],"collection":[{"href":"https:\/\/www.justiceinfo.net\/fr\/wp-json\/wp\/v2\/posts"}],"about":[{"href":"https:\/\/www.justiceinfo.net\/fr\/wp-json\/wp\/v2\/types\/post"}],"author":[{"embeddable":true,"href":"https:\/\/www.justiceinfo.net\/fr\/wp-json\/wp\/v2\/users\/64"}],"replies":[{"embeddable":true,"href":"https:\/\/www.justiceinfo.net\/fr\/wp-json\/wp\/v2\/comments?post=14603"}],"version-history":[{"count":0,"href":"https:\/\/www.justiceinfo.net\/fr\/wp-json\/wp\/v2\/posts\/14603\/revisions"}],"wp:attachment":[{"href":"https:\/\/www.justiceinfo.net\/fr\/wp-json\/wp\/v2\/media?parent=14603"}],"wp:term":[{"taxonomy":"category","embeddable":true,"href":"https:\/\/www.justiceinfo.net\/fr\/wp-json\/wp\/v2\/categories?post=14603"},{"taxonomy":"post_tag","embeddable":true,"href":"https:\/\/www.justiceinfo.net\/fr\/wp-json\/wp\/v2\/tags?post=14603"},{"taxonomy":"ji_location","embeddable":true,"href":"https:\/\/www.justiceinfo.net\/fr\/wp-json\/wp\/v2\/ji_location?post=14603"}],"curies":[{"name":"wp","href":"https:\/\/api.w.org\/{rel}","templated":true}]}}