{"id":14609,"date":"2012-11-23T18:15:49","date_gmt":"2012-11-23T17:15:49","guid":{"rendered":"https:\/\/www.justiceinfo.net\/14609-231112-cpigbagbo-bensouda-demande-a-abidjan-de-livrer-simone-gbagbo-a-la-cpi.html"},"modified":"2012-11-23T18:15:49","modified_gmt":"2012-11-23T17:15:49","slug":"231112-cpigbagbo-bensouda-demande-a-abidjan-de-livrer-simone-gbagbo-a-la-cpi","status":"publish","type":"post","link":"https:\/\/www.justiceinfo.net\/fr\/14609-231112-cpigbagbo-bensouda-demande-a-abidjan-de-livrer-simone-gbagbo-a-la-cpi.html","title":{"rendered":"23.11.12 - CPI\/GBAGBO - BENSOUDA DEMANDE A ABIDJAN DE LIVRER SIMONE GBAGBO A LA CPI"},"content":{"rendered":"<p>Arusha, 23 novembre 2012 (FH) - La procureure de la Cour p\u00e9nale internationale (CPI) Fatou Bensouda a appel\u00e9 les autorit\u00e9s ivoiriennes \u00e0 livrer Simone Gbagbo dont le mandat d\u2019arr\u00eat, confidentiel depuis son \u00e9mission le 29 f\u00e9vrier dernier, a \u00e9t\u00e9 rendu public jeudi.<\/p>\n<p><!--more--><\/p>\n<p>L\u2019\u00e9pouse de l\u2019ancien pr\u00e9sident ivoirien est poursuivie, en qualit\u00e9 de co-auteur indirecte pour crimes contre l\u2019humanit\u00e9, dont des meurtres, viols, pers\u00e9cutions et autres actes inhumains, commis entre le 16 d\u00e9cembre 2010 et le 12 avril 2011 \u00e0 Abidjan et dans l\u2019Ouest de la C\u00f4te d\u2019Ivoire.<\/p>\n<p>\u00ab Depuis l\u2019ouverture des enqu\u00eates, la C\u00f4te d\u2019Ivoire coop\u00e8re pleinement avec le Bureau (du procureur). Nous exhortons les autorit\u00e9s ivoiriennes \u00e0 continuer \u00e0 le faire et \u00e0 remettre Simone Gbagbo \u00e0 la Cour \u00bb, a demand\u00e9 la magistrate gambienne dans une d\u00e9claration publi\u00e9e sur le site internet de la CPI.<\/p>\n<p>\u00ab Les crimes commis au cours de la p\u00e9riode qui a suivi les \u00e9lections de 2010 n\u2019\u00e9taient pas le fruit du hasard\u00a0- ils ont \u00e9t\u00e9 planifi\u00e9s et coordonn\u00e9s au sein des plus hautes sph\u00e8res politiques et militaires et les principaux responsables doivent rendre des comptes \u00e0 la justice \u00bb, affirme la procureure.<\/p>\n<p>\u00ab Les enqu\u00eates men\u00e9es par le Bureau du Procureur, notamment sur les personnes portant la responsabilit\u00e9 la plus lourde dans les crimes pr\u00e9sum\u00e9s commis par tous les camps, se poursuivent en toute objectivit\u00e9, impartialit\u00e9, ind\u00e9pendance et dans le strict respect de la loi \u00bb, poursuit-elle.<\/p>\n<p>Mme Bensouda promet de pr\u00e9senter, le moment venu, \u00ab d\u2019autres requ\u00eates aux fins de la d\u00e9livrance de nouveaux mandats d\u2019arr\u00eat \u00bb.<\/p>\n<p>Simone Gbagbo est d\u00e9tenue \u00e0 Odienn\u00e9, dans le Nord-ouest de la C\u00f4te d\u2019Ivoire. Selon le quotidien fran\u00e7ais, Lib\u00e9ration, Abidjan ne s\u2019est pas encore prononc\u00e9 sur la demande de transf\u00e8rement \u00e0 La Haye. \u00ab Nous prenons acte de cette demande et au moment opportun, nous allons vous donner la position officielle du gouvernement \u00bb, a seulement indiqu\u00e9 le nouveau ministre ivoirien de la Justice, Gn\u00e9n\u00e9ma Coulibaly. Pour sa part, le Front populaire ivoirien (FPI) a d\u00e9nonc\u00e9 une injustice. \u00ab Il y a plus grands criminels en C\u00f4te d'Ivoire que ceux qu'on arr\u00eate aujourd'hui\", a affirm\u00e9 le secr\u00e9taire g\u00e9n\u00e9ral du parti, Richard Kodjo.<\/p>\n<p>Mme Gbagbo est la deuxi\u00e8me personne, apr\u00e8s son mari, \u00e0 faire l'objet d'un mandat d'arr\u00eat de la Cour rendu public pour les crimes commis lors de la crise de 2010-2011.<\/p>\n<p>Elle \u00e9tait d\u00e9j\u00e0 poursuivie devant la justice ivoirienne pour g\u00e9nocide et crimes de sang, atteinte \u00e0 la s\u00fbret\u00e9 de l\u2019Etat et infractions \u00e9conomiques.<\/p>\n<p>ER\/GF<\/p>\n","protected":false},"excerpt":{"rendered":"<p>Arusha, 23 novembre 2012 (FH) - La procureure de la Cour p\u00e9nale internationale (CPI) Fatou Bensouda a appel\u00e9 les autorit\u00e9s ivoiriennes \u00e0 livrer Simone Gbagbo dont le mandat d\u2019arr\u00eat, confidentiel depuis son \u00e9mission le 29 f\u00e9vrier dernier, a \u00e9t\u00e9 rendu public jeudi.<\/p>\n","protected":false},"author":64,"featured_media":0,"comment_status":"open","ping_status":"closed","sticky":false,"template":"","format":"standard","meta":{"_acf_changed":false,"footnotes":""},"categories":[554],"tags":[],"ji_location":[],"class_list":["post-14609","post","type-post","status-publish","format-standard","hentry","category-hirondellenews"],"acf":[],"yoast_head":"<!-- This site is optimized with the Yoast SEO Premium plugin v25.3.1 (Yoast SEO v25.3.1) - https:\/\/yoast.com\/wordpress\/plugins\/seo\/ -->\n<title>23.11.12 - CPI\/GBAGBO - BENSOUDA DEMANDE A ABIDJAN DE LIVRER SIMONE GBAGBO A LA CPI - JusticeInfo.net<\/title>\n<meta name=\"robots\" content=\"index, follow, max-snippet:-1, max-image-preview:large, max-video-preview:-1\" \/>\n<link rel=\"canonical\" href=\"https:\/\/www.justiceinfo.net\/fr\/14609-231112-cpigbagbo-bensouda-demande-a-abidjan-de-livrer-simone-gbagbo-a-la-cpi.html\" \/>\n<meta property=\"og:locale\" content=\"fr_FR\" \/>\n<meta property=\"og:type\" content=\"article\" \/>\n<meta property=\"og:title\" content=\"23.11.12 - CPI\/GBAGBO - BENSOUDA DEMANDE A ABIDJAN DE LIVRER SIMONE GBAGBO A LA CPI\" \/>\n<meta property=\"og:description\" content=\"Arusha, 23 novembre 2012 (FH) - La procureure de la Cour p\u00e9nale internationale (CPI) Fatou Bensouda a appel\u00e9 les autorit\u00e9s ivoiriennes \u00e0 livrer Simone Gbagbo dont le mandat d\u2019arr\u00eat, confidentiel depuis son \u00e9mission le 29 f\u00e9vrier dernier, a \u00e9t\u00e9 rendu public jeudi.\" \/>\n<meta property=\"og:url\" content=\"https:\/\/www.justiceinfo.net\/fr\/14609-231112-cpigbagbo-bensouda-demande-a-abidjan-de-livrer-simone-gbagbo-a-la-cpi.html\" \/>\n<meta property=\"og:site_name\" content=\"JusticeInfo.net\" \/>\n<meta property=\"article:publisher\" content=\"https:\/\/www.facebook.com\/JusticeInfo\/\" \/>\n<meta property=\"article:published_time\" content=\"2012-11-23T17:15:49+00:00\" \/>\n<meta property=\"og:image\" content=\"https:\/\/www.justiceinfo.net\/wp-content\/uploads\/JusticeInfoNet_logo_1200x630px.jpg\" \/>\n\t<meta property=\"og:image:width\" content=\"1200\" \/>\n\t<meta property=\"og:image:height\" content=\"630\" \/>\n\t<meta property=\"og:image:type\" content=\"image\/jpeg\" \/>\n<meta name=\"author\" content=\"solivri\" \/>\n<meta name=\"twitter:card\" content=\"summary_large_image\" \/>\n<meta name=\"twitter:creator\" content=\"@justiceinfonet\" \/>\n<meta name=\"twitter:site\" content=\"@justiceinfonet\" \/>\n<meta name=\"twitter:label1\" content=\"\u00c9crit par\" \/>\n\t<meta name=\"twitter:data1\" content=\"solivri\" \/>\n\t<meta name=\"twitter:label2\" content=\"Dur\u00e9e de lecture estim\u00e9e\" \/>\n\t<meta name=\"twitter:data2\" content=\"2 minutes\" \/>\n<script type=\"application\/ld+json\" class=\"yoast-schema-graph\">{\"@context\":\"https:\/\/schema.org\",\"@graph\":[{\"@type\":\"NewsArticle\",\"@id\":\"https:\/\/www.justiceinfo.net\/fr\/14609-231112-cpigbagbo-bensouda-demande-a-abidjan-de-livrer-simone-gbagbo-a-la-cpi.html#article\",\"isPartOf\":{\"@id\":\"https:\/\/www.justiceinfo.net\/fr\/14609-231112-cpigbagbo-bensouda-demande-a-abidjan-de-livrer-simone-gbagbo-a-la-cpi.html\"},\"author\":{\"name\":\"solivri\",\"@id\":\"https:\/\/www.justiceinfo.net\/fr#\/schema\/person\/6e53cba1629e2e66f3fc1821d3091865\"},\"headline\":\"23.11.12 - CPI\/GBAGBO - BENSOUDA DEMANDE A ABIDJAN DE LIVRER SIMONE GBAGBO A LA CPI\",\"datePublished\":\"2012-11-23T17:15:49+00:00\",\"mainEntityOfPage\":{\"@id\":\"https:\/\/www.justiceinfo.net\/fr\/14609-231112-cpigbagbo-bensouda-demande-a-abidjan-de-livrer-simone-gbagbo-a-la-cpi.html\"},\"wordCount\":463,\"commentCount\":0,\"publisher\":{\"@id\":\"https:\/\/www.justiceinfo.net\/fr#organization\"},\"articleSection\":[\"Hirondelle News\"],\"inLanguage\":\"fr-FR\",\"potentialAction\":[{\"@type\":\"CommentAction\",\"name\":\"Comment\",\"target\":[\"https:\/\/www.justiceinfo.net\/fr\/14609-231112-cpigbagbo-bensouda-demande-a-abidjan-de-livrer-simone-gbagbo-a-la-cpi.html#respond\"]}]},{\"@type\":\"WebPage\",\"@id\":\"https:\/\/www.justiceinfo.net\/fr\/14609-231112-cpigbagbo-bensouda-demande-a-abidjan-de-livrer-simone-gbagbo-a-la-cpi.html\",\"url\":\"https:\/\/www.justiceinfo.net\/fr\/14609-231112-cpigbagbo-bensouda-demande-a-abidjan-de-livrer-simone-gbagbo-a-la-cpi.html\",\"name\":\"23.11.12 - CPI\/GBAGBO - BENSOUDA DEMANDE A ABIDJAN DE LIVRER SIMONE GBAGBO A LA CPI - JusticeInfo.net\",\"isPartOf\":{\"@id\":\"https:\/\/www.justiceinfo.net\/fr#website\"},\"datePublished\":\"2012-11-23T17:15:49+00:00\",\"breadcrumb\":{\"@id\":\"https:\/\/www.justiceinfo.net\/fr\/14609-231112-cpigbagbo-bensouda-demande-a-abidjan-de-livrer-simone-gbagbo-a-la-cpi.html#breadcrumb\"},\"inLanguage\":\"fr-FR\",\"potentialAction\":[{\"@type\":\"ReadAction\",\"target\":[\"https:\/\/www.justiceinfo.net\/fr\/14609-231112-cpigbagbo-bensouda-demande-a-abidjan-de-livrer-simone-gbagbo-a-la-cpi.html\"]}]},{\"@type\":\"BreadcrumbList\",\"@id\":\"https:\/\/www.justiceinfo.net\/fr\/14609-231112-cpigbagbo-bensouda-demande-a-abidjan-de-livrer-simone-gbagbo-a-la-cpi.html#breadcrumb\",\"itemListElement\":[{\"@type\":\"ListItem\",\"position\":1,\"name\":\"Home\",\"item\":\"https:\/\/www.justiceinfo.net\/fr\"},{\"@type\":\"ListItem\",\"position\":2,\"name\":\"23.11.12 - CPI\/GBAGBO - BENSOUDA DEMANDE A ABIDJAN DE LIVRER SIMONE GBAGBO A LA CPI\"}]},{\"@type\":\"WebSite\",\"@id\":\"https:\/\/www.justiceinfo.net\/fr#website\",\"url\":\"https:\/\/www.justiceinfo.net\/fr\",\"name\":\"JusticeInfo.net\",\"description\":\"La justice doit \u00eatre vue pour \u00eatre rendue\",\"publisher\":{\"@id\":\"https:\/\/www.justiceinfo.net\/fr#organization\"},\"potentialAction\":[{\"@type\":\"SearchAction\",\"target\":{\"@type\":\"EntryPoint\",\"urlTemplate\":\"https:\/\/www.justiceinfo.net\/fr?s={search_term_string}\"},\"query-input\":{\"@type\":\"PropertyValueSpecification\",\"valueRequired\":true,\"valueName\":\"search_term_string\"}}],\"inLanguage\":\"fr-FR\"},{\"@type\":\"Organization\",\"@id\":\"https:\/\/www.justiceinfo.net\/fr#organization\",\"name\":\"Justice Info\",\"url\":\"https:\/\/www.justiceinfo.net\/fr\",\"logo\":{\"@type\":\"ImageObject\",\"inLanguage\":\"fr-FR\",\"@id\":\"https:\/\/www.justiceinfo.net\/fr#\/schema\/logo\/image\/\",\"url\":\"https:\/\/www.justiceinfo.net\/wp-content\/uploads\/justiceinfo_logo-trans_1200x1200px.png\",\"contentUrl\":\"https:\/\/www.justiceinfo.net\/wp-content\/uploads\/justiceinfo_logo-trans_1200x1200px.png\",\"width\":1199,\"height\":1200,\"caption\":\"Justice Info\"},\"image\":{\"@id\":\"https:\/\/www.justiceinfo.net\/fr#\/schema\/logo\/image\/\"},\"sameAs\":[\"https:\/\/www.facebook.com\/JusticeInfo\/\",\"https:\/\/x.com\/justiceinfonet\",\"https:\/\/www.linkedin.com\/company\/justice-info\",\"https:\/\/www.youtube.com\/channel\/UCyCEsARodyuWtkWyhn-e7pA\"]},{\"@type\":\"Person\",\"name\":\"solivri\",\"url\":\"\/fr\/?s=solivri\"}]}<\/script>\n<!-- \/ Yoast SEO Premium plugin. -->","yoast_head_json":{"title":"23.11.12 - CPI\/GBAGBO - BENSOUDA DEMANDE A ABIDJAN DE LIVRER SIMONE GBAGBO A LA CPI - JusticeInfo.net","robots":{"index":"index","follow":"follow","max-snippet":"max-snippet:-1","max-image-preview":"max-image-preview:large","max-video-preview":"max-video-preview:-1"},"canonical":"https:\/\/www.justiceinfo.net\/fr\/14609-231112-cpigbagbo-bensouda-demande-a-abidjan-de-livrer-simone-gbagbo-a-la-cpi.html","og_locale":"fr_FR","og_type":"article","og_title":"23.11.12 - CPI\/GBAGBO - BENSOUDA DEMANDE A ABIDJAN DE LIVRER SIMONE GBAGBO A LA CPI","og_description":"Arusha, 23 novembre 2012 (FH) - La procureure de la Cour p\u00e9nale internationale (CPI) Fatou Bensouda a appel\u00e9 les autorit\u00e9s ivoiriennes \u00e0 livrer Simone Gbagbo dont le mandat d\u2019arr\u00eat, confidentiel depuis son \u00e9mission le 29 f\u00e9vrier dernier, a \u00e9t\u00e9 rendu public jeudi.","og_url":"https:\/\/www.justiceinfo.net\/fr\/14609-231112-cpigbagbo-bensouda-demande-a-abidjan-de-livrer-simone-gbagbo-a-la-cpi.html","og_site_name":"JusticeInfo.net","article_publisher":"https:\/\/www.facebook.com\/JusticeInfo\/","article_published_time":"2012-11-23T17:15:49+00:00","og_image":[{"width":1200,"height":630,"url":"https:\/\/www.justiceinfo.net\/wp-content\/uploads\/JusticeInfoNet_logo_1200x630px.jpg","type":"image\/jpeg"}],"author":"solivri","twitter_card":"summary_large_image","twitter_creator":"@justiceinfonet","twitter_site":"@justiceinfonet","twitter_misc":{"\u00c9crit par":"solivri","Dur\u00e9e de lecture estim\u00e9e":"2 minutes"},"schema":{"@context":"https:\/\/schema.org","@graph":[{"@type":"NewsArticle","@id":"https:\/\/www.justiceinfo.net\/fr\/14609-231112-cpigbagbo-bensouda-demande-a-abidjan-de-livrer-simone-gbagbo-a-la-cpi.html#article","isPartOf":{"@id":"https:\/\/www.justiceinfo.net\/fr\/14609-231112-cpigbagbo-bensouda-demande-a-abidjan-de-livrer-simone-gbagbo-a-la-cpi.html"},"author":{"name":"solivri","@id":"https:\/\/www.justiceinfo.net\/fr#\/schema\/person\/6e53cba1629e2e66f3fc1821d3091865"},"headline":"23.11.12 - CPI\/GBAGBO - BENSOUDA DEMANDE A ABIDJAN DE LIVRER SIMONE GBAGBO A LA CPI","datePublished":"2012-11-23T17:15:49+00:00","mainEntityOfPage":{"@id":"https:\/\/www.justiceinfo.net\/fr\/14609-231112-cpigbagbo-bensouda-demande-a-abidjan-de-livrer-simone-gbagbo-a-la-cpi.html"},"wordCount":463,"commentCount":0,"publisher":{"@id":"https:\/\/www.justiceinfo.net\/fr#organization"},"articleSection":["Hirondelle News"],"inLanguage":"fr-FR","potentialAction":[{"@type":"CommentAction","name":"Comment","target":["https:\/\/www.justiceinfo.net\/fr\/14609-231112-cpigbagbo-bensouda-demande-a-abidjan-de-livrer-simone-gbagbo-a-la-cpi.html#respond"]}]},{"@type":"WebPage","@id":"https:\/\/www.justiceinfo.net\/fr\/14609-231112-cpigbagbo-bensouda-demande-a-abidjan-de-livrer-simone-gbagbo-a-la-cpi.html","url":"https:\/\/www.justiceinfo.net\/fr\/14609-231112-cpigbagbo-bensouda-demande-a-abidjan-de-livrer-simone-gbagbo-a-la-cpi.html","name":"23.11.12 - CPI\/GBAGBO - BENSOUDA DEMANDE A ABIDJAN DE LIVRER SIMONE GBAGBO A LA CPI - JusticeInfo.net","isPartOf":{"@id":"https:\/\/www.justiceinfo.net\/fr#website"},"datePublished":"2012-11-23T17:15:49+00:00","breadcrumb":{"@id":"https:\/\/www.justiceinfo.net\/fr\/14609-231112-cpigbagbo-bensouda-demande-a-abidjan-de-livrer-simone-gbagbo-a-la-cpi.html#breadcrumb"},"inLanguage":"fr-FR","potentialAction":[{"@type":"ReadAction","target":["https:\/\/www.justiceinfo.net\/fr\/14609-231112-cpigbagbo-bensouda-demande-a-abidjan-de-livrer-simone-gbagbo-a-la-cpi.html"]}]},{"@type":"BreadcrumbList","@id":"https:\/\/www.justiceinfo.net\/fr\/14609-231112-cpigbagbo-bensouda-demande-a-abidjan-de-livrer-simone-gbagbo-a-la-cpi.html#breadcrumb","itemListElement":[{"@type":"ListItem","position":1,"name":"Home","item":"https:\/\/www.justiceinfo.net\/fr"},{"@type":"ListItem","position":2,"name":"23.11.12 - CPI\/GBAGBO - BENSOUDA DEMANDE A ABIDJAN DE LIVRER SIMONE GBAGBO A LA CPI"}]},{"@type":"WebSite","@id":"https:\/\/www.justiceinfo.net\/fr#website","url":"https:\/\/www.justiceinfo.net\/fr","name":"JusticeInfo.net","description":"La justice doit \u00eatre vue pour \u00eatre rendue","publisher":{"@id":"https:\/\/www.justiceinfo.net\/fr#organization"},"potentialAction":[{"@type":"SearchAction","target":{"@type":"EntryPoint","urlTemplate":"https:\/\/www.justiceinfo.net\/fr?s={search_term_string}"},"query-input":{"@type":"PropertyValueSpecification","valueRequired":true,"valueName":"search_term_string"}}],"inLanguage":"fr-FR"},{"@type":"Organization","@id":"https:\/\/www.justiceinfo.net\/fr#organization","name":"Justice Info","url":"https:\/\/www.justiceinfo.net\/fr","logo":{"@type":"ImageObject","inLanguage":"fr-FR","@id":"https:\/\/www.justiceinfo.net\/fr#\/schema\/logo\/image\/","url":"https:\/\/www.justiceinfo.net\/wp-content\/uploads\/justiceinfo_logo-trans_1200x1200px.png","contentUrl":"https:\/\/www.justiceinfo.net\/wp-content\/uploads\/justiceinfo_logo-trans_1200x1200px.png","width":1199,"height":1200,"caption":"Justice Info"},"image":{"@id":"https:\/\/www.justiceinfo.net\/fr#\/schema\/logo\/image\/"},"sameAs":["https:\/\/www.facebook.com\/JusticeInfo\/","https:\/\/x.com\/justiceinfonet","https:\/\/www.linkedin.com\/company\/justice-info","https:\/\/www.youtube.com\/channel\/UCyCEsARodyuWtkWyhn-e7pA"]},{"@type":"Person","name":"solivri","url":"\/fr\/?s=solivri"}]}},"_links":{"self":[{"href":"https:\/\/www.justiceinfo.net\/fr\/wp-json\/wp\/v2\/posts\/14609","targetHints":{"allow":["GET"]}}],"collection":[{"href":"https:\/\/www.justiceinfo.net\/fr\/wp-json\/wp\/v2\/posts"}],"about":[{"href":"https:\/\/www.justiceinfo.net\/fr\/wp-json\/wp\/v2\/types\/post"}],"author":[{"embeddable":true,"href":"https:\/\/www.justiceinfo.net\/fr\/wp-json\/wp\/v2\/users\/64"}],"replies":[{"embeddable":true,"href":"https:\/\/www.justiceinfo.net\/fr\/wp-json\/wp\/v2\/comments?post=14609"}],"version-history":[{"count":0,"href":"https:\/\/www.justiceinfo.net\/fr\/wp-json\/wp\/v2\/posts\/14609\/revisions"}],"wp:attachment":[{"href":"https:\/\/www.justiceinfo.net\/fr\/wp-json\/wp\/v2\/media?parent=14609"}],"wp:term":[{"taxonomy":"category","embeddable":true,"href":"https:\/\/www.justiceinfo.net\/fr\/wp-json\/wp\/v2\/categories?post=14609"},{"taxonomy":"post_tag","embeddable":true,"href":"https:\/\/www.justiceinfo.net\/fr\/wp-json\/wp\/v2\/tags?post=14609"},{"taxonomy":"ji_location","embeddable":true,"href":"https:\/\/www.justiceinfo.net\/fr\/wp-json\/wp\/v2\/ji_location?post=14609"}],"curies":[{"name":"wp","href":"https:\/\/api.w.org\/{rel}","templated":true}]}}