{"id":14630,"date":"2012-12-11T18:18:02","date_gmt":"2012-12-11T17:18:02","guid":{"rendered":"https:\/\/www.justiceinfo.net\/14630-111212-cpigbagbo-la-defense-de-laurent-gbagbo-joue-la-montre.html"},"modified":"2012-12-11T18:18:02","modified_gmt":"2012-12-11T17:18:02","slug":"111212-cpigbagbo-la-defense-de-laurent-gbagbo-joue-la-montre","status":"publish","type":"post","link":"https:\/\/www.justiceinfo.net\/fr\/14630-111212-cpigbagbo-la-defense-de-laurent-gbagbo-joue-la-montre.html","title":{"rendered":"11.12.12 - CPI\/GBAGBO \u2013 LA DEFENSE DE LAURENT GBAGBO JOUE LA MONTRE"},"content":{"rendered":"<p>La Haye, 11 d\u00e9cembre 2012 (FH) \u2013 \u00ab\u00a0Les parties ont eu suffisamment de temps pour se pr\u00e9parer\u00a0\u00bb, a indiqu\u00e9 la pr\u00e9sidente de la chambre pr\u00e9liminaire dans l\u2019affaire Gbagbo \u00e0 l\u2019ouverture d\u2019une conf\u00e9rence de mise en \u00e9tat, mardi apr\u00e8s-midi.<\/p>\n<p><!--more--><\/p>\n<p>L\u2019audience visait \u00e0 fixer la date de l\u2019ouverture des audiences de confirmation des charges dress\u00e9es contre Laurent Gbagbo, qui n\u2019y assistait pas. L\u2019ancien pr\u00e9sident ivoirien est poursuivi par la Cour p\u00e9nale internationale (CPI) pour crimes contre l\u2019humanit\u00e9 commis en C\u00f4te d\u2019Ivoire lors de la crise qui avait suivi l\u2019\u00e9lection pr\u00e9sidentielle de novembre 2010. <\/p>\n<p>La pr\u00e9sidente de la chambre, Sylvia Fernandez de Gurmendi, a souhait\u00e9 que ces audiences puissent se tenir en f\u00e9vrier 2013. Les victimes et le procureur ont accept\u00e9 cette proposition. Seule la d\u00e9fense a indiqu\u00e9 avoir besoin de plus de temps, jugeant l\u2019affaire \u00ab\u00a0extr\u00eamement sensible, d\u00e9licate et complexe\u00a0\u00bb. Ma\u00eetre Emmanuel Altit, avocat principal de Laurent Gbagbo, a \u00e9nonc\u00e9 de nombreuses requ\u00eates. Il a notamment demand\u00e9 \u00e0 la chambre de d\u00e9signer un expert pour \u00e9valuer la validit\u00e9 de certains documents \u00e9mis par l\u2019accusation. Il a aussi demand\u00e9 \u00e0 avoir acc\u00e8s aux t\u00e9moins du procureur, puis ajout\u00e9 qu\u2019il devait savoir dans quel contexte certaines pi\u00e8ces de l\u2019accusation avaient \u00e9t\u00e9 obtenues. <\/p>\n<p>Affirmant qu\u2019il manque de moyens, ma\u00eetre Altit r\u00e9clam\u00e9 plus de temps pour conduire ses propres enqu\u00eates et avoir acc\u00e8s \u00ab\u00a0\u00e0 des personnes\u00a0\u00bb afin\u00a0 d\u2019\u00a0\u00ab\u00a0obtenir des documents cruciaux.\u00a0\u00bb Pour l\u2019avocat parisien, \u00ab\u00a0il s\u2019agit l\u00e0 du c\u0153ur de la strat\u00e9gie de la d\u00e9fense\u00a0\u00bb. <\/p>\n<p>Pas tr\u00e8s clair, selon le procureur, qui a reproch\u00e9 \u00e0 la d\u00e9fense d\u2019attendre la derni\u00e8re minute pour soulever de nouvelles requ\u00eates. \u00ab\u00a0Aux yeux de l\u2019accusation, c\u2019est une tentative pour reculer les audiences de confirmation des charges\u00a0\u00bb a d\u00e9clar\u00e9 le substitut Gilles Dutertre. Le procureur a pr\u00e9cis\u00e9 qu\u2019il comptait ajouter un mode additionnel de responsabilit\u00e9 contre Laurent Gbagbo, aujourd\u2019hui poursuivi en qualit\u00e9 de co-auteur indirect des crimes. Enfin, il a pr\u00e9cis\u00e9 qu\u2019au cours des audiences de confirmation, le procureur n\u2019appellerait aucun t\u00e9moin \u00e0 la barre. \u00a0<\/p>\n<p>Au terme de l\u2019audience, la pr\u00e9sidente a \u00e9voqu\u00e9 l\u2019\u00e9tat de sant\u00e9 de Laurent Gbagbo. Examin\u00e9 par plusieurs sp\u00e9cialistes, l\u2019ex-chef d\u2019Etat avait \u00e9t\u00e9 jug\u00e9 fatigu\u00e9, mais apte \u00e0 suivre son proc\u00e8s. \u00ab\u00a0Nous pensons qu\u2019il est crucial qu\u2019un traitement soit mis en place. Ce sont aux sp\u00e9cialistes de dire ce qu\u2019il faut faire et comment le faire\u00a0\u00bb a lanc\u00e9 ma\u00eetre Altit. Faute de quoi, cela pourrait avoir \u00ab\u00a0des cons\u00e9quences graves\u00a0\u00bb, selon l\u2019avocat parisien. <\/p>\n<p>La chambre est ensuite pass\u00e9e \u00e0 huis clos, \u00e0 la demande de la d\u00e9fense. Les avocats n\u2019ont pas eu \u00e0 d\u00e9fendre les raisons d\u2019une telle confidentialit\u00e9, accept\u00e9e d\u2019office par la pr\u00e9sidente de la chambre. \u00a0<\/p>\n<p>Les audiences de confirmation des charges dans l\u2019affaire Gabgbo <a name=\"_GoBack\"><\/a>ont d\u00e9j\u00e0 report\u00e9es \u00e0 deux reprises. <\/p>\n<p>Laurent Gbagbo est incarc\u00e9r\u00e9 dans la prison de la CPI depuis le 30 novembre 2011. Sa femme, Simone Gbagbo, fait l\u2019objet d\u2019un mandat d\u2019arr\u00eat depuis f\u00e9vrier 2012, mais il n\u2019a pas \u00e9t\u00e9 ex\u00e9cut\u00e9 par la C\u00f4te d\u2019Ivoire. <\/p>\n<p>SM\/GF<\/p>\n<p>\u00a0<\/p>\n","protected":false},"excerpt":{"rendered":"<p>La Haye, 11 d\u00e9cembre 2012 (FH) \u2013 \u00ab\u00a0Les parties ont eu suffisamment de temps pour se pr\u00e9parer\u00a0\u00bb, a indiqu\u00e9 la pr\u00e9sidente de la chambre pr\u00e9liminaire dans l\u2019affaire Gbagbo \u00e0 l\u2019ouverture d\u2019une conf\u00e9rence de mise en \u00e9tat, mardi apr\u00e8s-midi.<\/p>\n","protected":false},"author":64,"featured_media":0,"comment_status":"open","ping_status":"closed","sticky":false,"template":"","format":"standard","meta":{"_acf_changed":false,"footnotes":""},"categories":[554],"tags":[],"ji_location":[],"class_list":["post-14630","post","type-post","status-publish","format-standard","hentry","category-hirondellenews"],"acf":[],"yoast_head":"<!-- This site is optimized with the Yoast SEO Premium plugin v25.3.1 (Yoast SEO v25.3.1) - https:\/\/yoast.com\/wordpress\/plugins\/seo\/ -->\n<title>11.12.12 - CPI\/GBAGBO \u2013 LA DEFENSE DE LAURENT GBAGBO JOUE LA MONTRE - JusticeInfo.net<\/title>\n<meta name=\"robots\" content=\"index, follow, max-snippet:-1, max-image-preview:large, max-video-preview:-1\" \/>\n<link rel=\"canonical\" href=\"https:\/\/www.justiceinfo.net\/fr\/14630-111212-cpigbagbo-la-defense-de-laurent-gbagbo-joue-la-montre.html\" \/>\n<meta property=\"og:locale\" content=\"fr_FR\" \/>\n<meta property=\"og:type\" content=\"article\" \/>\n<meta property=\"og:title\" content=\"11.12.12 - CPI\/GBAGBO \u2013 LA DEFENSE DE LAURENT GBAGBO JOUE LA MONTRE\" \/>\n<meta property=\"og:description\" content=\"La Haye, 11 d\u00e9cembre 2012 (FH) \u2013 \u00ab\u00a0Les parties ont eu suffisamment de temps pour se pr\u00e9parer\u00a0\u00bb, a indiqu\u00e9 la pr\u00e9sidente de la chambre pr\u00e9liminaire dans l\u2019affaire Gbagbo \u00e0 l\u2019ouverture d\u2019une conf\u00e9rence de mise en \u00e9tat, mardi apr\u00e8s-midi.\" \/>\n<meta property=\"og:url\" content=\"https:\/\/www.justiceinfo.net\/fr\/14630-111212-cpigbagbo-la-defense-de-laurent-gbagbo-joue-la-montre.html\" \/>\n<meta property=\"og:site_name\" content=\"JusticeInfo.net\" \/>\n<meta property=\"article:publisher\" content=\"https:\/\/www.facebook.com\/JusticeInfo\/\" \/>\n<meta property=\"article:published_time\" content=\"2012-12-11T17:18:02+00:00\" \/>\n<meta property=\"og:image\" content=\"https:\/\/www.justiceinfo.net\/wp-content\/uploads\/JusticeInfoNet_logo_1200x630px.jpg\" \/>\n\t<meta property=\"og:image:width\" content=\"1200\" \/>\n\t<meta property=\"og:image:height\" content=\"630\" \/>\n\t<meta property=\"og:image:type\" content=\"image\/jpeg\" \/>\n<meta name=\"author\" content=\"solivri\" \/>\n<meta name=\"twitter:card\" content=\"summary_large_image\" \/>\n<meta name=\"twitter:creator\" content=\"@justiceinfonet\" \/>\n<meta name=\"twitter:site\" content=\"@justiceinfonet\" \/>\n<meta name=\"twitter:label1\" content=\"\u00c9crit par\" \/>\n\t<meta name=\"twitter:data1\" content=\"solivri\" \/>\n\t<meta name=\"twitter:label2\" content=\"Dur\u00e9e de lecture estim\u00e9e\" \/>\n\t<meta name=\"twitter:data2\" content=\"3 minutes\" \/>\n<script type=\"application\/ld+json\" class=\"yoast-schema-graph\">{\"@context\":\"https:\/\/schema.org\",\"@graph\":[{\"@type\":\"NewsArticle\",\"@id\":\"https:\/\/www.justiceinfo.net\/fr\/14630-111212-cpigbagbo-la-defense-de-laurent-gbagbo-joue-la-montre.html#article\",\"isPartOf\":{\"@id\":\"https:\/\/www.justiceinfo.net\/fr\/14630-111212-cpigbagbo-la-defense-de-laurent-gbagbo-joue-la-montre.html\"},\"author\":{\"name\":\"solivri\",\"@id\":\"https:\/\/www.justiceinfo.net\/fr#\/schema\/person\/6e53cba1629e2e66f3fc1821d3091865\"},\"headline\":\"11.12.12 - CPI\/GBAGBO \u2013 LA DEFENSE DE LAURENT GBAGBO JOUE LA MONTRE\",\"datePublished\":\"2012-12-11T17:18:02+00:00\",\"mainEntityOfPage\":{\"@id\":\"https:\/\/www.justiceinfo.net\/fr\/14630-111212-cpigbagbo-la-defense-de-laurent-gbagbo-joue-la-montre.html\"},\"wordCount\":570,\"commentCount\":0,\"publisher\":{\"@id\":\"https:\/\/www.justiceinfo.net\/fr#organization\"},\"articleSection\":[\"Hirondelle News\"],\"inLanguage\":\"fr-FR\",\"potentialAction\":[{\"@type\":\"CommentAction\",\"name\":\"Comment\",\"target\":[\"https:\/\/www.justiceinfo.net\/fr\/14630-111212-cpigbagbo-la-defense-de-laurent-gbagbo-joue-la-montre.html#respond\"]}]},{\"@type\":\"WebPage\",\"@id\":\"https:\/\/www.justiceinfo.net\/fr\/14630-111212-cpigbagbo-la-defense-de-laurent-gbagbo-joue-la-montre.html\",\"url\":\"https:\/\/www.justiceinfo.net\/fr\/14630-111212-cpigbagbo-la-defense-de-laurent-gbagbo-joue-la-montre.html\",\"name\":\"11.12.12 - CPI\/GBAGBO \u2013 LA DEFENSE DE LAURENT GBAGBO JOUE LA MONTRE - JusticeInfo.net\",\"isPartOf\":{\"@id\":\"https:\/\/www.justiceinfo.net\/fr#website\"},\"datePublished\":\"2012-12-11T17:18:02+00:00\",\"breadcrumb\":{\"@id\":\"https:\/\/www.justiceinfo.net\/fr\/14630-111212-cpigbagbo-la-defense-de-laurent-gbagbo-joue-la-montre.html#breadcrumb\"},\"inLanguage\":\"fr-FR\",\"potentialAction\":[{\"@type\":\"ReadAction\",\"target\":[\"https:\/\/www.justiceinfo.net\/fr\/14630-111212-cpigbagbo-la-defense-de-laurent-gbagbo-joue-la-montre.html\"]}]},{\"@type\":\"BreadcrumbList\",\"@id\":\"https:\/\/www.justiceinfo.net\/fr\/14630-111212-cpigbagbo-la-defense-de-laurent-gbagbo-joue-la-montre.html#breadcrumb\",\"itemListElement\":[{\"@type\":\"ListItem\",\"position\":1,\"name\":\"Home\",\"item\":\"https:\/\/www.justiceinfo.net\/fr\"},{\"@type\":\"ListItem\",\"position\":2,\"name\":\"11.12.12 - CPI\/GBAGBO \u2013 LA DEFENSE DE LAURENT GBAGBO JOUE LA MONTRE\"}]},{\"@type\":\"WebSite\",\"@id\":\"https:\/\/www.justiceinfo.net\/fr#website\",\"url\":\"https:\/\/www.justiceinfo.net\/fr\",\"name\":\"JusticeInfo.net\",\"description\":\"La justice doit \u00eatre vue pour \u00eatre rendue\",\"publisher\":{\"@id\":\"https:\/\/www.justiceinfo.net\/fr#organization\"},\"potentialAction\":[{\"@type\":\"SearchAction\",\"target\":{\"@type\":\"EntryPoint\",\"urlTemplate\":\"https:\/\/www.justiceinfo.net\/fr?s={search_term_string}\"},\"query-input\":{\"@type\":\"PropertyValueSpecification\",\"valueRequired\":true,\"valueName\":\"search_term_string\"}}],\"inLanguage\":\"fr-FR\"},{\"@type\":\"Organization\",\"@id\":\"https:\/\/www.justiceinfo.net\/fr#organization\",\"name\":\"Justice Info\",\"url\":\"https:\/\/www.justiceinfo.net\/fr\",\"logo\":{\"@type\":\"ImageObject\",\"inLanguage\":\"fr-FR\",\"@id\":\"https:\/\/www.justiceinfo.net\/fr#\/schema\/logo\/image\/\",\"url\":\"https:\/\/www.justiceinfo.net\/wp-content\/uploads\/justiceinfo_logo-trans_1200x1200px.png\",\"contentUrl\":\"https:\/\/www.justiceinfo.net\/wp-content\/uploads\/justiceinfo_logo-trans_1200x1200px.png\",\"width\":1199,\"height\":1200,\"caption\":\"Justice Info\"},\"image\":{\"@id\":\"https:\/\/www.justiceinfo.net\/fr#\/schema\/logo\/image\/\"},\"sameAs\":[\"https:\/\/www.facebook.com\/JusticeInfo\/\",\"https:\/\/x.com\/justiceinfonet\",\"https:\/\/www.linkedin.com\/company\/justice-info\",\"https:\/\/www.youtube.com\/channel\/UCyCEsARodyuWtkWyhn-e7pA\"]},{\"@type\":\"Person\",\"name\":\"solivri\",\"url\":\"\/fr\/?s=solivri\"}]}<\/script>\n<!-- \/ Yoast SEO Premium plugin. -->","yoast_head_json":{"title":"11.12.12 - CPI\/GBAGBO \u2013 LA DEFENSE DE LAURENT GBAGBO JOUE LA MONTRE - JusticeInfo.net","robots":{"index":"index","follow":"follow","max-snippet":"max-snippet:-1","max-image-preview":"max-image-preview:large","max-video-preview":"max-video-preview:-1"},"canonical":"https:\/\/www.justiceinfo.net\/fr\/14630-111212-cpigbagbo-la-defense-de-laurent-gbagbo-joue-la-montre.html","og_locale":"fr_FR","og_type":"article","og_title":"11.12.12 - CPI\/GBAGBO \u2013 LA DEFENSE DE LAURENT GBAGBO JOUE LA MONTRE","og_description":"La Haye, 11 d\u00e9cembre 2012 (FH) \u2013 \u00ab\u00a0Les parties ont eu suffisamment de temps pour se pr\u00e9parer\u00a0\u00bb, a indiqu\u00e9 la pr\u00e9sidente de la chambre pr\u00e9liminaire dans l\u2019affaire Gbagbo \u00e0 l\u2019ouverture d\u2019une conf\u00e9rence de mise en \u00e9tat, mardi apr\u00e8s-midi.","og_url":"https:\/\/www.justiceinfo.net\/fr\/14630-111212-cpigbagbo-la-defense-de-laurent-gbagbo-joue-la-montre.html","og_site_name":"JusticeInfo.net","article_publisher":"https:\/\/www.facebook.com\/JusticeInfo\/","article_published_time":"2012-12-11T17:18:02+00:00","og_image":[{"width":1200,"height":630,"url":"https:\/\/www.justiceinfo.net\/wp-content\/uploads\/JusticeInfoNet_logo_1200x630px.jpg","type":"image\/jpeg"}],"author":"solivri","twitter_card":"summary_large_image","twitter_creator":"@justiceinfonet","twitter_site":"@justiceinfonet","twitter_misc":{"\u00c9crit par":"solivri","Dur\u00e9e de lecture estim\u00e9e":"3 minutes"},"schema":{"@context":"https:\/\/schema.org","@graph":[{"@type":"NewsArticle","@id":"https:\/\/www.justiceinfo.net\/fr\/14630-111212-cpigbagbo-la-defense-de-laurent-gbagbo-joue-la-montre.html#article","isPartOf":{"@id":"https:\/\/www.justiceinfo.net\/fr\/14630-111212-cpigbagbo-la-defense-de-laurent-gbagbo-joue-la-montre.html"},"author":{"name":"solivri","@id":"https:\/\/www.justiceinfo.net\/fr#\/schema\/person\/6e53cba1629e2e66f3fc1821d3091865"},"headline":"11.12.12 - CPI\/GBAGBO \u2013 LA DEFENSE DE LAURENT GBAGBO JOUE LA MONTRE","datePublished":"2012-12-11T17:18:02+00:00","mainEntityOfPage":{"@id":"https:\/\/www.justiceinfo.net\/fr\/14630-111212-cpigbagbo-la-defense-de-laurent-gbagbo-joue-la-montre.html"},"wordCount":570,"commentCount":0,"publisher":{"@id":"https:\/\/www.justiceinfo.net\/fr#organization"},"articleSection":["Hirondelle News"],"inLanguage":"fr-FR","potentialAction":[{"@type":"CommentAction","name":"Comment","target":["https:\/\/www.justiceinfo.net\/fr\/14630-111212-cpigbagbo-la-defense-de-laurent-gbagbo-joue-la-montre.html#respond"]}]},{"@type":"WebPage","@id":"https:\/\/www.justiceinfo.net\/fr\/14630-111212-cpigbagbo-la-defense-de-laurent-gbagbo-joue-la-montre.html","url":"https:\/\/www.justiceinfo.net\/fr\/14630-111212-cpigbagbo-la-defense-de-laurent-gbagbo-joue-la-montre.html","name":"11.12.12 - CPI\/GBAGBO \u2013 LA DEFENSE DE LAURENT GBAGBO JOUE LA MONTRE - JusticeInfo.net","isPartOf":{"@id":"https:\/\/www.justiceinfo.net\/fr#website"},"datePublished":"2012-12-11T17:18:02+00:00","breadcrumb":{"@id":"https:\/\/www.justiceinfo.net\/fr\/14630-111212-cpigbagbo-la-defense-de-laurent-gbagbo-joue-la-montre.html#breadcrumb"},"inLanguage":"fr-FR","potentialAction":[{"@type":"ReadAction","target":["https:\/\/www.justiceinfo.net\/fr\/14630-111212-cpigbagbo-la-defense-de-laurent-gbagbo-joue-la-montre.html"]}]},{"@type":"BreadcrumbList","@id":"https:\/\/www.justiceinfo.net\/fr\/14630-111212-cpigbagbo-la-defense-de-laurent-gbagbo-joue-la-montre.html#breadcrumb","itemListElement":[{"@type":"ListItem","position":1,"name":"Home","item":"https:\/\/www.justiceinfo.net\/fr"},{"@type":"ListItem","position":2,"name":"11.12.12 - CPI\/GBAGBO \u2013 LA DEFENSE DE LAURENT GBAGBO JOUE LA MONTRE"}]},{"@type":"WebSite","@id":"https:\/\/www.justiceinfo.net\/fr#website","url":"https:\/\/www.justiceinfo.net\/fr","name":"JusticeInfo.net","description":"La justice doit \u00eatre vue pour \u00eatre rendue","publisher":{"@id":"https:\/\/www.justiceinfo.net\/fr#organization"},"potentialAction":[{"@type":"SearchAction","target":{"@type":"EntryPoint","urlTemplate":"https:\/\/www.justiceinfo.net\/fr?s={search_term_string}"},"query-input":{"@type":"PropertyValueSpecification","valueRequired":true,"valueName":"search_term_string"}}],"inLanguage":"fr-FR"},{"@type":"Organization","@id":"https:\/\/www.justiceinfo.net\/fr#organization","name":"Justice Info","url":"https:\/\/www.justiceinfo.net\/fr","logo":{"@type":"ImageObject","inLanguage":"fr-FR","@id":"https:\/\/www.justiceinfo.net\/fr#\/schema\/logo\/image\/","url":"https:\/\/www.justiceinfo.net\/wp-content\/uploads\/justiceinfo_logo-trans_1200x1200px.png","contentUrl":"https:\/\/www.justiceinfo.net\/wp-content\/uploads\/justiceinfo_logo-trans_1200x1200px.png","width":1199,"height":1200,"caption":"Justice Info"},"image":{"@id":"https:\/\/www.justiceinfo.net\/fr#\/schema\/logo\/image\/"},"sameAs":["https:\/\/www.facebook.com\/JusticeInfo\/","https:\/\/x.com\/justiceinfonet","https:\/\/www.linkedin.com\/company\/justice-info","https:\/\/www.youtube.com\/channel\/UCyCEsARodyuWtkWyhn-e7pA"]},{"@type":"Person","name":"solivri","url":"\/fr\/?s=solivri"}]}},"_links":{"self":[{"href":"https:\/\/www.justiceinfo.net\/fr\/wp-json\/wp\/v2\/posts\/14630","targetHints":{"allow":["GET"]}}],"collection":[{"href":"https:\/\/www.justiceinfo.net\/fr\/wp-json\/wp\/v2\/posts"}],"about":[{"href":"https:\/\/www.justiceinfo.net\/fr\/wp-json\/wp\/v2\/types\/post"}],"author":[{"embeddable":true,"href":"https:\/\/www.justiceinfo.net\/fr\/wp-json\/wp\/v2\/users\/64"}],"replies":[{"embeddable":true,"href":"https:\/\/www.justiceinfo.net\/fr\/wp-json\/wp\/v2\/comments?post=14630"}],"version-history":[{"count":0,"href":"https:\/\/www.justiceinfo.net\/fr\/wp-json\/wp\/v2\/posts\/14630\/revisions"}],"wp:attachment":[{"href":"https:\/\/www.justiceinfo.net\/fr\/wp-json\/wp\/v2\/media?parent=14630"}],"wp:term":[{"taxonomy":"category","embeddable":true,"href":"https:\/\/www.justiceinfo.net\/fr\/wp-json\/wp\/v2\/categories?post=14630"},{"taxonomy":"post_tag","embeddable":true,"href":"https:\/\/www.justiceinfo.net\/fr\/wp-json\/wp\/v2\/tags?post=14630"},{"taxonomy":"ji_location","embeddable":true,"href":"https:\/\/www.justiceinfo.net\/fr\/wp-json\/wp\/v2\/ji_location?post=14630"}],"curies":[{"name":"wp","href":"https:\/\/api.w.org\/{rel}","templated":true}]}}