{"id":14642,"date":"2012-12-16T15:50:37","date_gmt":"2012-12-16T14:50:37","guid":{"rendered":"https:\/\/www.justiceinfo.net\/14642-161212-cpingudjolo-la-cpi-prononcera-son-deuxieme-verdict-mardi.html"},"modified":"2012-12-16T15:50:37","modified_gmt":"2012-12-16T14:50:37","slug":"161212-cpingudjolo-la-cpi-prononcera-son-deuxieme-verdict-mardi","status":"publish","type":"post","link":"https:\/\/www.justiceinfo.net\/fr\/14642-161212-cpingudjolo-la-cpi-prononcera-son-deuxieme-verdict-mardi.html","title":{"rendered":"16.12.12 - CPI\/NGUDJOLO - LA CPI PRONONCERA SON DEUXIEME VERDICT MARDI"},"content":{"rendered":"<p>Arusha, 16 d\u00e9cembre 2012 (FH) - Le district de l\u2019Ituri, dans le nord-est de la R\u00e9publique d\u00e9mocratique du Congo (RDC) sera de nouveau au centre de l\u2019actualit\u00e9 mardi avec le verdict de la Cour p\u00e9nale internationale (CPI) dans le proc\u00e8s de l\u2019ancien chef de milice pr\u00e9sum\u00e9 Mathieu Ngudjolo. Ce sera le deuxi\u00e8me jugement de la CPI.<\/p>\n<p><!--more--><\/p>\n<p>Le premier verdict prononc\u00e9 par cette cour permanente si\u00e9geant \u00e0 La Haye concernait un autre fils de l\u2019Ituri, Thomas Lubanga condamn\u00e9 \u00e0 14 ans de r\u00e9clusion pour crimes de guerre et crimes contre l\u2019humanit\u00e9. Lubanga, qui a d\u00e9cid\u00e9 de faire appel, a \u00e9t\u00e9 reconnu coupable d\u2019avoir enr\u00f4l\u00e9 de force des enfants de moins de 15 ans dans ses troupes et les avoir fait participer \u00e0 des hostilit\u00e9s. Ngudjolo est aussi poursuivi pour enr\u00f4lement d\u2019enfants. Mais pour lui, s\u2019ajoutent des all\u00e9gations de violences sexuelles qui, dans l\u2019affaire Lubanga, n\u2019avaient \u00e9t\u00e9 plaid\u00e9es qu\u2019\u00e0 la phase consacr\u00e9e \u00e0 la d\u00e9termination de la peine.<\/p>\n<p>Le village de Bogoro<\/p>\n<p>Les crimes reproch\u00e9s \u00e0 Ngudjolo ont \u00e9t\u00e9 perp\u00e9tr\u00e9s lors de l\u2019attaque, le 24 f\u00e9vrier 2003, de Bogoro, un village de l\u2019Ituri. Le procureur soutient que l\u2019accus\u00e9 \u00e9tait, \u00e0 l\u2019\u00e9poque, le plus haut commandant du Front des nationalistes int\u00e9grationnistes (FNI), une des milices qui s\u00e9vissaient alors en Ituri. C\u2019est donc en cette qualit\u00e9 \u2013 qu\u2019il conteste du reste- que Ngudjolo aurait jou\u00e9 un r\u00f4le essentiel dans la conception et la mise en oeuvre de l\u2019attaque de Bogoro. Pendant et apr\u00e8s l\u2019attaque dirig\u00e9e principalement, selon l\u2019accusation, contre les civils de l\u2019ethnie Hema, avec la participation d\u2019enfants de moins de 15 ans, 200 personnes ont \u00e9t\u00e9 tu\u00e9es, des atteintes graves \u00e0 l\u2019int\u00e9grit\u00e9 physique ont \u00e9t\u00e9 commises, plusieurs femmes et filles r\u00e9duites en esclavage sexuel...<\/p>\n<p>Toujours selon le procureur, l\u2019assaut a \u00e9t\u00e9 lanc\u00e9 conjointement avec la Force de r\u00e9sistance patriotique en Ituri (FRPI) dont le chef, Germain Katanga, a comparu aux c\u00f4t\u00e9s de Ngudjolo jusqu\u2019\u00e0 la derni\u00e8re audience, en mai dernier, lorsque la partie adverse a demand\u00e9 \u00e0 la chambre de les d\u00e9clarer coupables de tous les chefs d\u2019accusations port\u00e9s contre eux. Le 21 novembre, dans une d\u00e9cision, la chambre a d\u00e9cid\u00e9 de disjoindre. Katanga ne sera donc pas fix\u00e9 sur son sort avant 2013.<\/p>\n<p>Un accouchement<\/p>\n<p>Ngudjolo a ni\u00e9 toutes ces accusations, soutenant, depuis le d\u00e9but du proc\u00e8s, le 24 septembre 2009, qu\u2019il n\u2019\u00e9tait pas pr\u00e9sent \u00e0 Bogoro, le jour de l\u2019attaque, mais proc\u00e9dait, en sa qualit\u00e9 d\u2019infirmier, \u00e0 un accouchement. Le procureur a r\u00e9torqu\u00e9 que la pr\u00e9sence physique d\u2019un commandant n\u2019est pas requise pour que sa responsabilit\u00e9 p\u00e9nale soit engag\u00e9e : il peut, de loi, diriger les op\u00e9rations.<\/p>\n<p>Ngudjolo a ni\u00e9, non seulement cette position d\u2019autorit\u00e9, mais aussi le fait d\u2019avoir \u00e9t\u00e9 un homme en armes, \u00e0 l\u2019\u00e9poque. \u00abJe n\u2019ai jamais \u00e9t\u00e9 membre d\u2019un groupe de militaires ou des milices en Ituri. Je n\u2019ai jamais eu de soldats sous mon commandement. (\u2026) J\u2019\u00e9tais infirmier \u00bb, a-t-il clam\u00e9 lors de sa d\u00e9position pour sa propre d\u00e9fense.<\/p>\n<p>Pour lui, l\u2019attaque de Bogoro a \u00e9t\u00e9 planifi\u00e9e par le pr\u00e9sident Joseph Kabila lui-m\u00eame, qui voulait reprendre le contr\u00f4le d\u2019un territoire tomb\u00e9 aux mains de l\u2019Union des patriotes congolais (UPC), une milice soutenue par l\u2019Ouganda puis le Rwanda. Une attaque l\u00e9gitime, donc, selon les avocats de la d\u00e9fense.<\/p>\n<p>Mardi, les juges diront si l\u2019accus\u00e9 est coupable ou non. Si sa responsabilit\u00e9 p\u00e9nale est jug\u00e9e \u00e9tablie au-del\u00e0 de tout doute raisonnable, une nouvelle audience aura lieu qui sera consacr\u00e9e \u00e0 la peine : une derni\u00e8re passe d\u2019armes qui opposera encore le procureur \u00e0 la d\u00e9fense et \u00e0 laquelle les repr\u00e9sentants des victimes prendront \u00e9galement la parole. S\u2019il est acquitt\u00e9, il laissera derri\u00e8re les barreaux son ancien co-accus\u00e9 Germain Katanga qu\u2019il affirme n\u2019avoir connu qu\u2019apr\u00e8s l\u2019attaque de Bogoro.<\/p>\n<p>ER\/GF<\/p>\n<p>\u00a0<\/p>\n","protected":false},"excerpt":{"rendered":"<p>Arusha, 16 d\u00e9cembre 2012 (FH) - Le district de l\u2019Ituri, dans le nord-est de la R\u00e9publique d\u00e9mocratique du Congo (RDC) sera de nouveau au centre de l\u2019actualit\u00e9 mardi avec le verdict de la Cour p\u00e9nale internationale (CPI) dans le proc\u00e8s de l\u2019ancien chef de milice pr\u00e9sum\u00e9 Mathieu Ngudjolo. Ce sera le deuxi\u00e8me jugement de la [&hellip;]<\/p>\n","protected":false},"author":64,"featured_media":0,"comment_status":"open","ping_status":"closed","sticky":false,"template":"","format":"standard","meta":{"_acf_changed":false,"footnotes":""},"categories":[554],"tags":[],"ji_location":[],"class_list":["post-14642","post","type-post","status-publish","format-standard","hentry","category-hirondellenews"],"acf":[],"yoast_head":"<!-- This site is optimized with the Yoast SEO Premium plugin v25.3.1 (Yoast SEO v25.3.1) - https:\/\/yoast.com\/wordpress\/plugins\/seo\/ -->\n<title>16.12.12 - CPI\/NGUDJOLO - LA CPI PRONONCERA SON DEUXIEME VERDICT MARDI - JusticeInfo.net<\/title>\n<meta name=\"robots\" content=\"index, follow, max-snippet:-1, max-image-preview:large, max-video-preview:-1\" \/>\n<link rel=\"canonical\" href=\"https:\/\/www.justiceinfo.net\/fr\/14642-161212-cpingudjolo-la-cpi-prononcera-son-deuxieme-verdict-mardi.html\" \/>\n<meta property=\"og:locale\" content=\"fr_FR\" \/>\n<meta property=\"og:type\" content=\"article\" \/>\n<meta property=\"og:title\" content=\"16.12.12 - CPI\/NGUDJOLO - LA CPI PRONONCERA SON DEUXIEME VERDICT MARDI\" \/>\n<meta property=\"og:description\" content=\"Arusha, 16 d\u00e9cembre 2012 (FH) - Le district de l\u2019Ituri, dans le nord-est de la R\u00e9publique d\u00e9mocratique du Congo (RDC) sera de nouveau au centre de l\u2019actualit\u00e9 mardi avec le verdict de la Cour p\u00e9nale internationale (CPI) dans le proc\u00e8s de l\u2019ancien chef de milice pr\u00e9sum\u00e9 Mathieu Ngudjolo. Ce sera le deuxi\u00e8me jugement de la [&hellip;]\" \/>\n<meta property=\"og:url\" content=\"https:\/\/www.justiceinfo.net\/fr\/14642-161212-cpingudjolo-la-cpi-prononcera-son-deuxieme-verdict-mardi.html\" \/>\n<meta property=\"og:site_name\" content=\"JusticeInfo.net\" \/>\n<meta property=\"article:publisher\" content=\"https:\/\/www.facebook.com\/JusticeInfo\/\" \/>\n<meta property=\"article:published_time\" content=\"2012-12-16T14:50:37+00:00\" \/>\n<meta property=\"og:image\" content=\"https:\/\/www.justiceinfo.net\/wp-content\/uploads\/JusticeInfoNet_logo_1200x630px.jpg\" \/>\n\t<meta property=\"og:image:width\" content=\"1200\" \/>\n\t<meta property=\"og:image:height\" content=\"630\" \/>\n\t<meta property=\"og:image:type\" content=\"image\/jpeg\" \/>\n<meta name=\"author\" content=\"solivri\" \/>\n<meta name=\"twitter:card\" content=\"summary_large_image\" \/>\n<meta name=\"twitter:creator\" content=\"@justiceinfonet\" \/>\n<meta name=\"twitter:site\" content=\"@justiceinfonet\" \/>\n<meta name=\"twitter:label1\" content=\"\u00c9crit par\" \/>\n\t<meta name=\"twitter:data1\" content=\"solivri\" \/>\n\t<meta name=\"twitter:label2\" content=\"Dur\u00e9e de lecture estim\u00e9e\" \/>\n\t<meta name=\"twitter:data2\" content=\"3 minutes\" \/>\n<script type=\"application\/ld+json\" class=\"yoast-schema-graph\">{\"@context\":\"https:\/\/schema.org\",\"@graph\":[{\"@type\":\"NewsArticle\",\"@id\":\"https:\/\/www.justiceinfo.net\/fr\/14642-161212-cpingudjolo-la-cpi-prononcera-son-deuxieme-verdict-mardi.html#article\",\"isPartOf\":{\"@id\":\"https:\/\/www.justiceinfo.net\/fr\/14642-161212-cpingudjolo-la-cpi-prononcera-son-deuxieme-verdict-mardi.html\"},\"author\":{\"name\":\"solivri\",\"@id\":\"https:\/\/www.justiceinfo.net\/fr#\/schema\/person\/6e53cba1629e2e66f3fc1821d3091865\"},\"headline\":\"16.12.12 - CPI\/NGUDJOLO - LA CPI PRONONCERA SON DEUXIEME VERDICT MARDI\",\"datePublished\":\"2012-12-16T14:50:37+00:00\",\"mainEntityOfPage\":{\"@id\":\"https:\/\/www.justiceinfo.net\/fr\/14642-161212-cpingudjolo-la-cpi-prononcera-son-deuxieme-verdict-mardi.html\"},\"wordCount\":701,\"commentCount\":0,\"publisher\":{\"@id\":\"https:\/\/www.justiceinfo.net\/fr#organization\"},\"articleSection\":[\"Hirondelle News\"],\"inLanguage\":\"fr-FR\",\"potentialAction\":[{\"@type\":\"CommentAction\",\"name\":\"Comment\",\"target\":[\"https:\/\/www.justiceinfo.net\/fr\/14642-161212-cpingudjolo-la-cpi-prononcera-son-deuxieme-verdict-mardi.html#respond\"]}]},{\"@type\":\"WebPage\",\"@id\":\"https:\/\/www.justiceinfo.net\/fr\/14642-161212-cpingudjolo-la-cpi-prononcera-son-deuxieme-verdict-mardi.html\",\"url\":\"https:\/\/www.justiceinfo.net\/fr\/14642-161212-cpingudjolo-la-cpi-prononcera-son-deuxieme-verdict-mardi.html\",\"name\":\"16.12.12 - CPI\/NGUDJOLO - LA CPI PRONONCERA SON DEUXIEME VERDICT MARDI - JusticeInfo.net\",\"isPartOf\":{\"@id\":\"https:\/\/www.justiceinfo.net\/fr#website\"},\"datePublished\":\"2012-12-16T14:50:37+00:00\",\"breadcrumb\":{\"@id\":\"https:\/\/www.justiceinfo.net\/fr\/14642-161212-cpingudjolo-la-cpi-prononcera-son-deuxieme-verdict-mardi.html#breadcrumb\"},\"inLanguage\":\"fr-FR\",\"potentialAction\":[{\"@type\":\"ReadAction\",\"target\":[\"https:\/\/www.justiceinfo.net\/fr\/14642-161212-cpingudjolo-la-cpi-prononcera-son-deuxieme-verdict-mardi.html\"]}]},{\"@type\":\"BreadcrumbList\",\"@id\":\"https:\/\/www.justiceinfo.net\/fr\/14642-161212-cpingudjolo-la-cpi-prononcera-son-deuxieme-verdict-mardi.html#breadcrumb\",\"itemListElement\":[{\"@type\":\"ListItem\",\"position\":1,\"name\":\"Home\",\"item\":\"https:\/\/www.justiceinfo.net\/fr\"},{\"@type\":\"ListItem\",\"position\":2,\"name\":\"16.12.12 - CPI\/NGUDJOLO - LA CPI PRONONCERA SON DEUXIEME VERDICT MARDI\"}]},{\"@type\":\"WebSite\",\"@id\":\"https:\/\/www.justiceinfo.net\/fr#website\",\"url\":\"https:\/\/www.justiceinfo.net\/fr\",\"name\":\"JusticeInfo.net\",\"description\":\"La justice doit \u00eatre vue pour \u00eatre rendue\",\"publisher\":{\"@id\":\"https:\/\/www.justiceinfo.net\/fr#organization\"},\"potentialAction\":[{\"@type\":\"SearchAction\",\"target\":{\"@type\":\"EntryPoint\",\"urlTemplate\":\"https:\/\/www.justiceinfo.net\/fr?s={search_term_string}\"},\"query-input\":{\"@type\":\"PropertyValueSpecification\",\"valueRequired\":true,\"valueName\":\"search_term_string\"}}],\"inLanguage\":\"fr-FR\"},{\"@type\":\"Organization\",\"@id\":\"https:\/\/www.justiceinfo.net\/fr#organization\",\"name\":\"Justice Info\",\"url\":\"https:\/\/www.justiceinfo.net\/fr\",\"logo\":{\"@type\":\"ImageObject\",\"inLanguage\":\"fr-FR\",\"@id\":\"https:\/\/www.justiceinfo.net\/fr#\/schema\/logo\/image\/\",\"url\":\"https:\/\/www.justiceinfo.net\/wp-content\/uploads\/justiceinfo_logo-trans_1200x1200px.png\",\"contentUrl\":\"https:\/\/www.justiceinfo.net\/wp-content\/uploads\/justiceinfo_logo-trans_1200x1200px.png\",\"width\":1199,\"height\":1200,\"caption\":\"Justice Info\"},\"image\":{\"@id\":\"https:\/\/www.justiceinfo.net\/fr#\/schema\/logo\/image\/\"},\"sameAs\":[\"https:\/\/www.facebook.com\/JusticeInfo\/\",\"https:\/\/x.com\/justiceinfonet\",\"https:\/\/www.linkedin.com\/company\/justice-info\",\"https:\/\/www.youtube.com\/channel\/UCyCEsARodyuWtkWyhn-e7pA\"]},{\"@type\":\"Person\",\"name\":\"solivri\",\"url\":\"\/fr\/?s=solivri\"}]}<\/script>\n<!-- \/ Yoast SEO Premium plugin. -->","yoast_head_json":{"title":"16.12.12 - CPI\/NGUDJOLO - LA CPI PRONONCERA SON DEUXIEME VERDICT MARDI - JusticeInfo.net","robots":{"index":"index","follow":"follow","max-snippet":"max-snippet:-1","max-image-preview":"max-image-preview:large","max-video-preview":"max-video-preview:-1"},"canonical":"https:\/\/www.justiceinfo.net\/fr\/14642-161212-cpingudjolo-la-cpi-prononcera-son-deuxieme-verdict-mardi.html","og_locale":"fr_FR","og_type":"article","og_title":"16.12.12 - CPI\/NGUDJOLO - LA CPI PRONONCERA SON DEUXIEME VERDICT MARDI","og_description":"Arusha, 16 d\u00e9cembre 2012 (FH) - Le district de l\u2019Ituri, dans le nord-est de la R\u00e9publique d\u00e9mocratique du Congo (RDC) sera de nouveau au centre de l\u2019actualit\u00e9 mardi avec le verdict de la Cour p\u00e9nale internationale (CPI) dans le proc\u00e8s de l\u2019ancien chef de milice pr\u00e9sum\u00e9 Mathieu Ngudjolo. Ce sera le deuxi\u00e8me jugement de la [&hellip;]","og_url":"https:\/\/www.justiceinfo.net\/fr\/14642-161212-cpingudjolo-la-cpi-prononcera-son-deuxieme-verdict-mardi.html","og_site_name":"JusticeInfo.net","article_publisher":"https:\/\/www.facebook.com\/JusticeInfo\/","article_published_time":"2012-12-16T14:50:37+00:00","og_image":[{"width":1200,"height":630,"url":"https:\/\/www.justiceinfo.net\/wp-content\/uploads\/JusticeInfoNet_logo_1200x630px.jpg","type":"image\/jpeg"}],"author":"solivri","twitter_card":"summary_large_image","twitter_creator":"@justiceinfonet","twitter_site":"@justiceinfonet","twitter_misc":{"\u00c9crit par":"solivri","Dur\u00e9e de lecture estim\u00e9e":"3 minutes"},"schema":{"@context":"https:\/\/schema.org","@graph":[{"@type":"NewsArticle","@id":"https:\/\/www.justiceinfo.net\/fr\/14642-161212-cpingudjolo-la-cpi-prononcera-son-deuxieme-verdict-mardi.html#article","isPartOf":{"@id":"https:\/\/www.justiceinfo.net\/fr\/14642-161212-cpingudjolo-la-cpi-prononcera-son-deuxieme-verdict-mardi.html"},"author":{"name":"solivri","@id":"https:\/\/www.justiceinfo.net\/fr#\/schema\/person\/6e53cba1629e2e66f3fc1821d3091865"},"headline":"16.12.12 - CPI\/NGUDJOLO - LA CPI PRONONCERA SON DEUXIEME VERDICT MARDI","datePublished":"2012-12-16T14:50:37+00:00","mainEntityOfPage":{"@id":"https:\/\/www.justiceinfo.net\/fr\/14642-161212-cpingudjolo-la-cpi-prononcera-son-deuxieme-verdict-mardi.html"},"wordCount":701,"commentCount":0,"publisher":{"@id":"https:\/\/www.justiceinfo.net\/fr#organization"},"articleSection":["Hirondelle News"],"inLanguage":"fr-FR","potentialAction":[{"@type":"CommentAction","name":"Comment","target":["https:\/\/www.justiceinfo.net\/fr\/14642-161212-cpingudjolo-la-cpi-prononcera-son-deuxieme-verdict-mardi.html#respond"]}]},{"@type":"WebPage","@id":"https:\/\/www.justiceinfo.net\/fr\/14642-161212-cpingudjolo-la-cpi-prononcera-son-deuxieme-verdict-mardi.html","url":"https:\/\/www.justiceinfo.net\/fr\/14642-161212-cpingudjolo-la-cpi-prononcera-son-deuxieme-verdict-mardi.html","name":"16.12.12 - CPI\/NGUDJOLO - LA CPI PRONONCERA SON DEUXIEME VERDICT MARDI - JusticeInfo.net","isPartOf":{"@id":"https:\/\/www.justiceinfo.net\/fr#website"},"datePublished":"2012-12-16T14:50:37+00:00","breadcrumb":{"@id":"https:\/\/www.justiceinfo.net\/fr\/14642-161212-cpingudjolo-la-cpi-prononcera-son-deuxieme-verdict-mardi.html#breadcrumb"},"inLanguage":"fr-FR","potentialAction":[{"@type":"ReadAction","target":["https:\/\/www.justiceinfo.net\/fr\/14642-161212-cpingudjolo-la-cpi-prononcera-son-deuxieme-verdict-mardi.html"]}]},{"@type":"BreadcrumbList","@id":"https:\/\/www.justiceinfo.net\/fr\/14642-161212-cpingudjolo-la-cpi-prononcera-son-deuxieme-verdict-mardi.html#breadcrumb","itemListElement":[{"@type":"ListItem","position":1,"name":"Home","item":"https:\/\/www.justiceinfo.net\/fr"},{"@type":"ListItem","position":2,"name":"16.12.12 - CPI\/NGUDJOLO - LA CPI PRONONCERA SON DEUXIEME VERDICT MARDI"}]},{"@type":"WebSite","@id":"https:\/\/www.justiceinfo.net\/fr#website","url":"https:\/\/www.justiceinfo.net\/fr","name":"JusticeInfo.net","description":"La justice doit \u00eatre vue pour \u00eatre rendue","publisher":{"@id":"https:\/\/www.justiceinfo.net\/fr#organization"},"potentialAction":[{"@type":"SearchAction","target":{"@type":"EntryPoint","urlTemplate":"https:\/\/www.justiceinfo.net\/fr?s={search_term_string}"},"query-input":{"@type":"PropertyValueSpecification","valueRequired":true,"valueName":"search_term_string"}}],"inLanguage":"fr-FR"},{"@type":"Organization","@id":"https:\/\/www.justiceinfo.net\/fr#organization","name":"Justice Info","url":"https:\/\/www.justiceinfo.net\/fr","logo":{"@type":"ImageObject","inLanguage":"fr-FR","@id":"https:\/\/www.justiceinfo.net\/fr#\/schema\/logo\/image\/","url":"https:\/\/www.justiceinfo.net\/wp-content\/uploads\/justiceinfo_logo-trans_1200x1200px.png","contentUrl":"https:\/\/www.justiceinfo.net\/wp-content\/uploads\/justiceinfo_logo-trans_1200x1200px.png","width":1199,"height":1200,"caption":"Justice Info"},"image":{"@id":"https:\/\/www.justiceinfo.net\/fr#\/schema\/logo\/image\/"},"sameAs":["https:\/\/www.facebook.com\/JusticeInfo\/","https:\/\/x.com\/justiceinfonet","https:\/\/www.linkedin.com\/company\/justice-info","https:\/\/www.youtube.com\/channel\/UCyCEsARodyuWtkWyhn-e7pA"]},{"@type":"Person","name":"solivri","url":"\/fr\/?s=solivri"}]}},"_links":{"self":[{"href":"https:\/\/www.justiceinfo.net\/fr\/wp-json\/wp\/v2\/posts\/14642","targetHints":{"allow":["GET"]}}],"collection":[{"href":"https:\/\/www.justiceinfo.net\/fr\/wp-json\/wp\/v2\/posts"}],"about":[{"href":"https:\/\/www.justiceinfo.net\/fr\/wp-json\/wp\/v2\/types\/post"}],"author":[{"embeddable":true,"href":"https:\/\/www.justiceinfo.net\/fr\/wp-json\/wp\/v2\/users\/64"}],"replies":[{"embeddable":true,"href":"https:\/\/www.justiceinfo.net\/fr\/wp-json\/wp\/v2\/comments?post=14642"}],"version-history":[{"count":0,"href":"https:\/\/www.justiceinfo.net\/fr\/wp-json\/wp\/v2\/posts\/14642\/revisions"}],"wp:attachment":[{"href":"https:\/\/www.justiceinfo.net\/fr\/wp-json\/wp\/v2\/media?parent=14642"}],"wp:term":[{"taxonomy":"category","embeddable":true,"href":"https:\/\/www.justiceinfo.net\/fr\/wp-json\/wp\/v2\/categories?post=14642"},{"taxonomy":"post_tag","embeddable":true,"href":"https:\/\/www.justiceinfo.net\/fr\/wp-json\/wp\/v2\/tags?post=14642"},{"taxonomy":"ji_location","embeddable":true,"href":"https:\/\/www.justiceinfo.net\/fr\/wp-json\/wp\/v2\/ji_location?post=14642"}],"curies":[{"name":"wp","href":"https:\/\/api.w.org\/{rel}","templated":true}]}}