{"id":14643,"date":"2012-12-17T14:01:27","date_gmt":"2012-12-17T13:01:27","guid":{"rendered":"https:\/\/www.justiceinfo.net\/14643-171212-tssltaylor-charles-taylor-devant-ses-juges-dappel-le-22-janvier.html"},"modified":"2012-12-17T14:01:27","modified_gmt":"2012-12-17T13:01:27","slug":"171212-tssltaylor-charles-taylor-devant-ses-juges-dappel-le-22-janvier","status":"publish","type":"post","link":"https:\/\/www.justiceinfo.net\/fr\/14643-171212-tssltaylor-charles-taylor-devant-ses-juges-dappel-le-22-janvier.html","title":{"rendered":"17.12.12 - TSSL\/TAYLOR - CHARLES TAYLOR DEVANT SES JUGES D\u2019APPEL LE 22 JANVIER"},"content":{"rendered":"<p>Arusha, 17 d\u00e9cembre 2012 (FH) \u2013 L\u2019ancien pr\u00e9sident lib\u00e9rien Charles Taylor, condamn\u00e9 \u00e0 50 ans de prison par le Tribunal sp\u00e9cial pour la Sierra L\u00e9one (TSSL), compara\u00eetra devant ses juges d\u2019appel les 22 et 23 janvier 2013, apprend-on de source judiciaire.<\/p>\n<p><!--more--><\/p>\n<p>Entre temps, la chambre doit rendre sa d\u00e9cision sur une requ\u00eate du condamn\u00e9 visant \u00e0 pr\u00e9senter des moyens de preuve additionnels lors de cette audience d\u2019appel, selon une ordonnance consult\u00e9e lundi sur le site internet du TSSL.<\/p>\n<p>L\u2019audition des motifs d\u2019appel avait \u00e9t\u00e9 initialement fix\u00e9e au 6 et 7 d\u00e9cembre. Le report a \u00e9t\u00e9 d\u00e9cid\u00e9 \u00e0 la demande des deux parties.<\/p>\n<p>Le 26 avril, l'ex pr\u00e9sident du Lib\u00e9ria \u00e9tait reconnu coupable de crimes contre l'humanit\u00e9 et crimes de guerre pour avoir aid\u00e9 et soutenu les rebelles du Front r\u00e9volutionnaire uni (RUF) lors de la guerre civile en Sierra L\u00e9one (1991-2002). Il a \u00e9t\u00e9 condamn\u00e9 \u00e0 50 ans de r\u00e9clusion le 30 mai. Les deux parties ont fait appel.<\/p>\n<p>Selon le jugement, les rebelles du RUF recouraient d\u00e9lib\u00e9r\u00e9ment aux meurtres, viols, esclavage sexuel, pillages et autres exactions. Taylor en \u00e9tait inform\u00e9, du moins depuis qu\u2019il \u00e9tait pr\u00e9sident du Liberia (ao\u00fbt 1997), selon la chambre de premi\u00e8re instance.<\/p>\n<p>C\u2019est donc, selon les premiers juges, en connaissance de cause qu\u2019il leur a livr\u00e9 armes et munitions, mat\u00e9riel de communication et argent.<\/p>\n<p>A la demande de l'actuelle\u00a0pr\u00e9sidente du Liberia, Ellen Johnson Sirleaf, qui craignait que le proc\u00e8s ne d\u00e9stabilise la r\u00e9gion, Charles Taylor a \u00e9t\u00e9 jug\u00e9 \u00e0 La Haye. Les Pays-Bas avaient accept\u00e9 d\u2019accueillir le Tribunal sp\u00e9cial sur leur sol \u00e0 la condition que l\u2019ex-pr\u00e9sident purge sa peine dans un autre pays s\u2019il \u00e9tait condamn\u00e9. Le Royaume-Uni s\u2019est port\u00e9 candidat. ER\/GF<\/p>\n","protected":false},"excerpt":{"rendered":"<p>Arusha, 17 d\u00e9cembre 2012 (FH) \u2013 L\u2019ancien pr\u00e9sident lib\u00e9rien Charles Taylor, condamn\u00e9 \u00e0 50 ans de prison par le Tribunal sp\u00e9cial pour la Sierra L\u00e9one (TSSL), compara\u00eetra devant ses juges d\u2019appel les 22 et 23 janvier 2013, apprend-on de source judiciaire.<\/p>\n","protected":false},"author":64,"featured_media":0,"comment_status":"open","ping_status":"closed","sticky":false,"template":"","format":"standard","meta":{"_acf_changed":false,"footnotes":""},"categories":[554],"tags":[],"ji_location":[],"class_list":["post-14643","post","type-post","status-publish","format-standard","hentry","category-hirondellenews"],"acf":[],"yoast_head":"<!-- This site is optimized with the Yoast SEO Premium plugin v25.3.1 (Yoast SEO v25.3.1) - https:\/\/yoast.com\/wordpress\/plugins\/seo\/ -->\n<title>17.12.12 - TSSL\/TAYLOR - CHARLES TAYLOR DEVANT SES JUGES D\u2019APPEL LE 22 JANVIER - JusticeInfo.net<\/title>\n<meta name=\"robots\" content=\"index, follow, max-snippet:-1, max-image-preview:large, max-video-preview:-1\" \/>\n<link rel=\"canonical\" href=\"https:\/\/www.justiceinfo.net\/fr\/14643-171212-tssltaylor-charles-taylor-devant-ses-juges-dappel-le-22-janvier.html\" \/>\n<meta property=\"og:locale\" content=\"fr_FR\" \/>\n<meta property=\"og:type\" content=\"article\" \/>\n<meta property=\"og:title\" content=\"17.12.12 - TSSL\/TAYLOR - CHARLES TAYLOR DEVANT SES JUGES D\u2019APPEL LE 22 JANVIER\" \/>\n<meta property=\"og:description\" content=\"Arusha, 17 d\u00e9cembre 2012 (FH) \u2013 L\u2019ancien pr\u00e9sident lib\u00e9rien Charles Taylor, condamn\u00e9 \u00e0 50 ans de prison par le Tribunal sp\u00e9cial pour la Sierra L\u00e9one (TSSL), compara\u00eetra devant ses juges d\u2019appel les 22 et 23 janvier 2013, apprend-on de source judiciaire.\" \/>\n<meta property=\"og:url\" content=\"https:\/\/www.justiceinfo.net\/fr\/14643-171212-tssltaylor-charles-taylor-devant-ses-juges-dappel-le-22-janvier.html\" \/>\n<meta property=\"og:site_name\" content=\"JusticeInfo.net\" \/>\n<meta property=\"article:publisher\" content=\"https:\/\/www.facebook.com\/JusticeInfo\/\" \/>\n<meta property=\"article:published_time\" content=\"2012-12-17T13:01:27+00:00\" \/>\n<meta property=\"og:image\" content=\"https:\/\/www.justiceinfo.net\/wp-content\/uploads\/JusticeInfoNet_logo_1200x630px.jpg\" \/>\n\t<meta property=\"og:image:width\" content=\"1200\" \/>\n\t<meta property=\"og:image:height\" content=\"630\" \/>\n\t<meta property=\"og:image:type\" content=\"image\/jpeg\" \/>\n<meta name=\"author\" content=\"solivri\" \/>\n<meta name=\"twitter:card\" content=\"summary_large_image\" \/>\n<meta name=\"twitter:creator\" content=\"@justiceinfonet\" \/>\n<meta name=\"twitter:site\" content=\"@justiceinfonet\" \/>\n<meta name=\"twitter:label1\" content=\"\u00c9crit par\" \/>\n\t<meta name=\"twitter:data1\" content=\"solivri\" \/>\n\t<meta name=\"twitter:label2\" content=\"Dur\u00e9e de lecture estim\u00e9e\" \/>\n\t<meta name=\"twitter:data2\" content=\"2 minutes\" \/>\n<script type=\"application\/ld+json\" class=\"yoast-schema-graph\">{\"@context\":\"https:\/\/schema.org\",\"@graph\":[{\"@type\":\"NewsArticle\",\"@id\":\"https:\/\/www.justiceinfo.net\/fr\/14643-171212-tssltaylor-charles-taylor-devant-ses-juges-dappel-le-22-janvier.html#article\",\"isPartOf\":{\"@id\":\"https:\/\/www.justiceinfo.net\/fr\/14643-171212-tssltaylor-charles-taylor-devant-ses-juges-dappel-le-22-janvier.html\"},\"author\":{\"name\":\"solivri\",\"@id\":\"https:\/\/www.justiceinfo.net\/fr#\/schema\/person\/6e53cba1629e2e66f3fc1821d3091865\"},\"headline\":\"17.12.12 - TSSL\/TAYLOR - CHARLES TAYLOR DEVANT SES JUGES D\u2019APPEL LE 22 JANVIER\",\"datePublished\":\"2012-12-17T13:01:27+00:00\",\"mainEntityOfPage\":{\"@id\":\"https:\/\/www.justiceinfo.net\/fr\/14643-171212-tssltaylor-charles-taylor-devant-ses-juges-dappel-le-22-janvier.html\"},\"wordCount\":320,\"commentCount\":0,\"publisher\":{\"@id\":\"https:\/\/www.justiceinfo.net\/fr#organization\"},\"articleSection\":[\"Hirondelle News\"],\"inLanguage\":\"fr-FR\",\"potentialAction\":[{\"@type\":\"CommentAction\",\"name\":\"Comment\",\"target\":[\"https:\/\/www.justiceinfo.net\/fr\/14643-171212-tssltaylor-charles-taylor-devant-ses-juges-dappel-le-22-janvier.html#respond\"]}]},{\"@type\":\"WebPage\",\"@id\":\"https:\/\/www.justiceinfo.net\/fr\/14643-171212-tssltaylor-charles-taylor-devant-ses-juges-dappel-le-22-janvier.html\",\"url\":\"https:\/\/www.justiceinfo.net\/fr\/14643-171212-tssltaylor-charles-taylor-devant-ses-juges-dappel-le-22-janvier.html\",\"name\":\"17.12.12 - TSSL\/TAYLOR - CHARLES TAYLOR DEVANT SES JUGES D\u2019APPEL LE 22 JANVIER - JusticeInfo.net\",\"isPartOf\":{\"@id\":\"https:\/\/www.justiceinfo.net\/fr#website\"},\"datePublished\":\"2012-12-17T13:01:27+00:00\",\"breadcrumb\":{\"@id\":\"https:\/\/www.justiceinfo.net\/fr\/14643-171212-tssltaylor-charles-taylor-devant-ses-juges-dappel-le-22-janvier.html#breadcrumb\"},\"inLanguage\":\"fr-FR\",\"potentialAction\":[{\"@type\":\"ReadAction\",\"target\":[\"https:\/\/www.justiceinfo.net\/fr\/14643-171212-tssltaylor-charles-taylor-devant-ses-juges-dappel-le-22-janvier.html\"]}]},{\"@type\":\"BreadcrumbList\",\"@id\":\"https:\/\/www.justiceinfo.net\/fr\/14643-171212-tssltaylor-charles-taylor-devant-ses-juges-dappel-le-22-janvier.html#breadcrumb\",\"itemListElement\":[{\"@type\":\"ListItem\",\"position\":1,\"name\":\"Home\",\"item\":\"https:\/\/www.justiceinfo.net\/fr\"},{\"@type\":\"ListItem\",\"position\":2,\"name\":\"17.12.12 - TSSL\/TAYLOR - CHARLES TAYLOR DEVANT SES JUGES D\u2019APPEL LE 22 JANVIER\"}]},{\"@type\":\"WebSite\",\"@id\":\"https:\/\/www.justiceinfo.net\/fr#website\",\"url\":\"https:\/\/www.justiceinfo.net\/fr\",\"name\":\"JusticeInfo.net\",\"description\":\"La justice doit \u00eatre vue pour \u00eatre rendue\",\"publisher\":{\"@id\":\"https:\/\/www.justiceinfo.net\/fr#organization\"},\"potentialAction\":[{\"@type\":\"SearchAction\",\"target\":{\"@type\":\"EntryPoint\",\"urlTemplate\":\"https:\/\/www.justiceinfo.net\/fr?s={search_term_string}\"},\"query-input\":{\"@type\":\"PropertyValueSpecification\",\"valueRequired\":true,\"valueName\":\"search_term_string\"}}],\"inLanguage\":\"fr-FR\"},{\"@type\":\"Organization\",\"@id\":\"https:\/\/www.justiceinfo.net\/fr#organization\",\"name\":\"Justice Info\",\"url\":\"https:\/\/www.justiceinfo.net\/fr\",\"logo\":{\"@type\":\"ImageObject\",\"inLanguage\":\"fr-FR\",\"@id\":\"https:\/\/www.justiceinfo.net\/fr#\/schema\/logo\/image\/\",\"url\":\"https:\/\/www.justiceinfo.net\/wp-content\/uploads\/justiceinfo_logo-trans_1200x1200px.png\",\"contentUrl\":\"https:\/\/www.justiceinfo.net\/wp-content\/uploads\/justiceinfo_logo-trans_1200x1200px.png\",\"width\":1199,\"height\":1200,\"caption\":\"Justice Info\"},\"image\":{\"@id\":\"https:\/\/www.justiceinfo.net\/fr#\/schema\/logo\/image\/\"},\"sameAs\":[\"https:\/\/www.facebook.com\/JusticeInfo\/\",\"https:\/\/x.com\/justiceinfonet\",\"https:\/\/www.linkedin.com\/company\/justice-info\",\"https:\/\/www.youtube.com\/channel\/UCyCEsARodyuWtkWyhn-e7pA\"]},{\"@type\":\"Person\",\"name\":\"solivri\",\"url\":\"\/fr\/?s=solivri\"}]}<\/script>\n<!-- \/ Yoast SEO Premium plugin. -->","yoast_head_json":{"title":"17.12.12 - TSSL\/TAYLOR - CHARLES TAYLOR DEVANT SES JUGES D\u2019APPEL LE 22 JANVIER - JusticeInfo.net","robots":{"index":"index","follow":"follow","max-snippet":"max-snippet:-1","max-image-preview":"max-image-preview:large","max-video-preview":"max-video-preview:-1"},"canonical":"https:\/\/www.justiceinfo.net\/fr\/14643-171212-tssltaylor-charles-taylor-devant-ses-juges-dappel-le-22-janvier.html","og_locale":"fr_FR","og_type":"article","og_title":"17.12.12 - TSSL\/TAYLOR - CHARLES TAYLOR DEVANT SES JUGES D\u2019APPEL LE 22 JANVIER","og_description":"Arusha, 17 d\u00e9cembre 2012 (FH) \u2013 L\u2019ancien pr\u00e9sident lib\u00e9rien Charles Taylor, condamn\u00e9 \u00e0 50 ans de prison par le Tribunal sp\u00e9cial pour la Sierra L\u00e9one (TSSL), compara\u00eetra devant ses juges d\u2019appel les 22 et 23 janvier 2013, apprend-on de source judiciaire.","og_url":"https:\/\/www.justiceinfo.net\/fr\/14643-171212-tssltaylor-charles-taylor-devant-ses-juges-dappel-le-22-janvier.html","og_site_name":"JusticeInfo.net","article_publisher":"https:\/\/www.facebook.com\/JusticeInfo\/","article_published_time":"2012-12-17T13:01:27+00:00","og_image":[{"width":1200,"height":630,"url":"https:\/\/www.justiceinfo.net\/wp-content\/uploads\/JusticeInfoNet_logo_1200x630px.jpg","type":"image\/jpeg"}],"author":"solivri","twitter_card":"summary_large_image","twitter_creator":"@justiceinfonet","twitter_site":"@justiceinfonet","twitter_misc":{"\u00c9crit par":"solivri","Dur\u00e9e de lecture estim\u00e9e":"2 minutes"},"schema":{"@context":"https:\/\/schema.org","@graph":[{"@type":"NewsArticle","@id":"https:\/\/www.justiceinfo.net\/fr\/14643-171212-tssltaylor-charles-taylor-devant-ses-juges-dappel-le-22-janvier.html#article","isPartOf":{"@id":"https:\/\/www.justiceinfo.net\/fr\/14643-171212-tssltaylor-charles-taylor-devant-ses-juges-dappel-le-22-janvier.html"},"author":{"name":"solivri","@id":"https:\/\/www.justiceinfo.net\/fr#\/schema\/person\/6e53cba1629e2e66f3fc1821d3091865"},"headline":"17.12.12 - TSSL\/TAYLOR - CHARLES TAYLOR DEVANT SES JUGES D\u2019APPEL LE 22 JANVIER","datePublished":"2012-12-17T13:01:27+00:00","mainEntityOfPage":{"@id":"https:\/\/www.justiceinfo.net\/fr\/14643-171212-tssltaylor-charles-taylor-devant-ses-juges-dappel-le-22-janvier.html"},"wordCount":320,"commentCount":0,"publisher":{"@id":"https:\/\/www.justiceinfo.net\/fr#organization"},"articleSection":["Hirondelle News"],"inLanguage":"fr-FR","potentialAction":[{"@type":"CommentAction","name":"Comment","target":["https:\/\/www.justiceinfo.net\/fr\/14643-171212-tssltaylor-charles-taylor-devant-ses-juges-dappel-le-22-janvier.html#respond"]}]},{"@type":"WebPage","@id":"https:\/\/www.justiceinfo.net\/fr\/14643-171212-tssltaylor-charles-taylor-devant-ses-juges-dappel-le-22-janvier.html","url":"https:\/\/www.justiceinfo.net\/fr\/14643-171212-tssltaylor-charles-taylor-devant-ses-juges-dappel-le-22-janvier.html","name":"17.12.12 - TSSL\/TAYLOR - CHARLES TAYLOR DEVANT SES JUGES D\u2019APPEL LE 22 JANVIER - JusticeInfo.net","isPartOf":{"@id":"https:\/\/www.justiceinfo.net\/fr#website"},"datePublished":"2012-12-17T13:01:27+00:00","breadcrumb":{"@id":"https:\/\/www.justiceinfo.net\/fr\/14643-171212-tssltaylor-charles-taylor-devant-ses-juges-dappel-le-22-janvier.html#breadcrumb"},"inLanguage":"fr-FR","potentialAction":[{"@type":"ReadAction","target":["https:\/\/www.justiceinfo.net\/fr\/14643-171212-tssltaylor-charles-taylor-devant-ses-juges-dappel-le-22-janvier.html"]}]},{"@type":"BreadcrumbList","@id":"https:\/\/www.justiceinfo.net\/fr\/14643-171212-tssltaylor-charles-taylor-devant-ses-juges-dappel-le-22-janvier.html#breadcrumb","itemListElement":[{"@type":"ListItem","position":1,"name":"Home","item":"https:\/\/www.justiceinfo.net\/fr"},{"@type":"ListItem","position":2,"name":"17.12.12 - TSSL\/TAYLOR - CHARLES TAYLOR DEVANT SES JUGES D\u2019APPEL LE 22 JANVIER"}]},{"@type":"WebSite","@id":"https:\/\/www.justiceinfo.net\/fr#website","url":"https:\/\/www.justiceinfo.net\/fr","name":"JusticeInfo.net","description":"La justice doit \u00eatre vue pour \u00eatre rendue","publisher":{"@id":"https:\/\/www.justiceinfo.net\/fr#organization"},"potentialAction":[{"@type":"SearchAction","target":{"@type":"EntryPoint","urlTemplate":"https:\/\/www.justiceinfo.net\/fr?s={search_term_string}"},"query-input":{"@type":"PropertyValueSpecification","valueRequired":true,"valueName":"search_term_string"}}],"inLanguage":"fr-FR"},{"@type":"Organization","@id":"https:\/\/www.justiceinfo.net\/fr#organization","name":"Justice Info","url":"https:\/\/www.justiceinfo.net\/fr","logo":{"@type":"ImageObject","inLanguage":"fr-FR","@id":"https:\/\/www.justiceinfo.net\/fr#\/schema\/logo\/image\/","url":"https:\/\/www.justiceinfo.net\/wp-content\/uploads\/justiceinfo_logo-trans_1200x1200px.png","contentUrl":"https:\/\/www.justiceinfo.net\/wp-content\/uploads\/justiceinfo_logo-trans_1200x1200px.png","width":1199,"height":1200,"caption":"Justice Info"},"image":{"@id":"https:\/\/www.justiceinfo.net\/fr#\/schema\/logo\/image\/"},"sameAs":["https:\/\/www.facebook.com\/JusticeInfo\/","https:\/\/x.com\/justiceinfonet","https:\/\/www.linkedin.com\/company\/justice-info","https:\/\/www.youtube.com\/channel\/UCyCEsARodyuWtkWyhn-e7pA"]},{"@type":"Person","name":"solivri","url":"\/fr\/?s=solivri"}]}},"_links":{"self":[{"href":"https:\/\/www.justiceinfo.net\/fr\/wp-json\/wp\/v2\/posts\/14643","targetHints":{"allow":["GET"]}}],"collection":[{"href":"https:\/\/www.justiceinfo.net\/fr\/wp-json\/wp\/v2\/posts"}],"about":[{"href":"https:\/\/www.justiceinfo.net\/fr\/wp-json\/wp\/v2\/types\/post"}],"author":[{"embeddable":true,"href":"https:\/\/www.justiceinfo.net\/fr\/wp-json\/wp\/v2\/users\/64"}],"replies":[{"embeddable":true,"href":"https:\/\/www.justiceinfo.net\/fr\/wp-json\/wp\/v2\/comments?post=14643"}],"version-history":[{"count":0,"href":"https:\/\/www.justiceinfo.net\/fr\/wp-json\/wp\/v2\/posts\/14643\/revisions"}],"wp:attachment":[{"href":"https:\/\/www.justiceinfo.net\/fr\/wp-json\/wp\/v2\/media?parent=14643"}],"wp:term":[{"taxonomy":"category","embeddable":true,"href":"https:\/\/www.justiceinfo.net\/fr\/wp-json\/wp\/v2\/categories?post=14643"},{"taxonomy":"post_tag","embeddable":true,"href":"https:\/\/www.justiceinfo.net\/fr\/wp-json\/wp\/v2\/tags?post=14643"},{"taxonomy":"ji_location","embeddable":true,"href":"https:\/\/www.justiceinfo.net\/fr\/wp-json\/wp\/v2\/ji_location?post=14643"}],"curies":[{"name":"wp","href":"https:\/\/api.w.org\/{rel}","templated":true}]}}