{"id":14647,"date":"2012-12-18T09:11:56","date_gmt":"2012-12-18T08:11:56","guid":{"rendered":"https:\/\/www.justiceinfo.net\/14647-181212-cpingudjolo-mathieu-ngudjolo-acquitte-pour-les-crimes-de-bogoro.html"},"modified":"2012-12-18T09:11:56","modified_gmt":"2012-12-18T08:11:56","slug":"181212-cpingudjolo-mathieu-ngudjolo-acquitte-pour-les-crimes-de-bogoro","status":"publish","type":"post","link":"https:\/\/www.justiceinfo.net\/fr\/14647-181212-cpingudjolo-mathieu-ngudjolo-acquitte-pour-les-crimes-de-bogoro.html","title":{"rendered":"18.12.12 - CPI\/NGUDJOLO - MATHIEU NGUDJOLO ACQUITTE POUR LES CRIMES DE BOGORO"},"content":{"rendered":"<p>\u00a0La Haye, 18 d\u00e9cembre 2012 (FH) \u2013 Les juges de la Cour p\u00e9nale internationale (CPI) ont acquitt\u00e9 Mathieu Ngudjolo des crimes contre l\u2019humanit\u00e9 et crimes de guerre qui lui \u00e9taient reproch\u00e9s. Le pr\u00e9sident de la chambre a ordonn\u00e9 la lib\u00e9ration imm\u00e9diate et demand\u00e9 au Greffe de \u00ab prendre les mesures n\u00e9cessaires pour assurer la protection des t\u00e9moins. \u00bb<\/p>\n<p><!--more--><\/p>\n<p>\u00ab Au vu de l\u2019ensemble des \u00e9l\u00e9ments de preuves figurant au dossier, la chambre n\u2019a pas pu conclure au-del\u00e0 de tout doute raisonnable, que l\u2019accus\u00e9 \u00e9tait le chef des combattants Lendu ayant particip\u00e9 \u00e0 l\u2019attaque de Bogoro le 24 f\u00e9vrier 2003 \u00bb a indiqu\u00e9 le pr\u00e9sident de la chambre, le juge Bruno Cotte.<\/p>\n<p>Les juges ont en outre estim\u00e9 que les trois t\u00e9moins cl\u00e9s pr\u00e9sent\u00e9s \u2013 \u00e0 huis clos et sous pseudonyme \u2013 par le procureur au cours du proc\u00e8s, et selon lesquels l\u2019accus\u00e9 \u00e9tait pr\u00e9sent \u00e0 Bogoro le 24 f\u00e9vrier 2003, n\u2019\u00e9taient pas cr\u00e9dibles.<\/p>\n<p>Pr\u00e9alablement au verdict, le pr\u00e9sident de la chambre, le juge Bruno Cotte, a affirm\u00e9 que \u00ab d\u00e9clarer qu\u2019un accus\u00e9 n\u2019est pas coupable ne veut pas dire que la chambre d\u00e9clare son innocence \u00bb, mais que les preuves n\u2019ont pas \u00e9t\u00e9 pr\u00e9sent\u00e9es devant la chambre. Le juge fran\u00e7ais a tenu \u00e0 pr\u00e9ciser, avec force, que cette d\u00e9cision \u00ab ne saurait remettre en cause ce qu\u2019a subi la population ce jour-l\u00e0 \u00bb.<\/p>\n<p>Mathieu Ngudjolo \u00e9tait jug\u00e9 aux c\u00f4t\u00e9s de Germain Katanga. Mais le 21 novembre, les juges ont disjoint les deux affaires apr\u00e8s avoir d\u00e9cid\u00e9 de requalifier le mode de responsabilit\u00e9 retenu jusqu\u2019ici contre Germain Katanga. Son jugement ne sera pas rendu avant le printemps 2013.<\/p>\n<p>Au terme de l\u2019audience, le pr\u00e9sident de la chambre a rappel\u00e9 au procureur qu\u2019il pouvait demander une suspension de l\u2019ordonnance de mise en lib\u00e9ration pendant la proc\u00e9dure d\u2019appel.<\/p>\n<p>SM\/ER<\/p>\n","protected":false},"excerpt":{"rendered":"<p>\u00a0La Haye, 18 d\u00e9cembre 2012 (FH) \u2013 Les juges de la Cour p\u00e9nale internationale (CPI) ont acquitt\u00e9 Mathieu Ngudjolo des crimes contre l\u2019humanit\u00e9 et crimes de guerre qui lui \u00e9taient reproch\u00e9s. Le pr\u00e9sident de la chambre a ordonn\u00e9 la lib\u00e9ration imm\u00e9diate et demand\u00e9 au Greffe de \u00ab prendre les mesures n\u00e9cessaires pour assurer la protection [&hellip;]<\/p>\n","protected":false},"author":64,"featured_media":0,"comment_status":"open","ping_status":"closed","sticky":false,"template":"","format":"standard","meta":{"_acf_changed":false,"footnotes":""},"categories":[554],"tags":[],"ji_location":[],"class_list":["post-14647","post","type-post","status-publish","format-standard","hentry","category-hirondellenews"],"acf":[],"yoast_head":"<!-- This site is optimized with the Yoast SEO Premium plugin v25.3.1 (Yoast SEO v25.3.1) - https:\/\/yoast.com\/wordpress\/plugins\/seo\/ -->\n<title>18.12.12 - CPI\/NGUDJOLO - MATHIEU NGUDJOLO ACQUITTE POUR LES CRIMES DE BOGORO - JusticeInfo.net<\/title>\n<meta name=\"robots\" content=\"index, follow, max-snippet:-1, max-image-preview:large, max-video-preview:-1\" \/>\n<link rel=\"canonical\" href=\"https:\/\/www.justiceinfo.net\/fr\/14647-181212-cpingudjolo-mathieu-ngudjolo-acquitte-pour-les-crimes-de-bogoro.html\" \/>\n<meta property=\"og:locale\" content=\"fr_FR\" \/>\n<meta property=\"og:type\" content=\"article\" \/>\n<meta property=\"og:title\" content=\"18.12.12 - CPI\/NGUDJOLO - MATHIEU NGUDJOLO ACQUITTE POUR LES CRIMES DE BOGORO\" \/>\n<meta property=\"og:description\" content=\"\u00a0La Haye, 18 d\u00e9cembre 2012 (FH) \u2013 Les juges de la Cour p\u00e9nale internationale (CPI) ont acquitt\u00e9 Mathieu Ngudjolo des crimes contre l\u2019humanit\u00e9 et crimes de guerre qui lui \u00e9taient reproch\u00e9s. Le pr\u00e9sident de la chambre a ordonn\u00e9 la lib\u00e9ration imm\u00e9diate et demand\u00e9 au Greffe de \u00ab prendre les mesures n\u00e9cessaires pour assurer la protection [&hellip;]\" \/>\n<meta property=\"og:url\" content=\"https:\/\/www.justiceinfo.net\/fr\/14647-181212-cpingudjolo-mathieu-ngudjolo-acquitte-pour-les-crimes-de-bogoro.html\" \/>\n<meta property=\"og:site_name\" content=\"JusticeInfo.net\" \/>\n<meta property=\"article:publisher\" content=\"https:\/\/www.facebook.com\/JusticeInfo\/\" \/>\n<meta property=\"article:published_time\" content=\"2012-12-18T08:11:56+00:00\" \/>\n<meta property=\"og:image\" content=\"https:\/\/www.justiceinfo.net\/wp-content\/uploads\/JusticeInfoNet_logo_1200x630px.jpg\" \/>\n\t<meta property=\"og:image:width\" content=\"1200\" \/>\n\t<meta property=\"og:image:height\" content=\"630\" \/>\n\t<meta property=\"og:image:type\" content=\"image\/jpeg\" \/>\n<meta name=\"author\" content=\"solivri\" \/>\n<meta name=\"twitter:card\" content=\"summary_large_image\" \/>\n<meta name=\"twitter:creator\" content=\"@justiceinfonet\" \/>\n<meta name=\"twitter:site\" content=\"@justiceinfonet\" \/>\n<meta name=\"twitter:label1\" content=\"\u00c9crit par\" \/>\n\t<meta name=\"twitter:data1\" content=\"solivri\" \/>\n\t<meta name=\"twitter:label2\" content=\"Dur\u00e9e de lecture estim\u00e9e\" \/>\n\t<meta name=\"twitter:data2\" content=\"2 minutes\" \/>\n<script type=\"application\/ld+json\" class=\"yoast-schema-graph\">{\"@context\":\"https:\/\/schema.org\",\"@graph\":[{\"@type\":\"NewsArticle\",\"@id\":\"https:\/\/www.justiceinfo.net\/fr\/14647-181212-cpingudjolo-mathieu-ngudjolo-acquitte-pour-les-crimes-de-bogoro.html#article\",\"isPartOf\":{\"@id\":\"https:\/\/www.justiceinfo.net\/fr\/14647-181212-cpingudjolo-mathieu-ngudjolo-acquitte-pour-les-crimes-de-bogoro.html\"},\"author\":{\"name\":\"solivri\",\"@id\":\"https:\/\/www.justiceinfo.net\/fr#\/schema\/person\/6e53cba1629e2e66f3fc1821d3091865\"},\"headline\":\"18.12.12 - CPI\/NGUDJOLO - MATHIEU NGUDJOLO ACQUITTE POUR LES CRIMES DE BOGORO\",\"datePublished\":\"2012-12-18T08:11:56+00:00\",\"mainEntityOfPage\":{\"@id\":\"https:\/\/www.justiceinfo.net\/fr\/14647-181212-cpingudjolo-mathieu-ngudjolo-acquitte-pour-les-crimes-de-bogoro.html\"},\"wordCount\":337,\"commentCount\":0,\"publisher\":{\"@id\":\"https:\/\/www.justiceinfo.net\/fr#organization\"},\"articleSection\":[\"Hirondelle News\"],\"inLanguage\":\"fr-FR\",\"potentialAction\":[{\"@type\":\"CommentAction\",\"name\":\"Comment\",\"target\":[\"https:\/\/www.justiceinfo.net\/fr\/14647-181212-cpingudjolo-mathieu-ngudjolo-acquitte-pour-les-crimes-de-bogoro.html#respond\"]}]},{\"@type\":\"WebPage\",\"@id\":\"https:\/\/www.justiceinfo.net\/fr\/14647-181212-cpingudjolo-mathieu-ngudjolo-acquitte-pour-les-crimes-de-bogoro.html\",\"url\":\"https:\/\/www.justiceinfo.net\/fr\/14647-181212-cpingudjolo-mathieu-ngudjolo-acquitte-pour-les-crimes-de-bogoro.html\",\"name\":\"18.12.12 - CPI\/NGUDJOLO - MATHIEU NGUDJOLO ACQUITTE POUR LES CRIMES DE BOGORO - JusticeInfo.net\",\"isPartOf\":{\"@id\":\"https:\/\/www.justiceinfo.net\/fr#website\"},\"datePublished\":\"2012-12-18T08:11:56+00:00\",\"breadcrumb\":{\"@id\":\"https:\/\/www.justiceinfo.net\/fr\/14647-181212-cpingudjolo-mathieu-ngudjolo-acquitte-pour-les-crimes-de-bogoro.html#breadcrumb\"},\"inLanguage\":\"fr-FR\",\"potentialAction\":[{\"@type\":\"ReadAction\",\"target\":[\"https:\/\/www.justiceinfo.net\/fr\/14647-181212-cpingudjolo-mathieu-ngudjolo-acquitte-pour-les-crimes-de-bogoro.html\"]}]},{\"@type\":\"BreadcrumbList\",\"@id\":\"https:\/\/www.justiceinfo.net\/fr\/14647-181212-cpingudjolo-mathieu-ngudjolo-acquitte-pour-les-crimes-de-bogoro.html#breadcrumb\",\"itemListElement\":[{\"@type\":\"ListItem\",\"position\":1,\"name\":\"Home\",\"item\":\"https:\/\/www.justiceinfo.net\/fr\"},{\"@type\":\"ListItem\",\"position\":2,\"name\":\"18.12.12 - CPI\/NGUDJOLO - MATHIEU NGUDJOLO ACQUITTE POUR LES CRIMES DE BOGORO\"}]},{\"@type\":\"WebSite\",\"@id\":\"https:\/\/www.justiceinfo.net\/fr#website\",\"url\":\"https:\/\/www.justiceinfo.net\/fr\",\"name\":\"JusticeInfo.net\",\"description\":\"La justice doit \u00eatre vue pour \u00eatre rendue\",\"publisher\":{\"@id\":\"https:\/\/www.justiceinfo.net\/fr#organization\"},\"potentialAction\":[{\"@type\":\"SearchAction\",\"target\":{\"@type\":\"EntryPoint\",\"urlTemplate\":\"https:\/\/www.justiceinfo.net\/fr?s={search_term_string}\"},\"query-input\":{\"@type\":\"PropertyValueSpecification\",\"valueRequired\":true,\"valueName\":\"search_term_string\"}}],\"inLanguage\":\"fr-FR\"},{\"@type\":\"Organization\",\"@id\":\"https:\/\/www.justiceinfo.net\/fr#organization\",\"name\":\"Justice Info\",\"url\":\"https:\/\/www.justiceinfo.net\/fr\",\"logo\":{\"@type\":\"ImageObject\",\"inLanguage\":\"fr-FR\",\"@id\":\"https:\/\/www.justiceinfo.net\/fr#\/schema\/logo\/image\/\",\"url\":\"https:\/\/www.justiceinfo.net\/wp-content\/uploads\/justiceinfo_logo-trans_1200x1200px.png\",\"contentUrl\":\"https:\/\/www.justiceinfo.net\/wp-content\/uploads\/justiceinfo_logo-trans_1200x1200px.png\",\"width\":1199,\"height\":1200,\"caption\":\"Justice Info\"},\"image\":{\"@id\":\"https:\/\/www.justiceinfo.net\/fr#\/schema\/logo\/image\/\"},\"sameAs\":[\"https:\/\/www.facebook.com\/JusticeInfo\/\",\"https:\/\/x.com\/justiceinfonet\",\"https:\/\/www.linkedin.com\/company\/justice-info\",\"https:\/\/www.youtube.com\/channel\/UCyCEsARodyuWtkWyhn-e7pA\"]},{\"@type\":\"Person\",\"name\":\"solivri\",\"url\":\"\/fr\/?s=solivri\"}]}<\/script>\n<!-- \/ Yoast SEO Premium plugin. -->","yoast_head_json":{"title":"18.12.12 - CPI\/NGUDJOLO - MATHIEU NGUDJOLO ACQUITTE POUR LES CRIMES DE BOGORO - JusticeInfo.net","robots":{"index":"index","follow":"follow","max-snippet":"max-snippet:-1","max-image-preview":"max-image-preview:large","max-video-preview":"max-video-preview:-1"},"canonical":"https:\/\/www.justiceinfo.net\/fr\/14647-181212-cpingudjolo-mathieu-ngudjolo-acquitte-pour-les-crimes-de-bogoro.html","og_locale":"fr_FR","og_type":"article","og_title":"18.12.12 - CPI\/NGUDJOLO - MATHIEU NGUDJOLO ACQUITTE POUR LES CRIMES DE BOGORO","og_description":"\u00a0La Haye, 18 d\u00e9cembre 2012 (FH) \u2013 Les juges de la Cour p\u00e9nale internationale (CPI) ont acquitt\u00e9 Mathieu Ngudjolo des crimes contre l\u2019humanit\u00e9 et crimes de guerre qui lui \u00e9taient reproch\u00e9s. Le pr\u00e9sident de la chambre a ordonn\u00e9 la lib\u00e9ration imm\u00e9diate et demand\u00e9 au Greffe de \u00ab prendre les mesures n\u00e9cessaires pour assurer la protection [&hellip;]","og_url":"https:\/\/www.justiceinfo.net\/fr\/14647-181212-cpingudjolo-mathieu-ngudjolo-acquitte-pour-les-crimes-de-bogoro.html","og_site_name":"JusticeInfo.net","article_publisher":"https:\/\/www.facebook.com\/JusticeInfo\/","article_published_time":"2012-12-18T08:11:56+00:00","og_image":[{"width":1200,"height":630,"url":"https:\/\/www.justiceinfo.net\/wp-content\/uploads\/JusticeInfoNet_logo_1200x630px.jpg","type":"image\/jpeg"}],"author":"solivri","twitter_card":"summary_large_image","twitter_creator":"@justiceinfonet","twitter_site":"@justiceinfonet","twitter_misc":{"\u00c9crit par":"solivri","Dur\u00e9e de lecture estim\u00e9e":"2 minutes"},"schema":{"@context":"https:\/\/schema.org","@graph":[{"@type":"NewsArticle","@id":"https:\/\/www.justiceinfo.net\/fr\/14647-181212-cpingudjolo-mathieu-ngudjolo-acquitte-pour-les-crimes-de-bogoro.html#article","isPartOf":{"@id":"https:\/\/www.justiceinfo.net\/fr\/14647-181212-cpingudjolo-mathieu-ngudjolo-acquitte-pour-les-crimes-de-bogoro.html"},"author":{"name":"solivri","@id":"https:\/\/www.justiceinfo.net\/fr#\/schema\/person\/6e53cba1629e2e66f3fc1821d3091865"},"headline":"18.12.12 - CPI\/NGUDJOLO - MATHIEU NGUDJOLO ACQUITTE POUR LES CRIMES DE BOGORO","datePublished":"2012-12-18T08:11:56+00:00","mainEntityOfPage":{"@id":"https:\/\/www.justiceinfo.net\/fr\/14647-181212-cpingudjolo-mathieu-ngudjolo-acquitte-pour-les-crimes-de-bogoro.html"},"wordCount":337,"commentCount":0,"publisher":{"@id":"https:\/\/www.justiceinfo.net\/fr#organization"},"articleSection":["Hirondelle News"],"inLanguage":"fr-FR","potentialAction":[{"@type":"CommentAction","name":"Comment","target":["https:\/\/www.justiceinfo.net\/fr\/14647-181212-cpingudjolo-mathieu-ngudjolo-acquitte-pour-les-crimes-de-bogoro.html#respond"]}]},{"@type":"WebPage","@id":"https:\/\/www.justiceinfo.net\/fr\/14647-181212-cpingudjolo-mathieu-ngudjolo-acquitte-pour-les-crimes-de-bogoro.html","url":"https:\/\/www.justiceinfo.net\/fr\/14647-181212-cpingudjolo-mathieu-ngudjolo-acquitte-pour-les-crimes-de-bogoro.html","name":"18.12.12 - CPI\/NGUDJOLO - MATHIEU NGUDJOLO ACQUITTE POUR LES CRIMES DE BOGORO - JusticeInfo.net","isPartOf":{"@id":"https:\/\/www.justiceinfo.net\/fr#website"},"datePublished":"2012-12-18T08:11:56+00:00","breadcrumb":{"@id":"https:\/\/www.justiceinfo.net\/fr\/14647-181212-cpingudjolo-mathieu-ngudjolo-acquitte-pour-les-crimes-de-bogoro.html#breadcrumb"},"inLanguage":"fr-FR","potentialAction":[{"@type":"ReadAction","target":["https:\/\/www.justiceinfo.net\/fr\/14647-181212-cpingudjolo-mathieu-ngudjolo-acquitte-pour-les-crimes-de-bogoro.html"]}]},{"@type":"BreadcrumbList","@id":"https:\/\/www.justiceinfo.net\/fr\/14647-181212-cpingudjolo-mathieu-ngudjolo-acquitte-pour-les-crimes-de-bogoro.html#breadcrumb","itemListElement":[{"@type":"ListItem","position":1,"name":"Home","item":"https:\/\/www.justiceinfo.net\/fr"},{"@type":"ListItem","position":2,"name":"18.12.12 - CPI\/NGUDJOLO - MATHIEU NGUDJOLO ACQUITTE POUR LES CRIMES DE BOGORO"}]},{"@type":"WebSite","@id":"https:\/\/www.justiceinfo.net\/fr#website","url":"https:\/\/www.justiceinfo.net\/fr","name":"JusticeInfo.net","description":"La justice doit \u00eatre vue pour \u00eatre rendue","publisher":{"@id":"https:\/\/www.justiceinfo.net\/fr#organization"},"potentialAction":[{"@type":"SearchAction","target":{"@type":"EntryPoint","urlTemplate":"https:\/\/www.justiceinfo.net\/fr?s={search_term_string}"},"query-input":{"@type":"PropertyValueSpecification","valueRequired":true,"valueName":"search_term_string"}}],"inLanguage":"fr-FR"},{"@type":"Organization","@id":"https:\/\/www.justiceinfo.net\/fr#organization","name":"Justice Info","url":"https:\/\/www.justiceinfo.net\/fr","logo":{"@type":"ImageObject","inLanguage":"fr-FR","@id":"https:\/\/www.justiceinfo.net\/fr#\/schema\/logo\/image\/","url":"https:\/\/www.justiceinfo.net\/wp-content\/uploads\/justiceinfo_logo-trans_1200x1200px.png","contentUrl":"https:\/\/www.justiceinfo.net\/wp-content\/uploads\/justiceinfo_logo-trans_1200x1200px.png","width":1199,"height":1200,"caption":"Justice Info"},"image":{"@id":"https:\/\/www.justiceinfo.net\/fr#\/schema\/logo\/image\/"},"sameAs":["https:\/\/www.facebook.com\/JusticeInfo\/","https:\/\/x.com\/justiceinfonet","https:\/\/www.linkedin.com\/company\/justice-info","https:\/\/www.youtube.com\/channel\/UCyCEsARodyuWtkWyhn-e7pA"]},{"@type":"Person","name":"solivri","url":"\/fr\/?s=solivri"}]}},"_links":{"self":[{"href":"https:\/\/www.justiceinfo.net\/fr\/wp-json\/wp\/v2\/posts\/14647","targetHints":{"allow":["GET"]}}],"collection":[{"href":"https:\/\/www.justiceinfo.net\/fr\/wp-json\/wp\/v2\/posts"}],"about":[{"href":"https:\/\/www.justiceinfo.net\/fr\/wp-json\/wp\/v2\/types\/post"}],"author":[{"embeddable":true,"href":"https:\/\/www.justiceinfo.net\/fr\/wp-json\/wp\/v2\/users\/64"}],"replies":[{"embeddable":true,"href":"https:\/\/www.justiceinfo.net\/fr\/wp-json\/wp\/v2\/comments?post=14647"}],"version-history":[{"count":0,"href":"https:\/\/www.justiceinfo.net\/fr\/wp-json\/wp\/v2\/posts\/14647\/revisions"}],"wp:attachment":[{"href":"https:\/\/www.justiceinfo.net\/fr\/wp-json\/wp\/v2\/media?parent=14647"}],"wp:term":[{"taxonomy":"category","embeddable":true,"href":"https:\/\/www.justiceinfo.net\/fr\/wp-json\/wp\/v2\/categories?post=14647"},{"taxonomy":"post_tag","embeddable":true,"href":"https:\/\/www.justiceinfo.net\/fr\/wp-json\/wp\/v2\/tags?post=14647"},{"taxonomy":"ji_location","embeddable":true,"href":"https:\/\/www.justiceinfo.net\/fr\/wp-json\/wp\/v2\/ji_location?post=14647"}],"curies":[{"name":"wp","href":"https:\/\/api.w.org\/{rel}","templated":true}]}}