{"id":14648,"date":"2012-12-18T11:47:39","date_gmt":"2012-12-18T10:47:39","guid":{"rendered":"https:\/\/www.justiceinfo.net\/14648-181212-mathieu-ngudjolo-acquitte-par-la-cpi-audio.html"},"modified":"2012-12-18T11:47:39","modified_gmt":"2012-12-18T10:47:39","slug":"181212-mathieu-ngudjolo-acquitte-par-la-cpi-audio","status":"publish","type":"post","link":"https:\/\/www.justiceinfo.net\/fr\/14648-181212-mathieu-ngudjolo-acquitte-par-la-cpi-audio.html","title":{"rendered":"18.12.12 - MATHIEU NGUDJOLO ACQUITTE PAR LA CPI (AUDIO)"},"content":{"rendered":"<p  >Mathieu Ngudjolo a \u00e9t\u00e9 acquitt\u00e9 de crimes contre l\u2019humanit\u00e9 et crimes de guerre par les juges de la Cour p\u00e9nale internationale (CPI). L\u2019ex chef du Front des int\u00e9grationnistes et nationalistes \u00e9tait poursuivi pour sa participation dans le massacre commis le 24 f\u00e9vrier \u00e0 Bogoro, au cours duquel, selon le procureur, pr\u00e8s de 200 personnes avaient \u00e9t\u00e9 tu\u00e9es. Ecoutez ce reportage de St\u00e9phanie Maupas \u00e0 La Haye:<\/p>\n<p><!--more--><\/p>\n<p  >{podcast Ngudjolo acquitt\u00e9}<\/p>\n","protected":false},"excerpt":{"rendered":"<p>Mathieu Ngudjolo a \u00e9t\u00e9 acquitt\u00e9 de crimes contre l\u2019humanit\u00e9 et crimes de guerre par les juges de la Cour p\u00e9nale internationale (CPI). L\u2019ex chef du Front des int\u00e9grationnistes et nationalistes \u00e9tait poursuivi pour sa participation dans le massacre commis le 24 f\u00e9vrier \u00e0 Bogoro, au cours duquel, selon le procureur, pr\u00e8s de 200 personnes avaient [&hellip;]<\/p>\n","protected":false},"author":64,"featured_media":0,"comment_status":"open","ping_status":"closed","sticky":false,"template":"","format":"standard","meta":{"_acf_changed":false,"footnotes":""},"categories":[554],"tags":[],"ji_location":[],"class_list":["post-14648","post","type-post","status-publish","format-standard","hentry","category-hirondellenews"],"acf":[],"yoast_head":"<!-- This site is optimized with the Yoast SEO Premium plugin v25.3.1 (Yoast SEO v25.3.1) - https:\/\/yoast.com\/wordpress\/plugins\/seo\/ -->\n<title>18.12.12 - MATHIEU NGUDJOLO ACQUITTE PAR LA CPI (AUDIO) - JusticeInfo.net<\/title>\n<meta name=\"robots\" content=\"index, follow, max-snippet:-1, max-image-preview:large, max-video-preview:-1\" \/>\n<link rel=\"canonical\" href=\"https:\/\/www.justiceinfo.net\/fr\/14648-181212-mathieu-ngudjolo-acquitte-par-la-cpi-audio.html\" \/>\n<meta property=\"og:locale\" content=\"fr_FR\" \/>\n<meta property=\"og:type\" content=\"article\" \/>\n<meta property=\"og:title\" content=\"18.12.12 - MATHIEU NGUDJOLO ACQUITTE PAR LA CPI (AUDIO)\" \/>\n<meta property=\"og:description\" content=\"Mathieu Ngudjolo a \u00e9t\u00e9 acquitt\u00e9 de crimes contre l\u2019humanit\u00e9 et crimes de guerre par les juges de la Cour p\u00e9nale internationale (CPI). L\u2019ex chef du Front des int\u00e9grationnistes et nationalistes \u00e9tait poursuivi pour sa participation dans le massacre commis le 24 f\u00e9vrier \u00e0 Bogoro, au cours duquel, selon le procureur, pr\u00e8s de 200 personnes avaient [&hellip;]\" \/>\n<meta property=\"og:url\" content=\"https:\/\/www.justiceinfo.net\/fr\/14648-181212-mathieu-ngudjolo-acquitte-par-la-cpi-audio.html\" \/>\n<meta property=\"og:site_name\" content=\"JusticeInfo.net\" \/>\n<meta property=\"article:publisher\" content=\"https:\/\/www.facebook.com\/JusticeInfo\/\" \/>\n<meta property=\"article:published_time\" content=\"2012-12-18T10:47:39+00:00\" \/>\n<meta property=\"og:image\" content=\"https:\/\/www.justiceinfo.net\/wp-content\/uploads\/JusticeInfoNet_logo_1200x630px.jpg\" \/>\n\t<meta property=\"og:image:width\" content=\"1200\" \/>\n\t<meta property=\"og:image:height\" content=\"630\" \/>\n\t<meta property=\"og:image:type\" content=\"image\/jpeg\" \/>\n<meta name=\"author\" content=\"solivri\" \/>\n<meta name=\"twitter:card\" content=\"summary_large_image\" \/>\n<meta name=\"twitter:creator\" content=\"@justiceinfonet\" \/>\n<meta name=\"twitter:site\" content=\"@justiceinfonet\" \/>\n<meta name=\"twitter:label1\" content=\"\u00c9crit par\" \/>\n\t<meta name=\"twitter:data1\" content=\"solivri\" \/>\n<script type=\"application\/ld+json\" class=\"yoast-schema-graph\">{\"@context\":\"https:\/\/schema.org\",\"@graph\":[{\"@type\":\"NewsArticle\",\"@id\":\"https:\/\/www.justiceinfo.net\/fr\/14648-181212-mathieu-ngudjolo-acquitte-par-la-cpi-audio.html#article\",\"isPartOf\":{\"@id\":\"https:\/\/www.justiceinfo.net\/fr\/14648-181212-mathieu-ngudjolo-acquitte-par-la-cpi-audio.html\"},\"author\":{\"name\":\"solivri\",\"@id\":\"https:\/\/www.justiceinfo.net\/fr#\/schema\/person\/6e53cba1629e2e66f3fc1821d3091865\"},\"headline\":\"18.12.12 - MATHIEU NGUDJOLO ACQUITTE PAR LA CPI (AUDIO)\",\"datePublished\":\"2012-12-18T10:47:39+00:00\",\"mainEntityOfPage\":{\"@id\":\"https:\/\/www.justiceinfo.net\/fr\/14648-181212-mathieu-ngudjolo-acquitte-par-la-cpi-audio.html\"},\"wordCount\":81,\"commentCount\":0,\"publisher\":{\"@id\":\"https:\/\/www.justiceinfo.net\/fr#organization\"},\"articleSection\":[\"Hirondelle News\"],\"inLanguage\":\"fr-FR\",\"potentialAction\":[{\"@type\":\"CommentAction\",\"name\":\"Comment\",\"target\":[\"https:\/\/www.justiceinfo.net\/fr\/14648-181212-mathieu-ngudjolo-acquitte-par-la-cpi-audio.html#respond\"]}]},{\"@type\":\"WebPage\",\"@id\":\"https:\/\/www.justiceinfo.net\/fr\/14648-181212-mathieu-ngudjolo-acquitte-par-la-cpi-audio.html\",\"url\":\"https:\/\/www.justiceinfo.net\/fr\/14648-181212-mathieu-ngudjolo-acquitte-par-la-cpi-audio.html\",\"name\":\"18.12.12 - MATHIEU NGUDJOLO ACQUITTE PAR LA CPI (AUDIO) - JusticeInfo.net\",\"isPartOf\":{\"@id\":\"https:\/\/www.justiceinfo.net\/fr#website\"},\"datePublished\":\"2012-12-18T10:47:39+00:00\",\"breadcrumb\":{\"@id\":\"https:\/\/www.justiceinfo.net\/fr\/14648-181212-mathieu-ngudjolo-acquitte-par-la-cpi-audio.html#breadcrumb\"},\"inLanguage\":\"fr-FR\",\"potentialAction\":[{\"@type\":\"ReadAction\",\"target\":[\"https:\/\/www.justiceinfo.net\/fr\/14648-181212-mathieu-ngudjolo-acquitte-par-la-cpi-audio.html\"]}]},{\"@type\":\"BreadcrumbList\",\"@id\":\"https:\/\/www.justiceinfo.net\/fr\/14648-181212-mathieu-ngudjolo-acquitte-par-la-cpi-audio.html#breadcrumb\",\"itemListElement\":[{\"@type\":\"ListItem\",\"position\":1,\"name\":\"Home\",\"item\":\"https:\/\/www.justiceinfo.net\/fr\"},{\"@type\":\"ListItem\",\"position\":2,\"name\":\"18.12.12 - MATHIEU NGUDJOLO ACQUITTE PAR LA CPI (AUDIO)\"}]},{\"@type\":\"WebSite\",\"@id\":\"https:\/\/www.justiceinfo.net\/fr#website\",\"url\":\"https:\/\/www.justiceinfo.net\/fr\",\"name\":\"JusticeInfo.net\",\"description\":\"La justice doit \u00eatre vue pour \u00eatre rendue\",\"publisher\":{\"@id\":\"https:\/\/www.justiceinfo.net\/fr#organization\"},\"potentialAction\":[{\"@type\":\"SearchAction\",\"target\":{\"@type\":\"EntryPoint\",\"urlTemplate\":\"https:\/\/www.justiceinfo.net\/fr?s={search_term_string}\"},\"query-input\":{\"@type\":\"PropertyValueSpecification\",\"valueRequired\":true,\"valueName\":\"search_term_string\"}}],\"inLanguage\":\"fr-FR\"},{\"@type\":\"Organization\",\"@id\":\"https:\/\/www.justiceinfo.net\/fr#organization\",\"name\":\"Justice Info\",\"url\":\"https:\/\/www.justiceinfo.net\/fr\",\"logo\":{\"@type\":\"ImageObject\",\"inLanguage\":\"fr-FR\",\"@id\":\"https:\/\/www.justiceinfo.net\/fr#\/schema\/logo\/image\/\",\"url\":\"https:\/\/www.justiceinfo.net\/wp-content\/uploads\/justiceinfo_logo-trans_1200x1200px.png\",\"contentUrl\":\"https:\/\/www.justiceinfo.net\/wp-content\/uploads\/justiceinfo_logo-trans_1200x1200px.png\",\"width\":1199,\"height\":1200,\"caption\":\"Justice Info\"},\"image\":{\"@id\":\"https:\/\/www.justiceinfo.net\/fr#\/schema\/logo\/image\/\"},\"sameAs\":[\"https:\/\/www.facebook.com\/JusticeInfo\/\",\"https:\/\/x.com\/justiceinfonet\",\"https:\/\/www.linkedin.com\/company\/justice-info\",\"https:\/\/www.youtube.com\/channel\/UCyCEsARodyuWtkWyhn-e7pA\"]},{\"@type\":\"Person\",\"name\":\"solivri\",\"url\":\"\/fr\/?s=solivri\"}]}<\/script>\n<!-- \/ Yoast SEO Premium plugin. -->","yoast_head_json":{"title":"18.12.12 - MATHIEU NGUDJOLO ACQUITTE PAR LA CPI (AUDIO) - JusticeInfo.net","robots":{"index":"index","follow":"follow","max-snippet":"max-snippet:-1","max-image-preview":"max-image-preview:large","max-video-preview":"max-video-preview:-1"},"canonical":"https:\/\/www.justiceinfo.net\/fr\/14648-181212-mathieu-ngudjolo-acquitte-par-la-cpi-audio.html","og_locale":"fr_FR","og_type":"article","og_title":"18.12.12 - MATHIEU NGUDJOLO ACQUITTE PAR LA CPI (AUDIO)","og_description":"Mathieu Ngudjolo a \u00e9t\u00e9 acquitt\u00e9 de crimes contre l\u2019humanit\u00e9 et crimes de guerre par les juges de la Cour p\u00e9nale internationale (CPI). L\u2019ex chef du Front des int\u00e9grationnistes et nationalistes \u00e9tait poursuivi pour sa participation dans le massacre commis le 24 f\u00e9vrier \u00e0 Bogoro, au cours duquel, selon le procureur, pr\u00e8s de 200 personnes avaient [&hellip;]","og_url":"https:\/\/www.justiceinfo.net\/fr\/14648-181212-mathieu-ngudjolo-acquitte-par-la-cpi-audio.html","og_site_name":"JusticeInfo.net","article_publisher":"https:\/\/www.facebook.com\/JusticeInfo\/","article_published_time":"2012-12-18T10:47:39+00:00","og_image":[{"width":1200,"height":630,"url":"https:\/\/www.justiceinfo.net\/wp-content\/uploads\/JusticeInfoNet_logo_1200x630px.jpg","type":"image\/jpeg"}],"author":"solivri","twitter_card":"summary_large_image","twitter_creator":"@justiceinfonet","twitter_site":"@justiceinfonet","twitter_misc":{"\u00c9crit par":"solivri"},"schema":{"@context":"https:\/\/schema.org","@graph":[{"@type":"NewsArticle","@id":"https:\/\/www.justiceinfo.net\/fr\/14648-181212-mathieu-ngudjolo-acquitte-par-la-cpi-audio.html#article","isPartOf":{"@id":"https:\/\/www.justiceinfo.net\/fr\/14648-181212-mathieu-ngudjolo-acquitte-par-la-cpi-audio.html"},"author":{"name":"solivri","@id":"https:\/\/www.justiceinfo.net\/fr#\/schema\/person\/6e53cba1629e2e66f3fc1821d3091865"},"headline":"18.12.12 - MATHIEU NGUDJOLO ACQUITTE PAR LA CPI (AUDIO)","datePublished":"2012-12-18T10:47:39+00:00","mainEntityOfPage":{"@id":"https:\/\/www.justiceinfo.net\/fr\/14648-181212-mathieu-ngudjolo-acquitte-par-la-cpi-audio.html"},"wordCount":81,"commentCount":0,"publisher":{"@id":"https:\/\/www.justiceinfo.net\/fr#organization"},"articleSection":["Hirondelle News"],"inLanguage":"fr-FR","potentialAction":[{"@type":"CommentAction","name":"Comment","target":["https:\/\/www.justiceinfo.net\/fr\/14648-181212-mathieu-ngudjolo-acquitte-par-la-cpi-audio.html#respond"]}]},{"@type":"WebPage","@id":"https:\/\/www.justiceinfo.net\/fr\/14648-181212-mathieu-ngudjolo-acquitte-par-la-cpi-audio.html","url":"https:\/\/www.justiceinfo.net\/fr\/14648-181212-mathieu-ngudjolo-acquitte-par-la-cpi-audio.html","name":"18.12.12 - MATHIEU NGUDJOLO ACQUITTE PAR LA CPI (AUDIO) - JusticeInfo.net","isPartOf":{"@id":"https:\/\/www.justiceinfo.net\/fr#website"},"datePublished":"2012-12-18T10:47:39+00:00","breadcrumb":{"@id":"https:\/\/www.justiceinfo.net\/fr\/14648-181212-mathieu-ngudjolo-acquitte-par-la-cpi-audio.html#breadcrumb"},"inLanguage":"fr-FR","potentialAction":[{"@type":"ReadAction","target":["https:\/\/www.justiceinfo.net\/fr\/14648-181212-mathieu-ngudjolo-acquitte-par-la-cpi-audio.html"]}]},{"@type":"BreadcrumbList","@id":"https:\/\/www.justiceinfo.net\/fr\/14648-181212-mathieu-ngudjolo-acquitte-par-la-cpi-audio.html#breadcrumb","itemListElement":[{"@type":"ListItem","position":1,"name":"Home","item":"https:\/\/www.justiceinfo.net\/fr"},{"@type":"ListItem","position":2,"name":"18.12.12 - MATHIEU NGUDJOLO ACQUITTE PAR LA CPI (AUDIO)"}]},{"@type":"WebSite","@id":"https:\/\/www.justiceinfo.net\/fr#website","url":"https:\/\/www.justiceinfo.net\/fr","name":"JusticeInfo.net","description":"La justice doit \u00eatre vue pour \u00eatre rendue","publisher":{"@id":"https:\/\/www.justiceinfo.net\/fr#organization"},"potentialAction":[{"@type":"SearchAction","target":{"@type":"EntryPoint","urlTemplate":"https:\/\/www.justiceinfo.net\/fr?s={search_term_string}"},"query-input":{"@type":"PropertyValueSpecification","valueRequired":true,"valueName":"search_term_string"}}],"inLanguage":"fr-FR"},{"@type":"Organization","@id":"https:\/\/www.justiceinfo.net\/fr#organization","name":"Justice Info","url":"https:\/\/www.justiceinfo.net\/fr","logo":{"@type":"ImageObject","inLanguage":"fr-FR","@id":"https:\/\/www.justiceinfo.net\/fr#\/schema\/logo\/image\/","url":"https:\/\/www.justiceinfo.net\/wp-content\/uploads\/justiceinfo_logo-trans_1200x1200px.png","contentUrl":"https:\/\/www.justiceinfo.net\/wp-content\/uploads\/justiceinfo_logo-trans_1200x1200px.png","width":1199,"height":1200,"caption":"Justice Info"},"image":{"@id":"https:\/\/www.justiceinfo.net\/fr#\/schema\/logo\/image\/"},"sameAs":["https:\/\/www.facebook.com\/JusticeInfo\/","https:\/\/x.com\/justiceinfonet","https:\/\/www.linkedin.com\/company\/justice-info","https:\/\/www.youtube.com\/channel\/UCyCEsARodyuWtkWyhn-e7pA"]},{"@type":"Person","name":"solivri","url":"\/fr\/?s=solivri"}]}},"_links":{"self":[{"href":"https:\/\/www.justiceinfo.net\/fr\/wp-json\/wp\/v2\/posts\/14648","targetHints":{"allow":["GET"]}}],"collection":[{"href":"https:\/\/www.justiceinfo.net\/fr\/wp-json\/wp\/v2\/posts"}],"about":[{"href":"https:\/\/www.justiceinfo.net\/fr\/wp-json\/wp\/v2\/types\/post"}],"author":[{"embeddable":true,"href":"https:\/\/www.justiceinfo.net\/fr\/wp-json\/wp\/v2\/users\/64"}],"replies":[{"embeddable":true,"href":"https:\/\/www.justiceinfo.net\/fr\/wp-json\/wp\/v2\/comments?post=14648"}],"version-history":[{"count":0,"href":"https:\/\/www.justiceinfo.net\/fr\/wp-json\/wp\/v2\/posts\/14648\/revisions"}],"wp:attachment":[{"href":"https:\/\/www.justiceinfo.net\/fr\/wp-json\/wp\/v2\/media?parent=14648"}],"wp:term":[{"taxonomy":"category","embeddable":true,"href":"https:\/\/www.justiceinfo.net\/fr\/wp-json\/wp\/v2\/categories?post=14648"},{"taxonomy":"post_tag","embeddable":true,"href":"https:\/\/www.justiceinfo.net\/fr\/wp-json\/wp\/v2\/tags?post=14648"},{"taxonomy":"ji_location","embeddable":true,"href":"https:\/\/www.justiceinfo.net\/fr\/wp-json\/wp\/v2\/ji_location?post=14648"}],"curies":[{"name":"wp","href":"https:\/\/api.w.org\/{rel}","templated":true}]}}