{"id":14652,"date":"2012-12-19T09:16:46","date_gmt":"2012-12-19T08:16:46","guid":{"rendered":"https:\/\/www.justiceinfo.net\/14652-181212-cpingudjolo-la-chambre-ordonne-la-liberation-de-mathieu-ngudjolo.html"},"modified":"2012-12-19T09:16:46","modified_gmt":"2012-12-19T08:16:46","slug":"181212-cpingudjolo-la-chambre-ordonne-la-liberation-de-mathieu-ngudjolo","status":"publish","type":"post","link":"https:\/\/www.justiceinfo.net\/fr\/14652-181212-cpingudjolo-la-chambre-ordonne-la-liberation-de-mathieu-ngudjolo.html","title":{"rendered":"18.12.12 - CPI\/NGUDJOLO - LA CHAMBRE ORDONNE LA LIBERATION DE MATHIEU NGUDJOLO"},"content":{"rendered":"<p>La Haye, le 18 d\u00e9cembre 2012 (FH) \u2013 En fin d\u2019apr\u00e8s-midi, mardi 18 d\u00e9cembre, les juges de la Cour p\u00e9nale internationale (CPI) ont ordonn\u00e9 la mise en lib\u00e9ration de Mathieu Ngudjolo. Une d\u00e9cision rendue suite \u00e0 l\u2019acquittement du milicien congolais des crimes contre l\u2019humanit\u00e9 et crimes de guerre qui avaient \u00e9t\u00e9 port\u00e9s contre lui par le procureur.<\/p>\n<p><!--more--><\/p>\n<p>\u00ab Il n\u2019existe pas en l\u2019esp\u00e8ce de circonstances exceptionnelles \u00bb permettant son maintien en d\u00e9tention, a estim\u00e9 le pr\u00e9sident de la chambre, Bruno Cotte, soulignant une nouvelle fois les manquements de l\u2019accusation. \u00ab Le bureau du procureur n\u2019a pas \u00e9t\u00e9 en mesure de justifier l\u2019existence de telles circonstances. La chambre rejette la demande de maintien en d\u00e9tention, et dit que faute de disposer d\u2019une base juridique le permettant, elle n\u2019est pas en mesure de se prononcer sur la demande \u00bb du procureur de suspendre la lib\u00e9ration de Mathieu Ngudjolo.Aussit\u00f4t apr\u00e8s avoir prononc\u00e9 l\u2019acquittement de l\u2019accus\u00e9, en d\u00e9but de matin\u00e9e, les juges avaient demand\u00e9 au procureur de dire s\u2019il demandait ou non la suspension de l\u2019ordonnance de mise en lib\u00e9ration. Quelques heures apr\u00e8s, la chambre avait tenu une nouvelle audience mais le procureur \u00e9tait apparu d\u00e9contenanc\u00e9. Cens\u00e9 pr\u00e9senter les mesures exceptionnelles qui justifieraient le maintien en d\u00e9tention, Eric McDonald avait commenc\u00e9 par contester le jugement.Le substitut canadien avait ensuite assur\u00e9 qu\u2019en cas de lib\u00e9ration, Mathieu Ngudjolo pourrait prendre la fuite ou faire pression sur les t\u00e9moins. \u00ab Les intimidations et les menaces peuvent se faire lorsqu\u2019on est \u00e0 La Haye et que l\u2019on a acc\u00e8s \u00e0 un t\u00e9l\u00e9phone \u00bb avait-il affirm\u00e9 \u00e0 l\u2019audience.\u00ab Le procureur ne veut quand m\u00eame pas que monsieur Ngudjolo attende jusqu\u2019au jugement de monsieur Katanga \u00bb, avait alors fustig\u00e9 l\u2019un des avocats de Mathieu Ngudjolo, le professeur Jean-Pierre Fof\u00e9. Jug\u00e9 avec Mathieu Ngudjolo, Germain Katanga a vu son proc\u00e8s prolong\u00e9 par les juges. Il ne sera pas fix\u00e9 sur son sort avant le printemps 2013.En fin d\u2019apr\u00e8s-midi, Mathieu Ngudjolo a quitt\u00e9 la Cour pour retourner \u00e0 la prison. Ses avocats, Jean-Pierre Fof\u00e9 et Jean-Pierre Kilenda ont assur\u00e9 qu\u2019ils ne savaient pas encore o\u00f9 se rendrait leur client une fois qu\u2019il serait effectivement lib\u00e9r\u00e9. Sa famille r\u00e9side \u00e0 Bunia, dans l\u2019est de la R\u00e9publique d\u00e9mocratique du Congo (RDC).SM\/ER<\/p>\n","protected":false},"excerpt":{"rendered":"<p>La Haye, le 18 d\u00e9cembre 2012 (FH) \u2013 En fin d\u2019apr\u00e8s-midi, mardi 18 d\u00e9cembre, les juges de la Cour p\u00e9nale internationale (CPI) ont ordonn\u00e9 la mise en lib\u00e9ration de Mathieu Ngudjolo. Une d\u00e9cision rendue suite \u00e0 l\u2019acquittement du milicien congolais des crimes contre l\u2019humanit\u00e9 et crimes de guerre qui avaient \u00e9t\u00e9 port\u00e9s contre lui par [&hellip;]<\/p>\n","protected":false},"author":64,"featured_media":0,"comment_status":"open","ping_status":"closed","sticky":false,"template":"","format":"standard","meta":{"_acf_changed":false,"footnotes":""},"categories":[554],"tags":[],"ji_location":[],"class_list":["post-14652","post","type-post","status-publish","format-standard","hentry","category-hirondellenews"],"acf":[],"yoast_head":"<!-- This site is optimized with the Yoast SEO Premium plugin v25.3.1 (Yoast SEO v25.3.1) - https:\/\/yoast.com\/wordpress\/plugins\/seo\/ -->\n<title>18.12.12 - CPI\/NGUDJOLO - LA CHAMBRE ORDONNE LA LIBERATION DE MATHIEU NGUDJOLO - JusticeInfo.net<\/title>\n<meta name=\"robots\" content=\"index, follow, max-snippet:-1, max-image-preview:large, max-video-preview:-1\" \/>\n<link rel=\"canonical\" href=\"https:\/\/www.justiceinfo.net\/fr\/14652-181212-cpingudjolo-la-chambre-ordonne-la-liberation-de-mathieu-ngudjolo.html\" \/>\n<meta property=\"og:locale\" content=\"fr_FR\" \/>\n<meta property=\"og:type\" content=\"article\" \/>\n<meta property=\"og:title\" content=\"18.12.12 - CPI\/NGUDJOLO - LA CHAMBRE ORDONNE LA LIBERATION DE MATHIEU NGUDJOLO\" \/>\n<meta property=\"og:description\" content=\"La Haye, le 18 d\u00e9cembre 2012 (FH) \u2013 En fin d\u2019apr\u00e8s-midi, mardi 18 d\u00e9cembre, les juges de la Cour p\u00e9nale internationale (CPI) ont ordonn\u00e9 la mise en lib\u00e9ration de Mathieu Ngudjolo. Une d\u00e9cision rendue suite \u00e0 l\u2019acquittement du milicien congolais des crimes contre l\u2019humanit\u00e9 et crimes de guerre qui avaient \u00e9t\u00e9 port\u00e9s contre lui par [&hellip;]\" \/>\n<meta property=\"og:url\" content=\"https:\/\/www.justiceinfo.net\/fr\/14652-181212-cpingudjolo-la-chambre-ordonne-la-liberation-de-mathieu-ngudjolo.html\" \/>\n<meta property=\"og:site_name\" content=\"JusticeInfo.net\" \/>\n<meta property=\"article:publisher\" content=\"https:\/\/www.facebook.com\/JusticeInfo\/\" \/>\n<meta property=\"article:published_time\" content=\"2012-12-19T08:16:46+00:00\" \/>\n<meta property=\"og:image\" content=\"https:\/\/www.justiceinfo.net\/wp-content\/uploads\/JusticeInfoNet_logo_1200x630px.jpg\" \/>\n\t<meta property=\"og:image:width\" content=\"1200\" \/>\n\t<meta property=\"og:image:height\" content=\"630\" \/>\n\t<meta property=\"og:image:type\" content=\"image\/jpeg\" \/>\n<meta name=\"author\" content=\"solivri\" \/>\n<meta name=\"twitter:card\" content=\"summary_large_image\" \/>\n<meta name=\"twitter:creator\" content=\"@justiceinfonet\" \/>\n<meta name=\"twitter:site\" content=\"@justiceinfonet\" \/>\n<meta name=\"twitter:label1\" content=\"\u00c9crit par\" \/>\n\t<meta name=\"twitter:data1\" content=\"solivri\" \/>\n\t<meta name=\"twitter:label2\" content=\"Dur\u00e9e de lecture estim\u00e9e\" \/>\n\t<meta name=\"twitter:data2\" content=\"2 minutes\" \/>\n<script type=\"application\/ld+json\" class=\"yoast-schema-graph\">{\"@context\":\"https:\/\/schema.org\",\"@graph\":[{\"@type\":\"NewsArticle\",\"@id\":\"https:\/\/www.justiceinfo.net\/fr\/14652-181212-cpingudjolo-la-chambre-ordonne-la-liberation-de-mathieu-ngudjolo.html#article\",\"isPartOf\":{\"@id\":\"https:\/\/www.justiceinfo.net\/fr\/14652-181212-cpingudjolo-la-chambre-ordonne-la-liberation-de-mathieu-ngudjolo.html\"},\"author\":{\"name\":\"solivri\",\"@id\":\"https:\/\/www.justiceinfo.net\/fr#\/schema\/person\/6e53cba1629e2e66f3fc1821d3091865\"},\"headline\":\"18.12.12 - CPI\/NGUDJOLO - LA CHAMBRE ORDONNE LA LIBERATION DE MATHIEU NGUDJOLO\",\"datePublished\":\"2012-12-19T08:16:46+00:00\",\"mainEntityOfPage\":{\"@id\":\"https:\/\/www.justiceinfo.net\/fr\/14652-181212-cpingudjolo-la-chambre-ordonne-la-liberation-de-mathieu-ngudjolo.html\"},\"wordCount\":423,\"commentCount\":0,\"publisher\":{\"@id\":\"https:\/\/www.justiceinfo.net\/fr#organization\"},\"articleSection\":[\"Hirondelle News\"],\"inLanguage\":\"fr-FR\",\"potentialAction\":[{\"@type\":\"CommentAction\",\"name\":\"Comment\",\"target\":[\"https:\/\/www.justiceinfo.net\/fr\/14652-181212-cpingudjolo-la-chambre-ordonne-la-liberation-de-mathieu-ngudjolo.html#respond\"]}]},{\"@type\":\"WebPage\",\"@id\":\"https:\/\/www.justiceinfo.net\/fr\/14652-181212-cpingudjolo-la-chambre-ordonne-la-liberation-de-mathieu-ngudjolo.html\",\"url\":\"https:\/\/www.justiceinfo.net\/fr\/14652-181212-cpingudjolo-la-chambre-ordonne-la-liberation-de-mathieu-ngudjolo.html\",\"name\":\"18.12.12 - CPI\/NGUDJOLO - LA CHAMBRE ORDONNE LA LIBERATION DE MATHIEU NGUDJOLO - JusticeInfo.net\",\"isPartOf\":{\"@id\":\"https:\/\/www.justiceinfo.net\/fr#website\"},\"datePublished\":\"2012-12-19T08:16:46+00:00\",\"breadcrumb\":{\"@id\":\"https:\/\/www.justiceinfo.net\/fr\/14652-181212-cpingudjolo-la-chambre-ordonne-la-liberation-de-mathieu-ngudjolo.html#breadcrumb\"},\"inLanguage\":\"fr-FR\",\"potentialAction\":[{\"@type\":\"ReadAction\",\"target\":[\"https:\/\/www.justiceinfo.net\/fr\/14652-181212-cpingudjolo-la-chambre-ordonne-la-liberation-de-mathieu-ngudjolo.html\"]}]},{\"@type\":\"BreadcrumbList\",\"@id\":\"https:\/\/www.justiceinfo.net\/fr\/14652-181212-cpingudjolo-la-chambre-ordonne-la-liberation-de-mathieu-ngudjolo.html#breadcrumb\",\"itemListElement\":[{\"@type\":\"ListItem\",\"position\":1,\"name\":\"Home\",\"item\":\"https:\/\/www.justiceinfo.net\/fr\"},{\"@type\":\"ListItem\",\"position\":2,\"name\":\"18.12.12 - CPI\/NGUDJOLO - LA CHAMBRE ORDONNE LA LIBERATION DE MATHIEU NGUDJOLO\"}]},{\"@type\":\"WebSite\",\"@id\":\"https:\/\/www.justiceinfo.net\/fr#website\",\"url\":\"https:\/\/www.justiceinfo.net\/fr\",\"name\":\"JusticeInfo.net\",\"description\":\"La justice doit \u00eatre vue pour \u00eatre rendue\",\"publisher\":{\"@id\":\"https:\/\/www.justiceinfo.net\/fr#organization\"},\"potentialAction\":[{\"@type\":\"SearchAction\",\"target\":{\"@type\":\"EntryPoint\",\"urlTemplate\":\"https:\/\/www.justiceinfo.net\/fr?s={search_term_string}\"},\"query-input\":{\"@type\":\"PropertyValueSpecification\",\"valueRequired\":true,\"valueName\":\"search_term_string\"}}],\"inLanguage\":\"fr-FR\"},{\"@type\":\"Organization\",\"@id\":\"https:\/\/www.justiceinfo.net\/fr#organization\",\"name\":\"Justice Info\",\"url\":\"https:\/\/www.justiceinfo.net\/fr\",\"logo\":{\"@type\":\"ImageObject\",\"inLanguage\":\"fr-FR\",\"@id\":\"https:\/\/www.justiceinfo.net\/fr#\/schema\/logo\/image\/\",\"url\":\"https:\/\/www.justiceinfo.net\/wp-content\/uploads\/justiceinfo_logo-trans_1200x1200px.png\",\"contentUrl\":\"https:\/\/www.justiceinfo.net\/wp-content\/uploads\/justiceinfo_logo-trans_1200x1200px.png\",\"width\":1199,\"height\":1200,\"caption\":\"Justice Info\"},\"image\":{\"@id\":\"https:\/\/www.justiceinfo.net\/fr#\/schema\/logo\/image\/\"},\"sameAs\":[\"https:\/\/www.facebook.com\/JusticeInfo\/\",\"https:\/\/x.com\/justiceinfonet\",\"https:\/\/www.linkedin.com\/company\/justice-info\",\"https:\/\/www.youtube.com\/channel\/UCyCEsARodyuWtkWyhn-e7pA\"]},{\"@type\":\"Person\",\"name\":\"solivri\",\"url\":\"\/fr\/?s=solivri\"}]}<\/script>\n<!-- \/ Yoast SEO Premium plugin. -->","yoast_head_json":{"title":"18.12.12 - CPI\/NGUDJOLO - LA CHAMBRE ORDONNE LA LIBERATION DE MATHIEU NGUDJOLO - JusticeInfo.net","robots":{"index":"index","follow":"follow","max-snippet":"max-snippet:-1","max-image-preview":"max-image-preview:large","max-video-preview":"max-video-preview:-1"},"canonical":"https:\/\/www.justiceinfo.net\/fr\/14652-181212-cpingudjolo-la-chambre-ordonne-la-liberation-de-mathieu-ngudjolo.html","og_locale":"fr_FR","og_type":"article","og_title":"18.12.12 - CPI\/NGUDJOLO - LA CHAMBRE ORDONNE LA LIBERATION DE MATHIEU NGUDJOLO","og_description":"La Haye, le 18 d\u00e9cembre 2012 (FH) \u2013 En fin d\u2019apr\u00e8s-midi, mardi 18 d\u00e9cembre, les juges de la Cour p\u00e9nale internationale (CPI) ont ordonn\u00e9 la mise en lib\u00e9ration de Mathieu Ngudjolo. Une d\u00e9cision rendue suite \u00e0 l\u2019acquittement du milicien congolais des crimes contre l\u2019humanit\u00e9 et crimes de guerre qui avaient \u00e9t\u00e9 port\u00e9s contre lui par [&hellip;]","og_url":"https:\/\/www.justiceinfo.net\/fr\/14652-181212-cpingudjolo-la-chambre-ordonne-la-liberation-de-mathieu-ngudjolo.html","og_site_name":"JusticeInfo.net","article_publisher":"https:\/\/www.facebook.com\/JusticeInfo\/","article_published_time":"2012-12-19T08:16:46+00:00","og_image":[{"width":1200,"height":630,"url":"https:\/\/www.justiceinfo.net\/wp-content\/uploads\/JusticeInfoNet_logo_1200x630px.jpg","type":"image\/jpeg"}],"author":"solivri","twitter_card":"summary_large_image","twitter_creator":"@justiceinfonet","twitter_site":"@justiceinfonet","twitter_misc":{"\u00c9crit par":"solivri","Dur\u00e9e de lecture estim\u00e9e":"2 minutes"},"schema":{"@context":"https:\/\/schema.org","@graph":[{"@type":"NewsArticle","@id":"https:\/\/www.justiceinfo.net\/fr\/14652-181212-cpingudjolo-la-chambre-ordonne-la-liberation-de-mathieu-ngudjolo.html#article","isPartOf":{"@id":"https:\/\/www.justiceinfo.net\/fr\/14652-181212-cpingudjolo-la-chambre-ordonne-la-liberation-de-mathieu-ngudjolo.html"},"author":{"name":"solivri","@id":"https:\/\/www.justiceinfo.net\/fr#\/schema\/person\/6e53cba1629e2e66f3fc1821d3091865"},"headline":"18.12.12 - CPI\/NGUDJOLO - LA CHAMBRE ORDONNE LA LIBERATION DE MATHIEU NGUDJOLO","datePublished":"2012-12-19T08:16:46+00:00","mainEntityOfPage":{"@id":"https:\/\/www.justiceinfo.net\/fr\/14652-181212-cpingudjolo-la-chambre-ordonne-la-liberation-de-mathieu-ngudjolo.html"},"wordCount":423,"commentCount":0,"publisher":{"@id":"https:\/\/www.justiceinfo.net\/fr#organization"},"articleSection":["Hirondelle News"],"inLanguage":"fr-FR","potentialAction":[{"@type":"CommentAction","name":"Comment","target":["https:\/\/www.justiceinfo.net\/fr\/14652-181212-cpingudjolo-la-chambre-ordonne-la-liberation-de-mathieu-ngudjolo.html#respond"]}]},{"@type":"WebPage","@id":"https:\/\/www.justiceinfo.net\/fr\/14652-181212-cpingudjolo-la-chambre-ordonne-la-liberation-de-mathieu-ngudjolo.html","url":"https:\/\/www.justiceinfo.net\/fr\/14652-181212-cpingudjolo-la-chambre-ordonne-la-liberation-de-mathieu-ngudjolo.html","name":"18.12.12 - CPI\/NGUDJOLO - LA CHAMBRE ORDONNE LA LIBERATION DE MATHIEU NGUDJOLO - JusticeInfo.net","isPartOf":{"@id":"https:\/\/www.justiceinfo.net\/fr#website"},"datePublished":"2012-12-19T08:16:46+00:00","breadcrumb":{"@id":"https:\/\/www.justiceinfo.net\/fr\/14652-181212-cpingudjolo-la-chambre-ordonne-la-liberation-de-mathieu-ngudjolo.html#breadcrumb"},"inLanguage":"fr-FR","potentialAction":[{"@type":"ReadAction","target":["https:\/\/www.justiceinfo.net\/fr\/14652-181212-cpingudjolo-la-chambre-ordonne-la-liberation-de-mathieu-ngudjolo.html"]}]},{"@type":"BreadcrumbList","@id":"https:\/\/www.justiceinfo.net\/fr\/14652-181212-cpingudjolo-la-chambre-ordonne-la-liberation-de-mathieu-ngudjolo.html#breadcrumb","itemListElement":[{"@type":"ListItem","position":1,"name":"Home","item":"https:\/\/www.justiceinfo.net\/fr"},{"@type":"ListItem","position":2,"name":"18.12.12 - CPI\/NGUDJOLO - LA CHAMBRE ORDONNE LA LIBERATION DE MATHIEU NGUDJOLO"}]},{"@type":"WebSite","@id":"https:\/\/www.justiceinfo.net\/fr#website","url":"https:\/\/www.justiceinfo.net\/fr","name":"JusticeInfo.net","description":"La justice doit \u00eatre vue pour \u00eatre rendue","publisher":{"@id":"https:\/\/www.justiceinfo.net\/fr#organization"},"potentialAction":[{"@type":"SearchAction","target":{"@type":"EntryPoint","urlTemplate":"https:\/\/www.justiceinfo.net\/fr?s={search_term_string}"},"query-input":{"@type":"PropertyValueSpecification","valueRequired":true,"valueName":"search_term_string"}}],"inLanguage":"fr-FR"},{"@type":"Organization","@id":"https:\/\/www.justiceinfo.net\/fr#organization","name":"Justice Info","url":"https:\/\/www.justiceinfo.net\/fr","logo":{"@type":"ImageObject","inLanguage":"fr-FR","@id":"https:\/\/www.justiceinfo.net\/fr#\/schema\/logo\/image\/","url":"https:\/\/www.justiceinfo.net\/wp-content\/uploads\/justiceinfo_logo-trans_1200x1200px.png","contentUrl":"https:\/\/www.justiceinfo.net\/wp-content\/uploads\/justiceinfo_logo-trans_1200x1200px.png","width":1199,"height":1200,"caption":"Justice Info"},"image":{"@id":"https:\/\/www.justiceinfo.net\/fr#\/schema\/logo\/image\/"},"sameAs":["https:\/\/www.facebook.com\/JusticeInfo\/","https:\/\/x.com\/justiceinfonet","https:\/\/www.linkedin.com\/company\/justice-info","https:\/\/www.youtube.com\/channel\/UCyCEsARodyuWtkWyhn-e7pA"]},{"@type":"Person","name":"solivri","url":"\/fr\/?s=solivri"}]}},"_links":{"self":[{"href":"https:\/\/www.justiceinfo.net\/fr\/wp-json\/wp\/v2\/posts\/14652","targetHints":{"allow":["GET"]}}],"collection":[{"href":"https:\/\/www.justiceinfo.net\/fr\/wp-json\/wp\/v2\/posts"}],"about":[{"href":"https:\/\/www.justiceinfo.net\/fr\/wp-json\/wp\/v2\/types\/post"}],"author":[{"embeddable":true,"href":"https:\/\/www.justiceinfo.net\/fr\/wp-json\/wp\/v2\/users\/64"}],"replies":[{"embeddable":true,"href":"https:\/\/www.justiceinfo.net\/fr\/wp-json\/wp\/v2\/comments?post=14652"}],"version-history":[{"count":0,"href":"https:\/\/www.justiceinfo.net\/fr\/wp-json\/wp\/v2\/posts\/14652\/revisions"}],"wp:attachment":[{"href":"https:\/\/www.justiceinfo.net\/fr\/wp-json\/wp\/v2\/media?parent=14652"}],"wp:term":[{"taxonomy":"category","embeddable":true,"href":"https:\/\/www.justiceinfo.net\/fr\/wp-json\/wp\/v2\/categories?post=14652"},{"taxonomy":"post_tag","embeddable":true,"href":"https:\/\/www.justiceinfo.net\/fr\/wp-json\/wp\/v2\/tags?post=14652"},{"taxonomy":"ji_location","embeddable":true,"href":"https:\/\/www.justiceinfo.net\/fr\/wp-json\/wp\/v2\/ji_location?post=14652"}],"curies":[{"name":"wp","href":"https:\/\/api.w.org\/{rel}","templated":true}]}}