{"id":14673,"date":"2013-01-22T12:34:22","date_gmt":"2013-01-22T11:34:22","guid":{"rendered":"https:\/\/www.justiceinfo.net\/14673-220113-rwandafrance-kigali-accuse-paris-de-ne-rien-faire-concernant-les-suspects-de-genocide.html"},"modified":"2013-01-22T12:34:22","modified_gmt":"2013-01-22T11:34:22","slug":"220113-rwandafrance-kigali-accuse-paris-de-ne-rien-faire-concernant-les-suspects-de-genocide","status":"publish","type":"post","link":"https:\/\/www.justiceinfo.net\/fr\/14673-220113-rwandafrance-kigali-accuse-paris-de-ne-rien-faire-concernant-les-suspects-de-genocide.html","title":{"rendered":"22.01.13 - RWANDA\/FRANCE - KIGALI ACCUSE PARIS DE \u00ab NE RIEN FAIRE CONCERNANT LES SUSPECTS DE GENOCIDE \u00bb"},"content":{"rendered":"<p>Arusha, 22 janvier 2013 (FH) \u2013 Dans une interview accord\u00e9e au journal fran\u00e7ais Jeune Afrique, le procureur g\u00e9n\u00e9ral du Rwanda, Martin Ngoga, accuse la France de \u00ab\u00a0ne rien faire concernant les suspects de g\u00e9nocide\u00a0\u00bb vivant sur le territoire de l\u2019Hexagone.<\/p>\n<p><!--more--><\/p>\n<p>\u00ab\u00a0En dix-huit ans, la France n'a jamais rien fait concernant les suspects de g\u00e9nocide. Pourquoi ? Parce qu'elle prot\u00e8ge encore les g\u00e9nocidaires\u00a0\u00bb, d\u00e9clare le magistrat rwandais, laissant entendre qu\u2019il ne croit plus en l\u2019ind\u00e9pendance de la justice fran\u00e7aise. Plusieurs dossiers ont \u00e9t\u00e9 ouverts en France mais aucun proc\u00e8s n\u2019a encore commenc\u00e9. Parmi les personnes vis\u00e9es par ces enqu\u00eates figurent deux accus\u00e9s du Tribunaux p\u00e9nal international pour le Rwanda (TPIR) dont les dossiers ont \u00e9t\u00e9 confi\u00e9s \u00e0 la justice fran\u00e7aise fin 1997. \u00abMais pourquoi les dossiers n'ont-ils toujours pas abouti ? Le TPIR a confi\u00e9 \u00e0 la France deux dossiers. Elle les a accept\u00e9s en s'engageant \u00e0 \u00eatre diligente. Or cela tra\u00eene depuis plus de cinq ans\u00a0\u00bb, souligne le procureur g\u00e9n\u00e9ral. \u00ab\u00a0Je remarque que Laurent Bucyibaruta, l'ancien pr\u00e9fet de Gikongoro, \u00e9tait pr\u00e9sent dans le p\u00e9rim\u00e8tre contr\u00f4l\u00e9 par l'arm\u00e9e fran\u00e7aise. J'en d\u00e9duis que c'est une mani\u00e8re de le prot\u00e9ger. Nous n'avons pas toutes les preuves, mais nous savons lire entre les lignes\u00a0\u00bb, poursuit Ngoga. Il n\u2019exclut pas des poursuites rwandaises contre la France. \u00ab\u00a0Ce choix n'est pas encore fait, il appartient au gouvernement. Mais nous n'allons pas rester les bras crois\u00e9s tant que ces gens, qui ont tu\u00e9 les n\u00f4tres, jouissent de l'impunit\u00e9 en France\u00a0\u00bb, indique-t-il. Martin Ngoga critique par ailleurs les r\u00e9centes d\u00e9cisions de la justice fran\u00e7aise en faveur de Rwandais soup\u00e7onn\u00e9s de participation au g\u00e9nocide des Tutsis. Le 6 d\u00e9cembre, la justice a ordonn\u00e9 la r\u00e9gularisation du dossier d'<a href=\"http:\/\/www.jeuneafrique.com\/Article\/ARTJAWEB20121207180010\/\" target=\"_blank\" rel=\"noopener\">Agathe Habyarimana<\/a>, la veuve de l'ancien pr\u00e9sident Juv\u00e9nal Habyarimana, consid\u00e9r\u00e9e par le Rwanda comme l'un des cerveaux du g\u00e9nocide de 1994. Le 19, elle a annonc\u00e9 qu'elle rejetait la demande d'extradition de l\u2019ex-ministre Hyacinthe Rafiki Nsengiyumva et de V\u00e9nuste Nyombayire, un ancien agent de l\u2019administration.\u00a0\u00ab\u00a0La cour a insinu\u00e9 que nos inculpations \u00e9taient politiques. Nous avons trouv\u00e9 cette remarque insultante et ridicule. Les juges fran\u00e7ais doivent savoir que leur pays est le seul \u00e0 n'avoir ouvert aucun proc\u00e8s\u00a0\u00bb, affirme le procureur g\u00e9n\u00e9ral. \u00ab\u00a0Il y a eu des inculpations dans beaucoup d'autres pays d'Europe, en Belgique, aux Pays-Bas et dans les pays scandinaves, et cela s'est fait sur la base de nos accusations\u00a0\u00bb, poursuit-il. \u00ab\u00a0Le Tribunal p\u00e9nal international pour le Rwanda nous a aussi donn\u00e9 raison. Si nous ne savions pas comment nous y prendre, si nos motivations \u00e9taient politiques, nous n'aurions pas obtenu ces r\u00e9sultats. C'est la France qui prend des d\u00e9cisions politiques\u00a0\u00bb, ajoute-t-il. Le TPIR a d\u00e9j\u00e0 transf\u00e9r\u00e9 certains de ses dossiers devant les tribunaux rwandais.<\/p>\n<p>ER<\/p>\n<p>\u00a9 Agence Hirondelle<\/p>\n","protected":false},"excerpt":{"rendered":"<p>Arusha, 22 janvier 2013 (FH) \u2013 Dans une interview accord\u00e9e au journal fran\u00e7ais Jeune Afrique, le procureur g\u00e9n\u00e9ral du Rwanda, Martin Ngoga, accuse la France de \u00ab\u00a0ne rien faire concernant les suspects de g\u00e9nocide\u00a0\u00bb vivant sur le territoire de l\u2019Hexagone.<\/p>\n","protected":false},"author":64,"featured_media":0,"comment_status":"open","ping_status":"closed","sticky":false,"template":"","format":"standard","meta":{"_acf_changed":false,"footnotes":""},"categories":[554],"tags":[],"ji_location":[],"class_list":["post-14673","post","type-post","status-publish","format-standard","hentry","category-hirondellenews"],"acf":[],"yoast_head":"<!-- This site is optimized with the Yoast SEO Premium plugin v25.3.1 (Yoast SEO v25.3.1) - https:\/\/yoast.com\/wordpress\/plugins\/seo\/ -->\n<title>22.01.13 - RWANDA\/FRANCE - KIGALI ACCUSE PARIS DE \u00ab NE RIEN FAIRE CONCERNANT LES SUSPECTS DE GENOCIDE \u00bb - JusticeInfo.net<\/title>\n<meta name=\"robots\" content=\"index, follow, max-snippet:-1, max-image-preview:large, max-video-preview:-1\" \/>\n<link rel=\"canonical\" href=\"https:\/\/www.justiceinfo.net\/fr\/14673-220113-rwandafrance-kigali-accuse-paris-de-ne-rien-faire-concernant-les-suspects-de-genocide.html\" \/>\n<meta property=\"og:locale\" content=\"fr_FR\" \/>\n<meta property=\"og:type\" content=\"article\" \/>\n<meta property=\"og:title\" content=\"22.01.13 - RWANDA\/FRANCE - KIGALI ACCUSE PARIS DE \u00ab NE RIEN FAIRE CONCERNANT LES SUSPECTS DE GENOCIDE \u00bb\" \/>\n<meta property=\"og:description\" content=\"Arusha, 22 janvier 2013 (FH) \u2013 Dans une interview accord\u00e9e au journal fran\u00e7ais Jeune Afrique, le procureur g\u00e9n\u00e9ral du Rwanda, Martin Ngoga, accuse la France de \u00ab\u00a0ne rien faire concernant les suspects de g\u00e9nocide\u00a0\u00bb vivant sur le territoire de l\u2019Hexagone.\" \/>\n<meta property=\"og:url\" content=\"https:\/\/www.justiceinfo.net\/fr\/14673-220113-rwandafrance-kigali-accuse-paris-de-ne-rien-faire-concernant-les-suspects-de-genocide.html\" \/>\n<meta property=\"og:site_name\" content=\"JusticeInfo.net\" \/>\n<meta property=\"article:publisher\" content=\"https:\/\/www.facebook.com\/JusticeInfo\/\" \/>\n<meta property=\"article:published_time\" content=\"2013-01-22T11:34:22+00:00\" \/>\n<meta property=\"og:image\" content=\"https:\/\/www.justiceinfo.net\/wp-content\/uploads\/JusticeInfoNet_logo_1200x630px.jpg\" \/>\n\t<meta property=\"og:image:width\" content=\"1200\" \/>\n\t<meta property=\"og:image:height\" content=\"630\" \/>\n\t<meta property=\"og:image:type\" content=\"image\/jpeg\" \/>\n<meta name=\"author\" content=\"solivri\" \/>\n<meta name=\"twitter:card\" content=\"summary_large_image\" \/>\n<meta name=\"twitter:creator\" content=\"@justiceinfonet\" \/>\n<meta name=\"twitter:site\" content=\"@justiceinfonet\" \/>\n<meta name=\"twitter:label1\" content=\"\u00c9crit par\" \/>\n\t<meta name=\"twitter:data1\" content=\"solivri\" \/>\n\t<meta name=\"twitter:label2\" content=\"Dur\u00e9e de lecture estim\u00e9e\" \/>\n\t<meta name=\"twitter:data2\" content=\"2 minutes\" \/>\n<script type=\"application\/ld+json\" class=\"yoast-schema-graph\">{\"@context\":\"https:\/\/schema.org\",\"@graph\":[{\"@type\":\"NewsArticle\",\"@id\":\"https:\/\/www.justiceinfo.net\/fr\/14673-220113-rwandafrance-kigali-accuse-paris-de-ne-rien-faire-concernant-les-suspects-de-genocide.html#article\",\"isPartOf\":{\"@id\":\"https:\/\/www.justiceinfo.net\/fr\/14673-220113-rwandafrance-kigali-accuse-paris-de-ne-rien-faire-concernant-les-suspects-de-genocide.html\"},\"author\":{\"name\":\"solivri\",\"@id\":\"https:\/\/www.justiceinfo.net\/fr#\/schema\/person\/6e53cba1629e2e66f3fc1821d3091865\"},\"headline\":\"22.01.13 - RWANDA\/FRANCE - KIGALI ACCUSE PARIS DE \u00ab NE RIEN FAIRE CONCERNANT LES SUSPECTS DE GENOCIDE \u00bb\",\"datePublished\":\"2013-01-22T11:34:22+00:00\",\"mainEntityOfPage\":{\"@id\":\"https:\/\/www.justiceinfo.net\/fr\/14673-220113-rwandafrance-kigali-accuse-paris-de-ne-rien-faire-concernant-les-suspects-de-genocide.html\"},\"wordCount\":538,\"commentCount\":0,\"publisher\":{\"@id\":\"https:\/\/www.justiceinfo.net\/fr#organization\"},\"articleSection\":[\"Hirondelle News\"],\"inLanguage\":\"fr-FR\",\"potentialAction\":[{\"@type\":\"CommentAction\",\"name\":\"Comment\",\"target\":[\"https:\/\/www.justiceinfo.net\/fr\/14673-220113-rwandafrance-kigali-accuse-paris-de-ne-rien-faire-concernant-les-suspects-de-genocide.html#respond\"]}]},{\"@type\":\"WebPage\",\"@id\":\"https:\/\/www.justiceinfo.net\/fr\/14673-220113-rwandafrance-kigali-accuse-paris-de-ne-rien-faire-concernant-les-suspects-de-genocide.html\",\"url\":\"https:\/\/www.justiceinfo.net\/fr\/14673-220113-rwandafrance-kigali-accuse-paris-de-ne-rien-faire-concernant-les-suspects-de-genocide.html\",\"name\":\"22.01.13 - RWANDA\/FRANCE - KIGALI ACCUSE PARIS DE \u00ab NE RIEN FAIRE CONCERNANT LES SUSPECTS DE GENOCIDE \u00bb - JusticeInfo.net\",\"isPartOf\":{\"@id\":\"https:\/\/www.justiceinfo.net\/fr#website\"},\"datePublished\":\"2013-01-22T11:34:22+00:00\",\"breadcrumb\":{\"@id\":\"https:\/\/www.justiceinfo.net\/fr\/14673-220113-rwandafrance-kigali-accuse-paris-de-ne-rien-faire-concernant-les-suspects-de-genocide.html#breadcrumb\"},\"inLanguage\":\"fr-FR\",\"potentialAction\":[{\"@type\":\"ReadAction\",\"target\":[\"https:\/\/www.justiceinfo.net\/fr\/14673-220113-rwandafrance-kigali-accuse-paris-de-ne-rien-faire-concernant-les-suspects-de-genocide.html\"]}]},{\"@type\":\"BreadcrumbList\",\"@id\":\"https:\/\/www.justiceinfo.net\/fr\/14673-220113-rwandafrance-kigali-accuse-paris-de-ne-rien-faire-concernant-les-suspects-de-genocide.html#breadcrumb\",\"itemListElement\":[{\"@type\":\"ListItem\",\"position\":1,\"name\":\"Home\",\"item\":\"https:\/\/www.justiceinfo.net\/fr\"},{\"@type\":\"ListItem\",\"position\":2,\"name\":\"22.01.13 - RWANDA\/FRANCE - KIGALI ACCUSE PARIS DE \u00ab NE RIEN FAIRE CONCERNANT LES SUSPECTS DE GENOCIDE \u00bb\"}]},{\"@type\":\"WebSite\",\"@id\":\"https:\/\/www.justiceinfo.net\/fr#website\",\"url\":\"https:\/\/www.justiceinfo.net\/fr\",\"name\":\"JusticeInfo.net\",\"description\":\"La justice doit \u00eatre vue pour \u00eatre rendue\",\"publisher\":{\"@id\":\"https:\/\/www.justiceinfo.net\/fr#organization\"},\"potentialAction\":[{\"@type\":\"SearchAction\",\"target\":{\"@type\":\"EntryPoint\",\"urlTemplate\":\"https:\/\/www.justiceinfo.net\/fr?s={search_term_string}\"},\"query-input\":{\"@type\":\"PropertyValueSpecification\",\"valueRequired\":true,\"valueName\":\"search_term_string\"}}],\"inLanguage\":\"fr-FR\"},{\"@type\":\"Organization\",\"@id\":\"https:\/\/www.justiceinfo.net\/fr#organization\",\"name\":\"Justice Info\",\"url\":\"https:\/\/www.justiceinfo.net\/fr\",\"logo\":{\"@type\":\"ImageObject\",\"inLanguage\":\"fr-FR\",\"@id\":\"https:\/\/www.justiceinfo.net\/fr#\/schema\/logo\/image\/\",\"url\":\"https:\/\/www.justiceinfo.net\/wp-content\/uploads\/justiceinfo_logo-trans_1200x1200px.png\",\"contentUrl\":\"https:\/\/www.justiceinfo.net\/wp-content\/uploads\/justiceinfo_logo-trans_1200x1200px.png\",\"width\":1199,\"height\":1200,\"caption\":\"Justice Info\"},\"image\":{\"@id\":\"https:\/\/www.justiceinfo.net\/fr#\/schema\/logo\/image\/\"},\"sameAs\":[\"https:\/\/www.facebook.com\/JusticeInfo\/\",\"https:\/\/x.com\/justiceinfonet\",\"https:\/\/www.linkedin.com\/company\/justice-info\",\"https:\/\/www.youtube.com\/channel\/UCyCEsARodyuWtkWyhn-e7pA\"]},{\"@type\":\"Person\",\"name\":\"solivri\",\"url\":\"\/fr\/?s=solivri\"}]}<\/script>\n<!-- \/ Yoast SEO Premium plugin. -->","yoast_head_json":{"title":"22.01.13 - RWANDA\/FRANCE - KIGALI ACCUSE PARIS DE \u00ab NE RIEN FAIRE CONCERNANT LES SUSPECTS DE GENOCIDE \u00bb - JusticeInfo.net","robots":{"index":"index","follow":"follow","max-snippet":"max-snippet:-1","max-image-preview":"max-image-preview:large","max-video-preview":"max-video-preview:-1"},"canonical":"https:\/\/www.justiceinfo.net\/fr\/14673-220113-rwandafrance-kigali-accuse-paris-de-ne-rien-faire-concernant-les-suspects-de-genocide.html","og_locale":"fr_FR","og_type":"article","og_title":"22.01.13 - RWANDA\/FRANCE - KIGALI ACCUSE PARIS DE \u00ab NE RIEN FAIRE CONCERNANT LES SUSPECTS DE GENOCIDE \u00bb","og_description":"Arusha, 22 janvier 2013 (FH) \u2013 Dans une interview accord\u00e9e au journal fran\u00e7ais Jeune Afrique, le procureur g\u00e9n\u00e9ral du Rwanda, Martin Ngoga, accuse la France de \u00ab\u00a0ne rien faire concernant les suspects de g\u00e9nocide\u00a0\u00bb vivant sur le territoire de l\u2019Hexagone.","og_url":"https:\/\/www.justiceinfo.net\/fr\/14673-220113-rwandafrance-kigali-accuse-paris-de-ne-rien-faire-concernant-les-suspects-de-genocide.html","og_site_name":"JusticeInfo.net","article_publisher":"https:\/\/www.facebook.com\/JusticeInfo\/","article_published_time":"2013-01-22T11:34:22+00:00","og_image":[{"width":1200,"height":630,"url":"https:\/\/www.justiceinfo.net\/wp-content\/uploads\/JusticeInfoNet_logo_1200x630px.jpg","type":"image\/jpeg"}],"author":"solivri","twitter_card":"summary_large_image","twitter_creator":"@justiceinfonet","twitter_site":"@justiceinfonet","twitter_misc":{"\u00c9crit par":"solivri","Dur\u00e9e de lecture estim\u00e9e":"2 minutes"},"schema":{"@context":"https:\/\/schema.org","@graph":[{"@type":"NewsArticle","@id":"https:\/\/www.justiceinfo.net\/fr\/14673-220113-rwandafrance-kigali-accuse-paris-de-ne-rien-faire-concernant-les-suspects-de-genocide.html#article","isPartOf":{"@id":"https:\/\/www.justiceinfo.net\/fr\/14673-220113-rwandafrance-kigali-accuse-paris-de-ne-rien-faire-concernant-les-suspects-de-genocide.html"},"author":{"name":"solivri","@id":"https:\/\/www.justiceinfo.net\/fr#\/schema\/person\/6e53cba1629e2e66f3fc1821d3091865"},"headline":"22.01.13 - RWANDA\/FRANCE - KIGALI ACCUSE PARIS DE \u00ab NE RIEN FAIRE CONCERNANT LES SUSPECTS DE GENOCIDE \u00bb","datePublished":"2013-01-22T11:34:22+00:00","mainEntityOfPage":{"@id":"https:\/\/www.justiceinfo.net\/fr\/14673-220113-rwandafrance-kigali-accuse-paris-de-ne-rien-faire-concernant-les-suspects-de-genocide.html"},"wordCount":538,"commentCount":0,"publisher":{"@id":"https:\/\/www.justiceinfo.net\/fr#organization"},"articleSection":["Hirondelle News"],"inLanguage":"fr-FR","potentialAction":[{"@type":"CommentAction","name":"Comment","target":["https:\/\/www.justiceinfo.net\/fr\/14673-220113-rwandafrance-kigali-accuse-paris-de-ne-rien-faire-concernant-les-suspects-de-genocide.html#respond"]}]},{"@type":"WebPage","@id":"https:\/\/www.justiceinfo.net\/fr\/14673-220113-rwandafrance-kigali-accuse-paris-de-ne-rien-faire-concernant-les-suspects-de-genocide.html","url":"https:\/\/www.justiceinfo.net\/fr\/14673-220113-rwandafrance-kigali-accuse-paris-de-ne-rien-faire-concernant-les-suspects-de-genocide.html","name":"22.01.13 - RWANDA\/FRANCE - KIGALI ACCUSE PARIS DE \u00ab NE RIEN FAIRE CONCERNANT LES SUSPECTS DE GENOCIDE \u00bb - JusticeInfo.net","isPartOf":{"@id":"https:\/\/www.justiceinfo.net\/fr#website"},"datePublished":"2013-01-22T11:34:22+00:00","breadcrumb":{"@id":"https:\/\/www.justiceinfo.net\/fr\/14673-220113-rwandafrance-kigali-accuse-paris-de-ne-rien-faire-concernant-les-suspects-de-genocide.html#breadcrumb"},"inLanguage":"fr-FR","potentialAction":[{"@type":"ReadAction","target":["https:\/\/www.justiceinfo.net\/fr\/14673-220113-rwandafrance-kigali-accuse-paris-de-ne-rien-faire-concernant-les-suspects-de-genocide.html"]}]},{"@type":"BreadcrumbList","@id":"https:\/\/www.justiceinfo.net\/fr\/14673-220113-rwandafrance-kigali-accuse-paris-de-ne-rien-faire-concernant-les-suspects-de-genocide.html#breadcrumb","itemListElement":[{"@type":"ListItem","position":1,"name":"Home","item":"https:\/\/www.justiceinfo.net\/fr"},{"@type":"ListItem","position":2,"name":"22.01.13 - RWANDA\/FRANCE - KIGALI ACCUSE PARIS DE \u00ab NE RIEN FAIRE CONCERNANT LES SUSPECTS DE GENOCIDE \u00bb"}]},{"@type":"WebSite","@id":"https:\/\/www.justiceinfo.net\/fr#website","url":"https:\/\/www.justiceinfo.net\/fr","name":"JusticeInfo.net","description":"La justice doit \u00eatre vue pour \u00eatre rendue","publisher":{"@id":"https:\/\/www.justiceinfo.net\/fr#organization"},"potentialAction":[{"@type":"SearchAction","target":{"@type":"EntryPoint","urlTemplate":"https:\/\/www.justiceinfo.net\/fr?s={search_term_string}"},"query-input":{"@type":"PropertyValueSpecification","valueRequired":true,"valueName":"search_term_string"}}],"inLanguage":"fr-FR"},{"@type":"Organization","@id":"https:\/\/www.justiceinfo.net\/fr#organization","name":"Justice Info","url":"https:\/\/www.justiceinfo.net\/fr","logo":{"@type":"ImageObject","inLanguage":"fr-FR","@id":"https:\/\/www.justiceinfo.net\/fr#\/schema\/logo\/image\/","url":"https:\/\/www.justiceinfo.net\/wp-content\/uploads\/justiceinfo_logo-trans_1200x1200px.png","contentUrl":"https:\/\/www.justiceinfo.net\/wp-content\/uploads\/justiceinfo_logo-trans_1200x1200px.png","width":1199,"height":1200,"caption":"Justice Info"},"image":{"@id":"https:\/\/www.justiceinfo.net\/fr#\/schema\/logo\/image\/"},"sameAs":["https:\/\/www.facebook.com\/JusticeInfo\/","https:\/\/x.com\/justiceinfonet","https:\/\/www.linkedin.com\/company\/justice-info","https:\/\/www.youtube.com\/channel\/UCyCEsARodyuWtkWyhn-e7pA"]},{"@type":"Person","name":"solivri","url":"\/fr\/?s=solivri"}]}},"_links":{"self":[{"href":"https:\/\/www.justiceinfo.net\/fr\/wp-json\/wp\/v2\/posts\/14673","targetHints":{"allow":["GET"]}}],"collection":[{"href":"https:\/\/www.justiceinfo.net\/fr\/wp-json\/wp\/v2\/posts"}],"about":[{"href":"https:\/\/www.justiceinfo.net\/fr\/wp-json\/wp\/v2\/types\/post"}],"author":[{"embeddable":true,"href":"https:\/\/www.justiceinfo.net\/fr\/wp-json\/wp\/v2\/users\/64"}],"replies":[{"embeddable":true,"href":"https:\/\/www.justiceinfo.net\/fr\/wp-json\/wp\/v2\/comments?post=14673"}],"version-history":[{"count":0,"href":"https:\/\/www.justiceinfo.net\/fr\/wp-json\/wp\/v2\/posts\/14673\/revisions"}],"wp:attachment":[{"href":"https:\/\/www.justiceinfo.net\/fr\/wp-json\/wp\/v2\/media?parent=14673"}],"wp:term":[{"taxonomy":"category","embeddable":true,"href":"https:\/\/www.justiceinfo.net\/fr\/wp-json\/wp\/v2\/categories?post=14673"},{"taxonomy":"post_tag","embeddable":true,"href":"https:\/\/www.justiceinfo.net\/fr\/wp-json\/wp\/v2\/tags?post=14673"},{"taxonomy":"ji_location","embeddable":true,"href":"https:\/\/www.justiceinfo.net\/fr\/wp-json\/wp\/v2\/ji_location?post=14673"}],"curies":[{"name":"wp","href":"https:\/\/api.w.org\/{rel}","templated":true}]}}