{"id":14685,"date":"2013-02-01T16:01:12","date_gmt":"2013-02-01T15:01:12","guid":{"rendered":"https:\/\/www.justiceinfo.net\/14685-10213-synthese-hebdomadaire-larmee-malienne-accusee-de-crimes-un-tribunal-francais-autorise-lextradition-dun-rwandais.html"},"modified":"2013-02-01T16:01:12","modified_gmt":"2013-02-01T15:01:12","slug":"10213-synthese-hebdomadaire-larmee-malienne-accusee-de-crimes-un-tribunal-francais-autorise-lextradition-dun-rwandais","status":"publish","type":"post","link":"https:\/\/www.justiceinfo.net\/fr\/14685-10213-synthese-hebdomadaire-larmee-malienne-accusee-de-crimes-un-tribunal-francais-autorise-lextradition-dun-rwandais.html","title":{"rendered":"1.02.13 - SYNTHESE HEBDOMADAIRE - L\u2019ARMEE MALIENNE ACCUSEE DE CRIMES, UN TRIBUNAL FRAN\u00c7AIS AUTORISE L\u2019EXTRADITION D\u2019UN RWANDAIS"},"content":{"rendered":"<p>Arusha, 1er f\u00e9vrier 2013 (FH) \u2013 Le procureur de la Cour p\u00e9nale internationale (CPI) soup\u00e7onne l\u2019arm\u00e9e malienne de commettre des crimes, tandis qu\u2019un tribunal fran\u00e7ais a r\u00e9pondu favorablement \u00e0 une demande d\u2019extradition rwandaise.<\/p>\n<p><!--more--><\/p>\n<p>CPI\/MALI<\/p>\n<p>Les forces arm\u00e9es du Mali accus\u00e9es de commettre des crimes : Fatou Bensouda, la procureure de la Cour p\u00e9nale internationale (CPI), soup\u00e7onne les troupes gouvernementales maliennes d\u2019avoir commis des exactions dans le centre du pays au cours des derniers jours.<\/p>\n<p>Dans une d\u00e9claration rendue publique lundi, la magistrate gambienne \u00ab invite les autorit\u00e9s maliennes \u00e0 mettre imm\u00e9diatement fin aux actes all\u00e9gu\u00e9s et, en vertu du principe de la compl\u00e9mentarit\u00e9, \u00e0 diligenter des enqu\u00eates et poursuites \u00e0 l\u2019encontre des personnes responsables \u00bb. La CPI a ouvert, il y a deux semaines, une enqu\u00eate sur la situation dans ce pays d\u2019Afrique occidentale.<\/p>\n<p>FRANCE\/RWANDA<\/p>\n<p>Un tribunal fran\u00e7ais autorise l\u2019extradition d\u2019un Rwandais : la Cour d\u2019appel de Dijon, en France, a rendu mercredi un avis favorable \u00e0 la demande d\u2019extradition d\u2019Innocent Musabyimana, un Rwandais recherch\u00e9 par Kigali. Arr\u00eat\u00e9 le 11 janvier dans l\u2019agglom\u00e9ration de Dijon, le Rwandais, 40 ans, est poursuivi dans son pays d\u2019origine pour \u00ab g\u00e9nocide, complicit\u00e9 dans le g\u00e9nocide, assassinat, crime contre l'humanit\u00e9, viol, association de malfaiteurs \u00bb, des crimes commis en 1994. Le suspect a le droit de faire appel de la d\u00e9cision, un recours suspensif de la proc\u00e9dure d\u2019extradition.<\/p>\n<p>LA SEMAINE PROCHAINE<\/p>\n<p>Jugement d\u2019appel pour deux anciens ministres : la chambre d\u2019appel du Tribunal p\u00e9nal international pour le Rwanda (TPIR) rendra lundi son arr\u00eat dans le proc\u00e8s de deux anciens membres du gouvernement int\u00e9rimaire en place pendant le g\u00e9nocide des Tutsis de 1994. Justin Mugenzi \u00e9tait ministre du Commerce tandis que Prosper Mugiraneza \u00e9tait \u00e0 la Fonction publique. Ils ont \u00e9cop\u00e9, chacun, de 30 ans de prison en premi\u00e8re instance.<\/p>\n<p>ER\/<\/p>\n<p>\u00a0<\/p>\n","protected":false},"excerpt":{"rendered":"<p>Arusha, 1er f\u00e9vrier 2013 (FH) \u2013 Le procureur de la Cour p\u00e9nale internationale (CPI) soup\u00e7onne l\u2019arm\u00e9e malienne de commettre des crimes, tandis qu\u2019un tribunal fran\u00e7ais a r\u00e9pondu favorablement \u00e0 une demande d\u2019extradition rwandaise.<\/p>\n","protected":false},"author":64,"featured_media":0,"comment_status":"open","ping_status":"closed","sticky":false,"template":"","format":"standard","meta":{"_acf_changed":false,"footnotes":""},"categories":[554],"tags":[],"ji_location":[],"class_list":["post-14685","post","type-post","status-publish","format-standard","hentry","category-hirondellenews"],"acf":[],"yoast_head":"<!-- This site is optimized with the Yoast SEO Premium plugin v25.3.1 (Yoast SEO v25.3.1) - https:\/\/yoast.com\/wordpress\/plugins\/seo\/ -->\n<title>1.02.13 - SYNTHESE HEBDOMADAIRE - L\u2019ARMEE MALIENNE ACCUSEE DE CRIMES, UN TRIBUNAL FRAN\u00c7AIS AUTORISE L\u2019EXTRADITION D\u2019UN RWANDAIS - JusticeInfo.net<\/title>\n<meta name=\"robots\" content=\"index, follow, max-snippet:-1, max-image-preview:large, max-video-preview:-1\" \/>\n<link rel=\"canonical\" href=\"https:\/\/www.justiceinfo.net\/fr\/14685-10213-synthese-hebdomadaire-larmee-malienne-accusee-de-crimes-un-tribunal-francais-autorise-lextradition-dun-rwandais.html\" \/>\n<meta property=\"og:locale\" content=\"fr_FR\" \/>\n<meta property=\"og:type\" content=\"article\" \/>\n<meta property=\"og:title\" content=\"1.02.13 - SYNTHESE HEBDOMADAIRE - L\u2019ARMEE MALIENNE ACCUSEE DE CRIMES, UN TRIBUNAL FRAN\u00c7AIS AUTORISE L\u2019EXTRADITION D\u2019UN RWANDAIS\" \/>\n<meta property=\"og:description\" content=\"Arusha, 1er f\u00e9vrier 2013 (FH) \u2013 Le procureur de la Cour p\u00e9nale internationale (CPI) soup\u00e7onne l\u2019arm\u00e9e malienne de commettre des crimes, tandis qu\u2019un tribunal fran\u00e7ais a r\u00e9pondu favorablement \u00e0 une demande d\u2019extradition rwandaise.\" \/>\n<meta property=\"og:url\" content=\"https:\/\/www.justiceinfo.net\/fr\/14685-10213-synthese-hebdomadaire-larmee-malienne-accusee-de-crimes-un-tribunal-francais-autorise-lextradition-dun-rwandais.html\" \/>\n<meta property=\"og:site_name\" content=\"JusticeInfo.net\" \/>\n<meta property=\"article:publisher\" content=\"https:\/\/www.facebook.com\/JusticeInfo\/\" \/>\n<meta property=\"article:published_time\" content=\"2013-02-01T15:01:12+00:00\" \/>\n<meta property=\"og:image\" content=\"https:\/\/www.justiceinfo.net\/wp-content\/uploads\/JusticeInfoNet_logo_1200x630px.jpg\" \/>\n\t<meta property=\"og:image:width\" content=\"1200\" \/>\n\t<meta property=\"og:image:height\" content=\"630\" \/>\n\t<meta property=\"og:image:type\" content=\"image\/jpeg\" \/>\n<meta name=\"author\" content=\"solivri\" \/>\n<meta name=\"twitter:card\" content=\"summary_large_image\" \/>\n<meta name=\"twitter:creator\" content=\"@justiceinfonet\" \/>\n<meta name=\"twitter:site\" content=\"@justiceinfonet\" \/>\n<meta name=\"twitter:label1\" content=\"\u00c9crit par\" \/>\n\t<meta name=\"twitter:data1\" content=\"solivri\" \/>\n\t<meta name=\"twitter:label2\" content=\"Dur\u00e9e de lecture estim\u00e9e\" \/>\n\t<meta name=\"twitter:data2\" content=\"2 minutes\" \/>\n<script type=\"application\/ld+json\" class=\"yoast-schema-graph\">{\"@context\":\"https:\/\/schema.org\",\"@graph\":[{\"@type\":\"NewsArticle\",\"@id\":\"https:\/\/www.justiceinfo.net\/fr\/14685-10213-synthese-hebdomadaire-larmee-malienne-accusee-de-crimes-un-tribunal-francais-autorise-lextradition-dun-rwandais.html#article\",\"isPartOf\":{\"@id\":\"https:\/\/www.justiceinfo.net\/fr\/14685-10213-synthese-hebdomadaire-larmee-malienne-accusee-de-crimes-un-tribunal-francais-autorise-lextradition-dun-rwandais.html\"},\"author\":{\"name\":\"solivri\",\"@id\":\"https:\/\/www.justiceinfo.net\/fr#\/schema\/person\/6e53cba1629e2e66f3fc1821d3091865\"},\"headline\":\"1.02.13 - SYNTHESE HEBDOMADAIRE - L\u2019ARMEE MALIENNE ACCUSEE DE CRIMES, UN TRIBUNAL FRAN\u00c7AIS AUTORISE L\u2019EXTRADITION D\u2019UN RWANDAIS\",\"datePublished\":\"2013-02-01T15:01:12+00:00\",\"mainEntityOfPage\":{\"@id\":\"https:\/\/www.justiceinfo.net\/fr\/14685-10213-synthese-hebdomadaire-larmee-malienne-accusee-de-crimes-un-tribunal-francais-autorise-lextradition-dun-rwandais.html\"},\"wordCount\":346,\"commentCount\":0,\"publisher\":{\"@id\":\"https:\/\/www.justiceinfo.net\/fr#organization\"},\"articleSection\":[\"Hirondelle News\"],\"inLanguage\":\"fr-FR\",\"potentialAction\":[{\"@type\":\"CommentAction\",\"name\":\"Comment\",\"target\":[\"https:\/\/www.justiceinfo.net\/fr\/14685-10213-synthese-hebdomadaire-larmee-malienne-accusee-de-crimes-un-tribunal-francais-autorise-lextradition-dun-rwandais.html#respond\"]}]},{\"@type\":\"WebPage\",\"@id\":\"https:\/\/www.justiceinfo.net\/fr\/14685-10213-synthese-hebdomadaire-larmee-malienne-accusee-de-crimes-un-tribunal-francais-autorise-lextradition-dun-rwandais.html\",\"url\":\"https:\/\/www.justiceinfo.net\/fr\/14685-10213-synthese-hebdomadaire-larmee-malienne-accusee-de-crimes-un-tribunal-francais-autorise-lextradition-dun-rwandais.html\",\"name\":\"1.02.13 - SYNTHESE HEBDOMADAIRE - L\u2019ARMEE MALIENNE ACCUSEE DE CRIMES, UN TRIBUNAL FRAN\u00c7AIS AUTORISE L\u2019EXTRADITION D\u2019UN RWANDAIS - JusticeInfo.net\",\"isPartOf\":{\"@id\":\"https:\/\/www.justiceinfo.net\/fr#website\"},\"datePublished\":\"2013-02-01T15:01:12+00:00\",\"breadcrumb\":{\"@id\":\"https:\/\/www.justiceinfo.net\/fr\/14685-10213-synthese-hebdomadaire-larmee-malienne-accusee-de-crimes-un-tribunal-francais-autorise-lextradition-dun-rwandais.html#breadcrumb\"},\"inLanguage\":\"fr-FR\",\"potentialAction\":[{\"@type\":\"ReadAction\",\"target\":[\"https:\/\/www.justiceinfo.net\/fr\/14685-10213-synthese-hebdomadaire-larmee-malienne-accusee-de-crimes-un-tribunal-francais-autorise-lextradition-dun-rwandais.html\"]}]},{\"@type\":\"BreadcrumbList\",\"@id\":\"https:\/\/www.justiceinfo.net\/fr\/14685-10213-synthese-hebdomadaire-larmee-malienne-accusee-de-crimes-un-tribunal-francais-autorise-lextradition-dun-rwandais.html#breadcrumb\",\"itemListElement\":[{\"@type\":\"ListItem\",\"position\":1,\"name\":\"Home\",\"item\":\"https:\/\/www.justiceinfo.net\/fr\"},{\"@type\":\"ListItem\",\"position\":2,\"name\":\"1.02.13 - SYNTHESE HEBDOMADAIRE - L\u2019ARMEE MALIENNE ACCUSEE DE CRIMES, UN TRIBUNAL FRAN\u00c7AIS AUTORISE L\u2019EXTRADITION D\u2019UN RWANDAIS\"}]},{\"@type\":\"WebSite\",\"@id\":\"https:\/\/www.justiceinfo.net\/fr#website\",\"url\":\"https:\/\/www.justiceinfo.net\/fr\",\"name\":\"JusticeInfo.net\",\"description\":\"La justice doit \u00eatre vue pour \u00eatre rendue\",\"publisher\":{\"@id\":\"https:\/\/www.justiceinfo.net\/fr#organization\"},\"potentialAction\":[{\"@type\":\"SearchAction\",\"target\":{\"@type\":\"EntryPoint\",\"urlTemplate\":\"https:\/\/www.justiceinfo.net\/fr?s={search_term_string}\"},\"query-input\":{\"@type\":\"PropertyValueSpecification\",\"valueRequired\":true,\"valueName\":\"search_term_string\"}}],\"inLanguage\":\"fr-FR\"},{\"@type\":\"Organization\",\"@id\":\"https:\/\/www.justiceinfo.net\/fr#organization\",\"name\":\"Justice Info\",\"url\":\"https:\/\/www.justiceinfo.net\/fr\",\"logo\":{\"@type\":\"ImageObject\",\"inLanguage\":\"fr-FR\",\"@id\":\"https:\/\/www.justiceinfo.net\/fr#\/schema\/logo\/image\/\",\"url\":\"https:\/\/www.justiceinfo.net\/wp-content\/uploads\/justiceinfo_logo-trans_1200x1200px.png\",\"contentUrl\":\"https:\/\/www.justiceinfo.net\/wp-content\/uploads\/justiceinfo_logo-trans_1200x1200px.png\",\"width\":1199,\"height\":1200,\"caption\":\"Justice Info\"},\"image\":{\"@id\":\"https:\/\/www.justiceinfo.net\/fr#\/schema\/logo\/image\/\"},\"sameAs\":[\"https:\/\/www.facebook.com\/JusticeInfo\/\",\"https:\/\/x.com\/justiceinfonet\",\"https:\/\/www.linkedin.com\/company\/justice-info\",\"https:\/\/www.youtube.com\/channel\/UCyCEsARodyuWtkWyhn-e7pA\"]},{\"@type\":\"Person\",\"name\":\"solivri\",\"url\":\"\/fr\/?s=solivri\"}]}<\/script>\n<!-- \/ Yoast SEO Premium plugin. -->","yoast_head_json":{"title":"1.02.13 - SYNTHESE HEBDOMADAIRE - L\u2019ARMEE MALIENNE ACCUSEE DE CRIMES, UN TRIBUNAL FRAN\u00c7AIS AUTORISE L\u2019EXTRADITION D\u2019UN RWANDAIS - JusticeInfo.net","robots":{"index":"index","follow":"follow","max-snippet":"max-snippet:-1","max-image-preview":"max-image-preview:large","max-video-preview":"max-video-preview:-1"},"canonical":"https:\/\/www.justiceinfo.net\/fr\/14685-10213-synthese-hebdomadaire-larmee-malienne-accusee-de-crimes-un-tribunal-francais-autorise-lextradition-dun-rwandais.html","og_locale":"fr_FR","og_type":"article","og_title":"1.02.13 - SYNTHESE HEBDOMADAIRE - L\u2019ARMEE MALIENNE ACCUSEE DE CRIMES, UN TRIBUNAL FRAN\u00c7AIS AUTORISE L\u2019EXTRADITION D\u2019UN RWANDAIS","og_description":"Arusha, 1er f\u00e9vrier 2013 (FH) \u2013 Le procureur de la Cour p\u00e9nale internationale (CPI) soup\u00e7onne l\u2019arm\u00e9e malienne de commettre des crimes, tandis qu\u2019un tribunal fran\u00e7ais a r\u00e9pondu favorablement \u00e0 une demande d\u2019extradition rwandaise.","og_url":"https:\/\/www.justiceinfo.net\/fr\/14685-10213-synthese-hebdomadaire-larmee-malienne-accusee-de-crimes-un-tribunal-francais-autorise-lextradition-dun-rwandais.html","og_site_name":"JusticeInfo.net","article_publisher":"https:\/\/www.facebook.com\/JusticeInfo\/","article_published_time":"2013-02-01T15:01:12+00:00","og_image":[{"width":1200,"height":630,"url":"https:\/\/www.justiceinfo.net\/wp-content\/uploads\/JusticeInfoNet_logo_1200x630px.jpg","type":"image\/jpeg"}],"author":"solivri","twitter_card":"summary_large_image","twitter_creator":"@justiceinfonet","twitter_site":"@justiceinfonet","twitter_misc":{"\u00c9crit par":"solivri","Dur\u00e9e de lecture estim\u00e9e":"2 minutes"},"schema":{"@context":"https:\/\/schema.org","@graph":[{"@type":"NewsArticle","@id":"https:\/\/www.justiceinfo.net\/fr\/14685-10213-synthese-hebdomadaire-larmee-malienne-accusee-de-crimes-un-tribunal-francais-autorise-lextradition-dun-rwandais.html#article","isPartOf":{"@id":"https:\/\/www.justiceinfo.net\/fr\/14685-10213-synthese-hebdomadaire-larmee-malienne-accusee-de-crimes-un-tribunal-francais-autorise-lextradition-dun-rwandais.html"},"author":{"name":"solivri","@id":"https:\/\/www.justiceinfo.net\/fr#\/schema\/person\/6e53cba1629e2e66f3fc1821d3091865"},"headline":"1.02.13 - SYNTHESE HEBDOMADAIRE - L\u2019ARMEE MALIENNE ACCUSEE DE CRIMES, UN TRIBUNAL FRAN\u00c7AIS AUTORISE L\u2019EXTRADITION D\u2019UN RWANDAIS","datePublished":"2013-02-01T15:01:12+00:00","mainEntityOfPage":{"@id":"https:\/\/www.justiceinfo.net\/fr\/14685-10213-synthese-hebdomadaire-larmee-malienne-accusee-de-crimes-un-tribunal-francais-autorise-lextradition-dun-rwandais.html"},"wordCount":346,"commentCount":0,"publisher":{"@id":"https:\/\/www.justiceinfo.net\/fr#organization"},"articleSection":["Hirondelle News"],"inLanguage":"fr-FR","potentialAction":[{"@type":"CommentAction","name":"Comment","target":["https:\/\/www.justiceinfo.net\/fr\/14685-10213-synthese-hebdomadaire-larmee-malienne-accusee-de-crimes-un-tribunal-francais-autorise-lextradition-dun-rwandais.html#respond"]}]},{"@type":"WebPage","@id":"https:\/\/www.justiceinfo.net\/fr\/14685-10213-synthese-hebdomadaire-larmee-malienne-accusee-de-crimes-un-tribunal-francais-autorise-lextradition-dun-rwandais.html","url":"https:\/\/www.justiceinfo.net\/fr\/14685-10213-synthese-hebdomadaire-larmee-malienne-accusee-de-crimes-un-tribunal-francais-autorise-lextradition-dun-rwandais.html","name":"1.02.13 - SYNTHESE HEBDOMADAIRE - L\u2019ARMEE MALIENNE ACCUSEE DE CRIMES, UN TRIBUNAL FRAN\u00c7AIS AUTORISE L\u2019EXTRADITION D\u2019UN RWANDAIS - JusticeInfo.net","isPartOf":{"@id":"https:\/\/www.justiceinfo.net\/fr#website"},"datePublished":"2013-02-01T15:01:12+00:00","breadcrumb":{"@id":"https:\/\/www.justiceinfo.net\/fr\/14685-10213-synthese-hebdomadaire-larmee-malienne-accusee-de-crimes-un-tribunal-francais-autorise-lextradition-dun-rwandais.html#breadcrumb"},"inLanguage":"fr-FR","potentialAction":[{"@type":"ReadAction","target":["https:\/\/www.justiceinfo.net\/fr\/14685-10213-synthese-hebdomadaire-larmee-malienne-accusee-de-crimes-un-tribunal-francais-autorise-lextradition-dun-rwandais.html"]}]},{"@type":"BreadcrumbList","@id":"https:\/\/www.justiceinfo.net\/fr\/14685-10213-synthese-hebdomadaire-larmee-malienne-accusee-de-crimes-un-tribunal-francais-autorise-lextradition-dun-rwandais.html#breadcrumb","itemListElement":[{"@type":"ListItem","position":1,"name":"Home","item":"https:\/\/www.justiceinfo.net\/fr"},{"@type":"ListItem","position":2,"name":"1.02.13 - SYNTHESE HEBDOMADAIRE - L\u2019ARMEE MALIENNE ACCUSEE DE CRIMES, UN TRIBUNAL FRAN\u00c7AIS AUTORISE L\u2019EXTRADITION D\u2019UN RWANDAIS"}]},{"@type":"WebSite","@id":"https:\/\/www.justiceinfo.net\/fr#website","url":"https:\/\/www.justiceinfo.net\/fr","name":"JusticeInfo.net","description":"La justice doit \u00eatre vue pour \u00eatre rendue","publisher":{"@id":"https:\/\/www.justiceinfo.net\/fr#organization"},"potentialAction":[{"@type":"SearchAction","target":{"@type":"EntryPoint","urlTemplate":"https:\/\/www.justiceinfo.net\/fr?s={search_term_string}"},"query-input":{"@type":"PropertyValueSpecification","valueRequired":true,"valueName":"search_term_string"}}],"inLanguage":"fr-FR"},{"@type":"Organization","@id":"https:\/\/www.justiceinfo.net\/fr#organization","name":"Justice Info","url":"https:\/\/www.justiceinfo.net\/fr","logo":{"@type":"ImageObject","inLanguage":"fr-FR","@id":"https:\/\/www.justiceinfo.net\/fr#\/schema\/logo\/image\/","url":"https:\/\/www.justiceinfo.net\/wp-content\/uploads\/justiceinfo_logo-trans_1200x1200px.png","contentUrl":"https:\/\/www.justiceinfo.net\/wp-content\/uploads\/justiceinfo_logo-trans_1200x1200px.png","width":1199,"height":1200,"caption":"Justice Info"},"image":{"@id":"https:\/\/www.justiceinfo.net\/fr#\/schema\/logo\/image\/"},"sameAs":["https:\/\/www.facebook.com\/JusticeInfo\/","https:\/\/x.com\/justiceinfonet","https:\/\/www.linkedin.com\/company\/justice-info","https:\/\/www.youtube.com\/channel\/UCyCEsARodyuWtkWyhn-e7pA"]},{"@type":"Person","name":"solivri","url":"\/fr\/?s=solivri"}]}},"_links":{"self":[{"href":"https:\/\/www.justiceinfo.net\/fr\/wp-json\/wp\/v2\/posts\/14685","targetHints":{"allow":["GET"]}}],"collection":[{"href":"https:\/\/www.justiceinfo.net\/fr\/wp-json\/wp\/v2\/posts"}],"about":[{"href":"https:\/\/www.justiceinfo.net\/fr\/wp-json\/wp\/v2\/types\/post"}],"author":[{"embeddable":true,"href":"https:\/\/www.justiceinfo.net\/fr\/wp-json\/wp\/v2\/users\/64"}],"replies":[{"embeddable":true,"href":"https:\/\/www.justiceinfo.net\/fr\/wp-json\/wp\/v2\/comments?post=14685"}],"version-history":[{"count":0,"href":"https:\/\/www.justiceinfo.net\/fr\/wp-json\/wp\/v2\/posts\/14685\/revisions"}],"wp:attachment":[{"href":"https:\/\/www.justiceinfo.net\/fr\/wp-json\/wp\/v2\/media?parent=14685"}],"wp:term":[{"taxonomy":"category","embeddable":true,"href":"https:\/\/www.justiceinfo.net\/fr\/wp-json\/wp\/v2\/categories?post=14685"},{"taxonomy":"post_tag","embeddable":true,"href":"https:\/\/www.justiceinfo.net\/fr\/wp-json\/wp\/v2\/tags?post=14685"},{"taxonomy":"ji_location","embeddable":true,"href":"https:\/\/www.justiceinfo.net\/fr\/wp-json\/wp\/v2\/ji_location?post=14685"}],"curies":[{"name":"wp","href":"https:\/\/api.w.org\/{rel}","templated":true}]}}