{"id":14690,"date":"2013-02-05T11:15:33","date_gmt":"2013-02-05T10:15:33","guid":{"rendered":"https:\/\/www.justiceinfo.net\/14690-50213-rwandatpir-le-rwanda-extremement-decu-par-lacquittement-de-deux-ex-ministres.html"},"modified":"2013-02-05T11:15:33","modified_gmt":"2013-02-05T10:15:33","slug":"50213-rwandatpir-le-rwanda-extremement-decu-par-lacquittement-de-deux-ex-ministres","status":"publish","type":"post","link":"https:\/\/www.justiceinfo.net\/fr\/14690-50213-rwandatpir-le-rwanda-extremement-decu-par-lacquittement-de-deux-ex-ministres.html","title":{"rendered":"5.02.13 - RWANDA\/TPIR - LE RWANDA \u00ab EXTREMEMENT DECU \u00bb PAR L\u2019ACQUITTEMENT DE DEUX EX-MINISTRES"},"content":{"rendered":"<p>Arusha, 5 f\u00e9vrier 2013 (FH) - Le Procureur g\u00e9n\u00e9ral du Rwanda Martin Ngoga a jug\u00e9 \u00abextr\u00eamement d\u00e9cevant \u00bb l\u2019arr\u00eat de la chambre d\u2019appel du Tribunal p\u00e9nal international pour le Rwanda (TPIR) qui a acquitt\u00e9 et remis en libert\u00e9 lundi deux anciens membres du gouvernement int\u00e9rimaire en place pendant le g\u00e9nocide des Tutsis de 1994.<\/p>\n<p><!--more--><\/p>\n<p>Justin Mugenzi \u00e9tait ministre du Commerce et Prosper Mugiraneza, ministre de la Fonction publique. Ils avaient \u00e9t\u00e9 condamn\u00e9s \u00e0 30 ans de prison en premi\u00e8re instance.<\/p>\n<p>\u00ab C\u2019est une d\u00e9cision extr\u00eamement d\u00e9cevante de la part de la chambre d\u2019appel du TPIR \u00bb, s\u2019est indign\u00e9 Martin Ngoga, dans un communiqu\u00e9 en anglais. \u00bbLes effroyables divergences entre les d\u00e9cisions de premi\u00e8re instance et les d\u00e9cisions d\u2019appels dans nombre d\u2019affaires, dont celle-ci, posent de s\u00e9rieuses questions \u00bb, affirme le magistrat rwandais.<\/p>\n<p>\u00ab Les plus r\u00e9centes d\u00e9cisions de la chambre d\u2019appel tendent \u00e0 adopter un traitement simpliste des faits et cr\u00e9ent une tendance \u00e0 exon\u00e9rer les dirigeants politiques \u00bb, a accus\u00e9 le Procureur G\u00e9n\u00e9ral, pour qui, par ailleurs, \u00ab il y a des raisons de croire que cette tendance va continuer \u00bb. \u00abC\u2019est triste \u00bb, a-t-il ajout\u00e9.<\/p>\n<p>Dans la m\u00eame veine, Jean-Pierre Dusingizemungu, pr\u00e9sident d\u2019Ibuka, la principale organisation de survivants du g\u00e9nocide des Tutsis, s\u2019est dit \u00ab tr\u00e8s attrist\u00e9 \u00bb par le jugement, dans un entretien avec Radio Rwanda. Pour lui, cet arr\u00eat \u00ab apporte de l\u2019eau au moulin des n\u00e9gationnistes du g\u00e9nocide \u00bb des Tutsis.<\/p>\n<p>En premi\u00e8re instance, Mugenzi et Mugiraneza avaient \u00e9t\u00e9 reconnus coupables d\u2019entente en vue de commettre le g\u00e9nocide et d\u2019incitation directe et publique \u00e0 commettre le g\u00e9nocide pour deux faits.<\/p>\n<p>Ils avaient particip\u00e9 le 17 avril 1994 \u00e0 Gitarama, dans le centre du Rwanda, \u00e0 un conseil des ministres qui avait d\u00e9cid\u00e9 de limoger le pr\u00e9fet tutsi de Butare, Jean-Baptiste Habyarimana. Ce dernier \u00e9tait consid\u00e9r\u00e9 comme le dernier obstacle au g\u00e9nocide dans sa pr\u00e9fecture m\u00e9ridionale. La r\u00e9vocation fut annonc\u00e9e le surlendemain dans un stade de Butare, en pr\u00e9sence des membres du gouvernement et d\u2019autres responsables tant civils que militaires. Apr\u00e8s son limogeage, le pr\u00e9fet Habyarimana fut tu\u00e9 et les massacres qui \u00e9taient encore tr\u00e8s circonscrits dans sa pr\u00e9fecture, devinrent syst\u00e9matiques et g\u00e9n\u00e9ralis\u00e9s.<\/p>\n<p>Les juges de premi\u00e8re instance avaient conclu que les deux personnalit\u00e9s avaient, par leur pr\u00e9sence, particip\u00e9 \u00e0 une entente en vue de commettre le g\u00e9nocide et s\u2019\u00e9taient rendus coupable du crime d\u2019incitation directe et publique \u00e0 commettre le g\u00e9nocide, en approuvant, m\u00eame tacitement, le discours incendiaire prononc\u00e9 le 19 avril 1994 \u00e0 Butare par le pr\u00e9sident int\u00e9rimaire Th\u00e9odore Sindikubwabo. Ce dernier serait mort dans son exil dans l\u2019ex-Za\u00efre (actuelle R\u00e9publique d\u00e9mocratique du Congo).<\/p>\n<p>La chambre d\u2019appel a tir\u00e9 des conclusions diff\u00e9rentes. Pour elle, le limogeage du pr\u00e9fet Habyarimana a certes contribu\u00e9 \u00e0 la g\u00e9n\u00e9ralisation des massacres mais la d\u00e9cision du gouvernement pourrait avoir \u00e9t\u00e9 prise pour \u00ab des raisons politiques et administratives \u00bb et non pas n\u00e9cessairement pour donner le champ libre \u00e0 la machine g\u00e9nocidaire. Le gouvernement s\u2019\u00e9tait en effet plaint de l\u2019absence du pr\u00e9fet \u00e0 des r\u00e9unions d\u2019autres responsables de son rang. Les juges d\u2019appel ont \u00e9galement suivi la d\u00e9fense qui soutenait que les deux ministres ne savaient pas ce que leur pr\u00e9sident allait dire dans ce discours pass\u00e9 dans l\u2019Histoire.<\/p>\n<p>ER\/YL<\/p>\n","protected":false},"excerpt":{"rendered":"<p>Arusha, 5 f\u00e9vrier 2013 (FH) - Le Procureur g\u00e9n\u00e9ral du Rwanda Martin Ngoga a jug\u00e9 \u00abextr\u00eamement d\u00e9cevant \u00bb l\u2019arr\u00eat de la chambre d\u2019appel du Tribunal p\u00e9nal international pour le Rwanda (TPIR) qui a acquitt\u00e9 et remis en libert\u00e9 lundi deux anciens membres du gouvernement int\u00e9rimaire en place pendant le g\u00e9nocide des Tutsis de 1994.<\/p>\n","protected":false},"author":64,"featured_media":0,"comment_status":"open","ping_status":"closed","sticky":false,"template":"","format":"standard","meta":{"_acf_changed":false,"footnotes":""},"categories":[554],"tags":[],"ji_location":[],"class_list":["post-14690","post","type-post","status-publish","format-standard","hentry","category-hirondellenews"],"acf":[],"yoast_head":"<!-- This site is optimized with the Yoast SEO Premium plugin v25.3.1 (Yoast SEO v25.3.1) - https:\/\/yoast.com\/wordpress\/plugins\/seo\/ -->\n<title>5.02.13 - RWANDA\/TPIR - LE RWANDA \u00ab EXTREMEMENT DECU \u00bb PAR L\u2019ACQUITTEMENT DE DEUX EX-MINISTRES - JusticeInfo.net<\/title>\n<meta name=\"robots\" content=\"index, follow, max-snippet:-1, max-image-preview:large, max-video-preview:-1\" \/>\n<link rel=\"canonical\" href=\"https:\/\/www.justiceinfo.net\/fr\/14690-50213-rwandatpir-le-rwanda-extremement-decu-par-lacquittement-de-deux-ex-ministres.html\" \/>\n<meta property=\"og:locale\" content=\"fr_FR\" \/>\n<meta property=\"og:type\" content=\"article\" \/>\n<meta property=\"og:title\" content=\"5.02.13 - RWANDA\/TPIR - LE RWANDA \u00ab EXTREMEMENT DECU \u00bb PAR L\u2019ACQUITTEMENT DE DEUX EX-MINISTRES\" \/>\n<meta property=\"og:description\" content=\"Arusha, 5 f\u00e9vrier 2013 (FH) - Le Procureur g\u00e9n\u00e9ral du Rwanda Martin Ngoga a jug\u00e9 \u00abextr\u00eamement d\u00e9cevant \u00bb l\u2019arr\u00eat de la chambre d\u2019appel du Tribunal p\u00e9nal international pour le Rwanda (TPIR) qui a acquitt\u00e9 et remis en libert\u00e9 lundi deux anciens membres du gouvernement int\u00e9rimaire en place pendant le g\u00e9nocide des Tutsis de 1994.\" \/>\n<meta property=\"og:url\" content=\"https:\/\/www.justiceinfo.net\/fr\/14690-50213-rwandatpir-le-rwanda-extremement-decu-par-lacquittement-de-deux-ex-ministres.html\" \/>\n<meta property=\"og:site_name\" content=\"JusticeInfo.net\" \/>\n<meta property=\"article:publisher\" content=\"https:\/\/www.facebook.com\/JusticeInfo\/\" \/>\n<meta property=\"article:published_time\" content=\"2013-02-05T10:15:33+00:00\" \/>\n<meta property=\"og:image\" content=\"https:\/\/www.justiceinfo.net\/wp-content\/uploads\/JusticeInfoNet_logo_1200x630px.jpg\" \/>\n\t<meta property=\"og:image:width\" content=\"1200\" \/>\n\t<meta property=\"og:image:height\" content=\"630\" \/>\n\t<meta property=\"og:image:type\" content=\"image\/jpeg\" \/>\n<meta name=\"author\" content=\"solivri\" \/>\n<meta name=\"twitter:card\" content=\"summary_large_image\" \/>\n<meta name=\"twitter:creator\" content=\"@justiceinfonet\" \/>\n<meta name=\"twitter:site\" content=\"@justiceinfonet\" \/>\n<meta name=\"twitter:label1\" content=\"\u00c9crit par\" \/>\n\t<meta name=\"twitter:data1\" content=\"solivri\" \/>\n\t<meta name=\"twitter:label2\" content=\"Dur\u00e9e de lecture estim\u00e9e\" \/>\n\t<meta name=\"twitter:data2\" content=\"3 minutes\" \/>\n<script type=\"application\/ld+json\" class=\"yoast-schema-graph\">{\"@context\":\"https:\/\/schema.org\",\"@graph\":[{\"@type\":\"NewsArticle\",\"@id\":\"https:\/\/www.justiceinfo.net\/fr\/14690-50213-rwandatpir-le-rwanda-extremement-decu-par-lacquittement-de-deux-ex-ministres.html#article\",\"isPartOf\":{\"@id\":\"https:\/\/www.justiceinfo.net\/fr\/14690-50213-rwandatpir-le-rwanda-extremement-decu-par-lacquittement-de-deux-ex-ministres.html\"},\"author\":{\"name\":\"solivri\",\"@id\":\"https:\/\/www.justiceinfo.net\/fr#\/schema\/person\/6e53cba1629e2e66f3fc1821d3091865\"},\"headline\":\"5.02.13 - RWANDA\/TPIR - LE RWANDA \u00ab EXTREMEMENT DECU \u00bb PAR L\u2019ACQUITTEMENT DE DEUX EX-MINISTRES\",\"datePublished\":\"2013-02-05T10:15:33+00:00\",\"mainEntityOfPage\":{\"@id\":\"https:\/\/www.justiceinfo.net\/fr\/14690-50213-rwandatpir-le-rwanda-extremement-decu-par-lacquittement-de-deux-ex-ministres.html\"},\"wordCount\":609,\"commentCount\":0,\"publisher\":{\"@id\":\"https:\/\/www.justiceinfo.net\/fr#organization\"},\"articleSection\":[\"Hirondelle News\"],\"inLanguage\":\"fr-FR\",\"potentialAction\":[{\"@type\":\"CommentAction\",\"name\":\"Comment\",\"target\":[\"https:\/\/www.justiceinfo.net\/fr\/14690-50213-rwandatpir-le-rwanda-extremement-decu-par-lacquittement-de-deux-ex-ministres.html#respond\"]}]},{\"@type\":\"WebPage\",\"@id\":\"https:\/\/www.justiceinfo.net\/fr\/14690-50213-rwandatpir-le-rwanda-extremement-decu-par-lacquittement-de-deux-ex-ministres.html\",\"url\":\"https:\/\/www.justiceinfo.net\/fr\/14690-50213-rwandatpir-le-rwanda-extremement-decu-par-lacquittement-de-deux-ex-ministres.html\",\"name\":\"5.02.13 - RWANDA\/TPIR - LE RWANDA \u00ab EXTREMEMENT DECU \u00bb PAR L\u2019ACQUITTEMENT DE DEUX EX-MINISTRES - JusticeInfo.net\",\"isPartOf\":{\"@id\":\"https:\/\/www.justiceinfo.net\/fr#website\"},\"datePublished\":\"2013-02-05T10:15:33+00:00\",\"breadcrumb\":{\"@id\":\"https:\/\/www.justiceinfo.net\/fr\/14690-50213-rwandatpir-le-rwanda-extremement-decu-par-lacquittement-de-deux-ex-ministres.html#breadcrumb\"},\"inLanguage\":\"fr-FR\",\"potentialAction\":[{\"@type\":\"ReadAction\",\"target\":[\"https:\/\/www.justiceinfo.net\/fr\/14690-50213-rwandatpir-le-rwanda-extremement-decu-par-lacquittement-de-deux-ex-ministres.html\"]}]},{\"@type\":\"BreadcrumbList\",\"@id\":\"https:\/\/www.justiceinfo.net\/fr\/14690-50213-rwandatpir-le-rwanda-extremement-decu-par-lacquittement-de-deux-ex-ministres.html#breadcrumb\",\"itemListElement\":[{\"@type\":\"ListItem\",\"position\":1,\"name\":\"Home\",\"item\":\"https:\/\/www.justiceinfo.net\/fr\"},{\"@type\":\"ListItem\",\"position\":2,\"name\":\"5.02.13 - RWANDA\/TPIR - LE RWANDA \u00ab EXTREMEMENT DECU \u00bb PAR L\u2019ACQUITTEMENT DE DEUX EX-MINISTRES\"}]},{\"@type\":\"WebSite\",\"@id\":\"https:\/\/www.justiceinfo.net\/fr#website\",\"url\":\"https:\/\/www.justiceinfo.net\/fr\",\"name\":\"JusticeInfo.net\",\"description\":\"La justice doit \u00eatre vue pour \u00eatre rendue\",\"publisher\":{\"@id\":\"https:\/\/www.justiceinfo.net\/fr#organization\"},\"potentialAction\":[{\"@type\":\"SearchAction\",\"target\":{\"@type\":\"EntryPoint\",\"urlTemplate\":\"https:\/\/www.justiceinfo.net\/fr?s={search_term_string}\"},\"query-input\":{\"@type\":\"PropertyValueSpecification\",\"valueRequired\":true,\"valueName\":\"search_term_string\"}}],\"inLanguage\":\"fr-FR\"},{\"@type\":\"Organization\",\"@id\":\"https:\/\/www.justiceinfo.net\/fr#organization\",\"name\":\"Justice Info\",\"url\":\"https:\/\/www.justiceinfo.net\/fr\",\"logo\":{\"@type\":\"ImageObject\",\"inLanguage\":\"fr-FR\",\"@id\":\"https:\/\/www.justiceinfo.net\/fr#\/schema\/logo\/image\/\",\"url\":\"https:\/\/www.justiceinfo.net\/wp-content\/uploads\/justiceinfo_logo-trans_1200x1200px.png\",\"contentUrl\":\"https:\/\/www.justiceinfo.net\/wp-content\/uploads\/justiceinfo_logo-trans_1200x1200px.png\",\"width\":1199,\"height\":1200,\"caption\":\"Justice Info\"},\"image\":{\"@id\":\"https:\/\/www.justiceinfo.net\/fr#\/schema\/logo\/image\/\"},\"sameAs\":[\"https:\/\/www.facebook.com\/JusticeInfo\/\",\"https:\/\/x.com\/justiceinfonet\",\"https:\/\/www.linkedin.com\/company\/justice-info\",\"https:\/\/www.youtube.com\/channel\/UCyCEsARodyuWtkWyhn-e7pA\"]},{\"@type\":\"Person\",\"name\":\"solivri\",\"url\":\"\/fr\/?s=solivri\"}]}<\/script>\n<!-- \/ Yoast SEO Premium plugin. -->","yoast_head_json":{"title":"5.02.13 - RWANDA\/TPIR - LE RWANDA \u00ab EXTREMEMENT DECU \u00bb PAR L\u2019ACQUITTEMENT DE DEUX EX-MINISTRES - JusticeInfo.net","robots":{"index":"index","follow":"follow","max-snippet":"max-snippet:-1","max-image-preview":"max-image-preview:large","max-video-preview":"max-video-preview:-1"},"canonical":"https:\/\/www.justiceinfo.net\/fr\/14690-50213-rwandatpir-le-rwanda-extremement-decu-par-lacquittement-de-deux-ex-ministres.html","og_locale":"fr_FR","og_type":"article","og_title":"5.02.13 - RWANDA\/TPIR - LE RWANDA \u00ab EXTREMEMENT DECU \u00bb PAR L\u2019ACQUITTEMENT DE DEUX EX-MINISTRES","og_description":"Arusha, 5 f\u00e9vrier 2013 (FH) - Le Procureur g\u00e9n\u00e9ral du Rwanda Martin Ngoga a jug\u00e9 \u00abextr\u00eamement d\u00e9cevant \u00bb l\u2019arr\u00eat de la chambre d\u2019appel du Tribunal p\u00e9nal international pour le Rwanda (TPIR) qui a acquitt\u00e9 et remis en libert\u00e9 lundi deux anciens membres du gouvernement int\u00e9rimaire en place pendant le g\u00e9nocide des Tutsis de 1994.","og_url":"https:\/\/www.justiceinfo.net\/fr\/14690-50213-rwandatpir-le-rwanda-extremement-decu-par-lacquittement-de-deux-ex-ministres.html","og_site_name":"JusticeInfo.net","article_publisher":"https:\/\/www.facebook.com\/JusticeInfo\/","article_published_time":"2013-02-05T10:15:33+00:00","og_image":[{"width":1200,"height":630,"url":"https:\/\/www.justiceinfo.net\/wp-content\/uploads\/JusticeInfoNet_logo_1200x630px.jpg","type":"image\/jpeg"}],"author":"solivri","twitter_card":"summary_large_image","twitter_creator":"@justiceinfonet","twitter_site":"@justiceinfonet","twitter_misc":{"\u00c9crit par":"solivri","Dur\u00e9e de lecture estim\u00e9e":"3 minutes"},"schema":{"@context":"https:\/\/schema.org","@graph":[{"@type":"NewsArticle","@id":"https:\/\/www.justiceinfo.net\/fr\/14690-50213-rwandatpir-le-rwanda-extremement-decu-par-lacquittement-de-deux-ex-ministres.html#article","isPartOf":{"@id":"https:\/\/www.justiceinfo.net\/fr\/14690-50213-rwandatpir-le-rwanda-extremement-decu-par-lacquittement-de-deux-ex-ministres.html"},"author":{"name":"solivri","@id":"https:\/\/www.justiceinfo.net\/fr#\/schema\/person\/6e53cba1629e2e66f3fc1821d3091865"},"headline":"5.02.13 - RWANDA\/TPIR - LE RWANDA \u00ab EXTREMEMENT DECU \u00bb PAR L\u2019ACQUITTEMENT DE DEUX EX-MINISTRES","datePublished":"2013-02-05T10:15:33+00:00","mainEntityOfPage":{"@id":"https:\/\/www.justiceinfo.net\/fr\/14690-50213-rwandatpir-le-rwanda-extremement-decu-par-lacquittement-de-deux-ex-ministres.html"},"wordCount":609,"commentCount":0,"publisher":{"@id":"https:\/\/www.justiceinfo.net\/fr#organization"},"articleSection":["Hirondelle News"],"inLanguage":"fr-FR","potentialAction":[{"@type":"CommentAction","name":"Comment","target":["https:\/\/www.justiceinfo.net\/fr\/14690-50213-rwandatpir-le-rwanda-extremement-decu-par-lacquittement-de-deux-ex-ministres.html#respond"]}]},{"@type":"WebPage","@id":"https:\/\/www.justiceinfo.net\/fr\/14690-50213-rwandatpir-le-rwanda-extremement-decu-par-lacquittement-de-deux-ex-ministres.html","url":"https:\/\/www.justiceinfo.net\/fr\/14690-50213-rwandatpir-le-rwanda-extremement-decu-par-lacquittement-de-deux-ex-ministres.html","name":"5.02.13 - RWANDA\/TPIR - LE RWANDA \u00ab EXTREMEMENT DECU \u00bb PAR L\u2019ACQUITTEMENT DE DEUX EX-MINISTRES - JusticeInfo.net","isPartOf":{"@id":"https:\/\/www.justiceinfo.net\/fr#website"},"datePublished":"2013-02-05T10:15:33+00:00","breadcrumb":{"@id":"https:\/\/www.justiceinfo.net\/fr\/14690-50213-rwandatpir-le-rwanda-extremement-decu-par-lacquittement-de-deux-ex-ministres.html#breadcrumb"},"inLanguage":"fr-FR","potentialAction":[{"@type":"ReadAction","target":["https:\/\/www.justiceinfo.net\/fr\/14690-50213-rwandatpir-le-rwanda-extremement-decu-par-lacquittement-de-deux-ex-ministres.html"]}]},{"@type":"BreadcrumbList","@id":"https:\/\/www.justiceinfo.net\/fr\/14690-50213-rwandatpir-le-rwanda-extremement-decu-par-lacquittement-de-deux-ex-ministres.html#breadcrumb","itemListElement":[{"@type":"ListItem","position":1,"name":"Home","item":"https:\/\/www.justiceinfo.net\/fr"},{"@type":"ListItem","position":2,"name":"5.02.13 - RWANDA\/TPIR - LE RWANDA \u00ab EXTREMEMENT DECU \u00bb PAR L\u2019ACQUITTEMENT DE DEUX EX-MINISTRES"}]},{"@type":"WebSite","@id":"https:\/\/www.justiceinfo.net\/fr#website","url":"https:\/\/www.justiceinfo.net\/fr","name":"JusticeInfo.net","description":"La justice doit \u00eatre vue pour \u00eatre rendue","publisher":{"@id":"https:\/\/www.justiceinfo.net\/fr#organization"},"potentialAction":[{"@type":"SearchAction","target":{"@type":"EntryPoint","urlTemplate":"https:\/\/www.justiceinfo.net\/fr?s={search_term_string}"},"query-input":{"@type":"PropertyValueSpecification","valueRequired":true,"valueName":"search_term_string"}}],"inLanguage":"fr-FR"},{"@type":"Organization","@id":"https:\/\/www.justiceinfo.net\/fr#organization","name":"Justice Info","url":"https:\/\/www.justiceinfo.net\/fr","logo":{"@type":"ImageObject","inLanguage":"fr-FR","@id":"https:\/\/www.justiceinfo.net\/fr#\/schema\/logo\/image\/","url":"https:\/\/www.justiceinfo.net\/wp-content\/uploads\/justiceinfo_logo-trans_1200x1200px.png","contentUrl":"https:\/\/www.justiceinfo.net\/wp-content\/uploads\/justiceinfo_logo-trans_1200x1200px.png","width":1199,"height":1200,"caption":"Justice Info"},"image":{"@id":"https:\/\/www.justiceinfo.net\/fr#\/schema\/logo\/image\/"},"sameAs":["https:\/\/www.facebook.com\/JusticeInfo\/","https:\/\/x.com\/justiceinfonet","https:\/\/www.linkedin.com\/company\/justice-info","https:\/\/www.youtube.com\/channel\/UCyCEsARodyuWtkWyhn-e7pA"]},{"@type":"Person","name":"solivri","url":"\/fr\/?s=solivri"}]}},"_links":{"self":[{"href":"https:\/\/www.justiceinfo.net\/fr\/wp-json\/wp\/v2\/posts\/14690","targetHints":{"allow":["GET"]}}],"collection":[{"href":"https:\/\/www.justiceinfo.net\/fr\/wp-json\/wp\/v2\/posts"}],"about":[{"href":"https:\/\/www.justiceinfo.net\/fr\/wp-json\/wp\/v2\/types\/post"}],"author":[{"embeddable":true,"href":"https:\/\/www.justiceinfo.net\/fr\/wp-json\/wp\/v2\/users\/64"}],"replies":[{"embeddable":true,"href":"https:\/\/www.justiceinfo.net\/fr\/wp-json\/wp\/v2\/comments?post=14690"}],"version-history":[{"count":0,"href":"https:\/\/www.justiceinfo.net\/fr\/wp-json\/wp\/v2\/posts\/14690\/revisions"}],"wp:attachment":[{"href":"https:\/\/www.justiceinfo.net\/fr\/wp-json\/wp\/v2\/media?parent=14690"}],"wp:term":[{"taxonomy":"category","embeddable":true,"href":"https:\/\/www.justiceinfo.net\/fr\/wp-json\/wp\/v2\/categories?post=14690"},{"taxonomy":"post_tag","embeddable":true,"href":"https:\/\/www.justiceinfo.net\/fr\/wp-json\/wp\/v2\/tags?post=14690"},{"taxonomy":"ji_location","embeddable":true,"href":"https:\/\/www.justiceinfo.net\/fr\/wp-json\/wp\/v2\/ji_location?post=14690"}],"curies":[{"name":"wp","href":"https:\/\/api.w.org\/{rel}","templated":true}]}}