{"id":14692,"date":"2013-02-07T14:26:04","date_gmt":"2013-02-07T13:26:04","guid":{"rendered":"https:\/\/www.justiceinfo.net\/14692-70213-cpingudjolo-ngudjolo-dans-un-centre-de-demandeurs-dasile-a-amsterdam-selon-son-avocat.html"},"modified":"2013-02-07T14:26:04","modified_gmt":"2013-02-07T13:26:04","slug":"70213-cpingudjolo-ngudjolo-dans-un-centre-de-demandeurs-dasile-a-amsterdam-selon-son-avocat","status":"publish","type":"post","link":"https:\/\/www.justiceinfo.net\/fr\/14692-70213-cpingudjolo-ngudjolo-dans-un-centre-de-demandeurs-dasile-a-amsterdam-selon-son-avocat.html","title":{"rendered":"7.02.13 - CPI\/NGUDJOLO - NGUDJOLO DANS UN CENTRE DE DEMANDEURS D\u2019ASILE A AMSTERDAM, SELON SON AVOCAT"},"content":{"rendered":"<p>Arusha, 7 f\u00e9vrier 2013 (FH) \u2013 L\u2019ancien chef milicien congolais Mathieu Ngudjolo, acquitt\u00e9 en d\u00e9cembre 2012 par la Cour p\u00e9nale internationale (CPI) est actuellement \u00ab d\u00e9tenu dans un centre de\u00a0 demandeurs d\u2019asile \u00bb aux Pays-Bas, selon l\u2019un de ses avocats, Jean - Pierre Kilenda.<\/p>\n<p><!--more--><\/p>\n<p>Ngudjolo a \u00e9t\u00e9 acquitt\u00e9 le 18 d\u00e9cembre dernier, faute de preuve de sa responsabilit\u00e9 p\u00e9nale pour crimes contre l\u2019humanit\u00e9 et crimes de guerre perp\u00e9tr\u00e9s lors de l\u2019attaque, en f\u00e9vrier 2003, d\u2019un village de l\u2019Ituri, dans le nord-est de la R\u00e9publique d\u00e9mocratique du Congo (RDC).<\/p>\n<p>Il est sorti de prison trois jours plus tard apr\u00e8s le rejet d\u2019une requ\u00eate du procureur qui demandait qu\u2019il reste au centre de d\u00e9tention de la cour, \u00e0 La Haye, en attendant l\u2019aboutissement de la proc\u00e9dure d\u2019appel.<\/p>\n<p>\u00ab Il est d\u00e9tenu depuis le 21 d\u00e9cembre 2012 dans un centre de demandeurs d\u2019asile \u00bb, a indiqu\u00e9 \u00e0 l\u2019agence Hirondelle son avocat congolais, Jean-Pierre Kilenda. Selon le d\u00e9fenseur, l\u2019acquitt\u00e9 a \u00e9t\u00e9 arr\u00eat\u00e9 par la police n\u00e9erlandaise \u00e0 sa sortie de prison, car il n\u2019avait pas de visa de s\u00e9jour.<\/p>\n<p>Devant les autorit\u00e9s du royaume qui voulaient l\u2019expulser, il a\u00a0 fait valoir \u00ab des risques objectifs de pers\u00e9cution \u00bb dans son pays, la R\u00e9publique d\u00e9mocratique du Congo (RDC), a poursuivi Me Kilenda.<\/p>\n<p>\u00ab Il a donc introduit une demande d\u2019asile, actuellement sous examen. Il re\u00e7oit des visites de ses avocats dans cette proc\u00e9dure n\u00e9erlandaise et de nous, ses avocats devant la CPI \u00bb, a encore indiqu\u00e9 l\u2019homme de loi, joint au t\u00e9l\u00e9phone \u00e0 Paris.<\/p>\n<p>Selon lui, toute la famille de Ngudjolo\u00a0 vit encore en Ituri. A la question de savoir si les membres de cette famille n\u2019\u00e9taient pas menac\u00e9s, l\u2019avocat a r\u00e9pondu : \u00ab Je n\u2019en sais rien \u00bb.<\/p>\n<p>Le milicien congolais \u00e9tait poursuivi pour le massacre de Bogoro, le 24 f\u00e9vrier 2003. Les juges ont \u00e9cart\u00e9 les d\u00e9clarations de trois t\u00e9moins \u00ab cl\u00e9s \u00bb de l\u2019accusation qui avaient \u00e9voqu\u00e9, sous pseudonyme, la pr\u00e9sence de Mathieu Ngudjolo sur les lieux des crimes. \u00ab Les propos qu\u2019ils ont tenus s\u2019av\u00e9raient par trop contradictoires ou impr\u00e9cis pour qu\u2019elle [la chambre] puisse prendre appui sur l\u2019ensemble de leurs d\u00e9positions \u00bb, a d\u00e9clar\u00e9 le pr\u00e9sident de la chambre, le juge Bruno Cotte. Au cours du proc\u00e8s, Ngudjolo avait affirm\u00e9 qu\u2019il ne se trouvait pas \u00e0 Bogoro, mais qu\u2019il proc\u00e9dait \u00e0 un accouchement \u00e0 Kabutso, le jour de l\u2019attaque.<\/p>\n<p>Concernant sa responsabilit\u00e9 pr\u00e9sum\u00e9e de sup\u00e9rieur hi\u00e9rarchique, les juges ont certes conclu que son r\u00f4le d\u00e9passait largement celui d\u2019un simple infirmier. Ils ont cependant estim\u00e9 que les preuves de sa responsabilit\u00e9 p\u00e9nale \u00e9taient absentes du dossier.<\/p>\n<p>ER<\/p>\n","protected":false},"excerpt":{"rendered":"<p>Arusha, 7 f\u00e9vrier 2013 (FH) \u2013 L\u2019ancien chef milicien congolais Mathieu Ngudjolo, acquitt\u00e9 en d\u00e9cembre 2012 par la Cour p\u00e9nale internationale (CPI) est actuellement \u00ab d\u00e9tenu dans un centre de\u00a0 demandeurs d\u2019asile \u00bb aux Pays-Bas, selon l\u2019un de ses avocats, Jean - Pierre Kilenda.<\/p>\n","protected":false},"author":64,"featured_media":0,"comment_status":"open","ping_status":"closed","sticky":false,"template":"","format":"standard","meta":{"_acf_changed":false,"footnotes":""},"categories":[554],"tags":[],"ji_location":[],"class_list":["post-14692","post","type-post","status-publish","format-standard","hentry","category-hirondellenews"],"acf":[],"yoast_head":"<!-- This site is optimized with the Yoast SEO Premium plugin v25.3.1 (Yoast SEO v25.3.1) - https:\/\/yoast.com\/wordpress\/plugins\/seo\/ -->\n<title>7.02.13 - CPI\/NGUDJOLO - NGUDJOLO DANS UN CENTRE DE DEMANDEURS D\u2019ASILE A AMSTERDAM, SELON SON AVOCAT - JusticeInfo.net<\/title>\n<meta name=\"robots\" content=\"index, follow, max-snippet:-1, max-image-preview:large, max-video-preview:-1\" \/>\n<link rel=\"canonical\" href=\"https:\/\/www.justiceinfo.net\/fr\/14692-70213-cpingudjolo-ngudjolo-dans-un-centre-de-demandeurs-dasile-a-amsterdam-selon-son-avocat.html\" \/>\n<meta property=\"og:locale\" content=\"fr_FR\" \/>\n<meta property=\"og:type\" content=\"article\" \/>\n<meta property=\"og:title\" content=\"7.02.13 - CPI\/NGUDJOLO - NGUDJOLO DANS UN CENTRE DE DEMANDEURS D\u2019ASILE A AMSTERDAM, SELON SON AVOCAT\" \/>\n<meta property=\"og:description\" content=\"Arusha, 7 f\u00e9vrier 2013 (FH) \u2013 L\u2019ancien chef milicien congolais Mathieu Ngudjolo, acquitt\u00e9 en d\u00e9cembre 2012 par la Cour p\u00e9nale internationale (CPI) est actuellement \u00ab d\u00e9tenu dans un centre de\u00a0 demandeurs d\u2019asile \u00bb aux Pays-Bas, selon l\u2019un de ses avocats, Jean - Pierre Kilenda.\" \/>\n<meta property=\"og:url\" content=\"https:\/\/www.justiceinfo.net\/fr\/14692-70213-cpingudjolo-ngudjolo-dans-un-centre-de-demandeurs-dasile-a-amsterdam-selon-son-avocat.html\" \/>\n<meta property=\"og:site_name\" content=\"JusticeInfo.net\" \/>\n<meta property=\"article:publisher\" content=\"https:\/\/www.facebook.com\/JusticeInfo\/\" \/>\n<meta property=\"article:published_time\" content=\"2013-02-07T13:26:04+00:00\" \/>\n<meta property=\"og:image\" content=\"https:\/\/www.justiceinfo.net\/wp-content\/uploads\/JusticeInfoNet_logo_1200x630px.jpg\" \/>\n\t<meta property=\"og:image:width\" content=\"1200\" \/>\n\t<meta property=\"og:image:height\" content=\"630\" \/>\n\t<meta property=\"og:image:type\" content=\"image\/jpeg\" \/>\n<meta name=\"author\" content=\"solivri\" \/>\n<meta name=\"twitter:card\" content=\"summary_large_image\" \/>\n<meta name=\"twitter:creator\" content=\"@justiceinfonet\" \/>\n<meta name=\"twitter:site\" content=\"@justiceinfonet\" \/>\n<meta name=\"twitter:label1\" content=\"\u00c9crit par\" \/>\n\t<meta name=\"twitter:data1\" content=\"solivri\" \/>\n\t<meta name=\"twitter:label2\" content=\"Dur\u00e9e de lecture estim\u00e9e\" \/>\n\t<meta name=\"twitter:data2\" content=\"2 minutes\" \/>\n<script type=\"application\/ld+json\" class=\"yoast-schema-graph\">{\"@context\":\"https:\/\/schema.org\",\"@graph\":[{\"@type\":\"NewsArticle\",\"@id\":\"https:\/\/www.justiceinfo.net\/fr\/14692-70213-cpingudjolo-ngudjolo-dans-un-centre-de-demandeurs-dasile-a-amsterdam-selon-son-avocat.html#article\",\"isPartOf\":{\"@id\":\"https:\/\/www.justiceinfo.net\/fr\/14692-70213-cpingudjolo-ngudjolo-dans-un-centre-de-demandeurs-dasile-a-amsterdam-selon-son-avocat.html\"},\"author\":{\"name\":\"solivri\",\"@id\":\"https:\/\/www.justiceinfo.net\/fr#\/schema\/person\/6e53cba1629e2e66f3fc1821d3091865\"},\"headline\":\"7.02.13 - CPI\/NGUDJOLO - NGUDJOLO DANS UN CENTRE DE DEMANDEURS D\u2019ASILE A AMSTERDAM, SELON SON AVOCAT\",\"datePublished\":\"2013-02-07T13:26:04+00:00\",\"mainEntityOfPage\":{\"@id\":\"https:\/\/www.justiceinfo.net\/fr\/14692-70213-cpingudjolo-ngudjolo-dans-un-centre-de-demandeurs-dasile-a-amsterdam-selon-son-avocat.html\"},\"wordCount\":492,\"commentCount\":0,\"publisher\":{\"@id\":\"https:\/\/www.justiceinfo.net\/fr#organization\"},\"articleSection\":[\"Hirondelle News\"],\"inLanguage\":\"fr-FR\",\"potentialAction\":[{\"@type\":\"CommentAction\",\"name\":\"Comment\",\"target\":[\"https:\/\/www.justiceinfo.net\/fr\/14692-70213-cpingudjolo-ngudjolo-dans-un-centre-de-demandeurs-dasile-a-amsterdam-selon-son-avocat.html#respond\"]}]},{\"@type\":\"WebPage\",\"@id\":\"https:\/\/www.justiceinfo.net\/fr\/14692-70213-cpingudjolo-ngudjolo-dans-un-centre-de-demandeurs-dasile-a-amsterdam-selon-son-avocat.html\",\"url\":\"https:\/\/www.justiceinfo.net\/fr\/14692-70213-cpingudjolo-ngudjolo-dans-un-centre-de-demandeurs-dasile-a-amsterdam-selon-son-avocat.html\",\"name\":\"7.02.13 - CPI\/NGUDJOLO - NGUDJOLO DANS UN CENTRE DE DEMANDEURS D\u2019ASILE A AMSTERDAM, SELON SON AVOCAT - JusticeInfo.net\",\"isPartOf\":{\"@id\":\"https:\/\/www.justiceinfo.net\/fr#website\"},\"datePublished\":\"2013-02-07T13:26:04+00:00\",\"breadcrumb\":{\"@id\":\"https:\/\/www.justiceinfo.net\/fr\/14692-70213-cpingudjolo-ngudjolo-dans-un-centre-de-demandeurs-dasile-a-amsterdam-selon-son-avocat.html#breadcrumb\"},\"inLanguage\":\"fr-FR\",\"potentialAction\":[{\"@type\":\"ReadAction\",\"target\":[\"https:\/\/www.justiceinfo.net\/fr\/14692-70213-cpingudjolo-ngudjolo-dans-un-centre-de-demandeurs-dasile-a-amsterdam-selon-son-avocat.html\"]}]},{\"@type\":\"BreadcrumbList\",\"@id\":\"https:\/\/www.justiceinfo.net\/fr\/14692-70213-cpingudjolo-ngudjolo-dans-un-centre-de-demandeurs-dasile-a-amsterdam-selon-son-avocat.html#breadcrumb\",\"itemListElement\":[{\"@type\":\"ListItem\",\"position\":1,\"name\":\"Home\",\"item\":\"https:\/\/www.justiceinfo.net\/fr\"},{\"@type\":\"ListItem\",\"position\":2,\"name\":\"7.02.13 - CPI\/NGUDJOLO - NGUDJOLO DANS UN CENTRE DE DEMANDEURS D\u2019ASILE A AMSTERDAM, SELON SON AVOCAT\"}]},{\"@type\":\"WebSite\",\"@id\":\"https:\/\/www.justiceinfo.net\/fr#website\",\"url\":\"https:\/\/www.justiceinfo.net\/fr\",\"name\":\"JusticeInfo.net\",\"description\":\"La justice doit \u00eatre vue pour \u00eatre rendue\",\"publisher\":{\"@id\":\"https:\/\/www.justiceinfo.net\/fr#organization\"},\"potentialAction\":[{\"@type\":\"SearchAction\",\"target\":{\"@type\":\"EntryPoint\",\"urlTemplate\":\"https:\/\/www.justiceinfo.net\/fr?s={search_term_string}\"},\"query-input\":{\"@type\":\"PropertyValueSpecification\",\"valueRequired\":true,\"valueName\":\"search_term_string\"}}],\"inLanguage\":\"fr-FR\"},{\"@type\":\"Organization\",\"@id\":\"https:\/\/www.justiceinfo.net\/fr#organization\",\"name\":\"Justice Info\",\"url\":\"https:\/\/www.justiceinfo.net\/fr\",\"logo\":{\"@type\":\"ImageObject\",\"inLanguage\":\"fr-FR\",\"@id\":\"https:\/\/www.justiceinfo.net\/fr#\/schema\/logo\/image\/\",\"url\":\"https:\/\/www.justiceinfo.net\/wp-content\/uploads\/justiceinfo_logo-trans_1200x1200px.png\",\"contentUrl\":\"https:\/\/www.justiceinfo.net\/wp-content\/uploads\/justiceinfo_logo-trans_1200x1200px.png\",\"width\":1199,\"height\":1200,\"caption\":\"Justice Info\"},\"image\":{\"@id\":\"https:\/\/www.justiceinfo.net\/fr#\/schema\/logo\/image\/\"},\"sameAs\":[\"https:\/\/www.facebook.com\/JusticeInfo\/\",\"https:\/\/x.com\/justiceinfonet\",\"https:\/\/www.linkedin.com\/company\/justice-info\",\"https:\/\/www.youtube.com\/channel\/UCyCEsARodyuWtkWyhn-e7pA\"]},{\"@type\":\"Person\",\"name\":\"solivri\",\"url\":\"\/fr\/?s=solivri\"}]}<\/script>\n<!-- \/ Yoast SEO Premium plugin. -->","yoast_head_json":{"title":"7.02.13 - CPI\/NGUDJOLO - NGUDJOLO DANS UN CENTRE DE DEMANDEURS D\u2019ASILE A AMSTERDAM, SELON SON AVOCAT - JusticeInfo.net","robots":{"index":"index","follow":"follow","max-snippet":"max-snippet:-1","max-image-preview":"max-image-preview:large","max-video-preview":"max-video-preview:-1"},"canonical":"https:\/\/www.justiceinfo.net\/fr\/14692-70213-cpingudjolo-ngudjolo-dans-un-centre-de-demandeurs-dasile-a-amsterdam-selon-son-avocat.html","og_locale":"fr_FR","og_type":"article","og_title":"7.02.13 - CPI\/NGUDJOLO - NGUDJOLO DANS UN CENTRE DE DEMANDEURS D\u2019ASILE A AMSTERDAM, SELON SON AVOCAT","og_description":"Arusha, 7 f\u00e9vrier 2013 (FH) \u2013 L\u2019ancien chef milicien congolais Mathieu Ngudjolo, acquitt\u00e9 en d\u00e9cembre 2012 par la Cour p\u00e9nale internationale (CPI) est actuellement \u00ab d\u00e9tenu dans un centre de\u00a0 demandeurs d\u2019asile \u00bb aux Pays-Bas, selon l\u2019un de ses avocats, Jean - Pierre Kilenda.","og_url":"https:\/\/www.justiceinfo.net\/fr\/14692-70213-cpingudjolo-ngudjolo-dans-un-centre-de-demandeurs-dasile-a-amsterdam-selon-son-avocat.html","og_site_name":"JusticeInfo.net","article_publisher":"https:\/\/www.facebook.com\/JusticeInfo\/","article_published_time":"2013-02-07T13:26:04+00:00","og_image":[{"width":1200,"height":630,"url":"https:\/\/www.justiceinfo.net\/wp-content\/uploads\/JusticeInfoNet_logo_1200x630px.jpg","type":"image\/jpeg"}],"author":"solivri","twitter_card":"summary_large_image","twitter_creator":"@justiceinfonet","twitter_site":"@justiceinfonet","twitter_misc":{"\u00c9crit par":"solivri","Dur\u00e9e de lecture estim\u00e9e":"2 minutes"},"schema":{"@context":"https:\/\/schema.org","@graph":[{"@type":"NewsArticle","@id":"https:\/\/www.justiceinfo.net\/fr\/14692-70213-cpingudjolo-ngudjolo-dans-un-centre-de-demandeurs-dasile-a-amsterdam-selon-son-avocat.html#article","isPartOf":{"@id":"https:\/\/www.justiceinfo.net\/fr\/14692-70213-cpingudjolo-ngudjolo-dans-un-centre-de-demandeurs-dasile-a-amsterdam-selon-son-avocat.html"},"author":{"name":"solivri","@id":"https:\/\/www.justiceinfo.net\/fr#\/schema\/person\/6e53cba1629e2e66f3fc1821d3091865"},"headline":"7.02.13 - CPI\/NGUDJOLO - NGUDJOLO DANS UN CENTRE DE DEMANDEURS D\u2019ASILE A AMSTERDAM, SELON SON AVOCAT","datePublished":"2013-02-07T13:26:04+00:00","mainEntityOfPage":{"@id":"https:\/\/www.justiceinfo.net\/fr\/14692-70213-cpingudjolo-ngudjolo-dans-un-centre-de-demandeurs-dasile-a-amsterdam-selon-son-avocat.html"},"wordCount":492,"commentCount":0,"publisher":{"@id":"https:\/\/www.justiceinfo.net\/fr#organization"},"articleSection":["Hirondelle News"],"inLanguage":"fr-FR","potentialAction":[{"@type":"CommentAction","name":"Comment","target":["https:\/\/www.justiceinfo.net\/fr\/14692-70213-cpingudjolo-ngudjolo-dans-un-centre-de-demandeurs-dasile-a-amsterdam-selon-son-avocat.html#respond"]}]},{"@type":"WebPage","@id":"https:\/\/www.justiceinfo.net\/fr\/14692-70213-cpingudjolo-ngudjolo-dans-un-centre-de-demandeurs-dasile-a-amsterdam-selon-son-avocat.html","url":"https:\/\/www.justiceinfo.net\/fr\/14692-70213-cpingudjolo-ngudjolo-dans-un-centre-de-demandeurs-dasile-a-amsterdam-selon-son-avocat.html","name":"7.02.13 - CPI\/NGUDJOLO - NGUDJOLO DANS UN CENTRE DE DEMANDEURS D\u2019ASILE A AMSTERDAM, SELON SON AVOCAT - JusticeInfo.net","isPartOf":{"@id":"https:\/\/www.justiceinfo.net\/fr#website"},"datePublished":"2013-02-07T13:26:04+00:00","breadcrumb":{"@id":"https:\/\/www.justiceinfo.net\/fr\/14692-70213-cpingudjolo-ngudjolo-dans-un-centre-de-demandeurs-dasile-a-amsterdam-selon-son-avocat.html#breadcrumb"},"inLanguage":"fr-FR","potentialAction":[{"@type":"ReadAction","target":["https:\/\/www.justiceinfo.net\/fr\/14692-70213-cpingudjolo-ngudjolo-dans-un-centre-de-demandeurs-dasile-a-amsterdam-selon-son-avocat.html"]}]},{"@type":"BreadcrumbList","@id":"https:\/\/www.justiceinfo.net\/fr\/14692-70213-cpingudjolo-ngudjolo-dans-un-centre-de-demandeurs-dasile-a-amsterdam-selon-son-avocat.html#breadcrumb","itemListElement":[{"@type":"ListItem","position":1,"name":"Home","item":"https:\/\/www.justiceinfo.net\/fr"},{"@type":"ListItem","position":2,"name":"7.02.13 - CPI\/NGUDJOLO - NGUDJOLO DANS UN CENTRE DE DEMANDEURS D\u2019ASILE A AMSTERDAM, SELON SON AVOCAT"}]},{"@type":"WebSite","@id":"https:\/\/www.justiceinfo.net\/fr#website","url":"https:\/\/www.justiceinfo.net\/fr","name":"JusticeInfo.net","description":"La justice doit \u00eatre vue pour \u00eatre rendue","publisher":{"@id":"https:\/\/www.justiceinfo.net\/fr#organization"},"potentialAction":[{"@type":"SearchAction","target":{"@type":"EntryPoint","urlTemplate":"https:\/\/www.justiceinfo.net\/fr?s={search_term_string}"},"query-input":{"@type":"PropertyValueSpecification","valueRequired":true,"valueName":"search_term_string"}}],"inLanguage":"fr-FR"},{"@type":"Organization","@id":"https:\/\/www.justiceinfo.net\/fr#organization","name":"Justice Info","url":"https:\/\/www.justiceinfo.net\/fr","logo":{"@type":"ImageObject","inLanguage":"fr-FR","@id":"https:\/\/www.justiceinfo.net\/fr#\/schema\/logo\/image\/","url":"https:\/\/www.justiceinfo.net\/wp-content\/uploads\/justiceinfo_logo-trans_1200x1200px.png","contentUrl":"https:\/\/www.justiceinfo.net\/wp-content\/uploads\/justiceinfo_logo-trans_1200x1200px.png","width":1199,"height":1200,"caption":"Justice Info"},"image":{"@id":"https:\/\/www.justiceinfo.net\/fr#\/schema\/logo\/image\/"},"sameAs":["https:\/\/www.facebook.com\/JusticeInfo\/","https:\/\/x.com\/justiceinfonet","https:\/\/www.linkedin.com\/company\/justice-info","https:\/\/www.youtube.com\/channel\/UCyCEsARodyuWtkWyhn-e7pA"]},{"@type":"Person","name":"solivri","url":"\/fr\/?s=solivri"}]}},"_links":{"self":[{"href":"https:\/\/www.justiceinfo.net\/fr\/wp-json\/wp\/v2\/posts\/14692","targetHints":{"allow":["GET"]}}],"collection":[{"href":"https:\/\/www.justiceinfo.net\/fr\/wp-json\/wp\/v2\/posts"}],"about":[{"href":"https:\/\/www.justiceinfo.net\/fr\/wp-json\/wp\/v2\/types\/post"}],"author":[{"embeddable":true,"href":"https:\/\/www.justiceinfo.net\/fr\/wp-json\/wp\/v2\/users\/64"}],"replies":[{"embeddable":true,"href":"https:\/\/www.justiceinfo.net\/fr\/wp-json\/wp\/v2\/comments?post=14692"}],"version-history":[{"count":0,"href":"https:\/\/www.justiceinfo.net\/fr\/wp-json\/wp\/v2\/posts\/14692\/revisions"}],"wp:attachment":[{"href":"https:\/\/www.justiceinfo.net\/fr\/wp-json\/wp\/v2\/media?parent=14692"}],"wp:term":[{"taxonomy":"category","embeddable":true,"href":"https:\/\/www.justiceinfo.net\/fr\/wp-json\/wp\/v2\/categories?post=14692"},{"taxonomy":"post_tag","embeddable":true,"href":"https:\/\/www.justiceinfo.net\/fr\/wp-json\/wp\/v2\/tags?post=14692"},{"taxonomy":"ji_location","embeddable":true,"href":"https:\/\/www.justiceinfo.net\/fr\/wp-json\/wp\/v2\/ji_location?post=14692"}],"curies":[{"name":"wp","href":"https:\/\/api.w.org\/{rel}","templated":true}]}}