{"id":14700,"date":"2013-02-13T12:32:21","date_gmt":"2013-02-13T11:32:21","guid":{"rendered":"https:\/\/www.justiceinfo.net\/14700-120213-cpi-gbagbo-la-defense-de-gbagbo-demande-le-report-de-laudience-de-confirmation-des-charges.html"},"modified":"2013-02-13T12:32:21","modified_gmt":"2013-02-13T11:32:21","slug":"120213-cpi-gbagbo-la-defense-de-gbagbo-demande-le-report-de-laudience-de-confirmation-des-charges","status":"publish","type":"post","link":"https:\/\/www.justiceinfo.net\/fr\/14700-120213-cpi-gbagbo-la-defense-de-gbagbo-demande-le-report-de-laudience-de-confirmation-des-charges.html","title":{"rendered":"12.02.13 - CPI \/GBAGBO - LA DEFENSE DE GBAGBO DEMANDE LE REPORT DE L\u2019AUDIENCE DE CONFIRMATION DES CHARGES"},"content":{"rendered":"<p>Arusha, 12 f\u00e9vrier 2013 (FH) - La d\u00e9fense de l\u2019ancien pr\u00e9sident ivoirien Laurent Gbagbo accuse la partie adverse de manque de loyaut\u00e9 et demande un report de l\u2019audience de confirmation des charges, fix\u00e9e au mardi 19 f\u00e9vrier.<\/p>\n<p><!--more--><\/p>\n<p>Conduite par le Fran\u00e7ais Emmanuel Altit, la d\u00e9fense reproche au procureur de lui avoir donn\u00e9 plusieurs documents apr\u00e8s le 17 janvier, date qui avait \u00e9t\u00e9 fix\u00e9e par la chambre comme dernier jour de divulgation des \u00e9l\u00e9ments utiles.<\/p>\n<p>Ma\u00eetre Altit et son \u00e9quipe affirment dans leur requ\u00eate consult\u00e9e mardi sur le site internet de la Cour p\u00e9nale internationale (CPI) ne pas disposer du temps n\u00e9cessaire pour lire et analyser d\u00fbment ces documents avant l\u2019audience pr\u00e9vue mardi prochain.<\/p>\n<p>\u00ab Par ces motifs, plaise \u00e0 la chambre pr\u00e9liminaire de constater que si l\u2019audience de confirmation des charges se tenait le 19 f\u00e9vrier 2013, tel qu\u2019initialement pr\u00e9vu, le Pr\u00e9sident Gbagbo serait victime d\u2019une violation de son droit \u00e0 un proc\u00e8s \u00e9quitable \u00bb, \u00e9crit l\u2019\u00e9quipe de d\u00e9fense. Les avocats de l\u2019ancien chef d\u2019Etat demandent \u00ab que l\u2019audience soit repouss\u00e9e \u00e0 la date qu\u2019il plaira \u00e0 la Chambre pr\u00e9liminaire de fixer, post\u00e9rieurement au 19 f\u00e9vrier 2013, afin de pr\u00e9venir de nouvelles violations des droits du Pr\u00e9sident Gbagbo \u00bb. Ma\u00eetre Altit souhaite \u00ab une date qui ne soit pas ant\u00e9rieure au 25 mars \u00bb. L\u2019accusation n\u2019avait pas encore r\u00e9agi mardi. \u00ab Il est mat\u00e9riellement impossible \u00e0 la d\u00e9fense de prendre connaissance et v\u00e9rifier l\u2019ensemble des documents qui lui ont \u00e9t\u00e9 transmis \u00e0 la derni\u00e8re minute par le Procureur \u00bb, \u00e9crit la d\u00e9fense de l\u2019ancien pr\u00e9sident. Pour l\u2019\u00e9quipe de Me Altit, \u00ab beaucoup de ces pi\u00e8ces et documents auraient pu \u00eatre divulgu\u00e9s par le Procureur avant \u00bb, car leur nature et leur date \u00ab indiquent qu\u2019ils sont aux mains du Procureur depuis plusieurs mois \u00bb. Entre temps, le calendrier judiciaire publi\u00e9 sur le site internet de la CPI n\u2019a pas chang\u00e9: l\u2019audience de confirmation des charges port\u00e9es contre Laurent Gbagbo figure toujours au r\u00f4le de la cour pour la journ\u00e9e du 19 f\u00e9vrier.<\/p>\n<p>Le procureur de la CPI cherche \u00e0 poursuivre Gbagbo pour crimes contre l\u2019humanit\u00e9 perp\u00e9tr\u00e9s dans le contexte des violences post- \u00e9lectorales commises en C\u00f4te d\u2019Ivoire entre le 16 d\u00e9cembre 2010 et le 12 avril 2011. Apr\u00e8s l\u2019audience de mardi prochain, la chambre se retirera pour d\u00e9lib\u00e9rer. Elle dira plus tard s\u2019il existe ou non des \u00e9l\u00e9ments suffisants pour renvoyer Gbagbo en proc\u00e8s. C\u2019est donc au procureur de convaincre les juges de la chambre de pr\u00e9liminaire mais la d\u00e9fense a aussi le droit de r\u00e9futer les arguments du procureur. Gbagbo, qui n\u2019est pour l\u2019instant qu\u2019un suspect, pourra \u00e9galement s\u2019adresser aux juges.<\/p>\n<p>\u00a0<\/p>\n<p>ER<\/p>\n<p>\u00a0<\/p>\n","protected":false},"excerpt":{"rendered":"<p>Arusha, 12 f\u00e9vrier 2013 (FH) - La d\u00e9fense de l\u2019ancien pr\u00e9sident ivoirien Laurent Gbagbo accuse la partie adverse de manque de loyaut\u00e9 et demande un report de l\u2019audience de confirmation des charges, fix\u00e9e au mardi 19 f\u00e9vrier.<\/p>\n","protected":false},"author":59,"featured_media":0,"comment_status":"open","ping_status":"closed","sticky":false,"template":"","format":"standard","meta":{"_acf_changed":false,"footnotes":""},"categories":[554],"tags":[],"ji_location":[],"class_list":["post-14700","post","type-post","status-publish","format-standard","hentry","category-hirondellenews"],"acf":[],"yoast_head":"<!-- This site is optimized with the Yoast SEO Premium plugin v25.3.1 (Yoast SEO v25.3.1) - https:\/\/yoast.com\/wordpress\/plugins\/seo\/ -->\n<title>12.02.13 - CPI \/GBAGBO - LA DEFENSE DE GBAGBO DEMANDE LE REPORT DE L\u2019AUDIENCE DE CONFIRMATION DES CHARGES - JusticeInfo.net<\/title>\n<meta name=\"robots\" content=\"index, follow, max-snippet:-1, max-image-preview:large, max-video-preview:-1\" \/>\n<link rel=\"canonical\" href=\"https:\/\/www.justiceinfo.net\/fr\/14700-120213-cpi-gbagbo-la-defense-de-gbagbo-demande-le-report-de-laudience-de-confirmation-des-charges.html\" \/>\n<meta property=\"og:locale\" content=\"fr_FR\" \/>\n<meta property=\"og:type\" content=\"article\" \/>\n<meta property=\"og:title\" content=\"12.02.13 - CPI \/GBAGBO - LA DEFENSE DE GBAGBO DEMANDE LE REPORT DE L\u2019AUDIENCE DE CONFIRMATION DES CHARGES\" \/>\n<meta property=\"og:description\" content=\"Arusha, 12 f\u00e9vrier 2013 (FH) - La d\u00e9fense de l\u2019ancien pr\u00e9sident ivoirien Laurent Gbagbo accuse la partie adverse de manque de loyaut\u00e9 et demande un report de l\u2019audience de confirmation des charges, fix\u00e9e au mardi 19 f\u00e9vrier.\" \/>\n<meta property=\"og:url\" content=\"https:\/\/www.justiceinfo.net\/fr\/14700-120213-cpi-gbagbo-la-defense-de-gbagbo-demande-le-report-de-laudience-de-confirmation-des-charges.html\" \/>\n<meta property=\"og:site_name\" content=\"JusticeInfo.net\" \/>\n<meta property=\"article:publisher\" content=\"https:\/\/www.facebook.com\/JusticeInfo\/\" \/>\n<meta property=\"article:author\" content=\"https:\/\/www.facebook.com\/rugiririza.ephrem.1\" \/>\n<meta property=\"article:published_time\" content=\"2013-02-13T11:32:21+00:00\" \/>\n<meta property=\"og:image\" content=\"https:\/\/www.justiceinfo.net\/wp-content\/uploads\/JusticeInfoNet_logo_1200x630px.jpg\" \/>\n\t<meta property=\"og:image:width\" content=\"1200\" \/>\n\t<meta property=\"og:image:height\" content=\"630\" \/>\n\t<meta property=\"og:image:type\" content=\"image\/jpeg\" \/>\n<meta name=\"author\" content=\"Ephrem Rugiririza\" \/>\n<meta name=\"twitter:card\" content=\"summary_large_image\" \/>\n<meta name=\"twitter:creator\" content=\"@ER72777667\" \/>\n<meta name=\"twitter:site\" content=\"@justiceinfonet\" \/>\n<meta name=\"twitter:label1\" content=\"\u00c9crit par\" \/>\n\t<meta name=\"twitter:data1\" content=\"Ephrem Rugiririza\" \/>\n\t<meta name=\"twitter:label2\" content=\"Dur\u00e9e de lecture estim\u00e9e\" \/>\n\t<meta name=\"twitter:data2\" content=\"2 minutes\" \/>\n<script type=\"application\/ld+json\" class=\"yoast-schema-graph\">{\"@context\":\"https:\/\/schema.org\",\"@graph\":[{\"@type\":\"NewsArticle\",\"@id\":\"https:\/\/www.justiceinfo.net\/fr\/14700-120213-cpi-gbagbo-la-defense-de-gbagbo-demande-le-report-de-laudience-de-confirmation-des-charges.html#article\",\"isPartOf\":{\"@id\":\"https:\/\/www.justiceinfo.net\/fr\/14700-120213-cpi-gbagbo-la-defense-de-gbagbo-demande-le-report-de-laudience-de-confirmation-des-charges.html\"},\"author\":{\"name\":\"erugiririza\",\"@id\":\"https:\/\/www.justiceinfo.net\/fr#\/schema\/person\/3c444bdbf3536fdebfdc6b3a06b2fc4a\"},\"headline\":\"12.02.13 - CPI \/GBAGBO - LA DEFENSE DE GBAGBO DEMANDE LE REPORT DE L\u2019AUDIENCE DE CONFIRMATION DES CHARGES\",\"datePublished\":\"2013-02-13T11:32:21+00:00\",\"mainEntityOfPage\":{\"@id\":\"https:\/\/www.justiceinfo.net\/fr\/14700-120213-cpi-gbagbo-la-defense-de-gbagbo-demande-le-report-de-laudience-de-confirmation-des-charges.html\"},\"wordCount\":502,\"commentCount\":0,\"publisher\":{\"@id\":\"https:\/\/www.justiceinfo.net\/fr#organization\"},\"articleSection\":[\"Hirondelle News\"],\"inLanguage\":\"fr-FR\",\"potentialAction\":[{\"@type\":\"CommentAction\",\"name\":\"Comment\",\"target\":[\"https:\/\/www.justiceinfo.net\/fr\/14700-120213-cpi-gbagbo-la-defense-de-gbagbo-demande-le-report-de-laudience-de-confirmation-des-charges.html#respond\"]}]},{\"@type\":\"WebPage\",\"@id\":\"https:\/\/www.justiceinfo.net\/fr\/14700-120213-cpi-gbagbo-la-defense-de-gbagbo-demande-le-report-de-laudience-de-confirmation-des-charges.html\",\"url\":\"https:\/\/www.justiceinfo.net\/fr\/14700-120213-cpi-gbagbo-la-defense-de-gbagbo-demande-le-report-de-laudience-de-confirmation-des-charges.html\",\"name\":\"12.02.13 - CPI \/GBAGBO - LA DEFENSE DE GBAGBO DEMANDE LE REPORT DE L\u2019AUDIENCE DE CONFIRMATION DES CHARGES - JusticeInfo.net\",\"isPartOf\":{\"@id\":\"https:\/\/www.justiceinfo.net\/fr#website\"},\"datePublished\":\"2013-02-13T11:32:21+00:00\",\"breadcrumb\":{\"@id\":\"https:\/\/www.justiceinfo.net\/fr\/14700-120213-cpi-gbagbo-la-defense-de-gbagbo-demande-le-report-de-laudience-de-confirmation-des-charges.html#breadcrumb\"},\"inLanguage\":\"fr-FR\",\"potentialAction\":[{\"@type\":\"ReadAction\",\"target\":[\"https:\/\/www.justiceinfo.net\/fr\/14700-120213-cpi-gbagbo-la-defense-de-gbagbo-demande-le-report-de-laudience-de-confirmation-des-charges.html\"]}]},{\"@type\":\"BreadcrumbList\",\"@id\":\"https:\/\/www.justiceinfo.net\/fr\/14700-120213-cpi-gbagbo-la-defense-de-gbagbo-demande-le-report-de-laudience-de-confirmation-des-charges.html#breadcrumb\",\"itemListElement\":[{\"@type\":\"ListItem\",\"position\":1,\"name\":\"Home\",\"item\":\"https:\/\/www.justiceinfo.net\/fr\"},{\"@type\":\"ListItem\",\"position\":2,\"name\":\"12.02.13 - CPI \/GBAGBO - LA DEFENSE DE GBAGBO DEMANDE LE REPORT DE L\u2019AUDIENCE DE CONFIRMATION DES CHARGES\"}]},{\"@type\":\"WebSite\",\"@id\":\"https:\/\/www.justiceinfo.net\/fr#website\",\"url\":\"https:\/\/www.justiceinfo.net\/fr\",\"name\":\"JusticeInfo.net\",\"description\":\"La justice doit \u00eatre vue pour \u00eatre rendue\",\"publisher\":{\"@id\":\"https:\/\/www.justiceinfo.net\/fr#organization\"},\"potentialAction\":[{\"@type\":\"SearchAction\",\"target\":{\"@type\":\"EntryPoint\",\"urlTemplate\":\"https:\/\/www.justiceinfo.net\/fr?s={search_term_string}\"},\"query-input\":{\"@type\":\"PropertyValueSpecification\",\"valueRequired\":true,\"valueName\":\"search_term_string\"}}],\"inLanguage\":\"fr-FR\"},{\"@type\":\"Organization\",\"@id\":\"https:\/\/www.justiceinfo.net\/fr#organization\",\"name\":\"Justice Info\",\"url\":\"https:\/\/www.justiceinfo.net\/fr\",\"logo\":{\"@type\":\"ImageObject\",\"inLanguage\":\"fr-FR\",\"@id\":\"https:\/\/www.justiceinfo.net\/fr#\/schema\/logo\/image\/\",\"url\":\"https:\/\/www.justiceinfo.net\/wp-content\/uploads\/justiceinfo_logo-trans_1200x1200px.png\",\"contentUrl\":\"https:\/\/www.justiceinfo.net\/wp-content\/uploads\/justiceinfo_logo-trans_1200x1200px.png\",\"width\":1199,\"height\":1200,\"caption\":\"Justice Info\"},\"image\":{\"@id\":\"https:\/\/www.justiceinfo.net\/fr#\/schema\/logo\/image\/\"},\"sameAs\":[\"https:\/\/www.facebook.com\/JusticeInfo\/\",\"https:\/\/x.com\/justiceinfonet\",\"https:\/\/www.linkedin.com\/company\/justice-info\",\"https:\/\/www.youtube.com\/channel\/UCyCEsARodyuWtkWyhn-e7pA\"]},{\"@type\":\"Person\",\"name\":\"Ephrem Rugiririza\",\"sameAs\":[\"https:\/\/www.facebook.com\/rugiririza.ephrem.1\",\"https:\/\/x.com\/ER72777667\"],\"url\":\"https:\/\/www.justiceinfo.net\/fr\/auteur\/erugiririza\"}]}<\/script>\n<!-- \/ Yoast SEO Premium plugin. -->","yoast_head_json":{"title":"12.02.13 - CPI \/GBAGBO - LA DEFENSE DE GBAGBO DEMANDE LE REPORT DE L\u2019AUDIENCE DE CONFIRMATION DES CHARGES - JusticeInfo.net","robots":{"index":"index","follow":"follow","max-snippet":"max-snippet:-1","max-image-preview":"max-image-preview:large","max-video-preview":"max-video-preview:-1"},"canonical":"https:\/\/www.justiceinfo.net\/fr\/14700-120213-cpi-gbagbo-la-defense-de-gbagbo-demande-le-report-de-laudience-de-confirmation-des-charges.html","og_locale":"fr_FR","og_type":"article","og_title":"12.02.13 - CPI \/GBAGBO - LA DEFENSE DE GBAGBO DEMANDE LE REPORT DE L\u2019AUDIENCE DE CONFIRMATION DES CHARGES","og_description":"Arusha, 12 f\u00e9vrier 2013 (FH) - La d\u00e9fense de l\u2019ancien pr\u00e9sident ivoirien Laurent Gbagbo accuse la partie adverse de manque de loyaut\u00e9 et demande un report de l\u2019audience de confirmation des charges, fix\u00e9e au mardi 19 f\u00e9vrier.","og_url":"https:\/\/www.justiceinfo.net\/fr\/14700-120213-cpi-gbagbo-la-defense-de-gbagbo-demande-le-report-de-laudience-de-confirmation-des-charges.html","og_site_name":"JusticeInfo.net","article_publisher":"https:\/\/www.facebook.com\/JusticeInfo\/","article_author":"https:\/\/www.facebook.com\/rugiririza.ephrem.1","article_published_time":"2013-02-13T11:32:21+00:00","og_image":[{"width":1200,"height":630,"url":"https:\/\/www.justiceinfo.net\/wp-content\/uploads\/JusticeInfoNet_logo_1200x630px.jpg","type":"image\/jpeg"}],"author":"Ephrem Rugiririza","twitter_card":"summary_large_image","twitter_creator":"@ER72777667","twitter_site":"@justiceinfonet","twitter_misc":{"\u00c9crit par":"Ephrem Rugiririza","Dur\u00e9e de lecture estim\u00e9e":"2 minutes"},"schema":{"@context":"https:\/\/schema.org","@graph":[{"@type":"NewsArticle","@id":"https:\/\/www.justiceinfo.net\/fr\/14700-120213-cpi-gbagbo-la-defense-de-gbagbo-demande-le-report-de-laudience-de-confirmation-des-charges.html#article","isPartOf":{"@id":"https:\/\/www.justiceinfo.net\/fr\/14700-120213-cpi-gbagbo-la-defense-de-gbagbo-demande-le-report-de-laudience-de-confirmation-des-charges.html"},"author":{"name":"erugiririza","@id":"https:\/\/www.justiceinfo.net\/fr#\/schema\/person\/3c444bdbf3536fdebfdc6b3a06b2fc4a"},"headline":"12.02.13 - CPI \/GBAGBO - LA DEFENSE DE GBAGBO DEMANDE LE REPORT DE L\u2019AUDIENCE DE CONFIRMATION DES CHARGES","datePublished":"2013-02-13T11:32:21+00:00","mainEntityOfPage":{"@id":"https:\/\/www.justiceinfo.net\/fr\/14700-120213-cpi-gbagbo-la-defense-de-gbagbo-demande-le-report-de-laudience-de-confirmation-des-charges.html"},"wordCount":502,"commentCount":0,"publisher":{"@id":"https:\/\/www.justiceinfo.net\/fr#organization"},"articleSection":["Hirondelle News"],"inLanguage":"fr-FR","potentialAction":[{"@type":"CommentAction","name":"Comment","target":["https:\/\/www.justiceinfo.net\/fr\/14700-120213-cpi-gbagbo-la-defense-de-gbagbo-demande-le-report-de-laudience-de-confirmation-des-charges.html#respond"]}]},{"@type":"WebPage","@id":"https:\/\/www.justiceinfo.net\/fr\/14700-120213-cpi-gbagbo-la-defense-de-gbagbo-demande-le-report-de-laudience-de-confirmation-des-charges.html","url":"https:\/\/www.justiceinfo.net\/fr\/14700-120213-cpi-gbagbo-la-defense-de-gbagbo-demande-le-report-de-laudience-de-confirmation-des-charges.html","name":"12.02.13 - CPI \/GBAGBO - LA DEFENSE DE GBAGBO DEMANDE LE REPORT DE L\u2019AUDIENCE DE CONFIRMATION DES CHARGES - JusticeInfo.net","isPartOf":{"@id":"https:\/\/www.justiceinfo.net\/fr#website"},"datePublished":"2013-02-13T11:32:21+00:00","breadcrumb":{"@id":"https:\/\/www.justiceinfo.net\/fr\/14700-120213-cpi-gbagbo-la-defense-de-gbagbo-demande-le-report-de-laudience-de-confirmation-des-charges.html#breadcrumb"},"inLanguage":"fr-FR","potentialAction":[{"@type":"ReadAction","target":["https:\/\/www.justiceinfo.net\/fr\/14700-120213-cpi-gbagbo-la-defense-de-gbagbo-demande-le-report-de-laudience-de-confirmation-des-charges.html"]}]},{"@type":"BreadcrumbList","@id":"https:\/\/www.justiceinfo.net\/fr\/14700-120213-cpi-gbagbo-la-defense-de-gbagbo-demande-le-report-de-laudience-de-confirmation-des-charges.html#breadcrumb","itemListElement":[{"@type":"ListItem","position":1,"name":"Home","item":"https:\/\/www.justiceinfo.net\/fr"},{"@type":"ListItem","position":2,"name":"12.02.13 - CPI \/GBAGBO - LA DEFENSE DE GBAGBO DEMANDE LE REPORT DE L\u2019AUDIENCE DE CONFIRMATION DES CHARGES"}]},{"@type":"WebSite","@id":"https:\/\/www.justiceinfo.net\/fr#website","url":"https:\/\/www.justiceinfo.net\/fr","name":"JusticeInfo.net","description":"La justice doit \u00eatre vue pour \u00eatre rendue","publisher":{"@id":"https:\/\/www.justiceinfo.net\/fr#organization"},"potentialAction":[{"@type":"SearchAction","target":{"@type":"EntryPoint","urlTemplate":"https:\/\/www.justiceinfo.net\/fr?s={search_term_string}"},"query-input":{"@type":"PropertyValueSpecification","valueRequired":true,"valueName":"search_term_string"}}],"inLanguage":"fr-FR"},{"@type":"Organization","@id":"https:\/\/www.justiceinfo.net\/fr#organization","name":"Justice Info","url":"https:\/\/www.justiceinfo.net\/fr","logo":{"@type":"ImageObject","inLanguage":"fr-FR","@id":"https:\/\/www.justiceinfo.net\/fr#\/schema\/logo\/image\/","url":"https:\/\/www.justiceinfo.net\/wp-content\/uploads\/justiceinfo_logo-trans_1200x1200px.png","contentUrl":"https:\/\/www.justiceinfo.net\/wp-content\/uploads\/justiceinfo_logo-trans_1200x1200px.png","width":1199,"height":1200,"caption":"Justice Info"},"image":{"@id":"https:\/\/www.justiceinfo.net\/fr#\/schema\/logo\/image\/"},"sameAs":["https:\/\/www.facebook.com\/JusticeInfo\/","https:\/\/x.com\/justiceinfonet","https:\/\/www.linkedin.com\/company\/justice-info","https:\/\/www.youtube.com\/channel\/UCyCEsARodyuWtkWyhn-e7pA"]},{"@type":"Person","name":"Ephrem Rugiririza","sameAs":["https:\/\/www.facebook.com\/rugiririza.ephrem.1","https:\/\/x.com\/ER72777667"],"url":"https:\/\/www.justiceinfo.net\/fr\/auteur\/erugiririza"}]}},"_links":{"self":[{"href":"https:\/\/www.justiceinfo.net\/fr\/wp-json\/wp\/v2\/posts\/14700","targetHints":{"allow":["GET"]}}],"collection":[{"href":"https:\/\/www.justiceinfo.net\/fr\/wp-json\/wp\/v2\/posts"}],"about":[{"href":"https:\/\/www.justiceinfo.net\/fr\/wp-json\/wp\/v2\/types\/post"}],"author":[{"embeddable":true,"href":"https:\/\/www.justiceinfo.net\/fr\/wp-json\/wp\/v2\/users\/59"}],"replies":[{"embeddable":true,"href":"https:\/\/www.justiceinfo.net\/fr\/wp-json\/wp\/v2\/comments?post=14700"}],"version-history":[{"count":0,"href":"https:\/\/www.justiceinfo.net\/fr\/wp-json\/wp\/v2\/posts\/14700\/revisions"}],"wp:attachment":[{"href":"https:\/\/www.justiceinfo.net\/fr\/wp-json\/wp\/v2\/media?parent=14700"}],"wp:term":[{"taxonomy":"category","embeddable":true,"href":"https:\/\/www.justiceinfo.net\/fr\/wp-json\/wp\/v2\/categories?post=14700"},{"taxonomy":"post_tag","embeddable":true,"href":"https:\/\/www.justiceinfo.net\/fr\/wp-json\/wp\/v2\/tags?post=14700"},{"taxonomy":"ji_location","embeddable":true,"href":"https:\/\/www.justiceinfo.net\/fr\/wp-json\/wp\/v2\/ji_location?post=14700"}],"curies":[{"name":"wp","href":"https:\/\/api.w.org\/{rel}","templated":true}]}}