{"id":1471,"date":"2015-08-04T07:53:05","date_gmt":"2015-08-04T05:53:05","guid":{"rendered":"https:\/\/www.justiceinfo.net\/1471-burundi-un-activiste-blesse-par-balles-au-lendemain-de-l-agression-d-un-journaliste.html"},"modified":"2015-08-04T07:53:05","modified_gmt":"2015-08-04T05:53:05","slug":"burundi-un-activiste-blesse-par-balles-au-lendemain-de-l-agression-d-un-journaliste","status":"publish","type":"post","link":"https:\/\/www.justiceinfo.net\/fr\/1471-burundi-un-activiste-blesse-par-balles-au-lendemain-de-l-agression-d-un-journaliste.html","title":{"rendered":"Burundi : un activiste bless\u00e9 par balles au lendemain de l'agression d'un journaliste"},"content":{"rendered":"<p>Alors que le journaliste Esdras Ndikumana souffrait encore de coups et blessures apr\u00e8s avoir \u00e9t\u00e9 agress\u00e9 la veille au matin \u00e0 Bujumbura par des \u00e9l\u00e9ments des forces de l'ordre, le d\u00e9fenseur des droits humains Pierre Claver Mbonimpa a \u00e9t\u00e9 bless\u00e9 par balles lundi soir toujours dans la capitale burundaise.<\/p>\n<p>Le d\u00e9fenseur des droits de l'homme est actuellement en soins intensifs, selon l'organisation Human Rights Watch (HRW). \u00ab Nous sommes choqu\u00e9s par cette attaque flagrante contre l'un des activistes les plus \u00e9minents et respect\u00e9s du Burundi \u00bb, d\u00e9clare Daniel Bekele, directeur Afrique de Human Rights Watch. \u00ab Les autorit\u00e9s burundaises doivent imm\u00e9diatement prendre des mesures pour garantir la s\u00e9curit\u00e9 et la protection de Pierre Claver Mbonimpa\u00bb, ajoute M. Bekele, dans un communiqu\u00e9 publi\u00e9 mardi.<\/p>\n<p>Selon HRW, des rumeurs circulaient lundi matin sur les r\u00e9seaux sociaux indiquant que Mbonimpa avait \u00e9t\u00e9 fusill\u00e9 ou arr\u00eat\u00e9. Le militant des droits de l'homme \u00e9tait pourtant \u00e0 son travail comme \u00e0 son habitude.<\/p>\n<p>Vers 17h30, apr\u00e8s avoir quitt\u00e9 son bureau, il a \u00e9t\u00e9 vis\u00e9 par un homme non identifi\u00e9 \u00e0 moto, qui a tir\u00e9 sur sa voiture, le blessant au visage et au cou. Mbonimpa a \u00e9t\u00e9 imm\u00e9diatement transf\u00e9r\u00e9 \u00e0 l'h\u00f4pital.<\/p>\n<p>Pr\u00e9sident de l'Association pour la protection des droits humains et des personnes d\u00e9tenues (APRODH), Mbonimpa, aujourd'hui \u00e2g\u00e9 de 67 ans, est l'un des d\u00e9fenseurs des droits humains les plus respect\u00e9s dans son pays.<\/p>\n<p>Il avait \u00e9t\u00e9 arr\u00eat\u00e9 en mai 2014 et accus\u00e9 d'atteinte \u00e0 la s\u00fbret\u00e9 de l'Etat suite \u00e0 des propos tenus \u00e0 la radio. Il avait par la suite \u00e9t\u00e9 lib\u00e9r\u00e9 provisoirement pour raisons de sant\u00e9.<\/p>\n<p>Alors que la plupart des d\u00e9fenseurs des droits humains et des journalistes burundais ont pris le chemin de l'exil apr\u00e8s le d\u00e9clenchement de la r\u00e9pression men\u00e9e par le gouvernement contre les opposants au troisi\u00e8me mandat controvers\u00e9 du pr\u00e9sident Pierre Nkurunziza, Mbonimpa est l'un des rares \u00e0 avoir choisi de rester au Burundi.<\/p>\n<p>L'attaque contre l'activiste a eu lieu juste un jour apr\u00e8s l'assassinat \u00e0 Bujumbura - m\u00eame de l'ancien chef des services de renseignement, le g\u00e9n\u00e9ral Adolphe Nshimirimana, un personnage puissant, alli\u00e9 du pr\u00e9sident Nkurunziza.<\/p>\n<p>\u00ab\u00a0Ces deux \u00e9v\u00e9nements sont susceptibles de provoquer de nouvelles tensions dans un contexte politique et s\u00e9curitaire qui se d\u00e9t\u00e9riore rapidement\u00a0\u00bb, avertit Human Rights Watch.<\/p>\n<p>Dans le cadre de son travail habituel de reporter, le journaliste Esdras Ndikumana, correspondant de RFI et de l'AFP, s'\u00e9tait rendu dimanche sur les lieux de l'attaque ayant co\u00fbt\u00e9 la vie plus t\u00f4t au g\u00e9n\u00e9ral Adolphe Nshimirimana.<\/p>\n<p>Alors qu'il prenait des photos, il a \u00e9t\u00e9 arr\u00eat\u00e9 et rou\u00e9 de coups par les forces de s\u00e9curit\u00e9 gouvernementales en pr\u00e9sence de plusieurs d\u00e9put\u00e9s et repr\u00e9sentants gouvernementaux.<\/p>\n<p>Le pr\u00e9sident Nkurunziza a gagn\u00e9 les \u00e9lections du mois dernier, qu'il a organis\u00e9e en d\u00e9pit d'un mouvement de protestation sans pr\u00e9c\u00e9dent de l'opposition et de la soci\u00e9t\u00e9 civile ainsi que de nombreux appels de la communaut\u00e9 internationale qui demandait un report.<\/p>\n<p>Des dizaines de personnes ont \u00e9t\u00e9 tu\u00e9es lors de ces manifestations de l'opposition et de la soci\u00e9t\u00e9 civile qui ont \u00e9t\u00e9 parfois violemment r\u00e9prim\u00e9es par la police.<\/p>\n<p>\u00a0<\/p>\n","protected":false},"excerpt":{"rendered":"<p>Alors que le journaliste Esdras Ndikumana souffrait encore de coups et blessures apr\u00e8s avoir \u00e9t\u00e9 agress\u00e9 la veille au matin \u00e0 Bujumbura par des \u00e9l\u00e9ments des forces de l'ordre, le d\u00e9fenseur des droits humains Pierre Claver Mbonimpa a \u00e9t\u00e9 bless\u00e9 par balles lundi soir toujours dans la capitale burundaise. Le d\u00e9fenseur des droits de l'homme [&hellip;]<\/p>\n","protected":false},"author":59,"featured_media":67636,"comment_status":"open","ping_status":"closed","sticky":false,"template":"","format":"standard","meta":{"_acf_changed":false,"footnotes":""},"categories":[549],"tags":[],"ji_location":[2152],"class_list":["post-1471","post","type-post","status-publish","format-standard","has-post-thumbnail","hentry","category-reconciliation","ji_location-burundi"],"acf":[],"yoast_head":"<!-- This site is optimized with the Yoast SEO Premium plugin v25.3.1 (Yoast SEO v25.3.1) - https:\/\/yoast.com\/wordpress\/plugins\/seo\/ -->\n<title>Burundi : un activiste bless\u00e9 par balles au lendemain de l&#039;agression d&#039;un journaliste - JusticeInfo.net<\/title>\n<meta name=\"robots\" content=\"index, follow, max-snippet:-1, max-image-preview:large, max-video-preview:-1\" \/>\n<link rel=\"canonical\" href=\"https:\/\/www.justiceinfo.net\/fr\/1471-burundi-un-activiste-blesse-par-balles-au-lendemain-de-l-agression-d-un-journaliste.html\" \/>\n<meta property=\"og:locale\" content=\"fr_FR\" \/>\n<meta property=\"og:type\" content=\"article\" \/>\n<meta property=\"og:title\" content=\"Burundi : un activiste bless\u00e9 par balles au lendemain de l&#039;agression d&#039;un journaliste\" \/>\n<meta property=\"og:description\" content=\"Alors que le journaliste Esdras Ndikumana souffrait encore de coups et blessures apr\u00e8s avoir \u00e9t\u00e9 agress\u00e9 la veille au matin \u00e0 Bujumbura par des \u00e9l\u00e9ments des forces de l&#039;ordre, le d\u00e9fenseur des droits humains Pierre Claver Mbonimpa a \u00e9t\u00e9 bless\u00e9 par balles lundi soir toujours dans la capitale burundaise. Le d\u00e9fenseur des droits de l&#039;homme [&hellip;]\" \/>\n<meta property=\"og:url\" content=\"https:\/\/www.justiceinfo.net\/fr\/1471-burundi-un-activiste-blesse-par-balles-au-lendemain-de-l-agression-d-un-journaliste.html\" \/>\n<meta property=\"og:site_name\" content=\"JusticeInfo.net\" \/>\n<meta property=\"article:publisher\" content=\"https:\/\/www.facebook.com\/JusticeInfo\/\" \/>\n<meta property=\"article:author\" content=\"https:\/\/www.facebook.com\/rugiririza.ephrem.1\" \/>\n<meta property=\"article:published_time\" content=\"2015-08-04T05:53:05+00:00\" \/>\n<meta property=\"og:image\" content=\"https:\/\/www.justiceinfo.net\/wp-content\/uploads\/32c2bfee790e49c093a0c22e10399cc8.jpg\" \/>\n\t<meta property=\"og:image:width\" content=\"2048\" \/>\n\t<meta property=\"og:image:height\" content=\"1360\" \/>\n\t<meta property=\"og:image:type\" content=\"image\/jpeg\" \/>\n<meta name=\"author\" content=\"Ephrem Rugiririza, JusticeInfo.net\" \/>\n<meta name=\"twitter:card\" content=\"summary_large_image\" \/>\n<meta name=\"twitter:creator\" content=\"@ER72777667\" \/>\n<meta name=\"twitter:site\" content=\"@justiceinfonet\" \/>\n<meta name=\"twitter:label1\" content=\"\u00c9crit par\" \/>\n\t<meta name=\"twitter:data1\" content=\"Ephrem Rugiririza, JusticeInfo.net\" \/>\n\t<meta name=\"twitter:label2\" content=\"Dur\u00e9e de lecture estim\u00e9e\" \/>\n\t<meta name=\"twitter:data2\" content=\"3 minutes\" \/>\n<script type=\"application\/ld+json\" class=\"yoast-schema-graph\">{\"@context\":\"https:\/\/schema.org\",\"@graph\":[{\"@type\":\"NewsArticle\",\"@id\":\"https:\/\/www.justiceinfo.net\/fr\/1471-burundi-un-activiste-blesse-par-balles-au-lendemain-de-l-agression-d-un-journaliste.html#article\",\"isPartOf\":{\"@id\":\"https:\/\/www.justiceinfo.net\/fr\/1471-burundi-un-activiste-blesse-par-balles-au-lendemain-de-l-agression-d-un-journaliste.html\"},\"author\":{\"name\":\"erugiririza\",\"@id\":\"https:\/\/www.justiceinfo.net\/fr#\/schema\/person\/3c444bdbf3536fdebfdc6b3a06b2fc4a\"},\"headline\":\"Burundi : un activiste bless\u00e9 par balles au lendemain de l'agression d'un journaliste\",\"datePublished\":\"2015-08-04T05:53:05+00:00\",\"mainEntityOfPage\":{\"@id\":\"https:\/\/www.justiceinfo.net\/fr\/1471-burundi-un-activiste-blesse-par-balles-au-lendemain-de-l-agression-d-un-journaliste.html\"},\"wordCount\":587,\"commentCount\":0,\"publisher\":{\"@id\":\"https:\/\/www.justiceinfo.net\/fr#organization\"},\"image\":{\"@id\":\"https:\/\/www.justiceinfo.net\/fr\/1471-burundi-un-activiste-blesse-par-balles-au-lendemain-de-l-agression-d-un-journaliste.html#primaryimage\"},\"thumbnailUrl\":\"https:\/\/www.justiceinfo.net\/wp-content\/uploads\/32c2bfee790e49c093a0c22e10399cc8.jpg\",\"articleSection\":[\"R\u00e9conciliation\"],\"inLanguage\":\"fr-FR\",\"potentialAction\":[{\"@type\":\"CommentAction\",\"name\":\"Comment\",\"target\":[\"https:\/\/www.justiceinfo.net\/fr\/1471-burundi-un-activiste-blesse-par-balles-au-lendemain-de-l-agression-d-un-journaliste.html#respond\"]}]},{\"@type\":\"WebPage\",\"@id\":\"https:\/\/www.justiceinfo.net\/fr\/1471-burundi-un-activiste-blesse-par-balles-au-lendemain-de-l-agression-d-un-journaliste.html\",\"url\":\"https:\/\/www.justiceinfo.net\/fr\/1471-burundi-un-activiste-blesse-par-balles-au-lendemain-de-l-agression-d-un-journaliste.html\",\"name\":\"Burundi : un activiste bless\u00e9 par balles au lendemain de l'agression d'un journaliste - JusticeInfo.net\",\"isPartOf\":{\"@id\":\"https:\/\/www.justiceinfo.net\/fr#website\"},\"primaryImageOfPage\":{\"@id\":\"https:\/\/www.justiceinfo.net\/fr\/1471-burundi-un-activiste-blesse-par-balles-au-lendemain-de-l-agression-d-un-journaliste.html#primaryimage\"},\"image\":{\"@id\":\"https:\/\/www.justiceinfo.net\/fr\/1471-burundi-un-activiste-blesse-par-balles-au-lendemain-de-l-agression-d-un-journaliste.html#primaryimage\"},\"thumbnailUrl\":\"https:\/\/www.justiceinfo.net\/wp-content\/uploads\/32c2bfee790e49c093a0c22e10399cc8.jpg\",\"datePublished\":\"2015-08-04T05:53:05+00:00\",\"breadcrumb\":{\"@id\":\"https:\/\/www.justiceinfo.net\/fr\/1471-burundi-un-activiste-blesse-par-balles-au-lendemain-de-l-agression-d-un-journaliste.html#breadcrumb\"},\"inLanguage\":\"fr-FR\",\"potentialAction\":[{\"@type\":\"ReadAction\",\"target\":[\"https:\/\/www.justiceinfo.net\/fr\/1471-burundi-un-activiste-blesse-par-balles-au-lendemain-de-l-agression-d-un-journaliste.html\"]}]},{\"@type\":\"ImageObject\",\"inLanguage\":\"fr-FR\",\"@id\":\"https:\/\/www.justiceinfo.net\/fr\/1471-burundi-un-activiste-blesse-par-balles-au-lendemain-de-l-agression-d-un-journaliste.html#primaryimage\",\"url\":\"https:\/\/www.justiceinfo.net\/wp-content\/uploads\/32c2bfee790e49c093a0c22e10399cc8.jpg\",\"contentUrl\":\"https:\/\/www.justiceinfo.net\/wp-content\/uploads\/32c2bfee790e49c093a0c22e10399cc8.jpg\",\"width\":2048,\"height\":1360},{\"@type\":\"BreadcrumbList\",\"@id\":\"https:\/\/www.justiceinfo.net\/fr\/1471-burundi-un-activiste-blesse-par-balles-au-lendemain-de-l-agression-d-un-journaliste.html#breadcrumb\",\"itemListElement\":[{\"@type\":\"ListItem\",\"position\":1,\"name\":\"Home\",\"item\":\"https:\/\/www.justiceinfo.net\/fr\"},{\"@type\":\"ListItem\",\"position\":2,\"name\":\"Burundi : un activiste bless\u00e9 par balles au lendemain de l'agression d'un journaliste\"}]},{\"@type\":\"WebSite\",\"@id\":\"https:\/\/www.justiceinfo.net\/fr#website\",\"url\":\"https:\/\/www.justiceinfo.net\/fr\",\"name\":\"JusticeInfo.net\",\"description\":\"La justice doit \u00eatre vue pour \u00eatre rendue\",\"publisher\":{\"@id\":\"https:\/\/www.justiceinfo.net\/fr#organization\"},\"potentialAction\":[{\"@type\":\"SearchAction\",\"target\":{\"@type\":\"EntryPoint\",\"urlTemplate\":\"https:\/\/www.justiceinfo.net\/fr?s={search_term_string}\"},\"query-input\":{\"@type\":\"PropertyValueSpecification\",\"valueRequired\":true,\"valueName\":\"search_term_string\"}}],\"inLanguage\":\"fr-FR\"},{\"@type\":\"Organization\",\"@id\":\"https:\/\/www.justiceinfo.net\/fr#organization\",\"name\":\"Justice Info\",\"url\":\"https:\/\/www.justiceinfo.net\/fr\",\"logo\":{\"@type\":\"ImageObject\",\"inLanguage\":\"fr-FR\",\"@id\":\"https:\/\/www.justiceinfo.net\/fr#\/schema\/logo\/image\/\",\"url\":\"https:\/\/www.justiceinfo.net\/wp-content\/uploads\/justiceinfo_logo-trans_1200x1200px.png\",\"contentUrl\":\"https:\/\/www.justiceinfo.net\/wp-content\/uploads\/justiceinfo_logo-trans_1200x1200px.png\",\"width\":1199,\"height\":1200,\"caption\":\"Justice Info\"},\"image\":{\"@id\":\"https:\/\/www.justiceinfo.net\/fr#\/schema\/logo\/image\/\"},\"sameAs\":[\"https:\/\/www.facebook.com\/JusticeInfo\/\",\"https:\/\/x.com\/justiceinfonet\",\"https:\/\/www.linkedin.com\/company\/justice-info\",\"https:\/\/www.youtube.com\/channel\/UCyCEsARodyuWtkWyhn-e7pA\"]},{\"@type\":\"Person\",\"name\":\"Ephrem Rugiririza, JusticeInfo.net\",\"sameAs\":[\"https:\/\/www.facebook.com\/rugiririza.ephrem.1\",\"https:\/\/x.com\/ER72777667\"],\"url\":\"https:\/\/www.justiceinfo.net\/fr\/auteur\/erugiririza\"}]}<\/script>\n<!-- \/ Yoast SEO Premium plugin. -->","yoast_head_json":{"title":"Burundi : un activiste bless\u00e9 par balles au lendemain de l'agression d'un journaliste - JusticeInfo.net","robots":{"index":"index","follow":"follow","max-snippet":"max-snippet:-1","max-image-preview":"max-image-preview:large","max-video-preview":"max-video-preview:-1"},"canonical":"https:\/\/www.justiceinfo.net\/fr\/1471-burundi-un-activiste-blesse-par-balles-au-lendemain-de-l-agression-d-un-journaliste.html","og_locale":"fr_FR","og_type":"article","og_title":"Burundi : un activiste bless\u00e9 par balles au lendemain de l'agression d'un journaliste","og_description":"Alors que le journaliste Esdras Ndikumana souffrait encore de coups et blessures apr\u00e8s avoir \u00e9t\u00e9 agress\u00e9 la veille au matin \u00e0 Bujumbura par des \u00e9l\u00e9ments des forces de l'ordre, le d\u00e9fenseur des droits humains Pierre Claver Mbonimpa a \u00e9t\u00e9 bless\u00e9 par balles lundi soir toujours dans la capitale burundaise. Le d\u00e9fenseur des droits de l'homme [&hellip;]","og_url":"https:\/\/www.justiceinfo.net\/fr\/1471-burundi-un-activiste-blesse-par-balles-au-lendemain-de-l-agression-d-un-journaliste.html","og_site_name":"JusticeInfo.net","article_publisher":"https:\/\/www.facebook.com\/JusticeInfo\/","article_author":"https:\/\/www.facebook.com\/rugiririza.ephrem.1","article_published_time":"2015-08-04T05:53:05+00:00","og_image":[{"width":2048,"height":1360,"url":"https:\/\/www.justiceinfo.net\/wp-content\/uploads\/32c2bfee790e49c093a0c22e10399cc8.jpg","type":"image\/jpeg"}],"author":"Ephrem Rugiririza, JusticeInfo.net","twitter_card":"summary_large_image","twitter_creator":"@ER72777667","twitter_site":"@justiceinfonet","twitter_misc":{"\u00c9crit par":"Ephrem Rugiririza, JusticeInfo.net","Dur\u00e9e de lecture estim\u00e9e":"3 minutes"},"schema":{"@context":"https:\/\/schema.org","@graph":[{"@type":"NewsArticle","@id":"https:\/\/www.justiceinfo.net\/fr\/1471-burundi-un-activiste-blesse-par-balles-au-lendemain-de-l-agression-d-un-journaliste.html#article","isPartOf":{"@id":"https:\/\/www.justiceinfo.net\/fr\/1471-burundi-un-activiste-blesse-par-balles-au-lendemain-de-l-agression-d-un-journaliste.html"},"author":{"name":"erugiririza","@id":"https:\/\/www.justiceinfo.net\/fr#\/schema\/person\/3c444bdbf3536fdebfdc6b3a06b2fc4a"},"headline":"Burundi : un activiste bless\u00e9 par balles au lendemain de l'agression d'un journaliste","datePublished":"2015-08-04T05:53:05+00:00","mainEntityOfPage":{"@id":"https:\/\/www.justiceinfo.net\/fr\/1471-burundi-un-activiste-blesse-par-balles-au-lendemain-de-l-agression-d-un-journaliste.html"},"wordCount":587,"commentCount":0,"publisher":{"@id":"https:\/\/www.justiceinfo.net\/fr#organization"},"image":{"@id":"https:\/\/www.justiceinfo.net\/fr\/1471-burundi-un-activiste-blesse-par-balles-au-lendemain-de-l-agression-d-un-journaliste.html#primaryimage"},"thumbnailUrl":"https:\/\/www.justiceinfo.net\/wp-content\/uploads\/32c2bfee790e49c093a0c22e10399cc8.jpg","articleSection":["R\u00e9conciliation"],"inLanguage":"fr-FR","potentialAction":[{"@type":"CommentAction","name":"Comment","target":["https:\/\/www.justiceinfo.net\/fr\/1471-burundi-un-activiste-blesse-par-balles-au-lendemain-de-l-agression-d-un-journaliste.html#respond"]}]},{"@type":"WebPage","@id":"https:\/\/www.justiceinfo.net\/fr\/1471-burundi-un-activiste-blesse-par-balles-au-lendemain-de-l-agression-d-un-journaliste.html","url":"https:\/\/www.justiceinfo.net\/fr\/1471-burundi-un-activiste-blesse-par-balles-au-lendemain-de-l-agression-d-un-journaliste.html","name":"Burundi : un activiste bless\u00e9 par balles au lendemain de l'agression d'un journaliste - JusticeInfo.net","isPartOf":{"@id":"https:\/\/www.justiceinfo.net\/fr#website"},"primaryImageOfPage":{"@id":"https:\/\/www.justiceinfo.net\/fr\/1471-burundi-un-activiste-blesse-par-balles-au-lendemain-de-l-agression-d-un-journaliste.html#primaryimage"},"image":{"@id":"https:\/\/www.justiceinfo.net\/fr\/1471-burundi-un-activiste-blesse-par-balles-au-lendemain-de-l-agression-d-un-journaliste.html#primaryimage"},"thumbnailUrl":"https:\/\/www.justiceinfo.net\/wp-content\/uploads\/32c2bfee790e49c093a0c22e10399cc8.jpg","datePublished":"2015-08-04T05:53:05+00:00","breadcrumb":{"@id":"https:\/\/www.justiceinfo.net\/fr\/1471-burundi-un-activiste-blesse-par-balles-au-lendemain-de-l-agression-d-un-journaliste.html#breadcrumb"},"inLanguage":"fr-FR","potentialAction":[{"@type":"ReadAction","target":["https:\/\/www.justiceinfo.net\/fr\/1471-burundi-un-activiste-blesse-par-balles-au-lendemain-de-l-agression-d-un-journaliste.html"]}]},{"@type":"ImageObject","inLanguage":"fr-FR","@id":"https:\/\/www.justiceinfo.net\/fr\/1471-burundi-un-activiste-blesse-par-balles-au-lendemain-de-l-agression-d-un-journaliste.html#primaryimage","url":"https:\/\/www.justiceinfo.net\/wp-content\/uploads\/32c2bfee790e49c093a0c22e10399cc8.jpg","contentUrl":"https:\/\/www.justiceinfo.net\/wp-content\/uploads\/32c2bfee790e49c093a0c22e10399cc8.jpg","width":2048,"height":1360},{"@type":"BreadcrumbList","@id":"https:\/\/www.justiceinfo.net\/fr\/1471-burundi-un-activiste-blesse-par-balles-au-lendemain-de-l-agression-d-un-journaliste.html#breadcrumb","itemListElement":[{"@type":"ListItem","position":1,"name":"Home","item":"https:\/\/www.justiceinfo.net\/fr"},{"@type":"ListItem","position":2,"name":"Burundi : un activiste bless\u00e9 par balles au lendemain de l'agression d'un journaliste"}]},{"@type":"WebSite","@id":"https:\/\/www.justiceinfo.net\/fr#website","url":"https:\/\/www.justiceinfo.net\/fr","name":"JusticeInfo.net","description":"La justice doit \u00eatre vue pour \u00eatre rendue","publisher":{"@id":"https:\/\/www.justiceinfo.net\/fr#organization"},"potentialAction":[{"@type":"SearchAction","target":{"@type":"EntryPoint","urlTemplate":"https:\/\/www.justiceinfo.net\/fr?s={search_term_string}"},"query-input":{"@type":"PropertyValueSpecification","valueRequired":true,"valueName":"search_term_string"}}],"inLanguage":"fr-FR"},{"@type":"Organization","@id":"https:\/\/www.justiceinfo.net\/fr#organization","name":"Justice Info","url":"https:\/\/www.justiceinfo.net\/fr","logo":{"@type":"ImageObject","inLanguage":"fr-FR","@id":"https:\/\/www.justiceinfo.net\/fr#\/schema\/logo\/image\/","url":"https:\/\/www.justiceinfo.net\/wp-content\/uploads\/justiceinfo_logo-trans_1200x1200px.png","contentUrl":"https:\/\/www.justiceinfo.net\/wp-content\/uploads\/justiceinfo_logo-trans_1200x1200px.png","width":1199,"height":1200,"caption":"Justice Info"},"image":{"@id":"https:\/\/www.justiceinfo.net\/fr#\/schema\/logo\/image\/"},"sameAs":["https:\/\/www.facebook.com\/JusticeInfo\/","https:\/\/x.com\/justiceinfonet","https:\/\/www.linkedin.com\/company\/justice-info","https:\/\/www.youtube.com\/channel\/UCyCEsARodyuWtkWyhn-e7pA"]},{"@type":"Person","name":"Ephrem Rugiririza, JusticeInfo.net","sameAs":["https:\/\/www.facebook.com\/rugiririza.ephrem.1","https:\/\/x.com\/ER72777667"],"url":"https:\/\/www.justiceinfo.net\/fr\/auteur\/erugiririza"}]}},"_links":{"self":[{"href":"https:\/\/www.justiceinfo.net\/fr\/wp-json\/wp\/v2\/posts\/1471","targetHints":{"allow":["GET"]}}],"collection":[{"href":"https:\/\/www.justiceinfo.net\/fr\/wp-json\/wp\/v2\/posts"}],"about":[{"href":"https:\/\/www.justiceinfo.net\/fr\/wp-json\/wp\/v2\/types\/post"}],"author":[{"embeddable":true,"href":"https:\/\/www.justiceinfo.net\/fr\/wp-json\/wp\/v2\/users\/59"}],"replies":[{"embeddable":true,"href":"https:\/\/www.justiceinfo.net\/fr\/wp-json\/wp\/v2\/comments?post=1471"}],"version-history":[{"count":0,"href":"https:\/\/www.justiceinfo.net\/fr\/wp-json\/wp\/v2\/posts\/1471\/revisions"}],"wp:featuredmedia":[{"embeddable":true,"href":"https:\/\/www.justiceinfo.net\/fr\/wp-json\/wp\/v2\/media\/67636"}],"wp:attachment":[{"href":"https:\/\/www.justiceinfo.net\/fr\/wp-json\/wp\/v2\/media?parent=1471"}],"wp:term":[{"taxonomy":"category","embeddable":true,"href":"https:\/\/www.justiceinfo.net\/fr\/wp-json\/wp\/v2\/categories?post=1471"},{"taxonomy":"post_tag","embeddable":true,"href":"https:\/\/www.justiceinfo.net\/fr\/wp-json\/wp\/v2\/tags?post=1471"},{"taxonomy":"ji_location","embeddable":true,"href":"https:\/\/www.justiceinfo.net\/fr\/wp-json\/wp\/v2\/ji_location?post=1471"}],"curies":[{"name":"wp","href":"https:\/\/api.w.org\/{rel}","templated":true}]}}