{"id":14721,"date":"2013-02-28T06:16:52","date_gmt":"2013-02-28T05:16:52","guid":{"rendered":"https:\/\/www.justiceinfo.net\/14721-270213-cpigbagbo-la-cour-se-penche-sur-les-crimes-en-cote-divoire.html"},"modified":"2013-02-28T06:16:52","modified_gmt":"2013-02-28T05:16:52","slug":"270213-cpigbagbo-la-cour-se-penche-sur-les-crimes-en-cote-divoire","status":"publish","type":"post","link":"https:\/\/www.justiceinfo.net\/fr\/14721-270213-cpigbagbo-la-cour-se-penche-sur-les-crimes-en-cote-divoire.html","title":{"rendered":"27.02.13 - CPI\/GBAGBO - LA COUR SE PENCHE SUR LES CRIMES EN COTE D\u2019IVOIRE"},"content":{"rendered":"<p>La Haye, 27 f\u00e9vrier 2013 (FH) \u2013 Le procureur de la Cour p\u00e9nale internationale (CPI) a tent\u00e9 de d\u00e9fendre son dossier contre Laurent Gbagbo lors des audiences de confirmation des charges, ouvertes le 19 f\u00e9vrier. L\u2019accusation demande aux juges de renvoyer l\u2019ex-pr\u00e9sident ivoirien en proc\u00e8s pour crimes contre l\u2019humanit\u00e9 commis suite \u00e0 l\u2019\u00e9lection pr\u00e9sidentielle de d\u00e9cembre 2010.<\/p>\n<p><!--more--><\/p>\n<p>Pour le procureur, Laurent Gbagbo et ses proches, dont son \u00e9pouse, Simone, auraient mis en \u0153uvre une politique criminelle dans l\u2019objectif de rester au pouvoir. Suite au scrutin pr\u00e9sidentiel de d\u00e9cembre 2010, les Nations unies avaient valid\u00e9 l\u2019\u00e9lection d\u2019Alassane Ouattara, contest\u00e9e par le chef d\u2019Etat sortant. A l\u2019ouverture des audiences le 19 f\u00e9vrier, la procureure Fatou Bensouda, a mis en garde contre toute politisation du proc\u00e8s. \u00ab Il ne s\u2019agit pas de d\u00e9terminer qui a gagn\u00e9 ou perdu les \u00e9lections \u00bb, a-t-elle rappel\u00e9 aux juges. \u00ab Si nous sommes ici aujourd\u2019hui, c\u2019est parce que des atrocit\u00e9s ont \u00e9t\u00e9 commises \u00e0 grand \u00e9chelle contre la population ivoirienne \u00bb, a-t-elle dit. Selon l\u2019Onu, pr\u00e8s de 3000 personnes auraient \u00e9t\u00e9 tu\u00e9es. Mais dans son dossier, le procureur \u00e9voque les \u00ab seuls \u00bb meurtres d\u2019au moins 166 personnes, sur quatre sc\u00e8nes de crimes. La r\u00e9pression d\u2019une marche des partisans d\u2019Alassane Ouattara vers la Radio-t\u00e9l\u00e9vision ivoirienne (RTI), le 16 d\u00e9cembre 2010, celle d\u2019une manifestation de femmes \u00e0 Abobo, quartier du nord d\u2019Abidjan, en mars 2011 puis le bombardement du march\u00e9 de Siaka Kon\u00e9 et enfin le massacre de Yopougon, au lendemain de l\u2019arrestation de Laurent Gbagbo dans la r\u00e9sidence pr\u00e9sidentielle le 11 avril 2011. Pour d\u00e9fendre sa th\u00e8se, le procureur s\u2019appuie sur les t\u00e9moignages de plusieurs \u00ab insiders \u00bb, et sur des pi\u00e8ces saisies dans la r\u00e9sidence de Laurent Gbagbo suite \u00e0 son arrestation, dont l\u2019agenda de son \u00e9pouse, sur lequel elle aurait notamment inscrit : Il faut \u00ab nettoyer nos for\u00eats et nettoyer nos champs \u00bb, que le procureur Gilles Dutertre lit comme \u00ab des appels \u00e0 \u00e9liminer les partisans d\u2019Alassane Ouattara \u00bb. S\u2019appuyant sur un courrier saisi, lui aussi, \u00e0 la r\u00e9sidence de Laurent Gbagbo, le procureur affirme qu\u2019il aurait r\u00e9agi aux r\u00e9sultats des \u00e9lections en \u00ab recrutant des mercenaires \u00bb du Lib\u00e9ria, plac\u00e9s ensuite sous le contr\u00f4le des Forces de d\u00e9fense ivoiriennes (FDS), tout comme les Jeunes patriotes de Charles Bl\u00e9 Goud\u00e9. \u00ab Ils ont constitu\u00e9 les \u00e9l\u00e9ments les plus violents \u00bb \u00e0 l\u2019int\u00e9rieur des FDS, ass\u00e8ne le procureur. Pr\u00e8s de 7000 volontaires auraient \u00e9t\u00e9 recrut\u00e9s, arm\u00e9s et form\u00e9s, selon l\u2019accusation. Pour la d\u00e9fense, le procureur fait \u00ab un r\u00e9cit biais\u00e9 \u00bb des \u00e9v\u00e9nements, sur la base \u00ab d\u2019une enqu\u00eate b\u00e2cl\u00e9e \u00bb. Pendant trois jours, les avocats de l\u2019ancien chef d\u2019Etat se sont attach\u00e9s \u00e0 d\u00e9monter la th\u00e8se de l\u2019accusation, accusant le procureur de \u00ab se fourvoyer \u00bb en refusant de \u00ab se pencher en profondeur sur les fondements \u00bb de la crise de 2010. \u00ab Ici ne se trouve que le pr\u00e9sident Gbagbo, pourquoi ? \u00bb, a demand\u00e9 ma\u00eetre Emmanuel Altit, pour qui \u00ab tout se passe comme si le procureur avait \u00e9t\u00e9 convaincu qu\u2019il n\u2019y avait qu\u2019un responsable au drame que conna\u00eet la C\u00f4te d\u2019Ivoire. \u00bb En autorisant le procureur \u00e0 ouvrir une enqu\u00eate, en octobre 2011, les juges, eux-m\u00eames, avaient invit\u00e9 l\u2019accusation \u00e0 se pencher sur les \u00e9v\u00e9nements survenus depuis la tentative de coup d\u2019Etat de septembre 2002, attribu\u00e9e au camp Ouattara. Pendant plusieurs heures, Jennifer Naouri, \u00e9galement de la d\u00e9fense, a d\u00e9taill\u00e9 les crimes commis par les partisans d\u2019Alassane Ouattara depuis 2002, affirmant notamment qu\u2019ils ont \u00e9t\u00e9 arm\u00e9s et entra\u00een\u00e9s par l\u2019arm\u00e9e fran\u00e7aise. \u00ab Il va falloir qu\u2019on arrive \u00e0 faire le lien avec les charges \u00bb, a demand\u00e9 le substitut du procureur Eric Mc Donald. Pour la d\u00e9fense, l\u2019histoire des rebelles d\u2019Alassane Ouattara montre qu\u2019en 2010, \u00ab on \u00e9tait en pr\u00e9sence de deux corps d\u2019arm\u00e9e \u00bb. D\u00e8s lors, Laurent Gbagbo n\u2019a pas attaqu\u00e9 des civils, mais devait affronter une arm\u00e9e de rebelles dans le cadre d\u2019un conflit interne. La d\u00e9fense de Laurent Gbagbo a ensuite critiqu\u00e9 la qualit\u00e9 de l\u2019enqu\u00eate, qualifiant de \u00ab brouillon \u00bb le document \u00e9non\u00e7ant les charges du procureur. \u00ab Il y a des arguments juridiques plus forts ! \u00bb, s\u2019est object\u00e9 Eric Mc Donald, regrettant qu\u2019on se lance dans \u00ab une bataille de ruelles \u00bb. Revenant sur chacun des sites de crimes r\u00e9f\u00e9renc\u00e9s par l\u2019accusation, les avocats de Laurent Gbagbo ont tent\u00e9 de d\u00e9montrer que les manifestations r\u00e9prim\u00e9es n\u2019avaient rien de pacifique. Les audiences prendront fin jeudi, mais la d\u00e9cision ne sera pas rendue avant plusieurs semaines. SM\/ER\/JL<\/p>\n","protected":false},"excerpt":{"rendered":"<p>La Haye, 27 f\u00e9vrier 2013 (FH) \u2013 Le procureur de la Cour p\u00e9nale internationale (CPI) a tent\u00e9 de d\u00e9fendre son dossier contre Laurent Gbagbo lors des audiences de confirmation des charges, ouvertes le 19 f\u00e9vrier. L\u2019accusation demande aux juges de renvoyer l\u2019ex-pr\u00e9sident ivoirien en proc\u00e8s pour crimes contre l\u2019humanit\u00e9 commis suite \u00e0 l\u2019\u00e9lection pr\u00e9sidentielle de [&hellip;]<\/p>\n","protected":false},"author":59,"featured_media":0,"comment_status":"open","ping_status":"closed","sticky":false,"template":"","format":"standard","meta":{"_acf_changed":false,"footnotes":""},"categories":[554],"tags":[],"ji_location":[],"class_list":["post-14721","post","type-post","status-publish","format-standard","hentry","category-hirondellenews"],"acf":[],"yoast_head":"<!-- This site is optimized with the Yoast SEO Premium plugin v25.3.1 (Yoast SEO v25.3.1) - https:\/\/yoast.com\/wordpress\/plugins\/seo\/ -->\n<title>27.02.13 - CPI\/GBAGBO - LA COUR SE PENCHE SUR LES CRIMES EN COTE D\u2019IVOIRE - JusticeInfo.net<\/title>\n<meta name=\"robots\" content=\"index, follow, max-snippet:-1, max-image-preview:large, max-video-preview:-1\" \/>\n<link rel=\"canonical\" href=\"https:\/\/www.justiceinfo.net\/fr\/14721-270213-cpigbagbo-la-cour-se-penche-sur-les-crimes-en-cote-divoire.html\" \/>\n<meta property=\"og:locale\" content=\"fr_FR\" \/>\n<meta property=\"og:type\" content=\"article\" \/>\n<meta property=\"og:title\" content=\"27.02.13 - CPI\/GBAGBO - LA COUR SE PENCHE SUR LES CRIMES EN COTE D\u2019IVOIRE\" \/>\n<meta property=\"og:description\" content=\"La Haye, 27 f\u00e9vrier 2013 (FH) \u2013 Le procureur de la Cour p\u00e9nale internationale (CPI) a tent\u00e9 de d\u00e9fendre son dossier contre Laurent Gbagbo lors des audiences de confirmation des charges, ouvertes le 19 f\u00e9vrier. L\u2019accusation demande aux juges de renvoyer l\u2019ex-pr\u00e9sident ivoirien en proc\u00e8s pour crimes contre l\u2019humanit\u00e9 commis suite \u00e0 l\u2019\u00e9lection pr\u00e9sidentielle de [&hellip;]\" \/>\n<meta property=\"og:url\" content=\"https:\/\/www.justiceinfo.net\/fr\/14721-270213-cpigbagbo-la-cour-se-penche-sur-les-crimes-en-cote-divoire.html\" \/>\n<meta property=\"og:site_name\" content=\"JusticeInfo.net\" \/>\n<meta property=\"article:publisher\" content=\"https:\/\/www.facebook.com\/JusticeInfo\/\" \/>\n<meta property=\"article:author\" content=\"https:\/\/www.facebook.com\/rugiririza.ephrem.1\" \/>\n<meta property=\"article:published_time\" content=\"2013-02-28T05:16:52+00:00\" \/>\n<meta property=\"og:image\" content=\"https:\/\/www.justiceinfo.net\/wp-content\/uploads\/JusticeInfoNet_logo_1200x630px.jpg\" \/>\n\t<meta property=\"og:image:width\" content=\"1200\" \/>\n\t<meta property=\"og:image:height\" content=\"630\" \/>\n\t<meta property=\"og:image:type\" content=\"image\/jpeg\" \/>\n<meta name=\"author\" content=\"Ephrem Rugiririza\" \/>\n<meta name=\"twitter:card\" content=\"summary_large_image\" \/>\n<meta name=\"twitter:creator\" content=\"@ER72777667\" \/>\n<meta name=\"twitter:site\" content=\"@justiceinfonet\" \/>\n<meta name=\"twitter:label1\" content=\"\u00c9crit par\" \/>\n\t<meta name=\"twitter:data1\" content=\"Ephrem Rugiririza\" \/>\n\t<meta name=\"twitter:label2\" content=\"Dur\u00e9e de lecture estim\u00e9e\" \/>\n\t<meta name=\"twitter:data2\" content=\"4 minutes\" \/>\n<script type=\"application\/ld+json\" class=\"yoast-schema-graph\">{\"@context\":\"https:\/\/schema.org\",\"@graph\":[{\"@type\":\"NewsArticle\",\"@id\":\"https:\/\/www.justiceinfo.net\/fr\/14721-270213-cpigbagbo-la-cour-se-penche-sur-les-crimes-en-cote-divoire.html#article\",\"isPartOf\":{\"@id\":\"https:\/\/www.justiceinfo.net\/fr\/14721-270213-cpigbagbo-la-cour-se-penche-sur-les-crimes-en-cote-divoire.html\"},\"author\":{\"name\":\"erugiririza\",\"@id\":\"https:\/\/www.justiceinfo.net\/fr#\/schema\/person\/3c444bdbf3536fdebfdc6b3a06b2fc4a\"},\"headline\":\"27.02.13 - CPI\/GBAGBO - LA COUR SE PENCHE SUR LES CRIMES EN COTE D\u2019IVOIRE\",\"datePublished\":\"2013-02-28T05:16:52+00:00\",\"mainEntityOfPage\":{\"@id\":\"https:\/\/www.justiceinfo.net\/fr\/14721-270213-cpigbagbo-la-cour-se-penche-sur-les-crimes-en-cote-divoire.html\"},\"wordCount\":821,\"commentCount\":0,\"publisher\":{\"@id\":\"https:\/\/www.justiceinfo.net\/fr#organization\"},\"articleSection\":[\"Hirondelle News\"],\"inLanguage\":\"fr-FR\",\"potentialAction\":[{\"@type\":\"CommentAction\",\"name\":\"Comment\",\"target\":[\"https:\/\/www.justiceinfo.net\/fr\/14721-270213-cpigbagbo-la-cour-se-penche-sur-les-crimes-en-cote-divoire.html#respond\"]}]},{\"@type\":\"WebPage\",\"@id\":\"https:\/\/www.justiceinfo.net\/fr\/14721-270213-cpigbagbo-la-cour-se-penche-sur-les-crimes-en-cote-divoire.html\",\"url\":\"https:\/\/www.justiceinfo.net\/fr\/14721-270213-cpigbagbo-la-cour-se-penche-sur-les-crimes-en-cote-divoire.html\",\"name\":\"27.02.13 - CPI\/GBAGBO - LA COUR SE PENCHE SUR LES CRIMES EN COTE D\u2019IVOIRE - JusticeInfo.net\",\"isPartOf\":{\"@id\":\"https:\/\/www.justiceinfo.net\/fr#website\"},\"datePublished\":\"2013-02-28T05:16:52+00:00\",\"breadcrumb\":{\"@id\":\"https:\/\/www.justiceinfo.net\/fr\/14721-270213-cpigbagbo-la-cour-se-penche-sur-les-crimes-en-cote-divoire.html#breadcrumb\"},\"inLanguage\":\"fr-FR\",\"potentialAction\":[{\"@type\":\"ReadAction\",\"target\":[\"https:\/\/www.justiceinfo.net\/fr\/14721-270213-cpigbagbo-la-cour-se-penche-sur-les-crimes-en-cote-divoire.html\"]}]},{\"@type\":\"BreadcrumbList\",\"@id\":\"https:\/\/www.justiceinfo.net\/fr\/14721-270213-cpigbagbo-la-cour-se-penche-sur-les-crimes-en-cote-divoire.html#breadcrumb\",\"itemListElement\":[{\"@type\":\"ListItem\",\"position\":1,\"name\":\"Home\",\"item\":\"https:\/\/www.justiceinfo.net\/fr\"},{\"@type\":\"ListItem\",\"position\":2,\"name\":\"27.02.13 - CPI\/GBAGBO - LA COUR SE PENCHE SUR LES CRIMES EN COTE D\u2019IVOIRE\"}]},{\"@type\":\"WebSite\",\"@id\":\"https:\/\/www.justiceinfo.net\/fr#website\",\"url\":\"https:\/\/www.justiceinfo.net\/fr\",\"name\":\"JusticeInfo.net\",\"description\":\"La justice doit \u00eatre vue pour \u00eatre rendue\",\"publisher\":{\"@id\":\"https:\/\/www.justiceinfo.net\/fr#organization\"},\"potentialAction\":[{\"@type\":\"SearchAction\",\"target\":{\"@type\":\"EntryPoint\",\"urlTemplate\":\"https:\/\/www.justiceinfo.net\/fr?s={search_term_string}\"},\"query-input\":{\"@type\":\"PropertyValueSpecification\",\"valueRequired\":true,\"valueName\":\"search_term_string\"}}],\"inLanguage\":\"fr-FR\"},{\"@type\":\"Organization\",\"@id\":\"https:\/\/www.justiceinfo.net\/fr#organization\",\"name\":\"Justice Info\",\"url\":\"https:\/\/www.justiceinfo.net\/fr\",\"logo\":{\"@type\":\"ImageObject\",\"inLanguage\":\"fr-FR\",\"@id\":\"https:\/\/www.justiceinfo.net\/fr#\/schema\/logo\/image\/\",\"url\":\"https:\/\/www.justiceinfo.net\/wp-content\/uploads\/justiceinfo_logo-trans_1200x1200px.png\",\"contentUrl\":\"https:\/\/www.justiceinfo.net\/wp-content\/uploads\/justiceinfo_logo-trans_1200x1200px.png\",\"width\":1199,\"height\":1200,\"caption\":\"Justice Info\"},\"image\":{\"@id\":\"https:\/\/www.justiceinfo.net\/fr#\/schema\/logo\/image\/\"},\"sameAs\":[\"https:\/\/www.facebook.com\/JusticeInfo\/\",\"https:\/\/x.com\/justiceinfonet\",\"https:\/\/www.linkedin.com\/company\/justice-info\",\"https:\/\/www.youtube.com\/channel\/UCyCEsARodyuWtkWyhn-e7pA\"]},{\"@type\":\"Person\",\"name\":\"Ephrem Rugiririza\",\"sameAs\":[\"https:\/\/www.facebook.com\/rugiririza.ephrem.1\",\"https:\/\/x.com\/ER72777667\"],\"url\":\"https:\/\/www.justiceinfo.net\/fr\/auteur\/erugiririza\"}]}<\/script>\n<!-- \/ Yoast SEO Premium plugin. -->","yoast_head_json":{"title":"27.02.13 - CPI\/GBAGBO - LA COUR SE PENCHE SUR LES CRIMES EN COTE D\u2019IVOIRE - JusticeInfo.net","robots":{"index":"index","follow":"follow","max-snippet":"max-snippet:-1","max-image-preview":"max-image-preview:large","max-video-preview":"max-video-preview:-1"},"canonical":"https:\/\/www.justiceinfo.net\/fr\/14721-270213-cpigbagbo-la-cour-se-penche-sur-les-crimes-en-cote-divoire.html","og_locale":"fr_FR","og_type":"article","og_title":"27.02.13 - CPI\/GBAGBO - LA COUR SE PENCHE SUR LES CRIMES EN COTE D\u2019IVOIRE","og_description":"La Haye, 27 f\u00e9vrier 2013 (FH) \u2013 Le procureur de la Cour p\u00e9nale internationale (CPI) a tent\u00e9 de d\u00e9fendre son dossier contre Laurent Gbagbo lors des audiences de confirmation des charges, ouvertes le 19 f\u00e9vrier. L\u2019accusation demande aux juges de renvoyer l\u2019ex-pr\u00e9sident ivoirien en proc\u00e8s pour crimes contre l\u2019humanit\u00e9 commis suite \u00e0 l\u2019\u00e9lection pr\u00e9sidentielle de [&hellip;]","og_url":"https:\/\/www.justiceinfo.net\/fr\/14721-270213-cpigbagbo-la-cour-se-penche-sur-les-crimes-en-cote-divoire.html","og_site_name":"JusticeInfo.net","article_publisher":"https:\/\/www.facebook.com\/JusticeInfo\/","article_author":"https:\/\/www.facebook.com\/rugiririza.ephrem.1","article_published_time":"2013-02-28T05:16:52+00:00","og_image":[{"width":1200,"height":630,"url":"https:\/\/www.justiceinfo.net\/wp-content\/uploads\/JusticeInfoNet_logo_1200x630px.jpg","type":"image\/jpeg"}],"author":"Ephrem Rugiririza","twitter_card":"summary_large_image","twitter_creator":"@ER72777667","twitter_site":"@justiceinfonet","twitter_misc":{"\u00c9crit par":"Ephrem Rugiririza","Dur\u00e9e de lecture estim\u00e9e":"4 minutes"},"schema":{"@context":"https:\/\/schema.org","@graph":[{"@type":"NewsArticle","@id":"https:\/\/www.justiceinfo.net\/fr\/14721-270213-cpigbagbo-la-cour-se-penche-sur-les-crimes-en-cote-divoire.html#article","isPartOf":{"@id":"https:\/\/www.justiceinfo.net\/fr\/14721-270213-cpigbagbo-la-cour-se-penche-sur-les-crimes-en-cote-divoire.html"},"author":{"name":"erugiririza","@id":"https:\/\/www.justiceinfo.net\/fr#\/schema\/person\/3c444bdbf3536fdebfdc6b3a06b2fc4a"},"headline":"27.02.13 - CPI\/GBAGBO - LA COUR SE PENCHE SUR LES CRIMES EN COTE D\u2019IVOIRE","datePublished":"2013-02-28T05:16:52+00:00","mainEntityOfPage":{"@id":"https:\/\/www.justiceinfo.net\/fr\/14721-270213-cpigbagbo-la-cour-se-penche-sur-les-crimes-en-cote-divoire.html"},"wordCount":821,"commentCount":0,"publisher":{"@id":"https:\/\/www.justiceinfo.net\/fr#organization"},"articleSection":["Hirondelle News"],"inLanguage":"fr-FR","potentialAction":[{"@type":"CommentAction","name":"Comment","target":["https:\/\/www.justiceinfo.net\/fr\/14721-270213-cpigbagbo-la-cour-se-penche-sur-les-crimes-en-cote-divoire.html#respond"]}]},{"@type":"WebPage","@id":"https:\/\/www.justiceinfo.net\/fr\/14721-270213-cpigbagbo-la-cour-se-penche-sur-les-crimes-en-cote-divoire.html","url":"https:\/\/www.justiceinfo.net\/fr\/14721-270213-cpigbagbo-la-cour-se-penche-sur-les-crimes-en-cote-divoire.html","name":"27.02.13 - CPI\/GBAGBO - LA COUR SE PENCHE SUR LES CRIMES EN COTE D\u2019IVOIRE - JusticeInfo.net","isPartOf":{"@id":"https:\/\/www.justiceinfo.net\/fr#website"},"datePublished":"2013-02-28T05:16:52+00:00","breadcrumb":{"@id":"https:\/\/www.justiceinfo.net\/fr\/14721-270213-cpigbagbo-la-cour-se-penche-sur-les-crimes-en-cote-divoire.html#breadcrumb"},"inLanguage":"fr-FR","potentialAction":[{"@type":"ReadAction","target":["https:\/\/www.justiceinfo.net\/fr\/14721-270213-cpigbagbo-la-cour-se-penche-sur-les-crimes-en-cote-divoire.html"]}]},{"@type":"BreadcrumbList","@id":"https:\/\/www.justiceinfo.net\/fr\/14721-270213-cpigbagbo-la-cour-se-penche-sur-les-crimes-en-cote-divoire.html#breadcrumb","itemListElement":[{"@type":"ListItem","position":1,"name":"Home","item":"https:\/\/www.justiceinfo.net\/fr"},{"@type":"ListItem","position":2,"name":"27.02.13 - CPI\/GBAGBO - LA COUR SE PENCHE SUR LES CRIMES EN COTE D\u2019IVOIRE"}]},{"@type":"WebSite","@id":"https:\/\/www.justiceinfo.net\/fr#website","url":"https:\/\/www.justiceinfo.net\/fr","name":"JusticeInfo.net","description":"La justice doit \u00eatre vue pour \u00eatre rendue","publisher":{"@id":"https:\/\/www.justiceinfo.net\/fr#organization"},"potentialAction":[{"@type":"SearchAction","target":{"@type":"EntryPoint","urlTemplate":"https:\/\/www.justiceinfo.net\/fr?s={search_term_string}"},"query-input":{"@type":"PropertyValueSpecification","valueRequired":true,"valueName":"search_term_string"}}],"inLanguage":"fr-FR"},{"@type":"Organization","@id":"https:\/\/www.justiceinfo.net\/fr#organization","name":"Justice Info","url":"https:\/\/www.justiceinfo.net\/fr","logo":{"@type":"ImageObject","inLanguage":"fr-FR","@id":"https:\/\/www.justiceinfo.net\/fr#\/schema\/logo\/image\/","url":"https:\/\/www.justiceinfo.net\/wp-content\/uploads\/justiceinfo_logo-trans_1200x1200px.png","contentUrl":"https:\/\/www.justiceinfo.net\/wp-content\/uploads\/justiceinfo_logo-trans_1200x1200px.png","width":1199,"height":1200,"caption":"Justice Info"},"image":{"@id":"https:\/\/www.justiceinfo.net\/fr#\/schema\/logo\/image\/"},"sameAs":["https:\/\/www.facebook.com\/JusticeInfo\/","https:\/\/x.com\/justiceinfonet","https:\/\/www.linkedin.com\/company\/justice-info","https:\/\/www.youtube.com\/channel\/UCyCEsARodyuWtkWyhn-e7pA"]},{"@type":"Person","name":"Ephrem Rugiririza","sameAs":["https:\/\/www.facebook.com\/rugiririza.ephrem.1","https:\/\/x.com\/ER72777667"],"url":"https:\/\/www.justiceinfo.net\/fr\/auteur\/erugiririza"}]}},"_links":{"self":[{"href":"https:\/\/www.justiceinfo.net\/fr\/wp-json\/wp\/v2\/posts\/14721","targetHints":{"allow":["GET"]}}],"collection":[{"href":"https:\/\/www.justiceinfo.net\/fr\/wp-json\/wp\/v2\/posts"}],"about":[{"href":"https:\/\/www.justiceinfo.net\/fr\/wp-json\/wp\/v2\/types\/post"}],"author":[{"embeddable":true,"href":"https:\/\/www.justiceinfo.net\/fr\/wp-json\/wp\/v2\/users\/59"}],"replies":[{"embeddable":true,"href":"https:\/\/www.justiceinfo.net\/fr\/wp-json\/wp\/v2\/comments?post=14721"}],"version-history":[{"count":0,"href":"https:\/\/www.justiceinfo.net\/fr\/wp-json\/wp\/v2\/posts\/14721\/revisions"}],"wp:attachment":[{"href":"https:\/\/www.justiceinfo.net\/fr\/wp-json\/wp\/v2\/media?parent=14721"}],"wp:term":[{"taxonomy":"category","embeddable":true,"href":"https:\/\/www.justiceinfo.net\/fr\/wp-json\/wp\/v2\/categories?post=14721"},{"taxonomy":"post_tag","embeddable":true,"href":"https:\/\/www.justiceinfo.net\/fr\/wp-json\/wp\/v2\/tags?post=14721"},{"taxonomy":"ji_location","embeddable":true,"href":"https:\/\/www.justiceinfo.net\/fr\/wp-json\/wp\/v2\/ji_location?post=14721"}],"curies":[{"name":"wp","href":"https:\/\/api.w.org\/{rel}","templated":true}]}}