{"id":14801,"date":"2013-05-30T10:56:37","date_gmt":"2013-05-30T08:56:37","guid":{"rendered":"https:\/\/www.justiceinfo.net\/14801-300513-rwandanorvege-un-rwandais-arrete-en-norvege-pour-son-role-presume-dans-le-genocide-des-tutsis.html"},"modified":"2013-05-30T10:56:37","modified_gmt":"2013-05-30T08:56:37","slug":"300513-rwandanorvege-un-rwandais-arrete-en-norvege-pour-son-role-presume-dans-le-genocide-des-tutsis","status":"publish","type":"post","link":"https:\/\/www.justiceinfo.net\/fr\/14801-300513-rwandanorvege-un-rwandais-arrete-en-norvege-pour-son-role-presume-dans-le-genocide-des-tutsis.html","title":{"rendered":"30.05.13 - RWANDA\/NORVEGE - UN RWANDAIS ARRETE EN NORVEGE POUR SON ROLE PRESUME DANS LE GENOCIDE DES TUTSIS"},"content":{"rendered":"<p>Arusha, 30 mai 2013 (FH \u2013 Un Rwandais recherch\u00e9 dans son pays d\u2019origine pour son r\u00f4le pr\u00e9sum\u00e9 dans le g\u00e9nocide des Tutsis de 1994, a \u00e9t\u00e9 arr\u00eat\u00e9 mercredi en Norv\u00e8ge, apprend-on vendredi des m\u00e9dias internationaux et du parquet g\u00e9n\u00e9ral du Rwanda.<\/p>\n<p><!--more--><\/p>\n<p>La presse internationale ne mentionne pas le nom du suspect mais selon Kigali, il s\u2019agit d\u2019Eug\u00e8ne Nkuranyabahizi\u00a0 accus\u00e9 de crimes perp\u00e9tr\u00e9s en 1994 dans l\u2019ancienne commune de Nyakizu, dans la pr\u00e9fecture de Butare (Sud).\u00ab Nous le recherchions depuis longtemps. Nous allons maintenant demander son extradition. Ce devrait \u00eatre facile parce que la Norv\u00e8ge nous a d\u00e9j\u00e0 remis un accus\u00e9 de g\u00e9nocide \u00bb, a indiqu\u00e9 \u00e0 l\u2019AFP Jean-Bosco Siboyintore charg\u00e9, au parquet g\u00e9n\u00e9ral, de la traque des accus\u00e9s de g\u00e9nocide en fuite \u00e0 l\u2019\u00e9tranger.L\u2019ex-homme d\u2019affaires Charles Bandora a \u00e9t\u00e9 extrad\u00e9 en mars dernier. Il attend encore l\u2019ouverture de son proc\u00e8s devant un tribunal rwandais. \u00ab Nous ne savons pas encore si Nkuranyabahizi\u00a0 a d\u00e9j\u00e0 obtenu la nationalit\u00e9 norv\u00e9gienne. Si c\u2019est le cas, nous demanderons alors \u00e0 la Norv\u00e8ge de le juger elle-m\u00eame \u00bb, a ajout\u00e9 Siboyintore joint au t\u00e9l\u00e9phone \u00e0 Kigali. Selon l\u2019AFP, l\u2019int\u00e9ress\u00e9 devait \u00eatre pr\u00e9sent\u00e9 jeudi devant la justice norv\u00e9gienne. Le suspect nie tout lien avec le g\u00e9nocide, selon son avocat Harald Stabell.Nkuranyabahizi avait d\u00e9j\u00e0 \u00e9t\u00e9 arr\u00eat\u00e9 l'an dernier apr\u00e8s une enqu\u00eate de plusieurs ann\u00e9es mais il avait ensuite \u00e9t\u00e9 rel\u00e2ch\u00e9 jusqu'\u00e0 cette nouvelle interpellation mercredi. Selon m\u00e9dias rwandais, il s\u2019\u00e9tait d\u2019abord fait pass\u00e9 pour un r\u00e9fugi\u00e9 burundais.En f\u00e9vrier, le tribunal d'Oslo avait condamn\u00e9 \u00e0 21 ans de prison, la peine maximale dans ce pays, le Rwandais Sadi Bugingo, \u00e9tabli en Norv\u00e8ge depuis 2001 et reconnu coupable d'avoir contribu\u00e9 au massacre de plus d'un millier de Tutsis. La demande d\u2019extradition rwandaise visant Bugingo avait \u00e9t\u00e9 rejet\u00e9e parce qu\u2019il avait d\u00e9j\u00e0 obtenu la nationalit\u00e9 du pays d\u2019accueil.ER<\/p>\n","protected":false},"excerpt":{"rendered":"<p>Arusha, 30 mai 2013 (FH \u2013 Un Rwandais recherch\u00e9 dans son pays d\u2019origine pour son r\u00f4le pr\u00e9sum\u00e9 dans le g\u00e9nocide des Tutsis de 1994, a \u00e9t\u00e9 arr\u00eat\u00e9 mercredi en Norv\u00e8ge, apprend-on vendredi des m\u00e9dias internationaux et du parquet g\u00e9n\u00e9ral du Rwanda.<\/p>\n","protected":false},"author":59,"featured_media":0,"comment_status":"open","ping_status":"closed","sticky":false,"template":"","format":"standard","meta":{"_acf_changed":false,"footnotes":""},"categories":[554],"tags":[],"ji_location":[],"class_list":["post-14801","post","type-post","status-publish","format-standard","hentry","category-hirondellenews"],"acf":[],"yoast_head":"<!-- This site is optimized with the Yoast SEO Premium plugin v25.3.1 (Yoast SEO v25.3.1) - https:\/\/yoast.com\/wordpress\/plugins\/seo\/ -->\n<title>30.05.13 - RWANDA\/NORVEGE - UN RWANDAIS ARRETE EN NORVEGE POUR SON ROLE PRESUME DANS LE GENOCIDE DES TUTSIS - JusticeInfo.net<\/title>\n<meta name=\"robots\" content=\"index, follow, max-snippet:-1, max-image-preview:large, max-video-preview:-1\" \/>\n<link rel=\"canonical\" href=\"https:\/\/www.justiceinfo.net\/fr\/14801-300513-rwandanorvege-un-rwandais-arrete-en-norvege-pour-son-role-presume-dans-le-genocide-des-tutsis.html\" \/>\n<meta property=\"og:locale\" content=\"fr_FR\" \/>\n<meta property=\"og:type\" content=\"article\" \/>\n<meta property=\"og:title\" content=\"30.05.13 - RWANDA\/NORVEGE - UN RWANDAIS ARRETE EN NORVEGE POUR SON ROLE PRESUME DANS LE GENOCIDE DES TUTSIS\" \/>\n<meta property=\"og:description\" content=\"Arusha, 30 mai 2013 (FH \u2013 Un Rwandais recherch\u00e9 dans son pays d\u2019origine pour son r\u00f4le pr\u00e9sum\u00e9 dans le g\u00e9nocide des Tutsis de 1994, a \u00e9t\u00e9 arr\u00eat\u00e9 mercredi en Norv\u00e8ge, apprend-on vendredi des m\u00e9dias internationaux et du parquet g\u00e9n\u00e9ral du Rwanda.\" \/>\n<meta property=\"og:url\" content=\"https:\/\/www.justiceinfo.net\/fr\/14801-300513-rwandanorvege-un-rwandais-arrete-en-norvege-pour-son-role-presume-dans-le-genocide-des-tutsis.html\" \/>\n<meta property=\"og:site_name\" content=\"JusticeInfo.net\" \/>\n<meta property=\"article:publisher\" content=\"https:\/\/www.facebook.com\/JusticeInfo\/\" \/>\n<meta property=\"article:author\" content=\"https:\/\/www.facebook.com\/rugiririza.ephrem.1\" \/>\n<meta property=\"article:published_time\" content=\"2013-05-30T08:56:37+00:00\" \/>\n<meta property=\"og:image\" content=\"https:\/\/www.justiceinfo.net\/wp-content\/uploads\/JusticeInfoNet_logo_1200x630px.jpg\" \/>\n\t<meta property=\"og:image:width\" content=\"1200\" \/>\n\t<meta property=\"og:image:height\" content=\"630\" \/>\n\t<meta property=\"og:image:type\" content=\"image\/jpeg\" \/>\n<meta name=\"author\" content=\"Ephrem Rugiririza\" \/>\n<meta name=\"twitter:card\" content=\"summary_large_image\" \/>\n<meta name=\"twitter:creator\" content=\"@ER72777667\" \/>\n<meta name=\"twitter:site\" content=\"@justiceinfonet\" \/>\n<meta name=\"twitter:label1\" content=\"\u00c9crit par\" \/>\n\t<meta name=\"twitter:data1\" content=\"Ephrem Rugiririza\" \/>\n\t<meta name=\"twitter:label2\" content=\"Dur\u00e9e de lecture estim\u00e9e\" \/>\n\t<meta name=\"twitter:data2\" content=\"2 minutes\" \/>\n<script type=\"application\/ld+json\" class=\"yoast-schema-graph\">{\"@context\":\"https:\/\/schema.org\",\"@graph\":[{\"@type\":\"NewsArticle\",\"@id\":\"https:\/\/www.justiceinfo.net\/fr\/14801-300513-rwandanorvege-un-rwandais-arrete-en-norvege-pour-son-role-presume-dans-le-genocide-des-tutsis.html#article\",\"isPartOf\":{\"@id\":\"https:\/\/www.justiceinfo.net\/fr\/14801-300513-rwandanorvege-un-rwandais-arrete-en-norvege-pour-son-role-presume-dans-le-genocide-des-tutsis.html\"},\"author\":{\"name\":\"erugiririza\",\"@id\":\"https:\/\/www.justiceinfo.net\/fr#\/schema\/person\/3c444bdbf3536fdebfdc6b3a06b2fc4a\"},\"headline\":\"30.05.13 - RWANDA\/NORVEGE - UN RWANDAIS ARRETE EN NORVEGE POUR SON ROLE PRESUME DANS LE GENOCIDE DES TUTSIS\",\"datePublished\":\"2013-05-30T08:56:37+00:00\",\"mainEntityOfPage\":{\"@id\":\"https:\/\/www.justiceinfo.net\/fr\/14801-300513-rwandanorvege-un-rwandais-arrete-en-norvege-pour-son-role-presume-dans-le-genocide-des-tutsis.html\"},\"wordCount\":368,\"commentCount\":0,\"publisher\":{\"@id\":\"https:\/\/www.justiceinfo.net\/fr#organization\"},\"articleSection\":[\"Hirondelle News\"],\"inLanguage\":\"fr-FR\",\"potentialAction\":[{\"@type\":\"CommentAction\",\"name\":\"Comment\",\"target\":[\"https:\/\/www.justiceinfo.net\/fr\/14801-300513-rwandanorvege-un-rwandais-arrete-en-norvege-pour-son-role-presume-dans-le-genocide-des-tutsis.html#respond\"]}]},{\"@type\":\"WebPage\",\"@id\":\"https:\/\/www.justiceinfo.net\/fr\/14801-300513-rwandanorvege-un-rwandais-arrete-en-norvege-pour-son-role-presume-dans-le-genocide-des-tutsis.html\",\"url\":\"https:\/\/www.justiceinfo.net\/fr\/14801-300513-rwandanorvege-un-rwandais-arrete-en-norvege-pour-son-role-presume-dans-le-genocide-des-tutsis.html\",\"name\":\"30.05.13 - RWANDA\/NORVEGE - UN RWANDAIS ARRETE EN NORVEGE POUR SON ROLE PRESUME DANS LE GENOCIDE DES TUTSIS - JusticeInfo.net\",\"isPartOf\":{\"@id\":\"https:\/\/www.justiceinfo.net\/fr#website\"},\"datePublished\":\"2013-05-30T08:56:37+00:00\",\"breadcrumb\":{\"@id\":\"https:\/\/www.justiceinfo.net\/fr\/14801-300513-rwandanorvege-un-rwandais-arrete-en-norvege-pour-son-role-presume-dans-le-genocide-des-tutsis.html#breadcrumb\"},\"inLanguage\":\"fr-FR\",\"potentialAction\":[{\"@type\":\"ReadAction\",\"target\":[\"https:\/\/www.justiceinfo.net\/fr\/14801-300513-rwandanorvege-un-rwandais-arrete-en-norvege-pour-son-role-presume-dans-le-genocide-des-tutsis.html\"]}]},{\"@type\":\"BreadcrumbList\",\"@id\":\"https:\/\/www.justiceinfo.net\/fr\/14801-300513-rwandanorvege-un-rwandais-arrete-en-norvege-pour-son-role-presume-dans-le-genocide-des-tutsis.html#breadcrumb\",\"itemListElement\":[{\"@type\":\"ListItem\",\"position\":1,\"name\":\"Home\",\"item\":\"https:\/\/www.justiceinfo.net\/fr\"},{\"@type\":\"ListItem\",\"position\":2,\"name\":\"30.05.13 - RWANDA\/NORVEGE - UN RWANDAIS ARRETE EN NORVEGE POUR SON ROLE PRESUME DANS LE GENOCIDE DES TUTSIS\"}]},{\"@type\":\"WebSite\",\"@id\":\"https:\/\/www.justiceinfo.net\/fr#website\",\"url\":\"https:\/\/www.justiceinfo.net\/fr\",\"name\":\"JusticeInfo.net\",\"description\":\"La justice doit \u00eatre vue pour \u00eatre rendue\",\"publisher\":{\"@id\":\"https:\/\/www.justiceinfo.net\/fr#organization\"},\"potentialAction\":[{\"@type\":\"SearchAction\",\"target\":{\"@type\":\"EntryPoint\",\"urlTemplate\":\"https:\/\/www.justiceinfo.net\/fr?s={search_term_string}\"},\"query-input\":{\"@type\":\"PropertyValueSpecification\",\"valueRequired\":true,\"valueName\":\"search_term_string\"}}],\"inLanguage\":\"fr-FR\"},{\"@type\":\"Organization\",\"@id\":\"https:\/\/www.justiceinfo.net\/fr#organization\",\"name\":\"Justice Info\",\"url\":\"https:\/\/www.justiceinfo.net\/fr\",\"logo\":{\"@type\":\"ImageObject\",\"inLanguage\":\"fr-FR\",\"@id\":\"https:\/\/www.justiceinfo.net\/fr#\/schema\/logo\/image\/\",\"url\":\"https:\/\/www.justiceinfo.net\/wp-content\/uploads\/justiceinfo_logo-trans_1200x1200px.png\",\"contentUrl\":\"https:\/\/www.justiceinfo.net\/wp-content\/uploads\/justiceinfo_logo-trans_1200x1200px.png\",\"width\":1199,\"height\":1200,\"caption\":\"Justice Info\"},\"image\":{\"@id\":\"https:\/\/www.justiceinfo.net\/fr#\/schema\/logo\/image\/\"},\"sameAs\":[\"https:\/\/www.facebook.com\/JusticeInfo\/\",\"https:\/\/x.com\/justiceinfonet\",\"https:\/\/www.linkedin.com\/company\/justice-info\",\"https:\/\/www.youtube.com\/channel\/UCyCEsARodyuWtkWyhn-e7pA\"]},{\"@type\":\"Person\",\"name\":\"Ephrem Rugiririza\",\"sameAs\":[\"https:\/\/www.facebook.com\/rugiririza.ephrem.1\",\"https:\/\/x.com\/ER72777667\"],\"url\":\"https:\/\/www.justiceinfo.net\/fr\/auteur\/erugiririza\"}]}<\/script>\n<!-- \/ Yoast SEO Premium plugin. -->","yoast_head_json":{"title":"30.05.13 - RWANDA\/NORVEGE - UN RWANDAIS ARRETE EN NORVEGE POUR SON ROLE PRESUME DANS LE GENOCIDE DES TUTSIS - JusticeInfo.net","robots":{"index":"index","follow":"follow","max-snippet":"max-snippet:-1","max-image-preview":"max-image-preview:large","max-video-preview":"max-video-preview:-1"},"canonical":"https:\/\/www.justiceinfo.net\/fr\/14801-300513-rwandanorvege-un-rwandais-arrete-en-norvege-pour-son-role-presume-dans-le-genocide-des-tutsis.html","og_locale":"fr_FR","og_type":"article","og_title":"30.05.13 - RWANDA\/NORVEGE - UN RWANDAIS ARRETE EN NORVEGE POUR SON ROLE PRESUME DANS LE GENOCIDE DES TUTSIS","og_description":"Arusha, 30 mai 2013 (FH \u2013 Un Rwandais recherch\u00e9 dans son pays d\u2019origine pour son r\u00f4le pr\u00e9sum\u00e9 dans le g\u00e9nocide des Tutsis de 1994, a \u00e9t\u00e9 arr\u00eat\u00e9 mercredi en Norv\u00e8ge, apprend-on vendredi des m\u00e9dias internationaux et du parquet g\u00e9n\u00e9ral du Rwanda.","og_url":"https:\/\/www.justiceinfo.net\/fr\/14801-300513-rwandanorvege-un-rwandais-arrete-en-norvege-pour-son-role-presume-dans-le-genocide-des-tutsis.html","og_site_name":"JusticeInfo.net","article_publisher":"https:\/\/www.facebook.com\/JusticeInfo\/","article_author":"https:\/\/www.facebook.com\/rugiririza.ephrem.1","article_published_time":"2013-05-30T08:56:37+00:00","og_image":[{"width":1200,"height":630,"url":"https:\/\/www.justiceinfo.net\/wp-content\/uploads\/JusticeInfoNet_logo_1200x630px.jpg","type":"image\/jpeg"}],"author":"Ephrem Rugiririza","twitter_card":"summary_large_image","twitter_creator":"@ER72777667","twitter_site":"@justiceinfonet","twitter_misc":{"\u00c9crit par":"Ephrem Rugiririza","Dur\u00e9e de lecture estim\u00e9e":"2 minutes"},"schema":{"@context":"https:\/\/schema.org","@graph":[{"@type":"NewsArticle","@id":"https:\/\/www.justiceinfo.net\/fr\/14801-300513-rwandanorvege-un-rwandais-arrete-en-norvege-pour-son-role-presume-dans-le-genocide-des-tutsis.html#article","isPartOf":{"@id":"https:\/\/www.justiceinfo.net\/fr\/14801-300513-rwandanorvege-un-rwandais-arrete-en-norvege-pour-son-role-presume-dans-le-genocide-des-tutsis.html"},"author":{"name":"erugiririza","@id":"https:\/\/www.justiceinfo.net\/fr#\/schema\/person\/3c444bdbf3536fdebfdc6b3a06b2fc4a"},"headline":"30.05.13 - RWANDA\/NORVEGE - UN RWANDAIS ARRETE EN NORVEGE POUR SON ROLE PRESUME DANS LE GENOCIDE DES TUTSIS","datePublished":"2013-05-30T08:56:37+00:00","mainEntityOfPage":{"@id":"https:\/\/www.justiceinfo.net\/fr\/14801-300513-rwandanorvege-un-rwandais-arrete-en-norvege-pour-son-role-presume-dans-le-genocide-des-tutsis.html"},"wordCount":368,"commentCount":0,"publisher":{"@id":"https:\/\/www.justiceinfo.net\/fr#organization"},"articleSection":["Hirondelle News"],"inLanguage":"fr-FR","potentialAction":[{"@type":"CommentAction","name":"Comment","target":["https:\/\/www.justiceinfo.net\/fr\/14801-300513-rwandanorvege-un-rwandais-arrete-en-norvege-pour-son-role-presume-dans-le-genocide-des-tutsis.html#respond"]}]},{"@type":"WebPage","@id":"https:\/\/www.justiceinfo.net\/fr\/14801-300513-rwandanorvege-un-rwandais-arrete-en-norvege-pour-son-role-presume-dans-le-genocide-des-tutsis.html","url":"https:\/\/www.justiceinfo.net\/fr\/14801-300513-rwandanorvege-un-rwandais-arrete-en-norvege-pour-son-role-presume-dans-le-genocide-des-tutsis.html","name":"30.05.13 - RWANDA\/NORVEGE - UN RWANDAIS ARRETE EN NORVEGE POUR SON ROLE PRESUME DANS LE GENOCIDE DES TUTSIS - JusticeInfo.net","isPartOf":{"@id":"https:\/\/www.justiceinfo.net\/fr#website"},"datePublished":"2013-05-30T08:56:37+00:00","breadcrumb":{"@id":"https:\/\/www.justiceinfo.net\/fr\/14801-300513-rwandanorvege-un-rwandais-arrete-en-norvege-pour-son-role-presume-dans-le-genocide-des-tutsis.html#breadcrumb"},"inLanguage":"fr-FR","potentialAction":[{"@type":"ReadAction","target":["https:\/\/www.justiceinfo.net\/fr\/14801-300513-rwandanorvege-un-rwandais-arrete-en-norvege-pour-son-role-presume-dans-le-genocide-des-tutsis.html"]}]},{"@type":"BreadcrumbList","@id":"https:\/\/www.justiceinfo.net\/fr\/14801-300513-rwandanorvege-un-rwandais-arrete-en-norvege-pour-son-role-presume-dans-le-genocide-des-tutsis.html#breadcrumb","itemListElement":[{"@type":"ListItem","position":1,"name":"Home","item":"https:\/\/www.justiceinfo.net\/fr"},{"@type":"ListItem","position":2,"name":"30.05.13 - RWANDA\/NORVEGE - UN RWANDAIS ARRETE EN NORVEGE POUR SON ROLE PRESUME DANS LE GENOCIDE DES TUTSIS"}]},{"@type":"WebSite","@id":"https:\/\/www.justiceinfo.net\/fr#website","url":"https:\/\/www.justiceinfo.net\/fr","name":"JusticeInfo.net","description":"La justice doit \u00eatre vue pour \u00eatre rendue","publisher":{"@id":"https:\/\/www.justiceinfo.net\/fr#organization"},"potentialAction":[{"@type":"SearchAction","target":{"@type":"EntryPoint","urlTemplate":"https:\/\/www.justiceinfo.net\/fr?s={search_term_string}"},"query-input":{"@type":"PropertyValueSpecification","valueRequired":true,"valueName":"search_term_string"}}],"inLanguage":"fr-FR"},{"@type":"Organization","@id":"https:\/\/www.justiceinfo.net\/fr#organization","name":"Justice Info","url":"https:\/\/www.justiceinfo.net\/fr","logo":{"@type":"ImageObject","inLanguage":"fr-FR","@id":"https:\/\/www.justiceinfo.net\/fr#\/schema\/logo\/image\/","url":"https:\/\/www.justiceinfo.net\/wp-content\/uploads\/justiceinfo_logo-trans_1200x1200px.png","contentUrl":"https:\/\/www.justiceinfo.net\/wp-content\/uploads\/justiceinfo_logo-trans_1200x1200px.png","width":1199,"height":1200,"caption":"Justice Info"},"image":{"@id":"https:\/\/www.justiceinfo.net\/fr#\/schema\/logo\/image\/"},"sameAs":["https:\/\/www.facebook.com\/JusticeInfo\/","https:\/\/x.com\/justiceinfonet","https:\/\/www.linkedin.com\/company\/justice-info","https:\/\/www.youtube.com\/channel\/UCyCEsARodyuWtkWyhn-e7pA"]},{"@type":"Person","name":"Ephrem Rugiririza","sameAs":["https:\/\/www.facebook.com\/rugiririza.ephrem.1","https:\/\/x.com\/ER72777667"],"url":"https:\/\/www.justiceinfo.net\/fr\/auteur\/erugiririza"}]}},"_links":{"self":[{"href":"https:\/\/www.justiceinfo.net\/fr\/wp-json\/wp\/v2\/posts\/14801","targetHints":{"allow":["GET"]}}],"collection":[{"href":"https:\/\/www.justiceinfo.net\/fr\/wp-json\/wp\/v2\/posts"}],"about":[{"href":"https:\/\/www.justiceinfo.net\/fr\/wp-json\/wp\/v2\/types\/post"}],"author":[{"embeddable":true,"href":"https:\/\/www.justiceinfo.net\/fr\/wp-json\/wp\/v2\/users\/59"}],"replies":[{"embeddable":true,"href":"https:\/\/www.justiceinfo.net\/fr\/wp-json\/wp\/v2\/comments?post=14801"}],"version-history":[{"count":0,"href":"https:\/\/www.justiceinfo.net\/fr\/wp-json\/wp\/v2\/posts\/14801\/revisions"}],"wp:attachment":[{"href":"https:\/\/www.justiceinfo.net\/fr\/wp-json\/wp\/v2\/media?parent=14801"}],"wp:term":[{"taxonomy":"category","embeddable":true,"href":"https:\/\/www.justiceinfo.net\/fr\/wp-json\/wp\/v2\/categories?post=14801"},{"taxonomy":"post_tag","embeddable":true,"href":"https:\/\/www.justiceinfo.net\/fr\/wp-json\/wp\/v2\/tags?post=14801"},{"taxonomy":"ji_location","embeddable":true,"href":"https:\/\/www.justiceinfo.net\/fr\/wp-json\/wp\/v2\/ji_location?post=14801"}],"curies":[{"name":"wp","href":"https:\/\/api.w.org\/{rel}","templated":true}]}}