{"id":14837,"date":"2013-07-05T09:29:08","date_gmt":"2013-07-05T07:29:08","guid":{"rendered":"https:\/\/www.justiceinfo.net\/14837-050713-synthese-hebdomadaire-dakar-inculpe-hissene-habre-le-mtpi-ouvre-sa-branche-de-la-haye.html"},"modified":"2013-07-05T09:29:08","modified_gmt":"2013-07-05T07:29:08","slug":"050713-synthese-hebdomadaire-dakar-inculpe-hissene-habre-le-mtpi-ouvre-sa-branche-de-la-haye","status":"publish","type":"post","link":"https:\/\/www.justiceinfo.net\/fr\/14837-050713-synthese-hebdomadaire-dakar-inculpe-hissene-habre-le-mtpi-ouvre-sa-branche-de-la-haye.html","title":{"rendered":"05.07.13 - SYNTHESE HEBDOMADAIRE - DAKAR INCULPE HISSENE HABRE, LE MTPI OUVRE SA BRANCHE DE LA HAYE"},"content":{"rendered":"<p>Arusha, 05 juillet 2013 (FH)\u00a0\u00a0 Cette semaine a \u00e9t\u00e9 marqu\u00e9e par l\u2019inculpation de l\u2019ancien pr\u00e9sident tchadien Hiss\u00e8ne Habr\u00e9, en exil au S\u00e9n\u00e9gal, ainsi que par l\u2019ouverture par le M\u00e9canisme pour les tribunaux p\u00e9naux internationaux (MTPI) de sa branche de La Haye, aux Pays-Bas.<\/p>\n<p><!--more--><\/p>\n<p>Ouverture de la seconde branche du MTPI : le M\u00e9canisme pour les tribunaux p\u00e9naux internationaux (MTPI) a proc\u00e9d\u00e9 lundi \u00e0 l\u2019ouverture officielle de sa division de La Haye, qui sera charg\u00e9e des fonctions r\u00e9siduelles du Tribunal p\u00e9nal international pour l\u2019ex-Yougoslavie (TPIY). Cette branche entre en fonction une ann\u00e9e apr\u00e8s celle d\u2019Arusha, en Tanzanie, qui g\u00e8rera l\u2019h\u00e9ritage du Tribunal p\u00e9nal international pour le Rwanda (TPIR). La branche de La Haye a \u00e9t\u00e9 ouverte par le juge Theodor Meron, pr\u00e9sident du MTPI et du TPIY. Pour le magistrat am\u00e9ricain, le TPIR et le TPIY \u00ab ont apport\u00e9 la preuve que la volont\u00e9 commune d\u2019\u00e9tablir la responsabilit\u00e9 des auteurs des crimes peut l\u2019emporter, et l\u2019emportera, sur l\u2019impunit\u00e9 \u00bb. Le TPIR et le TPIY doivent fermer leurs portes au plus tard \u00e0 la fin de l\u2019ann\u00e9e prochaine. Cr\u00e9\u00e9 par la r\u00e9solution 1966 du Conseil de s\u00e9curit\u00e9 du 22 d\u00e9cembre 2010, le MTPI est mis en place pour une dur\u00e9e initiale de 4 ans, mais il peut rester en place au-del\u00e0 de ce d\u00e9lai, si ses travaux l\u2019exigent. Hiss\u00e8ne Habr\u00e9 inculp\u00e9 au S\u00e9n\u00e9gal : apr\u00e8s son arrestation dimanche \u00e0 son domicile dakarois, Hiss\u00e8ne Habr\u00e9 a \u00e9t\u00e9 inculp\u00e9 et plac\u00e9 sous mandat de d\u00e9p\u00f4t mardi, un acte judiciaire salu\u00e9 comme une premi\u00e8re par plusieurs organisations africaines et internationales de d\u00e9fense des droits de l\u2019Homme. Habr\u00e9, en exil au S\u00e9n\u00e9gal depuis 22 ans, a \u00e9t\u00e9 inculp\u00e9 de crimes contre l\u2019humanit\u00e9, crimes de guerre et tortures commis dans son pays durant ses huit ans de pouvoir (1982-1990). Pour son jugement, le gouvernement s\u00e9n\u00e9galais et l\u2019Union africaine (UA) ont sign\u00e9 un accord, en vue de la cr\u00e9ation, au S\u00e9n\u00e9gal, d\u2019un tribunal sp\u00e9cial. L\u2019accord a \u00e9t\u00e9 approuv\u00e9 le 19 d\u00e9cembre 2012 par les d\u00e9put\u00e9s s\u00e9n\u00e9galais. La phase d\u2019instruction devrait durer 15 mois. Elle pourra \u00eatre suivie d\u2019un proc\u00e8s \u00e0 la fin de l\u2019ann\u00e9e 2014 ou en 2015.Instruction en France sur le Rwandais Claude Muhayimana : la justice fran\u00e7aise a r\u00e9v\u00e9l\u00e9 mercredi l\u2019ouverture d\u2019une information judiciaire, pour g\u00e9nocide et crimes contre l\u2019humanit\u00e9, contre Claude Muhayimana, un Rwandais recherch\u00e9 par la justice de son pays. Cette instruction fait suite \u00e0 une plainte d\u00e9pos\u00e9e d\u00e9but juin par le Collectif des parties civiles pour le Rwanda (CPCR), une association fran\u00e7aise. Le CPCR accuse notamment M. Muhayimana de crimes commis \u00e0 Kibuye, une petite ville de l\u2019Ouest\u00a0 du Rwanda. La cour d'appel de Rouen avait rendu en mars 2012 un avis favorable \u00e0 une demande d\u2019extradition rwandaise, mais son arr\u00eat a \u00e9t\u00e9 cass\u00e9 par la plus haute juridiction judiciaire fran\u00e7aise, la Cour de cassation. Il revient d\u00e9sormais \u00e0 la chambre de l'instruction de la cour d'appel de Paris de se prononcer.ER\u00a0<\/p>\n","protected":false},"excerpt":{"rendered":"<p>Arusha, 05 juillet 2013 (FH)\u00a0\u00a0 Cette semaine a \u00e9t\u00e9 marqu\u00e9e par l\u2019inculpation de l\u2019ancien pr\u00e9sident tchadien Hiss\u00e8ne Habr\u00e9, en exil au S\u00e9n\u00e9gal, ainsi que par l\u2019ouverture par le M\u00e9canisme pour les tribunaux p\u00e9naux internationaux (MTPI) de sa branche de La Haye, aux Pays-Bas.<\/p>\n","protected":false},"author":59,"featured_media":0,"comment_status":"open","ping_status":"closed","sticky":false,"template":"","format":"standard","meta":{"_acf_changed":false,"footnotes":""},"categories":[554],"tags":[],"ji_location":[],"class_list":["post-14837","post","type-post","status-publish","format-standard","hentry","category-hirondellenews"],"acf":[],"yoast_head":"<!-- This site is optimized with the Yoast SEO Premium plugin v25.3.1 (Yoast SEO v25.3.1) - https:\/\/yoast.com\/wordpress\/plugins\/seo\/ -->\n<title>05.07.13 - SYNTHESE HEBDOMADAIRE - DAKAR INCULPE HISSENE HABRE, LE MTPI OUVRE SA BRANCHE DE LA HAYE - JusticeInfo.net<\/title>\n<meta name=\"robots\" content=\"index, follow, max-snippet:-1, max-image-preview:large, max-video-preview:-1\" \/>\n<link rel=\"canonical\" href=\"https:\/\/www.justiceinfo.net\/fr\/14837-050713-synthese-hebdomadaire-dakar-inculpe-hissene-habre-le-mtpi-ouvre-sa-branche-de-la-haye.html\" \/>\n<meta property=\"og:locale\" content=\"fr_FR\" \/>\n<meta property=\"og:type\" content=\"article\" \/>\n<meta property=\"og:title\" content=\"05.07.13 - SYNTHESE HEBDOMADAIRE - DAKAR INCULPE HISSENE HABRE, LE MTPI OUVRE SA BRANCHE DE LA HAYE\" \/>\n<meta property=\"og:description\" content=\"Arusha, 05 juillet 2013 (FH)\u00a0\u00a0 Cette semaine a \u00e9t\u00e9 marqu\u00e9e par l\u2019inculpation de l\u2019ancien pr\u00e9sident tchadien Hiss\u00e8ne Habr\u00e9, en exil au S\u00e9n\u00e9gal, ainsi que par l\u2019ouverture par le M\u00e9canisme pour les tribunaux p\u00e9naux internationaux (MTPI) de sa branche de La Haye, aux Pays-Bas.\" \/>\n<meta property=\"og:url\" content=\"https:\/\/www.justiceinfo.net\/fr\/14837-050713-synthese-hebdomadaire-dakar-inculpe-hissene-habre-le-mtpi-ouvre-sa-branche-de-la-haye.html\" \/>\n<meta property=\"og:site_name\" content=\"JusticeInfo.net\" \/>\n<meta property=\"article:publisher\" content=\"https:\/\/www.facebook.com\/JusticeInfo\/\" \/>\n<meta property=\"article:author\" content=\"https:\/\/www.facebook.com\/rugiririza.ephrem.1\" \/>\n<meta property=\"article:published_time\" content=\"2013-07-05T07:29:08+00:00\" \/>\n<meta property=\"og:image\" content=\"https:\/\/www.justiceinfo.net\/wp-content\/uploads\/JusticeInfoNet_logo_1200x630px.jpg\" \/>\n\t<meta property=\"og:image:width\" content=\"1200\" \/>\n\t<meta property=\"og:image:height\" content=\"630\" \/>\n\t<meta property=\"og:image:type\" content=\"image\/jpeg\" \/>\n<meta name=\"author\" content=\"Ephrem Rugiririza\" \/>\n<meta name=\"twitter:card\" content=\"summary_large_image\" \/>\n<meta name=\"twitter:creator\" content=\"@ER72777667\" \/>\n<meta name=\"twitter:site\" content=\"@justiceinfonet\" \/>\n<meta name=\"twitter:label1\" content=\"\u00c9crit par\" \/>\n\t<meta name=\"twitter:data1\" content=\"Ephrem Rugiririza\" \/>\n\t<meta name=\"twitter:label2\" content=\"Dur\u00e9e de lecture estim\u00e9e\" \/>\n\t<meta name=\"twitter:data2\" content=\"3 minutes\" \/>\n<script type=\"application\/ld+json\" class=\"yoast-schema-graph\">{\"@context\":\"https:\/\/schema.org\",\"@graph\":[{\"@type\":\"NewsArticle\",\"@id\":\"https:\/\/www.justiceinfo.net\/fr\/14837-050713-synthese-hebdomadaire-dakar-inculpe-hissene-habre-le-mtpi-ouvre-sa-branche-de-la-haye.html#article\",\"isPartOf\":{\"@id\":\"https:\/\/www.justiceinfo.net\/fr\/14837-050713-synthese-hebdomadaire-dakar-inculpe-hissene-habre-le-mtpi-ouvre-sa-branche-de-la-haye.html\"},\"author\":{\"name\":\"erugiririza\",\"@id\":\"https:\/\/www.justiceinfo.net\/fr#\/schema\/person\/3c444bdbf3536fdebfdc6b3a06b2fc4a\"},\"headline\":\"05.07.13 - SYNTHESE HEBDOMADAIRE - DAKAR INCULPE HISSENE HABRE, LE MTPI OUVRE SA BRANCHE DE LA HAYE\",\"datePublished\":\"2013-07-05T07:29:08+00:00\",\"mainEntityOfPage\":{\"@id\":\"https:\/\/www.justiceinfo.net\/fr\/14837-050713-synthese-hebdomadaire-dakar-inculpe-hissene-habre-le-mtpi-ouvre-sa-branche-de-la-haye.html\"},\"wordCount\":561,\"commentCount\":0,\"publisher\":{\"@id\":\"https:\/\/www.justiceinfo.net\/fr#organization\"},\"articleSection\":[\"Hirondelle News\"],\"inLanguage\":\"fr-FR\",\"potentialAction\":[{\"@type\":\"CommentAction\",\"name\":\"Comment\",\"target\":[\"https:\/\/www.justiceinfo.net\/fr\/14837-050713-synthese-hebdomadaire-dakar-inculpe-hissene-habre-le-mtpi-ouvre-sa-branche-de-la-haye.html#respond\"]}]},{\"@type\":\"WebPage\",\"@id\":\"https:\/\/www.justiceinfo.net\/fr\/14837-050713-synthese-hebdomadaire-dakar-inculpe-hissene-habre-le-mtpi-ouvre-sa-branche-de-la-haye.html\",\"url\":\"https:\/\/www.justiceinfo.net\/fr\/14837-050713-synthese-hebdomadaire-dakar-inculpe-hissene-habre-le-mtpi-ouvre-sa-branche-de-la-haye.html\",\"name\":\"05.07.13 - SYNTHESE HEBDOMADAIRE - DAKAR INCULPE HISSENE HABRE, LE MTPI OUVRE SA BRANCHE DE LA HAYE - JusticeInfo.net\",\"isPartOf\":{\"@id\":\"https:\/\/www.justiceinfo.net\/fr#website\"},\"datePublished\":\"2013-07-05T07:29:08+00:00\",\"breadcrumb\":{\"@id\":\"https:\/\/www.justiceinfo.net\/fr\/14837-050713-synthese-hebdomadaire-dakar-inculpe-hissene-habre-le-mtpi-ouvre-sa-branche-de-la-haye.html#breadcrumb\"},\"inLanguage\":\"fr-FR\",\"potentialAction\":[{\"@type\":\"ReadAction\",\"target\":[\"https:\/\/www.justiceinfo.net\/fr\/14837-050713-synthese-hebdomadaire-dakar-inculpe-hissene-habre-le-mtpi-ouvre-sa-branche-de-la-haye.html\"]}]},{\"@type\":\"BreadcrumbList\",\"@id\":\"https:\/\/www.justiceinfo.net\/fr\/14837-050713-synthese-hebdomadaire-dakar-inculpe-hissene-habre-le-mtpi-ouvre-sa-branche-de-la-haye.html#breadcrumb\",\"itemListElement\":[{\"@type\":\"ListItem\",\"position\":1,\"name\":\"Home\",\"item\":\"https:\/\/www.justiceinfo.net\/fr\"},{\"@type\":\"ListItem\",\"position\":2,\"name\":\"05.07.13 - SYNTHESE HEBDOMADAIRE - DAKAR INCULPE HISSENE HABRE, LE MTPI OUVRE SA BRANCHE DE LA HAYE\"}]},{\"@type\":\"WebSite\",\"@id\":\"https:\/\/www.justiceinfo.net\/fr#website\",\"url\":\"https:\/\/www.justiceinfo.net\/fr\",\"name\":\"JusticeInfo.net\",\"description\":\"La justice doit \u00eatre vue pour \u00eatre rendue\",\"publisher\":{\"@id\":\"https:\/\/www.justiceinfo.net\/fr#organization\"},\"potentialAction\":[{\"@type\":\"SearchAction\",\"target\":{\"@type\":\"EntryPoint\",\"urlTemplate\":\"https:\/\/www.justiceinfo.net\/fr?s={search_term_string}\"},\"query-input\":{\"@type\":\"PropertyValueSpecification\",\"valueRequired\":true,\"valueName\":\"search_term_string\"}}],\"inLanguage\":\"fr-FR\"},{\"@type\":\"Organization\",\"@id\":\"https:\/\/www.justiceinfo.net\/fr#organization\",\"name\":\"Justice Info\",\"url\":\"https:\/\/www.justiceinfo.net\/fr\",\"logo\":{\"@type\":\"ImageObject\",\"inLanguage\":\"fr-FR\",\"@id\":\"https:\/\/www.justiceinfo.net\/fr#\/schema\/logo\/image\/\",\"url\":\"https:\/\/www.justiceinfo.net\/wp-content\/uploads\/justiceinfo_logo-trans_1200x1200px.png\",\"contentUrl\":\"https:\/\/www.justiceinfo.net\/wp-content\/uploads\/justiceinfo_logo-trans_1200x1200px.png\",\"width\":1199,\"height\":1200,\"caption\":\"Justice Info\"},\"image\":{\"@id\":\"https:\/\/www.justiceinfo.net\/fr#\/schema\/logo\/image\/\"},\"sameAs\":[\"https:\/\/www.facebook.com\/JusticeInfo\/\",\"https:\/\/x.com\/justiceinfonet\",\"https:\/\/www.linkedin.com\/company\/justice-info\",\"https:\/\/www.youtube.com\/channel\/UCyCEsARodyuWtkWyhn-e7pA\"]},{\"@type\":\"Person\",\"name\":\"Ephrem Rugiririza\",\"sameAs\":[\"https:\/\/www.facebook.com\/rugiririza.ephrem.1\",\"https:\/\/x.com\/ER72777667\"],\"url\":\"https:\/\/www.justiceinfo.net\/fr\/auteur\/erugiririza\"}]}<\/script>\n<!-- \/ Yoast SEO Premium plugin. -->","yoast_head_json":{"title":"05.07.13 - SYNTHESE HEBDOMADAIRE - DAKAR INCULPE HISSENE HABRE, LE MTPI OUVRE SA BRANCHE DE LA HAYE - JusticeInfo.net","robots":{"index":"index","follow":"follow","max-snippet":"max-snippet:-1","max-image-preview":"max-image-preview:large","max-video-preview":"max-video-preview:-1"},"canonical":"https:\/\/www.justiceinfo.net\/fr\/14837-050713-synthese-hebdomadaire-dakar-inculpe-hissene-habre-le-mtpi-ouvre-sa-branche-de-la-haye.html","og_locale":"fr_FR","og_type":"article","og_title":"05.07.13 - SYNTHESE HEBDOMADAIRE - DAKAR INCULPE HISSENE HABRE, LE MTPI OUVRE SA BRANCHE DE LA HAYE","og_description":"Arusha, 05 juillet 2013 (FH)\u00a0\u00a0 Cette semaine a \u00e9t\u00e9 marqu\u00e9e par l\u2019inculpation de l\u2019ancien pr\u00e9sident tchadien Hiss\u00e8ne Habr\u00e9, en exil au S\u00e9n\u00e9gal, ainsi que par l\u2019ouverture par le M\u00e9canisme pour les tribunaux p\u00e9naux internationaux (MTPI) de sa branche de La Haye, aux Pays-Bas.","og_url":"https:\/\/www.justiceinfo.net\/fr\/14837-050713-synthese-hebdomadaire-dakar-inculpe-hissene-habre-le-mtpi-ouvre-sa-branche-de-la-haye.html","og_site_name":"JusticeInfo.net","article_publisher":"https:\/\/www.facebook.com\/JusticeInfo\/","article_author":"https:\/\/www.facebook.com\/rugiririza.ephrem.1","article_published_time":"2013-07-05T07:29:08+00:00","og_image":[{"width":1200,"height":630,"url":"https:\/\/www.justiceinfo.net\/wp-content\/uploads\/JusticeInfoNet_logo_1200x630px.jpg","type":"image\/jpeg"}],"author":"Ephrem Rugiririza","twitter_card":"summary_large_image","twitter_creator":"@ER72777667","twitter_site":"@justiceinfonet","twitter_misc":{"\u00c9crit par":"Ephrem Rugiririza","Dur\u00e9e de lecture estim\u00e9e":"3 minutes"},"schema":{"@context":"https:\/\/schema.org","@graph":[{"@type":"NewsArticle","@id":"https:\/\/www.justiceinfo.net\/fr\/14837-050713-synthese-hebdomadaire-dakar-inculpe-hissene-habre-le-mtpi-ouvre-sa-branche-de-la-haye.html#article","isPartOf":{"@id":"https:\/\/www.justiceinfo.net\/fr\/14837-050713-synthese-hebdomadaire-dakar-inculpe-hissene-habre-le-mtpi-ouvre-sa-branche-de-la-haye.html"},"author":{"name":"erugiririza","@id":"https:\/\/www.justiceinfo.net\/fr#\/schema\/person\/3c444bdbf3536fdebfdc6b3a06b2fc4a"},"headline":"05.07.13 - SYNTHESE HEBDOMADAIRE - DAKAR INCULPE HISSENE HABRE, LE MTPI OUVRE SA BRANCHE DE LA HAYE","datePublished":"2013-07-05T07:29:08+00:00","mainEntityOfPage":{"@id":"https:\/\/www.justiceinfo.net\/fr\/14837-050713-synthese-hebdomadaire-dakar-inculpe-hissene-habre-le-mtpi-ouvre-sa-branche-de-la-haye.html"},"wordCount":561,"commentCount":0,"publisher":{"@id":"https:\/\/www.justiceinfo.net\/fr#organization"},"articleSection":["Hirondelle News"],"inLanguage":"fr-FR","potentialAction":[{"@type":"CommentAction","name":"Comment","target":["https:\/\/www.justiceinfo.net\/fr\/14837-050713-synthese-hebdomadaire-dakar-inculpe-hissene-habre-le-mtpi-ouvre-sa-branche-de-la-haye.html#respond"]}]},{"@type":"WebPage","@id":"https:\/\/www.justiceinfo.net\/fr\/14837-050713-synthese-hebdomadaire-dakar-inculpe-hissene-habre-le-mtpi-ouvre-sa-branche-de-la-haye.html","url":"https:\/\/www.justiceinfo.net\/fr\/14837-050713-synthese-hebdomadaire-dakar-inculpe-hissene-habre-le-mtpi-ouvre-sa-branche-de-la-haye.html","name":"05.07.13 - SYNTHESE HEBDOMADAIRE - DAKAR INCULPE HISSENE HABRE, LE MTPI OUVRE SA BRANCHE DE LA HAYE - JusticeInfo.net","isPartOf":{"@id":"https:\/\/www.justiceinfo.net\/fr#website"},"datePublished":"2013-07-05T07:29:08+00:00","breadcrumb":{"@id":"https:\/\/www.justiceinfo.net\/fr\/14837-050713-synthese-hebdomadaire-dakar-inculpe-hissene-habre-le-mtpi-ouvre-sa-branche-de-la-haye.html#breadcrumb"},"inLanguage":"fr-FR","potentialAction":[{"@type":"ReadAction","target":["https:\/\/www.justiceinfo.net\/fr\/14837-050713-synthese-hebdomadaire-dakar-inculpe-hissene-habre-le-mtpi-ouvre-sa-branche-de-la-haye.html"]}]},{"@type":"BreadcrumbList","@id":"https:\/\/www.justiceinfo.net\/fr\/14837-050713-synthese-hebdomadaire-dakar-inculpe-hissene-habre-le-mtpi-ouvre-sa-branche-de-la-haye.html#breadcrumb","itemListElement":[{"@type":"ListItem","position":1,"name":"Home","item":"https:\/\/www.justiceinfo.net\/fr"},{"@type":"ListItem","position":2,"name":"05.07.13 - SYNTHESE HEBDOMADAIRE - DAKAR INCULPE HISSENE HABRE, LE MTPI OUVRE SA BRANCHE DE LA HAYE"}]},{"@type":"WebSite","@id":"https:\/\/www.justiceinfo.net\/fr#website","url":"https:\/\/www.justiceinfo.net\/fr","name":"JusticeInfo.net","description":"La justice doit \u00eatre vue pour \u00eatre rendue","publisher":{"@id":"https:\/\/www.justiceinfo.net\/fr#organization"},"potentialAction":[{"@type":"SearchAction","target":{"@type":"EntryPoint","urlTemplate":"https:\/\/www.justiceinfo.net\/fr?s={search_term_string}"},"query-input":{"@type":"PropertyValueSpecification","valueRequired":true,"valueName":"search_term_string"}}],"inLanguage":"fr-FR"},{"@type":"Organization","@id":"https:\/\/www.justiceinfo.net\/fr#organization","name":"Justice Info","url":"https:\/\/www.justiceinfo.net\/fr","logo":{"@type":"ImageObject","inLanguage":"fr-FR","@id":"https:\/\/www.justiceinfo.net\/fr#\/schema\/logo\/image\/","url":"https:\/\/www.justiceinfo.net\/wp-content\/uploads\/justiceinfo_logo-trans_1200x1200px.png","contentUrl":"https:\/\/www.justiceinfo.net\/wp-content\/uploads\/justiceinfo_logo-trans_1200x1200px.png","width":1199,"height":1200,"caption":"Justice Info"},"image":{"@id":"https:\/\/www.justiceinfo.net\/fr#\/schema\/logo\/image\/"},"sameAs":["https:\/\/www.facebook.com\/JusticeInfo\/","https:\/\/x.com\/justiceinfonet","https:\/\/www.linkedin.com\/company\/justice-info","https:\/\/www.youtube.com\/channel\/UCyCEsARodyuWtkWyhn-e7pA"]},{"@type":"Person","name":"Ephrem Rugiririza","sameAs":["https:\/\/www.facebook.com\/rugiririza.ephrem.1","https:\/\/x.com\/ER72777667"],"url":"https:\/\/www.justiceinfo.net\/fr\/auteur\/erugiririza"}]}},"_links":{"self":[{"href":"https:\/\/www.justiceinfo.net\/fr\/wp-json\/wp\/v2\/posts\/14837","targetHints":{"allow":["GET"]}}],"collection":[{"href":"https:\/\/www.justiceinfo.net\/fr\/wp-json\/wp\/v2\/posts"}],"about":[{"href":"https:\/\/www.justiceinfo.net\/fr\/wp-json\/wp\/v2\/types\/post"}],"author":[{"embeddable":true,"href":"https:\/\/www.justiceinfo.net\/fr\/wp-json\/wp\/v2\/users\/59"}],"replies":[{"embeddable":true,"href":"https:\/\/www.justiceinfo.net\/fr\/wp-json\/wp\/v2\/comments?post=14837"}],"version-history":[{"count":0,"href":"https:\/\/www.justiceinfo.net\/fr\/wp-json\/wp\/v2\/posts\/14837\/revisions"}],"wp:attachment":[{"href":"https:\/\/www.justiceinfo.net\/fr\/wp-json\/wp\/v2\/media?parent=14837"}],"wp:term":[{"taxonomy":"category","embeddable":true,"href":"https:\/\/www.justiceinfo.net\/fr\/wp-json\/wp\/v2\/categories?post=14837"},{"taxonomy":"post_tag","embeddable":true,"href":"https:\/\/www.justiceinfo.net\/fr\/wp-json\/wp\/v2\/tags?post=14837"},{"taxonomy":"ji_location","embeddable":true,"href":"https:\/\/www.justiceinfo.net\/fr\/wp-json\/wp\/v2\/ji_location?post=14837"}],"curies":[{"name":"wp","href":"https:\/\/api.w.org\/{rel}","templated":true}]}}