{"id":14943,"date":"2013-10-11T12:35:38","date_gmt":"2013-10-11T10:35:38","guid":{"rendered":"https:\/\/www.justiceinfo.net\/14943-111013-synthese-hebdomadaire-uhuru-demande-labandon-des-poursuites-contre-lui-londres-confirme-sa-volonte-dheberger-charles-taylor.html"},"modified":"2013-10-11T12:35:38","modified_gmt":"2013-10-11T10:35:38","slug":"111013-synthese-hebdomadaire-uhuru-demande-labandon-des-poursuites-contre-lui-londres-confirme-sa-volonte-dheberger-charles-taylor","status":"publish","type":"post","link":"https:\/\/www.justiceinfo.net\/fr\/14943-111013-synthese-hebdomadaire-uhuru-demande-labandon-des-poursuites-contre-lui-londres-confirme-sa-volonte-dheberger-charles-taylor.html","title":{"rendered":"11.10.13 - SYNTHESE HEBDOMADAIRE - UHURU DEMANDE L\u2019ABANDON DES POURSUITES CONTRE LUI, LONDRES CONFIRME SA VOLONTE D\u2019HEBERGER CHARLES TAYLOR"},"content":{"rendered":"<p>Arusha, 11 octobre 2013 (FH) \u2013 Le pr\u00e9sident du Kenya, Uhuru Kenyatta, a demand\u00e9 \u00e0 la Cour p\u00e9nale internationale (CPIR) de d\u00e9clarer la fin des poursuites engag\u00e9es contre lui. Pour sa part, le Royaume-Uni a confirm\u00e9 sa volont\u00e9 d\u2019h\u00e9berger l\u2019ancien pr\u00e9sident du Lib\u00e9ria Charles Taylor condamn\u00e9 d\u00e9finitivement \u00e0 50 ans de prison.<\/p>\n<p><!--more--><\/p>\n<p>CPI\/KENYALa d\u00e9fense du pr\u00e9sident k\u00e9nyan Uhuru Kenyatta poursuivi pour crimes contre l\u2019humanit\u00e9 devant la Cour p\u00e9nale internationale (CPI) a demand\u00e9 aux juges de mettre fin aux poursuites, avan\u00e7ant que la proc\u00e9dure avait \u00e9t\u00e9 entach\u00e9e d\u2019abus graves. Dans une requ\u00eate d\u00e9pos\u00e9e jeudi devant la chambre, les avocats du chef de l\u2019Etat soutiennent que l\u2019essentiel du dossier du procureur repose sur \u00ab une conspiration\u00a0 visant \u00e0 travestir le cours de la justice \u00bb. Mes Steven Kay et Gillian Higgins \u00e9pinglent notamment un t\u00e9moin de l\u2019accusation d\u00e9sign\u00e9 par le pseudonyme OTP-118 et \u00ab un interm\u00e9diaire\u00a0 du procureur \u00bb non autrement identifi\u00e9, les accusant d\u2019avoir intimid\u00e9 plusieurs t\u00e9moins de la d\u00e9fense ou de les avoir suborn\u00e9s en \u00e9change de d\u00e9clarations d\u00e9favorables au pr\u00e9sident Kenyatta.CPI\/AFRIQUEUn groupe d\u2019activistes conduits par six laur\u00e9ats du prix Nobel de la Paix, parmi lesquels l\u2019archev\u00eaque sud-africain Desmond Tutu,\u00a0 ont envoy\u00e9 jeudi une lettre aux dirigeants africains en les exhortant \u00e0 appuyer la Cour p\u00e9nale internationale (CPI) et \u00e0 en faire l\u2019outil essentiel pour combattre le viol et d\u2019autres formes de violence sexuelle. Ses activistes agissent dans le cadre de la Campagne internationale pour mettre fin aux viols et \u00e0 la violence fond\u00e9e sur le genre en situation de conflit. Un sommet extraordinaire de l\u2019Union africaine doit s\u2019ouvrir vendredi \u00e0 Addis-Abeba, en Ethiopie.CPI\/LIBYEUne chambre pr\u00e9liminaire de la Cour p\u00e9nale\u00a0 internationale (CPI) a d\u00e9cid\u00e9 vendredi de renvoyer devant la justice libyenne le dossier de l\u2019ancien patron des renseignements libyens Abdullah Al-Senoussi, soup\u00e7onn\u00e9 de crimes contre l\u2019humanit\u00e9. La d\u00e9cision n\u2019est cependant pas d\u00e9finitive car la d\u00e9fense de Senoussi et le procureur de la CPI peuvent faire appel. Le suspect est actuellement d\u00e9tenu en Libye.TSSL\/ROYAUME-UNILe Royaume \u2013Uni a confirm\u00e9 jeudi sa volont\u00e9 d\u2019accueillir, dans une de ses prisons, l\u2019ancien pr\u00e9sident du Liberia Charles Taylor condamn\u00e9 d\u00e9finitivement \u00e0 50 ans de prison pour crimes de guerre commis en Sierra Leone. Le jugement dans l\u2019affaire Taylor a \u00e9t\u00e9 confirm\u00e9 par la chambre d\u2019appel du Tribunal pour la Sierra Leone (TSSL), le 26 septembre dernier. Le 6 avril 2012, l\u2019ancien pr\u00e9sident avait \u00e9t\u00e9 reconnu\u00a0 coupable de 11 chefs d\u2019accusation pour des exactions commises en Sierra Leone, durant le conflit dans ce pays, entre 1991 et 2002. Les juges avaient retenu sa responsabilit\u00e9 p\u00e9nale pour aide et encouragement \u00e0 commettre ces crimes.LA SEMAINE PROCHAINELe proc\u00e8s du vice-pr\u00e9sident k\u00e9nyan William Ruto et celui du s\u00e9nateur congolais Jean-Pierre Bemba devraient se poursuivre la semaine prochaine \u00e0 la CPI, selon le calendrier de la Cour.ER<\/p>\n","protected":false},"excerpt":{"rendered":"<p>Arusha, 11 octobre 2013 (FH) \u2013 Le pr\u00e9sident du Kenya, Uhuru Kenyatta, a demand\u00e9 \u00e0 la Cour p\u00e9nale internationale (CPIR) de d\u00e9clarer la fin des poursuites engag\u00e9es contre lui. Pour sa part, le Royaume-Uni a confirm\u00e9 sa volont\u00e9 d\u2019h\u00e9berger l\u2019ancien pr\u00e9sident du Lib\u00e9ria Charles Taylor condamn\u00e9 d\u00e9finitivement \u00e0 50 ans de prison.<\/p>\n","protected":false},"author":59,"featured_media":0,"comment_status":"open","ping_status":"closed","sticky":false,"template":"","format":"standard","meta":{"_acf_changed":false,"footnotes":""},"categories":[554],"tags":[],"ji_location":[],"class_list":["post-14943","post","type-post","status-publish","format-standard","hentry","category-hirondellenews"],"acf":[],"yoast_head":"<!-- This site is optimized with the Yoast SEO Premium plugin v25.3.1 (Yoast SEO v25.3.1) - https:\/\/yoast.com\/wordpress\/plugins\/seo\/ -->\n<title>11.10.13 - SYNTHESE HEBDOMADAIRE - UHURU DEMANDE L\u2019ABANDON DES POURSUITES CONTRE LUI, LONDRES CONFIRME SA VOLONTE D\u2019HEBERGER CHARLES TAYLOR - JusticeInfo.net<\/title>\n<meta name=\"robots\" content=\"index, follow, max-snippet:-1, max-image-preview:large, max-video-preview:-1\" \/>\n<link rel=\"canonical\" href=\"https:\/\/www.justiceinfo.net\/fr\/14943-111013-synthese-hebdomadaire-uhuru-demande-labandon-des-poursuites-contre-lui-londres-confirme-sa-volonte-dheberger-charles-taylor.html\" \/>\n<meta property=\"og:locale\" content=\"fr_FR\" \/>\n<meta property=\"og:type\" content=\"article\" \/>\n<meta property=\"og:title\" content=\"11.10.13 - SYNTHESE HEBDOMADAIRE - UHURU DEMANDE L\u2019ABANDON DES POURSUITES CONTRE LUI, LONDRES CONFIRME SA VOLONTE D\u2019HEBERGER CHARLES TAYLOR\" \/>\n<meta property=\"og:description\" content=\"Arusha, 11 octobre 2013 (FH) \u2013 Le pr\u00e9sident du Kenya, Uhuru Kenyatta, a demand\u00e9 \u00e0 la Cour p\u00e9nale internationale (CPIR) de d\u00e9clarer la fin des poursuites engag\u00e9es contre lui. Pour sa part, le Royaume-Uni a confirm\u00e9 sa volont\u00e9 d\u2019h\u00e9berger l\u2019ancien pr\u00e9sident du Lib\u00e9ria Charles Taylor condamn\u00e9 d\u00e9finitivement \u00e0 50 ans de prison.\" \/>\n<meta property=\"og:url\" content=\"https:\/\/www.justiceinfo.net\/fr\/14943-111013-synthese-hebdomadaire-uhuru-demande-labandon-des-poursuites-contre-lui-londres-confirme-sa-volonte-dheberger-charles-taylor.html\" \/>\n<meta property=\"og:site_name\" content=\"JusticeInfo.net\" \/>\n<meta property=\"article:publisher\" content=\"https:\/\/www.facebook.com\/JusticeInfo\/\" \/>\n<meta property=\"article:author\" content=\"https:\/\/www.facebook.com\/rugiririza.ephrem.1\" \/>\n<meta property=\"article:published_time\" content=\"2013-10-11T10:35:38+00:00\" \/>\n<meta property=\"og:image\" content=\"https:\/\/www.justiceinfo.net\/wp-content\/uploads\/JusticeInfoNet_logo_1200x630px.jpg\" \/>\n\t<meta property=\"og:image:width\" content=\"1200\" \/>\n\t<meta property=\"og:image:height\" content=\"630\" \/>\n\t<meta property=\"og:image:type\" content=\"image\/jpeg\" \/>\n<meta name=\"author\" content=\"Ephrem Rugiririza\" \/>\n<meta name=\"twitter:card\" content=\"summary_large_image\" \/>\n<meta name=\"twitter:creator\" content=\"@ER72777667\" \/>\n<meta name=\"twitter:site\" content=\"@justiceinfonet\" \/>\n<meta name=\"twitter:label1\" content=\"\u00c9crit par\" \/>\n\t<meta name=\"twitter:data1\" content=\"Ephrem Rugiririza\" \/>\n\t<meta name=\"twitter:label2\" content=\"Dur\u00e9e de lecture estim\u00e9e\" \/>\n\t<meta name=\"twitter:data2\" content=\"3 minutes\" \/>\n<script type=\"application\/ld+json\" class=\"yoast-schema-graph\">{\"@context\":\"https:\/\/schema.org\",\"@graph\":[{\"@type\":\"NewsArticle\",\"@id\":\"https:\/\/www.justiceinfo.net\/fr\/14943-111013-synthese-hebdomadaire-uhuru-demande-labandon-des-poursuites-contre-lui-londres-confirme-sa-volonte-dheberger-charles-taylor.html#article\",\"isPartOf\":{\"@id\":\"https:\/\/www.justiceinfo.net\/fr\/14943-111013-synthese-hebdomadaire-uhuru-demande-labandon-des-poursuites-contre-lui-londres-confirme-sa-volonte-dheberger-charles-taylor.html\"},\"author\":{\"name\":\"erugiririza\",\"@id\":\"https:\/\/www.justiceinfo.net\/fr#\/schema\/person\/3c444bdbf3536fdebfdc6b3a06b2fc4a\"},\"headline\":\"11.10.13 - SYNTHESE HEBDOMADAIRE - UHURU DEMANDE L\u2019ABANDON DES POURSUITES CONTRE LUI, LONDRES CONFIRME SA VOLONTE D\u2019HEBERGER CHARLES TAYLOR\",\"datePublished\":\"2013-10-11T10:35:38+00:00\",\"mainEntityOfPage\":{\"@id\":\"https:\/\/www.justiceinfo.net\/fr\/14943-111013-synthese-hebdomadaire-uhuru-demande-labandon-des-poursuites-contre-lui-londres-confirme-sa-volonte-dheberger-charles-taylor.html\"},\"wordCount\":530,\"commentCount\":0,\"publisher\":{\"@id\":\"https:\/\/www.justiceinfo.net\/fr#organization\"},\"articleSection\":[\"Hirondelle News\"],\"inLanguage\":\"fr-FR\",\"potentialAction\":[{\"@type\":\"CommentAction\",\"name\":\"Comment\",\"target\":[\"https:\/\/www.justiceinfo.net\/fr\/14943-111013-synthese-hebdomadaire-uhuru-demande-labandon-des-poursuites-contre-lui-londres-confirme-sa-volonte-dheberger-charles-taylor.html#respond\"]}]},{\"@type\":\"WebPage\",\"@id\":\"https:\/\/www.justiceinfo.net\/fr\/14943-111013-synthese-hebdomadaire-uhuru-demande-labandon-des-poursuites-contre-lui-londres-confirme-sa-volonte-dheberger-charles-taylor.html\",\"url\":\"https:\/\/www.justiceinfo.net\/fr\/14943-111013-synthese-hebdomadaire-uhuru-demande-labandon-des-poursuites-contre-lui-londres-confirme-sa-volonte-dheberger-charles-taylor.html\",\"name\":\"11.10.13 - SYNTHESE HEBDOMADAIRE - UHURU DEMANDE L\u2019ABANDON DES POURSUITES CONTRE LUI, LONDRES CONFIRME SA VOLONTE D\u2019HEBERGER CHARLES TAYLOR - JusticeInfo.net\",\"isPartOf\":{\"@id\":\"https:\/\/www.justiceinfo.net\/fr#website\"},\"datePublished\":\"2013-10-11T10:35:38+00:00\",\"breadcrumb\":{\"@id\":\"https:\/\/www.justiceinfo.net\/fr\/14943-111013-synthese-hebdomadaire-uhuru-demande-labandon-des-poursuites-contre-lui-londres-confirme-sa-volonte-dheberger-charles-taylor.html#breadcrumb\"},\"inLanguage\":\"fr-FR\",\"potentialAction\":[{\"@type\":\"ReadAction\",\"target\":[\"https:\/\/www.justiceinfo.net\/fr\/14943-111013-synthese-hebdomadaire-uhuru-demande-labandon-des-poursuites-contre-lui-londres-confirme-sa-volonte-dheberger-charles-taylor.html\"]}]},{\"@type\":\"BreadcrumbList\",\"@id\":\"https:\/\/www.justiceinfo.net\/fr\/14943-111013-synthese-hebdomadaire-uhuru-demande-labandon-des-poursuites-contre-lui-londres-confirme-sa-volonte-dheberger-charles-taylor.html#breadcrumb\",\"itemListElement\":[{\"@type\":\"ListItem\",\"position\":1,\"name\":\"Home\",\"item\":\"https:\/\/www.justiceinfo.net\/fr\"},{\"@type\":\"ListItem\",\"position\":2,\"name\":\"11.10.13 - SYNTHESE HEBDOMADAIRE - UHURU DEMANDE L\u2019ABANDON DES POURSUITES CONTRE LUI, LONDRES CONFIRME SA VOLONTE D\u2019HEBERGER CHARLES TAYLOR\"}]},{\"@type\":\"WebSite\",\"@id\":\"https:\/\/www.justiceinfo.net\/fr#website\",\"url\":\"https:\/\/www.justiceinfo.net\/fr\",\"name\":\"JusticeInfo.net\",\"description\":\"La justice doit \u00eatre vue pour \u00eatre rendue\",\"publisher\":{\"@id\":\"https:\/\/www.justiceinfo.net\/fr#organization\"},\"potentialAction\":[{\"@type\":\"SearchAction\",\"target\":{\"@type\":\"EntryPoint\",\"urlTemplate\":\"https:\/\/www.justiceinfo.net\/fr?s={search_term_string}\"},\"query-input\":{\"@type\":\"PropertyValueSpecification\",\"valueRequired\":true,\"valueName\":\"search_term_string\"}}],\"inLanguage\":\"fr-FR\"},{\"@type\":\"Organization\",\"@id\":\"https:\/\/www.justiceinfo.net\/fr#organization\",\"name\":\"Justice Info\",\"url\":\"https:\/\/www.justiceinfo.net\/fr\",\"logo\":{\"@type\":\"ImageObject\",\"inLanguage\":\"fr-FR\",\"@id\":\"https:\/\/www.justiceinfo.net\/fr#\/schema\/logo\/image\/\",\"url\":\"https:\/\/www.justiceinfo.net\/wp-content\/uploads\/justiceinfo_logo-trans_1200x1200px.png\",\"contentUrl\":\"https:\/\/www.justiceinfo.net\/wp-content\/uploads\/justiceinfo_logo-trans_1200x1200px.png\",\"width\":1199,\"height\":1200,\"caption\":\"Justice Info\"},\"image\":{\"@id\":\"https:\/\/www.justiceinfo.net\/fr#\/schema\/logo\/image\/\"},\"sameAs\":[\"https:\/\/www.facebook.com\/JusticeInfo\/\",\"https:\/\/x.com\/justiceinfonet\",\"https:\/\/www.linkedin.com\/company\/justice-info\",\"https:\/\/www.youtube.com\/channel\/UCyCEsARodyuWtkWyhn-e7pA\"]},{\"@type\":\"Person\",\"name\":\"Ephrem Rugiririza\",\"sameAs\":[\"https:\/\/www.facebook.com\/rugiririza.ephrem.1\",\"https:\/\/x.com\/ER72777667\"],\"url\":\"https:\/\/www.justiceinfo.net\/fr\/auteur\/erugiririza\"}]}<\/script>\n<!-- \/ Yoast SEO Premium plugin. -->","yoast_head_json":{"title":"11.10.13 - SYNTHESE HEBDOMADAIRE - UHURU DEMANDE L\u2019ABANDON DES POURSUITES CONTRE LUI, LONDRES CONFIRME SA VOLONTE D\u2019HEBERGER CHARLES TAYLOR - JusticeInfo.net","robots":{"index":"index","follow":"follow","max-snippet":"max-snippet:-1","max-image-preview":"max-image-preview:large","max-video-preview":"max-video-preview:-1"},"canonical":"https:\/\/www.justiceinfo.net\/fr\/14943-111013-synthese-hebdomadaire-uhuru-demande-labandon-des-poursuites-contre-lui-londres-confirme-sa-volonte-dheberger-charles-taylor.html","og_locale":"fr_FR","og_type":"article","og_title":"11.10.13 - SYNTHESE HEBDOMADAIRE - UHURU DEMANDE L\u2019ABANDON DES POURSUITES CONTRE LUI, LONDRES CONFIRME SA VOLONTE D\u2019HEBERGER CHARLES TAYLOR","og_description":"Arusha, 11 octobre 2013 (FH) \u2013 Le pr\u00e9sident du Kenya, Uhuru Kenyatta, a demand\u00e9 \u00e0 la Cour p\u00e9nale internationale (CPIR) de d\u00e9clarer la fin des poursuites engag\u00e9es contre lui. Pour sa part, le Royaume-Uni a confirm\u00e9 sa volont\u00e9 d\u2019h\u00e9berger l\u2019ancien pr\u00e9sident du Lib\u00e9ria Charles Taylor condamn\u00e9 d\u00e9finitivement \u00e0 50 ans de prison.","og_url":"https:\/\/www.justiceinfo.net\/fr\/14943-111013-synthese-hebdomadaire-uhuru-demande-labandon-des-poursuites-contre-lui-londres-confirme-sa-volonte-dheberger-charles-taylor.html","og_site_name":"JusticeInfo.net","article_publisher":"https:\/\/www.facebook.com\/JusticeInfo\/","article_author":"https:\/\/www.facebook.com\/rugiririza.ephrem.1","article_published_time":"2013-10-11T10:35:38+00:00","og_image":[{"width":1200,"height":630,"url":"https:\/\/www.justiceinfo.net\/wp-content\/uploads\/JusticeInfoNet_logo_1200x630px.jpg","type":"image\/jpeg"}],"author":"Ephrem Rugiririza","twitter_card":"summary_large_image","twitter_creator":"@ER72777667","twitter_site":"@justiceinfonet","twitter_misc":{"\u00c9crit par":"Ephrem Rugiririza","Dur\u00e9e de lecture estim\u00e9e":"3 minutes"},"schema":{"@context":"https:\/\/schema.org","@graph":[{"@type":"NewsArticle","@id":"https:\/\/www.justiceinfo.net\/fr\/14943-111013-synthese-hebdomadaire-uhuru-demande-labandon-des-poursuites-contre-lui-londres-confirme-sa-volonte-dheberger-charles-taylor.html#article","isPartOf":{"@id":"https:\/\/www.justiceinfo.net\/fr\/14943-111013-synthese-hebdomadaire-uhuru-demande-labandon-des-poursuites-contre-lui-londres-confirme-sa-volonte-dheberger-charles-taylor.html"},"author":{"name":"erugiririza","@id":"https:\/\/www.justiceinfo.net\/fr#\/schema\/person\/3c444bdbf3536fdebfdc6b3a06b2fc4a"},"headline":"11.10.13 - SYNTHESE HEBDOMADAIRE - UHURU DEMANDE L\u2019ABANDON DES POURSUITES CONTRE LUI, LONDRES CONFIRME SA VOLONTE D\u2019HEBERGER CHARLES TAYLOR","datePublished":"2013-10-11T10:35:38+00:00","mainEntityOfPage":{"@id":"https:\/\/www.justiceinfo.net\/fr\/14943-111013-synthese-hebdomadaire-uhuru-demande-labandon-des-poursuites-contre-lui-londres-confirme-sa-volonte-dheberger-charles-taylor.html"},"wordCount":530,"commentCount":0,"publisher":{"@id":"https:\/\/www.justiceinfo.net\/fr#organization"},"articleSection":["Hirondelle News"],"inLanguage":"fr-FR","potentialAction":[{"@type":"CommentAction","name":"Comment","target":["https:\/\/www.justiceinfo.net\/fr\/14943-111013-synthese-hebdomadaire-uhuru-demande-labandon-des-poursuites-contre-lui-londres-confirme-sa-volonte-dheberger-charles-taylor.html#respond"]}]},{"@type":"WebPage","@id":"https:\/\/www.justiceinfo.net\/fr\/14943-111013-synthese-hebdomadaire-uhuru-demande-labandon-des-poursuites-contre-lui-londres-confirme-sa-volonte-dheberger-charles-taylor.html","url":"https:\/\/www.justiceinfo.net\/fr\/14943-111013-synthese-hebdomadaire-uhuru-demande-labandon-des-poursuites-contre-lui-londres-confirme-sa-volonte-dheberger-charles-taylor.html","name":"11.10.13 - SYNTHESE HEBDOMADAIRE - UHURU DEMANDE L\u2019ABANDON DES POURSUITES CONTRE LUI, LONDRES CONFIRME SA VOLONTE D\u2019HEBERGER CHARLES TAYLOR - JusticeInfo.net","isPartOf":{"@id":"https:\/\/www.justiceinfo.net\/fr#website"},"datePublished":"2013-10-11T10:35:38+00:00","breadcrumb":{"@id":"https:\/\/www.justiceinfo.net\/fr\/14943-111013-synthese-hebdomadaire-uhuru-demande-labandon-des-poursuites-contre-lui-londres-confirme-sa-volonte-dheberger-charles-taylor.html#breadcrumb"},"inLanguage":"fr-FR","potentialAction":[{"@type":"ReadAction","target":["https:\/\/www.justiceinfo.net\/fr\/14943-111013-synthese-hebdomadaire-uhuru-demande-labandon-des-poursuites-contre-lui-londres-confirme-sa-volonte-dheberger-charles-taylor.html"]}]},{"@type":"BreadcrumbList","@id":"https:\/\/www.justiceinfo.net\/fr\/14943-111013-synthese-hebdomadaire-uhuru-demande-labandon-des-poursuites-contre-lui-londres-confirme-sa-volonte-dheberger-charles-taylor.html#breadcrumb","itemListElement":[{"@type":"ListItem","position":1,"name":"Home","item":"https:\/\/www.justiceinfo.net\/fr"},{"@type":"ListItem","position":2,"name":"11.10.13 - SYNTHESE HEBDOMADAIRE - UHURU DEMANDE L\u2019ABANDON DES POURSUITES CONTRE LUI, LONDRES CONFIRME SA VOLONTE D\u2019HEBERGER CHARLES TAYLOR"}]},{"@type":"WebSite","@id":"https:\/\/www.justiceinfo.net\/fr#website","url":"https:\/\/www.justiceinfo.net\/fr","name":"JusticeInfo.net","description":"La justice doit \u00eatre vue pour \u00eatre rendue","publisher":{"@id":"https:\/\/www.justiceinfo.net\/fr#organization"},"potentialAction":[{"@type":"SearchAction","target":{"@type":"EntryPoint","urlTemplate":"https:\/\/www.justiceinfo.net\/fr?s={search_term_string}"},"query-input":{"@type":"PropertyValueSpecification","valueRequired":true,"valueName":"search_term_string"}}],"inLanguage":"fr-FR"},{"@type":"Organization","@id":"https:\/\/www.justiceinfo.net\/fr#organization","name":"Justice Info","url":"https:\/\/www.justiceinfo.net\/fr","logo":{"@type":"ImageObject","inLanguage":"fr-FR","@id":"https:\/\/www.justiceinfo.net\/fr#\/schema\/logo\/image\/","url":"https:\/\/www.justiceinfo.net\/wp-content\/uploads\/justiceinfo_logo-trans_1200x1200px.png","contentUrl":"https:\/\/www.justiceinfo.net\/wp-content\/uploads\/justiceinfo_logo-trans_1200x1200px.png","width":1199,"height":1200,"caption":"Justice Info"},"image":{"@id":"https:\/\/www.justiceinfo.net\/fr#\/schema\/logo\/image\/"},"sameAs":["https:\/\/www.facebook.com\/JusticeInfo\/","https:\/\/x.com\/justiceinfonet","https:\/\/www.linkedin.com\/company\/justice-info","https:\/\/www.youtube.com\/channel\/UCyCEsARodyuWtkWyhn-e7pA"]},{"@type":"Person","name":"Ephrem Rugiririza","sameAs":["https:\/\/www.facebook.com\/rugiririza.ephrem.1","https:\/\/x.com\/ER72777667"],"url":"https:\/\/www.justiceinfo.net\/fr\/auteur\/erugiririza"}]}},"_links":{"self":[{"href":"https:\/\/www.justiceinfo.net\/fr\/wp-json\/wp\/v2\/posts\/14943","targetHints":{"allow":["GET"]}}],"collection":[{"href":"https:\/\/www.justiceinfo.net\/fr\/wp-json\/wp\/v2\/posts"}],"about":[{"href":"https:\/\/www.justiceinfo.net\/fr\/wp-json\/wp\/v2\/types\/post"}],"author":[{"embeddable":true,"href":"https:\/\/www.justiceinfo.net\/fr\/wp-json\/wp\/v2\/users\/59"}],"replies":[{"embeddable":true,"href":"https:\/\/www.justiceinfo.net\/fr\/wp-json\/wp\/v2\/comments?post=14943"}],"version-history":[{"count":0,"href":"https:\/\/www.justiceinfo.net\/fr\/wp-json\/wp\/v2\/posts\/14943\/revisions"}],"wp:attachment":[{"href":"https:\/\/www.justiceinfo.net\/fr\/wp-json\/wp\/v2\/media?parent=14943"}],"wp:term":[{"taxonomy":"category","embeddable":true,"href":"https:\/\/www.justiceinfo.net\/fr\/wp-json\/wp\/v2\/categories?post=14943"},{"taxonomy":"post_tag","embeddable":true,"href":"https:\/\/www.justiceinfo.net\/fr\/wp-json\/wp\/v2\/tags?post=14943"},{"taxonomy":"ji_location","embeddable":true,"href":"https:\/\/www.justiceinfo.net\/fr\/wp-json\/wp\/v2\/ji_location?post=14943"}],"curies":[{"name":"wp","href":"https:\/\/api.w.org\/{rel}","templated":true}]}}