{"id":14974,"date":"2013-11-09T09:08:30","date_gmt":"2013-11-09T08:08:30","guid":{"rendered":"https:\/\/www.justiceinfo.net\/14974-091113-synthese-hebdomadaire-une-societe-suisse-sous-le-coup-dune-enquete-pour-complicite-de-crime-de-guerre-un-rwandais-saisit-la-cedh.html"},"modified":"2013-11-09T09:08:30","modified_gmt":"2013-11-09T08:08:30","slug":"091113-synthese-hebdomadaire-une-societe-suisse-sous-le-coup-dune-enquete-pour-complicite-de-crime-de-guerre-un-rwandais-saisit-la-cedh","status":"publish","type":"post","link":"https:\/\/www.justiceinfo.net\/fr\/14974-091113-synthese-hebdomadaire-une-societe-suisse-sous-le-coup-dune-enquete-pour-complicite-de-crime-de-guerre-un-rwandais-saisit-la-cedh.html","title":{"rendered":"09.11.13 - SYNTHESE HEBDOMADAIRE - UNE SOCIETE SUISSE SOUS LE COUP D\u2019UNE ENQUETE POUR COMPLICITE DE CRIME DE GUERRE, UN RWANDAIS SAISIT LA CEDH"},"content":{"rendered":"<p>Arusha, 09 novembre 2013 (FH) \u2013 Berne enqu\u00eate sur une soci\u00e9t\u00e9 suisse pour complicit\u00e9 de crime de guerre en R\u00e9publique d\u00e9mocratique du Congo (RDC). Un Rwandais luttant contre son extradition saisit la Cour europ\u00e9enne des droits de l\u2019Homme.<\/p>\n<p><!--more--><\/p>\n<p>SUISSE\/RDCTRIAL versus Argor-Heraeus: apr\u00e8s avoir \u00e9t\u00e9 saisi par l\u2019ONG Track Impunity Always (TRIAL), le Minist\u00e8re public de la Conf\u00e9d\u00e9ration suisse a annonc\u00e9 lundi avoir ouvert une enqu\u00eate \u00e0 l\u2019encontre de la soci\u00e9t\u00e9 Argor-Heraeus pour pr\u00e9somption de blanchiment d\u2019argent en relation avec un crime de guerre et de complicit\u00e9 de crime de guerre. TRIAL, une ONG suisse, se fonde notamment sur des enqu\u00eates men\u00e9es sous l\u2019\u00e9gide du Conseil de s\u00e9curit\u00e9 de l\u2019ONU, en 2004-2005, \u00e0 l\u2019encontre d\u2019hommes d\u2019affaires africains ayant tremp\u00e9 dans ces trafics d\u2019or et d\u2019armes. Selon cette ONG, la soci\u00e9t\u00e9 de raffinerie Argor-Heraeus a achet\u00e9, sciemment, de l\u2019or provenant de pillages par un groupe arm\u00e9 dans l\u2019est de la RDC. La soci\u00e9t\u00e9 clame son innocence.<\/p>\n<p>RWANDA\/EULa CEDH saisie du recours d\u2019un Rwandais : un Rwandais sous le coup d\u2019un jugement danois d\u2019extradition vers son pays d\u2019origine a saisi jeudi la Cour europ\u00e9enne des droits de l\u2019Homme (CEDH). La Cour supr\u00eame danoise a confirm\u00e9 mercredi la d\u00e9cision d\u2019extradition d\u2019Emmanuel Mbarushimana qui \u00e9tait inspecteur des \u00e9coles primaires pour la commune de\u00a0 Muganza, dans l\u2019ancienne pr\u00e9fecture de Butare (sud du pays) pendant le g\u00e9nocide des Tutsis de 1994. Son avocat, Bjoern Elmqvist, a expliqu\u00e9 qu'il \u00e9tait s\u00fbr de ne pas obtenir de proc\u00e8s \u00e9quitable au Rwanda car \u00ab il craint que les tribunaux l\u00e0-bas ne soient pas ind\u00e9pendants\u00bb. D\u2019o\u00f9 la saisine de la Cour europ\u00e9enne.<\/p>\n<p>CPI\/KENYAReport du proc\u00e8s du vice-pr\u00e9sident k\u00e9nyan : la Cour p\u00e9nale internationale (CPI) a report\u00e9 vendredi au 21 novembre le proc\u00e8s pour crimes contre l\u2019humanit\u00e9 du vice-pr\u00e9sident k\u00e9nyan William Ruto et du journaliste Joshua Sang. En proc\u00e8s depuis le 10 septembre, les deux hommes r\u00e9pondent de violences meurtri\u00e8res perp\u00e9tr\u00e9es apr\u00e8s les \u00e9lections g\u00e9n\u00e9rales de fin 2007. La chambre a autoris\u00e9 William Ruto \u00e0 s\u2019absenter de son proc\u00e8s le 21 novembre, pour \u00e9viter un vide \u00e0 la t\u00eate de son pays, car le pr\u00e9sident Uhuru Kenyatta, \u00e9galement poursuivi par la CPI, sera en d\u00e9placement officiel \u00e0 l\u2019\u00e9tranger.\u00a0LA SEMAINE PROCHAINEFrance\/Rwanda : la Cour d'appel de Paris se prononcera le mercredi 13 novembre sur l'extradition ou non de Claude Muhayimana et Innocent Musabyimana, deux Rwandais recherch\u00e9s par Kigali pour leur participation pr\u00e9sum\u00e9e au g\u00e9nocide des Tutsis de 1994.ER<\/p>\n","protected":false},"excerpt":{"rendered":"<p>Arusha, 09 novembre 2013 (FH) \u2013 Berne enqu\u00eate sur une soci\u00e9t\u00e9 suisse pour complicit\u00e9 de crime de guerre en R\u00e9publique d\u00e9mocratique du Congo (RDC). Un Rwandais luttant contre son extradition saisit la Cour europ\u00e9enne des droits de l\u2019Homme.<\/p>\n","protected":false},"author":59,"featured_media":0,"comment_status":"open","ping_status":"closed","sticky":false,"template":"","format":"standard","meta":{"_acf_changed":false,"footnotes":""},"categories":[554],"tags":[],"ji_location":[],"class_list":["post-14974","post","type-post","status-publish","format-standard","hentry","category-hirondellenews"],"acf":[],"yoast_head":"<!-- This site is optimized with the Yoast SEO Premium plugin v25.3.1 (Yoast SEO v25.3.1) - https:\/\/yoast.com\/wordpress\/plugins\/seo\/ -->\n<title>09.11.13 - SYNTHESE HEBDOMADAIRE - UNE SOCIETE SUISSE SOUS LE COUP D\u2019UNE ENQUETE POUR COMPLICITE DE CRIME DE GUERRE, UN RWANDAIS SAISIT LA CEDH - JusticeInfo.net<\/title>\n<meta name=\"robots\" content=\"index, follow, max-snippet:-1, max-image-preview:large, max-video-preview:-1\" \/>\n<link rel=\"canonical\" href=\"https:\/\/www.justiceinfo.net\/fr\/14974-091113-synthese-hebdomadaire-une-societe-suisse-sous-le-coup-dune-enquete-pour-complicite-de-crime-de-guerre-un-rwandais-saisit-la-cedh.html\" \/>\n<meta property=\"og:locale\" content=\"fr_FR\" \/>\n<meta property=\"og:type\" content=\"article\" \/>\n<meta property=\"og:title\" content=\"09.11.13 - SYNTHESE HEBDOMADAIRE - UNE SOCIETE SUISSE SOUS LE COUP D\u2019UNE ENQUETE POUR COMPLICITE DE CRIME DE GUERRE, UN RWANDAIS SAISIT LA CEDH\" \/>\n<meta property=\"og:description\" content=\"Arusha, 09 novembre 2013 (FH) \u2013 Berne enqu\u00eate sur une soci\u00e9t\u00e9 suisse pour complicit\u00e9 de crime de guerre en R\u00e9publique d\u00e9mocratique du Congo (RDC). Un Rwandais luttant contre son extradition saisit la Cour europ\u00e9enne des droits de l\u2019Homme.\" \/>\n<meta property=\"og:url\" content=\"https:\/\/www.justiceinfo.net\/fr\/14974-091113-synthese-hebdomadaire-une-societe-suisse-sous-le-coup-dune-enquete-pour-complicite-de-crime-de-guerre-un-rwandais-saisit-la-cedh.html\" \/>\n<meta property=\"og:site_name\" content=\"JusticeInfo.net\" \/>\n<meta property=\"article:publisher\" content=\"https:\/\/www.facebook.com\/JusticeInfo\/\" \/>\n<meta property=\"article:author\" content=\"https:\/\/www.facebook.com\/rugiririza.ephrem.1\" \/>\n<meta property=\"article:published_time\" content=\"2013-11-09T08:08:30+00:00\" \/>\n<meta property=\"og:image\" content=\"https:\/\/www.justiceinfo.net\/wp-content\/uploads\/JusticeInfoNet_logo_1200x630px.jpg\" \/>\n\t<meta property=\"og:image:width\" content=\"1200\" \/>\n\t<meta property=\"og:image:height\" content=\"630\" \/>\n\t<meta property=\"og:image:type\" content=\"image\/jpeg\" \/>\n<meta name=\"author\" content=\"Ephrem Rugiririza\" \/>\n<meta name=\"twitter:card\" content=\"summary_large_image\" \/>\n<meta name=\"twitter:creator\" content=\"@ER72777667\" \/>\n<meta name=\"twitter:site\" content=\"@justiceinfonet\" \/>\n<meta name=\"twitter:label1\" content=\"\u00c9crit par\" \/>\n\t<meta name=\"twitter:data1\" content=\"Ephrem Rugiririza\" \/>\n\t<meta name=\"twitter:label2\" content=\"Dur\u00e9e de lecture estim\u00e9e\" \/>\n\t<meta name=\"twitter:data2\" content=\"2 minutes\" \/>\n<script type=\"application\/ld+json\" class=\"yoast-schema-graph\">{\"@context\":\"https:\/\/schema.org\",\"@graph\":[{\"@type\":\"NewsArticle\",\"@id\":\"https:\/\/www.justiceinfo.net\/fr\/14974-091113-synthese-hebdomadaire-une-societe-suisse-sous-le-coup-dune-enquete-pour-complicite-de-crime-de-guerre-un-rwandais-saisit-la-cedh.html#article\",\"isPartOf\":{\"@id\":\"https:\/\/www.justiceinfo.net\/fr\/14974-091113-synthese-hebdomadaire-une-societe-suisse-sous-le-coup-dune-enquete-pour-complicite-de-crime-de-guerre-un-rwandais-saisit-la-cedh.html\"},\"author\":{\"name\":\"erugiririza\",\"@id\":\"https:\/\/www.justiceinfo.net\/fr#\/schema\/person\/3c444bdbf3536fdebfdc6b3a06b2fc4a\"},\"headline\":\"09.11.13 - SYNTHESE HEBDOMADAIRE - UNE SOCIETE SUISSE SOUS LE COUP D\u2019UNE ENQUETE POUR COMPLICITE DE CRIME DE GUERRE, UN RWANDAIS SAISIT LA CEDH\",\"datePublished\":\"2013-11-09T08:08:30+00:00\",\"mainEntityOfPage\":{\"@id\":\"https:\/\/www.justiceinfo.net\/fr\/14974-091113-synthese-hebdomadaire-une-societe-suisse-sous-le-coup-dune-enquete-pour-complicite-de-crime-de-guerre-un-rwandais-saisit-la-cedh.html\"},\"wordCount\":484,\"commentCount\":0,\"publisher\":{\"@id\":\"https:\/\/www.justiceinfo.net\/fr#organization\"},\"articleSection\":[\"Hirondelle News\"],\"inLanguage\":\"fr-FR\",\"potentialAction\":[{\"@type\":\"CommentAction\",\"name\":\"Comment\",\"target\":[\"https:\/\/www.justiceinfo.net\/fr\/14974-091113-synthese-hebdomadaire-une-societe-suisse-sous-le-coup-dune-enquete-pour-complicite-de-crime-de-guerre-un-rwandais-saisit-la-cedh.html#respond\"]}]},{\"@type\":\"WebPage\",\"@id\":\"https:\/\/www.justiceinfo.net\/fr\/14974-091113-synthese-hebdomadaire-une-societe-suisse-sous-le-coup-dune-enquete-pour-complicite-de-crime-de-guerre-un-rwandais-saisit-la-cedh.html\",\"url\":\"https:\/\/www.justiceinfo.net\/fr\/14974-091113-synthese-hebdomadaire-une-societe-suisse-sous-le-coup-dune-enquete-pour-complicite-de-crime-de-guerre-un-rwandais-saisit-la-cedh.html\",\"name\":\"09.11.13 - SYNTHESE HEBDOMADAIRE - UNE SOCIETE SUISSE SOUS LE COUP D\u2019UNE ENQUETE POUR COMPLICITE DE CRIME DE GUERRE, UN RWANDAIS SAISIT LA CEDH - JusticeInfo.net\",\"isPartOf\":{\"@id\":\"https:\/\/www.justiceinfo.net\/fr#website\"},\"datePublished\":\"2013-11-09T08:08:30+00:00\",\"breadcrumb\":{\"@id\":\"https:\/\/www.justiceinfo.net\/fr\/14974-091113-synthese-hebdomadaire-une-societe-suisse-sous-le-coup-dune-enquete-pour-complicite-de-crime-de-guerre-un-rwandais-saisit-la-cedh.html#breadcrumb\"},\"inLanguage\":\"fr-FR\",\"potentialAction\":[{\"@type\":\"ReadAction\",\"target\":[\"https:\/\/www.justiceinfo.net\/fr\/14974-091113-synthese-hebdomadaire-une-societe-suisse-sous-le-coup-dune-enquete-pour-complicite-de-crime-de-guerre-un-rwandais-saisit-la-cedh.html\"]}]},{\"@type\":\"BreadcrumbList\",\"@id\":\"https:\/\/www.justiceinfo.net\/fr\/14974-091113-synthese-hebdomadaire-une-societe-suisse-sous-le-coup-dune-enquete-pour-complicite-de-crime-de-guerre-un-rwandais-saisit-la-cedh.html#breadcrumb\",\"itemListElement\":[{\"@type\":\"ListItem\",\"position\":1,\"name\":\"Home\",\"item\":\"https:\/\/www.justiceinfo.net\/fr\"},{\"@type\":\"ListItem\",\"position\":2,\"name\":\"09.11.13 - SYNTHESE HEBDOMADAIRE - UNE SOCIETE SUISSE SOUS LE COUP D\u2019UNE ENQUETE POUR COMPLICITE DE CRIME DE GUERRE, UN RWANDAIS SAISIT LA CEDH\"}]},{\"@type\":\"WebSite\",\"@id\":\"https:\/\/www.justiceinfo.net\/fr#website\",\"url\":\"https:\/\/www.justiceinfo.net\/fr\",\"name\":\"JusticeInfo.net\",\"description\":\"La justice doit \u00eatre vue pour \u00eatre rendue\",\"publisher\":{\"@id\":\"https:\/\/www.justiceinfo.net\/fr#organization\"},\"potentialAction\":[{\"@type\":\"SearchAction\",\"target\":{\"@type\":\"EntryPoint\",\"urlTemplate\":\"https:\/\/www.justiceinfo.net\/fr?s={search_term_string}\"},\"query-input\":{\"@type\":\"PropertyValueSpecification\",\"valueRequired\":true,\"valueName\":\"search_term_string\"}}],\"inLanguage\":\"fr-FR\"},{\"@type\":\"Organization\",\"@id\":\"https:\/\/www.justiceinfo.net\/fr#organization\",\"name\":\"Justice Info\",\"url\":\"https:\/\/www.justiceinfo.net\/fr\",\"logo\":{\"@type\":\"ImageObject\",\"inLanguage\":\"fr-FR\",\"@id\":\"https:\/\/www.justiceinfo.net\/fr#\/schema\/logo\/image\/\",\"url\":\"https:\/\/www.justiceinfo.net\/wp-content\/uploads\/justiceinfo_logo-trans_1200x1200px.png\",\"contentUrl\":\"https:\/\/www.justiceinfo.net\/wp-content\/uploads\/justiceinfo_logo-trans_1200x1200px.png\",\"width\":1199,\"height\":1200,\"caption\":\"Justice Info\"},\"image\":{\"@id\":\"https:\/\/www.justiceinfo.net\/fr#\/schema\/logo\/image\/\"},\"sameAs\":[\"https:\/\/www.facebook.com\/JusticeInfo\/\",\"https:\/\/x.com\/justiceinfonet\",\"https:\/\/www.linkedin.com\/company\/justice-info\",\"https:\/\/www.youtube.com\/channel\/UCyCEsARodyuWtkWyhn-e7pA\"]},{\"@type\":\"Person\",\"name\":\"Ephrem Rugiririza\",\"sameAs\":[\"https:\/\/www.facebook.com\/rugiririza.ephrem.1\",\"https:\/\/x.com\/ER72777667\"],\"url\":\"https:\/\/www.justiceinfo.net\/fr\/auteur\/erugiririza\"}]}<\/script>\n<!-- \/ Yoast SEO Premium plugin. -->","yoast_head_json":{"title":"09.11.13 - SYNTHESE HEBDOMADAIRE - UNE SOCIETE SUISSE SOUS LE COUP D\u2019UNE ENQUETE POUR COMPLICITE DE CRIME DE GUERRE, UN RWANDAIS SAISIT LA CEDH - JusticeInfo.net","robots":{"index":"index","follow":"follow","max-snippet":"max-snippet:-1","max-image-preview":"max-image-preview:large","max-video-preview":"max-video-preview:-1"},"canonical":"https:\/\/www.justiceinfo.net\/fr\/14974-091113-synthese-hebdomadaire-une-societe-suisse-sous-le-coup-dune-enquete-pour-complicite-de-crime-de-guerre-un-rwandais-saisit-la-cedh.html","og_locale":"fr_FR","og_type":"article","og_title":"09.11.13 - SYNTHESE HEBDOMADAIRE - UNE SOCIETE SUISSE SOUS LE COUP D\u2019UNE ENQUETE POUR COMPLICITE DE CRIME DE GUERRE, UN RWANDAIS SAISIT LA CEDH","og_description":"Arusha, 09 novembre 2013 (FH) \u2013 Berne enqu\u00eate sur une soci\u00e9t\u00e9 suisse pour complicit\u00e9 de crime de guerre en R\u00e9publique d\u00e9mocratique du Congo (RDC). Un Rwandais luttant contre son extradition saisit la Cour europ\u00e9enne des droits de l\u2019Homme.","og_url":"https:\/\/www.justiceinfo.net\/fr\/14974-091113-synthese-hebdomadaire-une-societe-suisse-sous-le-coup-dune-enquete-pour-complicite-de-crime-de-guerre-un-rwandais-saisit-la-cedh.html","og_site_name":"JusticeInfo.net","article_publisher":"https:\/\/www.facebook.com\/JusticeInfo\/","article_author":"https:\/\/www.facebook.com\/rugiririza.ephrem.1","article_published_time":"2013-11-09T08:08:30+00:00","og_image":[{"width":1200,"height":630,"url":"https:\/\/www.justiceinfo.net\/wp-content\/uploads\/JusticeInfoNet_logo_1200x630px.jpg","type":"image\/jpeg"}],"author":"Ephrem Rugiririza","twitter_card":"summary_large_image","twitter_creator":"@ER72777667","twitter_site":"@justiceinfonet","twitter_misc":{"\u00c9crit par":"Ephrem Rugiririza","Dur\u00e9e de lecture estim\u00e9e":"2 minutes"},"schema":{"@context":"https:\/\/schema.org","@graph":[{"@type":"NewsArticle","@id":"https:\/\/www.justiceinfo.net\/fr\/14974-091113-synthese-hebdomadaire-une-societe-suisse-sous-le-coup-dune-enquete-pour-complicite-de-crime-de-guerre-un-rwandais-saisit-la-cedh.html#article","isPartOf":{"@id":"https:\/\/www.justiceinfo.net\/fr\/14974-091113-synthese-hebdomadaire-une-societe-suisse-sous-le-coup-dune-enquete-pour-complicite-de-crime-de-guerre-un-rwandais-saisit-la-cedh.html"},"author":{"name":"erugiririza","@id":"https:\/\/www.justiceinfo.net\/fr#\/schema\/person\/3c444bdbf3536fdebfdc6b3a06b2fc4a"},"headline":"09.11.13 - SYNTHESE HEBDOMADAIRE - UNE SOCIETE SUISSE SOUS LE COUP D\u2019UNE ENQUETE POUR COMPLICITE DE CRIME DE GUERRE, UN RWANDAIS SAISIT LA CEDH","datePublished":"2013-11-09T08:08:30+00:00","mainEntityOfPage":{"@id":"https:\/\/www.justiceinfo.net\/fr\/14974-091113-synthese-hebdomadaire-une-societe-suisse-sous-le-coup-dune-enquete-pour-complicite-de-crime-de-guerre-un-rwandais-saisit-la-cedh.html"},"wordCount":484,"commentCount":0,"publisher":{"@id":"https:\/\/www.justiceinfo.net\/fr#organization"},"articleSection":["Hirondelle News"],"inLanguage":"fr-FR","potentialAction":[{"@type":"CommentAction","name":"Comment","target":["https:\/\/www.justiceinfo.net\/fr\/14974-091113-synthese-hebdomadaire-une-societe-suisse-sous-le-coup-dune-enquete-pour-complicite-de-crime-de-guerre-un-rwandais-saisit-la-cedh.html#respond"]}]},{"@type":"WebPage","@id":"https:\/\/www.justiceinfo.net\/fr\/14974-091113-synthese-hebdomadaire-une-societe-suisse-sous-le-coup-dune-enquete-pour-complicite-de-crime-de-guerre-un-rwandais-saisit-la-cedh.html","url":"https:\/\/www.justiceinfo.net\/fr\/14974-091113-synthese-hebdomadaire-une-societe-suisse-sous-le-coup-dune-enquete-pour-complicite-de-crime-de-guerre-un-rwandais-saisit-la-cedh.html","name":"09.11.13 - SYNTHESE HEBDOMADAIRE - UNE SOCIETE SUISSE SOUS LE COUP D\u2019UNE ENQUETE POUR COMPLICITE DE CRIME DE GUERRE, UN RWANDAIS SAISIT LA CEDH - JusticeInfo.net","isPartOf":{"@id":"https:\/\/www.justiceinfo.net\/fr#website"},"datePublished":"2013-11-09T08:08:30+00:00","breadcrumb":{"@id":"https:\/\/www.justiceinfo.net\/fr\/14974-091113-synthese-hebdomadaire-une-societe-suisse-sous-le-coup-dune-enquete-pour-complicite-de-crime-de-guerre-un-rwandais-saisit-la-cedh.html#breadcrumb"},"inLanguage":"fr-FR","potentialAction":[{"@type":"ReadAction","target":["https:\/\/www.justiceinfo.net\/fr\/14974-091113-synthese-hebdomadaire-une-societe-suisse-sous-le-coup-dune-enquete-pour-complicite-de-crime-de-guerre-un-rwandais-saisit-la-cedh.html"]}]},{"@type":"BreadcrumbList","@id":"https:\/\/www.justiceinfo.net\/fr\/14974-091113-synthese-hebdomadaire-une-societe-suisse-sous-le-coup-dune-enquete-pour-complicite-de-crime-de-guerre-un-rwandais-saisit-la-cedh.html#breadcrumb","itemListElement":[{"@type":"ListItem","position":1,"name":"Home","item":"https:\/\/www.justiceinfo.net\/fr"},{"@type":"ListItem","position":2,"name":"09.11.13 - SYNTHESE HEBDOMADAIRE - UNE SOCIETE SUISSE SOUS LE COUP D\u2019UNE ENQUETE POUR COMPLICITE DE CRIME DE GUERRE, UN RWANDAIS SAISIT LA CEDH"}]},{"@type":"WebSite","@id":"https:\/\/www.justiceinfo.net\/fr#website","url":"https:\/\/www.justiceinfo.net\/fr","name":"JusticeInfo.net","description":"La justice doit \u00eatre vue pour \u00eatre rendue","publisher":{"@id":"https:\/\/www.justiceinfo.net\/fr#organization"},"potentialAction":[{"@type":"SearchAction","target":{"@type":"EntryPoint","urlTemplate":"https:\/\/www.justiceinfo.net\/fr?s={search_term_string}"},"query-input":{"@type":"PropertyValueSpecification","valueRequired":true,"valueName":"search_term_string"}}],"inLanguage":"fr-FR"},{"@type":"Organization","@id":"https:\/\/www.justiceinfo.net\/fr#organization","name":"Justice Info","url":"https:\/\/www.justiceinfo.net\/fr","logo":{"@type":"ImageObject","inLanguage":"fr-FR","@id":"https:\/\/www.justiceinfo.net\/fr#\/schema\/logo\/image\/","url":"https:\/\/www.justiceinfo.net\/wp-content\/uploads\/justiceinfo_logo-trans_1200x1200px.png","contentUrl":"https:\/\/www.justiceinfo.net\/wp-content\/uploads\/justiceinfo_logo-trans_1200x1200px.png","width":1199,"height":1200,"caption":"Justice Info"},"image":{"@id":"https:\/\/www.justiceinfo.net\/fr#\/schema\/logo\/image\/"},"sameAs":["https:\/\/www.facebook.com\/JusticeInfo\/","https:\/\/x.com\/justiceinfonet","https:\/\/www.linkedin.com\/company\/justice-info","https:\/\/www.youtube.com\/channel\/UCyCEsARodyuWtkWyhn-e7pA"]},{"@type":"Person","name":"Ephrem Rugiririza","sameAs":["https:\/\/www.facebook.com\/rugiririza.ephrem.1","https:\/\/x.com\/ER72777667"],"url":"https:\/\/www.justiceinfo.net\/fr\/auteur\/erugiririza"}]}},"_links":{"self":[{"href":"https:\/\/www.justiceinfo.net\/fr\/wp-json\/wp\/v2\/posts\/14974","targetHints":{"allow":["GET"]}}],"collection":[{"href":"https:\/\/www.justiceinfo.net\/fr\/wp-json\/wp\/v2\/posts"}],"about":[{"href":"https:\/\/www.justiceinfo.net\/fr\/wp-json\/wp\/v2\/types\/post"}],"author":[{"embeddable":true,"href":"https:\/\/www.justiceinfo.net\/fr\/wp-json\/wp\/v2\/users\/59"}],"replies":[{"embeddable":true,"href":"https:\/\/www.justiceinfo.net\/fr\/wp-json\/wp\/v2\/comments?post=14974"}],"version-history":[{"count":0,"href":"https:\/\/www.justiceinfo.net\/fr\/wp-json\/wp\/v2\/posts\/14974\/revisions"}],"wp:attachment":[{"href":"https:\/\/www.justiceinfo.net\/fr\/wp-json\/wp\/v2\/media?parent=14974"}],"wp:term":[{"taxonomy":"category","embeddable":true,"href":"https:\/\/www.justiceinfo.net\/fr\/wp-json\/wp\/v2\/categories?post=14974"},{"taxonomy":"post_tag","embeddable":true,"href":"https:\/\/www.justiceinfo.net\/fr\/wp-json\/wp\/v2\/tags?post=14974"},{"taxonomy":"ji_location","embeddable":true,"href":"https:\/\/www.justiceinfo.net\/fr\/wp-json\/wp\/v2\/ji_location?post=14974"}],"curies":[{"name":"wp","href":"https:\/\/api.w.org\/{rel}","templated":true}]}}