{"id":150148,"date":"2025-09-22T20:38:03","date_gmt":"2025-09-22T16:28:03","guid":{"rendered":"https:\/\/www.justiceinfo.net\/150148-le-burkina-faso-le-mali-et-le-niger-annoncent-leur-retrait-de-la-cour-penale-internationale.html"},"modified":"2025-09-23T12:28:32","modified_gmt":"2025-09-23T10:28:32","slug":"le-sahel-quitte-la-cpi","status":"publish","type":"post","link":"https:\/\/www.justiceinfo.net\/fr\/150148-le-sahel-quitte-la-cpi.html","title":{"rendered":"Le Sahel quitte la CPI"},"content":{"rendered":"\n<p>Le Mali, le Niger et le Burkina Faso ont annonc\u00e9, le 22 septembre, leur retrait de la Cour p\u00e9nale internationale. Les trois pays sont dirig\u00e9s par des juntes militaires soutenues par la Russie.<\/p>\n\n\n\n<!--more-->\n\n\n\n<p>Le Burkina Faso, le Mali et le Niger, trois pays sah\u00e9liens gouvern\u00e9s par des militaires, ont annonc\u00e9 lundi soir leur retrait de la <a href=\"https:\/\/www.justiceinfo.net\/fr\/tribunaux\/cpi\">Cour p\u00e9nale internationale (CPI)<\/a>, d\u00e9non\u00e7ant un \"instrument de r\u00e9pression n\u00e9o-coloniale aux mains de l'imp\u00e9rialisme\".<\/p>\n\n\n\n<p>Ces pays qui ont \u00e0 leur t\u00eate des juntes autoritaires arriv\u00e9es au pouvoir par des putschs entre 2020 et 2023 revendiquent une politique souverainiste et ont tourn\u00e9 le dos \u00e0 l'Occident.<\/p>\n\n\n\n<p>Dans un communiqu\u00e9 commun, les trois pays alli\u00e9s dans une conf\u00e9d\u00e9ration, l'Alliance des \u00c9tats du Sahel (AES), ont indiqu\u00e9 que cette d\u00e9cision prise \"avec effet imm\u00e9diat\" s'inscrit dans leur volont\u00e9 \"d'affirmer pleinement leur souverainet\u00e9\".<\/p>\n\n\n\n<p>\"La CPI s'est montr\u00e9e incapable de prendre en charge et de juger des crimes de guerre, des crimes contre l'humanit\u00e9, des crimes de g\u00e9nocide et des crimes d'agression av\u00e9r\u00e9s\", ont affirm\u00e9 les \u00c9tats de l'AES.<\/p>\n\n\n\n<p>Ils ont \u00e9galement pr\u00e9cis\u00e9 vouloir se doter de \"m\u00e9canismes endog\u00e8nes pour la consolidation de la paix et de la justice\": ils devraient prochainement cr\u00e9er une Cour p\u00e9nale sah\u00e9lienne.<\/p>\n\n\n\n<p>Le retrait d'un \u00c9tat ne prend effet qu'un an apr\u00e8s le d\u00e9p\u00f4t officiel du dossier aupr\u00e8s du secr\u00e9tariat g\u00e9n\u00e9ral de l'ONU.<\/p>\n\n\n\n<h2 class=\"wp-block-heading\" id=\"h-critiquee-en-afrique\">Critiqu\u00e9e en Afrique<\/h2>\n\n\n\n<p>Les pays de l'AES se sont notamment rapproch\u00e9s d'autres partenaires comme la Russie, dont le pr\u00e9sident <a href=\"https:\/\/www.justiceinfo.net\/fr\/114122-mandats-darret-de-la-cpi-contre-poutine-que-disent-les-experts.html\">Vladimir Poutine est vis\u00e9 par un mandat d'arr\u00eat de la CPI<\/a> depuis mars 2023 pour crime de guerre pr\u00e9sum\u00e9 de d\u00e9portation d'enfants ukrainiens.<\/p>\n\n\n\n<p>Ils sont confront\u00e9s \u00e0 des violences meurtri\u00e8res des groupes jihadistes li\u00e9s \u00e0 Al-Qa\u00efda et l\u2019\u00c9tat islamique mais leurs arm\u00e9es sont \u00e9galement accus\u00e9es de crimes contre des civils.<\/p>\n\n\n\n<p>Fond\u00e9e en 2002, la Cour p\u00e9nale internationale a pour mission de poursuivre les auteurs des crimes les plus graves commis dans le monde, lorsque les pays n'ont pas la volont\u00e9 ou la capacit\u00e9 de le faire eux-m\u00eames.<\/p>\n\n\n\n<p>La CPI comptait jusqu'\u00e0 pr\u00e9sent 125 membres. Les \u00c9tats-Unis et la Russie n'en font pas partie, ni Isra\u00ebl, la Chine ou la Birmanie.<\/p>\n\n\n\n<p><a href=\"https:\/\/www.justiceinfo.net\/fr\/146407-pourquoi-hongrie-quitte-cpi.html\">La Hongrie a claqu\u00e9 la porte<\/a> plus t\u00f4t cette ann\u00e9e, en r\u00e9action au mandat d'arr\u00eat pris \u00e0 l'encontre du dirigeant isra\u00e9lien Benjamin Netanyahu.<\/p>\n\n\n\n<p>L'institution essuie r\u00e9guli\u00e8rement des critiques, notamment dans les pays africains o\u00f9 elle est accus\u00e9e de poursuivre majoritairement des personnalit\u00e9s du continent.<\/p>\n\n\n\n<p>Elle a condamn\u00e9 le chef de guerre congolais <a href=\"https:\/\/www.justiceinfo.net\/fr\/42836-cpi-peine-maximale-ntaganda.html\">Bosco Ntaganda<\/a> \u00e0 30 ans de prison ou le chef jihadiste malien <a href=\"https:\/\/www.justiceinfo.net\/fr\/138474-cpi-10-ans-de-prison-pour-al-hassan.html\">Al Hassan<\/a> \u00e0 10 ans d'emprisonnement, pour des crimes de guerre notamment.<\/p>\n\n\n\n<p>Mais elle a aussi acquitt\u00e9 l'ex-pr\u00e9sident ivoirien <a href=\"https:\/\/www.justiceinfo.net\/fr\/40001-acquittement-de-gbagbo-et-ble-goude-un-bureau-du-procureur-en-lambeaux.html\">Laurent Gbagbo, son ancien bras droit Charles Bl\u00e9 Goud\u00e9<\/a> ou encore l'ancien vice-pr\u00e9sident congolais <a href=\"https:\/\/www.justiceinfo.net\/fr\/37679-cpi.html\">Jean-Pierre Bemba<\/a>.<\/p>\n\n\n\n<p>En 2016, trois pays africains - la Gambie, l'Afrique du Sud et le Burundi - avaient envisag\u00e9 leur d\u00e9part, mais finalement les deux premiers ont renonc\u00e9.<\/p>\n\n\n\n<p>En septembre, la CPI a inculp\u00e9 l'ancien pr\u00e9sident philippin <a href=\"https:\/\/www.justiceinfo.net\/fr\/149995-comment-la-cpi-peut-rendre-le-proces-de-duterte-utile-aux-philippins-ou-passer-a-cote.html\">Rodrigo Duterte<\/a> pour crimes contre l'humanit\u00e9. Ce dernier avait \u00e9t\u00e9 arr\u00eat\u00e9 en mars et transf\u00e9r\u00e9 aux Pays-Bas o\u00f9 se trouve le si\u00e8ge de la CPI et son quartier p\u00e9nitentiaire.<\/p>\n\n\n<div class=\"articleLink articleLink--editorRecommanded articleLink--textInImage articleLink--textTop\" style=\"\">\r\n\t\t\t\t\t\r\n\t\t\t<div class=\"articleLinkSurTitle\">Recommand\u00e9 par la r\u00e9daction<\/div>\r\n\t\t\t<a class=\"articleLinkImageLink\" href=\"https:\/\/www.justiceinfo.net\/fr\/116053-pourquoi-afrique-du-sud-retirer-cpi-ne-le-fait-pas.html\"><div class=\"articleLinkImageContainer \"><img loading=\"lazy\" decoding=\"async\" width=\"540\" height=\"360\" src=\"https:\/\/www.justiceinfo.net\/wp-content\/uploads\/South-Africa_Ramaphosa-Putin_@Sergei-Chirikov-Pool-AFP-540x360.jpg\" class=\"articleLinkImage backgroundImageTag w-100 wp-post-image\" alt=\"Tensions entre l&#039;Afrique du Sud et la CPI - Vladimir Poutine parle \u00e0 l&#039;oreille de Cyril Ramaphosa\" srcset=\"\" sizes=\"auto, (max-width: 540px) 100vw, 540px\" \/><\/div><\/a>\r\n\t\t\t<a href=\"https:\/\/www.justiceinfo.net\/fr\/116053-pourquoi-afrique-du-sud-retirer-cpi-ne-le-fait-pas.html\" class=\"articleLinkTitle articleLinkTitle--default\">\r\n\t\t\tPourquoi l'Afrique du Sud dit vouloir se retirer de la CPI et pourquoi elle ne le fait pas\r\n\t\t<\/a>\r\n\t\t\r\n\t\t\t\t<\/div>","protected":false},"excerpt":{"rendered":"<p>Le Mali, le Niger et le Burkina Faso ont annonc\u00e9, le 22 septembre, leur retrait de la Cour p\u00e9nale internationale. Les trois pays sont dirig\u00e9s par des juntes militaires soutenues par la Russie.<\/p>\n","protected":false},"author":60,"featured_media":150189,"comment_status":"open","ping_status":"closed","sticky":false,"template":"","format":"standard","meta":{"_acf_changed":false,"footnotes":""},"categories":[570,2576],"tags":[],"ji_location":[2074,2150,2338,2380],"class_list":["post-150148","post","type-post","status-publish","format-standard","has-post-thumbnail","hentry","category-cpi","category-fil-d-actualite","ji_location-afrique","ji_location-burkina-faso","ji_location-mali","ji_location-niger"],"acf":[],"yoast_head":"<!-- This site is optimized with the Yoast SEO Premium plugin v25.3.1 (Yoast SEO v25.3.1) - https:\/\/yoast.com\/wordpress\/plugins\/seo\/ -->\n<title>Le Sahel quitte la CPI<\/title>\n<meta name=\"description\" content=\"Le Mali, le Niger et le Burkina Faso ont annonc\u00e9, le 22 septembre, leur retrait de la Cour p\u00e9nale internationale. Les trois pays sont dirig\u00e9s par des juntes militaires soutenues par la Russie.\" \/>\n<meta name=\"robots\" content=\"index, follow, max-snippet:-1, max-image-preview:large, max-video-preview:-1\" \/>\n<link rel=\"canonical\" href=\"https:\/\/www.justiceinfo.net\/fr\/150148-le-sahel-quitte-la-cpi.html\" \/>\n<meta property=\"og:locale\" content=\"fr_FR\" \/>\n<meta property=\"og:type\" content=\"article\" \/>\n<meta property=\"og:title\" content=\"Le Sahel quitte la CPI\" \/>\n<meta property=\"og:description\" content=\"Le Mali, le Niger et le Burkina Faso ont annonc\u00e9, le 22 septembre, leur retrait de la Cour p\u00e9nale internationale. Les trois pays sont dirig\u00e9s par des juntes militaires soutenues par la Russie.\" \/>\n<meta property=\"og:url\" content=\"https:\/\/www.justiceinfo.net\/fr\/150148-le-sahel-quitte-la-cpi.html\" \/>\n<meta property=\"og:site_name\" content=\"JusticeInfo.net\" \/>\n<meta property=\"article:publisher\" content=\"https:\/\/www.facebook.com\/JusticeInfo\/\" \/>\n<meta property=\"article:published_time\" content=\"2025-09-22T16:28:03+00:00\" \/>\n<meta property=\"article:modified_time\" content=\"2025-09-23T10:28:32+00:00\" \/>\n<meta property=\"og:image\" content=\"https:\/\/www.justiceinfo.net\/wp-content\/uploads\/Sahel-Niger-Mali-Burkina-Russie_@Pavel-Bednyakov-Pool-AFP.jpg\" \/>\n\t<meta property=\"og:image:width\" content=\"1200\" \/>\n\t<meta property=\"og:image:height\" content=\"800\" \/>\n\t<meta property=\"og:image:type\" content=\"image\/jpeg\" \/>\n<meta name=\"author\" content=\"afp\" \/>\n<meta name=\"twitter:card\" content=\"summary_large_image\" \/>\n<meta name=\"twitter:creator\" content=\"@justiceinfonet\" \/>\n<meta name=\"twitter:site\" content=\"@justiceinfonet\" \/>\n<meta name=\"twitter:label1\" content=\"\u00c9crit par\" \/>\n\t<meta name=\"twitter:data1\" content=\"afp\" \/>\n\t<meta name=\"twitter:label2\" content=\"Dur\u00e9e de lecture estim\u00e9e\" \/>\n\t<meta name=\"twitter:data2\" content=\"3 minutes\" \/>\n<script type=\"application\/ld+json\" class=\"yoast-schema-graph\">{\"@context\":\"https:\/\/schema.org\",\"@graph\":[{\"@type\":\"NewsArticle\",\"@id\":\"https:\/\/www.justiceinfo.net\/fr\/150148-le-sahel-quitte-la-cpi.html#article\",\"isPartOf\":{\"@id\":\"https:\/\/www.justiceinfo.net\/fr\/150148-le-sahel-quitte-la-cpi.html\"},\"author\":{\"name\":\"afp\",\"@id\":\"https:\/\/www.justiceinfo.net\/fr#\/schema\/person\/713d340ef5f218fc36ce9b4244364a7f\"},\"headline\":\"Le Sahel quitte la CPI\",\"datePublished\":\"2025-09-22T16:28:03+00:00\",\"dateModified\":\"2025-09-23T10:28:32+00:00\",\"mainEntityOfPage\":{\"@id\":\"https:\/\/www.justiceinfo.net\/fr\/150148-le-sahel-quitte-la-cpi.html\"},\"wordCount\":596,\"commentCount\":0,\"publisher\":{\"@id\":\"https:\/\/www.justiceinfo.net\/fr#organization\"},\"image\":{\"@id\":\"https:\/\/www.justiceinfo.net\/fr\/150148-le-sahel-quitte-la-cpi.html#primaryimage\"},\"thumbnailUrl\":\"https:\/\/www.justiceinfo.net\/wp-content\/uploads\/Sahel-Niger-Mali-Burkina-Russie_@Pavel-Bednyakov-Pool-AFP.jpg\",\"articleSection\":[\"CPI\",\"Fil d'info AFP\"],\"inLanguage\":\"fr-FR\",\"potentialAction\":[{\"@type\":\"CommentAction\",\"name\":\"Comment\",\"target\":[\"https:\/\/www.justiceinfo.net\/fr\/150148-le-sahel-quitte-la-cpi.html#respond\"]}]},{\"@type\":\"WebPage\",\"@id\":\"https:\/\/www.justiceinfo.net\/fr\/150148-le-sahel-quitte-la-cpi.html\",\"url\":\"https:\/\/www.justiceinfo.net\/fr\/150148-le-sahel-quitte-la-cpi.html\",\"name\":\"Le Sahel quitte la CPI\",\"isPartOf\":{\"@id\":\"https:\/\/www.justiceinfo.net\/fr#website\"},\"primaryImageOfPage\":{\"@id\":\"https:\/\/www.justiceinfo.net\/fr\/150148-le-sahel-quitte-la-cpi.html#primaryimage\"},\"image\":{\"@id\":\"https:\/\/www.justiceinfo.net\/fr\/150148-le-sahel-quitte-la-cpi.html#primaryimage\"},\"thumbnailUrl\":\"https:\/\/www.justiceinfo.net\/wp-content\/uploads\/Sahel-Niger-Mali-Burkina-Russie_@Pavel-Bednyakov-Pool-AFP.jpg\",\"datePublished\":\"2025-09-22T16:28:03+00:00\",\"dateModified\":\"2025-09-23T10:28:32+00:00\",\"description\":\"Le Mali, le Niger et le Burkina Faso ont annonc\u00e9, le 22 septembre, leur retrait de la Cour p\u00e9nale internationale. Les trois pays sont dirig\u00e9s par des juntes militaires soutenues par la Russie.\",\"breadcrumb\":{\"@id\":\"https:\/\/www.justiceinfo.net\/fr\/150148-le-sahel-quitte-la-cpi.html#breadcrumb\"},\"inLanguage\":\"fr-FR\",\"potentialAction\":[{\"@type\":\"ReadAction\",\"target\":[\"https:\/\/www.justiceinfo.net\/fr\/150148-le-sahel-quitte-la-cpi.html\"]}]},{\"@type\":\"ImageObject\",\"inLanguage\":\"fr-FR\",\"@id\":\"https:\/\/www.justiceinfo.net\/fr\/150148-le-sahel-quitte-la-cpi.html#primaryimage\",\"url\":\"https:\/\/www.justiceinfo.net\/wp-content\/uploads\/Sahel-Niger-Mali-Burkina-Russie_@Pavel-Bednyakov-Pool-AFP.jpg\",\"contentUrl\":\"https:\/\/www.justiceinfo.net\/wp-content\/uploads\/Sahel-Niger-Mali-Burkina-Russie_@Pavel-Bednyakov-Pool-AFP.jpg\",\"width\":1200,\"height\":800,\"caption\":\"Le retrait de la Cour p\u00e9nale internationale, annonc\u00e9 par le Mali, le Burkina Faso et le Niger, le 22 septembre 2025, s\u2019inscrit dans le r\u00e9alignement g\u00e9opolitique des trois pays sah\u00e9liens. Ici une conf\u00e9rence de presse commune, en avril 2025, entre les ministres des affaires \u00e9trang\u00e8res malien, burkinab\u00e9 et nig\u00e9rien, et le Russe Serguei Lavrov. Photo : \u00a9 Pavel Bednyakov \/ Pool \/ AFP\"},{\"@type\":\"BreadcrumbList\",\"@id\":\"https:\/\/www.justiceinfo.net\/fr\/150148-le-sahel-quitte-la-cpi.html#breadcrumb\",\"itemListElement\":[{\"@type\":\"ListItem\",\"position\":1,\"name\":\"Home\",\"item\":\"https:\/\/www.justiceinfo.net\/fr\"},{\"@type\":\"ListItem\",\"position\":2,\"name\":\"Le Sahel quitte la CPI\"}]},{\"@type\":\"WebSite\",\"@id\":\"https:\/\/www.justiceinfo.net\/fr#website\",\"url\":\"https:\/\/www.justiceinfo.net\/fr\",\"name\":\"JusticeInfo.net\",\"description\":\"La justice doit \u00eatre vue pour \u00eatre rendue\",\"publisher\":{\"@id\":\"https:\/\/www.justiceinfo.net\/fr#organization\"},\"potentialAction\":[{\"@type\":\"SearchAction\",\"target\":{\"@type\":\"EntryPoint\",\"urlTemplate\":\"https:\/\/www.justiceinfo.net\/fr?s={search_term_string}\"},\"query-input\":{\"@type\":\"PropertyValueSpecification\",\"valueRequired\":true,\"valueName\":\"search_term_string\"}}],\"inLanguage\":\"fr-FR\"},{\"@type\":\"Organization\",\"@id\":\"https:\/\/www.justiceinfo.net\/fr#organization\",\"name\":\"Justice Info\",\"url\":\"https:\/\/www.justiceinfo.net\/fr\",\"logo\":{\"@type\":\"ImageObject\",\"inLanguage\":\"fr-FR\",\"@id\":\"https:\/\/www.justiceinfo.net\/fr#\/schema\/logo\/image\/\",\"url\":\"https:\/\/www.justiceinfo.net\/wp-content\/uploads\/justiceinfo_logo-trans_1200x1200px.png\",\"contentUrl\":\"https:\/\/www.justiceinfo.net\/wp-content\/uploads\/justiceinfo_logo-trans_1200x1200px.png\",\"width\":1199,\"height\":1200,\"caption\":\"Justice Info\"},\"image\":{\"@id\":\"https:\/\/www.justiceinfo.net\/fr#\/schema\/logo\/image\/\"},\"sameAs\":[\"https:\/\/www.facebook.com\/JusticeInfo\/\",\"https:\/\/x.com\/justiceinfonet\",\"https:\/\/www.linkedin.com\/company\/justice-info\",\"https:\/\/www.youtube.com\/channel\/UCyCEsARodyuWtkWyhn-e7pA\"]},{\"@type\":\"Person\",\"name\":\"afp\",\"url\":\"\/fr\/?s=afp\"}]}<\/script>\n<!-- \/ Yoast SEO Premium plugin. -->","yoast_head_json":{"title":"Le Sahel quitte la CPI","description":"Le Mali, le Niger et le Burkina Faso ont annonc\u00e9, le 22 septembre, leur retrait de la Cour p\u00e9nale internationale. Les trois pays sont dirig\u00e9s par des juntes militaires soutenues par la Russie.","robots":{"index":"index","follow":"follow","max-snippet":"max-snippet:-1","max-image-preview":"max-image-preview:large","max-video-preview":"max-video-preview:-1"},"canonical":"https:\/\/www.justiceinfo.net\/fr\/150148-le-sahel-quitte-la-cpi.html","og_locale":"fr_FR","og_type":"article","og_title":"Le Sahel quitte la CPI","og_description":"Le Mali, le Niger et le Burkina Faso ont annonc\u00e9, le 22 septembre, leur retrait de la Cour p\u00e9nale internationale. Les trois pays sont dirig\u00e9s par des juntes militaires soutenues par la Russie.","og_url":"https:\/\/www.justiceinfo.net\/fr\/150148-le-sahel-quitte-la-cpi.html","og_site_name":"JusticeInfo.net","article_publisher":"https:\/\/www.facebook.com\/JusticeInfo\/","article_published_time":"2025-09-22T16:28:03+00:00","article_modified_time":"2025-09-23T10:28:32+00:00","og_image":[{"width":1200,"height":800,"url":"https:\/\/www.justiceinfo.net\/wp-content\/uploads\/Sahel-Niger-Mali-Burkina-Russie_@Pavel-Bednyakov-Pool-AFP.jpg","type":"image\/jpeg"}],"author":"afp","twitter_card":"summary_large_image","twitter_creator":"@justiceinfonet","twitter_site":"@justiceinfonet","twitter_misc":{"\u00c9crit par":"afp","Dur\u00e9e de lecture estim\u00e9e":"3 minutes"},"schema":{"@context":"https:\/\/schema.org","@graph":[{"@type":"NewsArticle","@id":"https:\/\/www.justiceinfo.net\/fr\/150148-le-sahel-quitte-la-cpi.html#article","isPartOf":{"@id":"https:\/\/www.justiceinfo.net\/fr\/150148-le-sahel-quitte-la-cpi.html"},"author":{"name":"afp","@id":"https:\/\/www.justiceinfo.net\/fr#\/schema\/person\/713d340ef5f218fc36ce9b4244364a7f"},"headline":"Le Sahel quitte la CPI","datePublished":"2025-09-22T16:28:03+00:00","dateModified":"2025-09-23T10:28:32+00:00","mainEntityOfPage":{"@id":"https:\/\/www.justiceinfo.net\/fr\/150148-le-sahel-quitte-la-cpi.html"},"wordCount":596,"commentCount":0,"publisher":{"@id":"https:\/\/www.justiceinfo.net\/fr#organization"},"image":{"@id":"https:\/\/www.justiceinfo.net\/fr\/150148-le-sahel-quitte-la-cpi.html#primaryimage"},"thumbnailUrl":"https:\/\/www.justiceinfo.net\/wp-content\/uploads\/Sahel-Niger-Mali-Burkina-Russie_@Pavel-Bednyakov-Pool-AFP.jpg","articleSection":["CPI","Fil d'info AFP"],"inLanguage":"fr-FR","potentialAction":[{"@type":"CommentAction","name":"Comment","target":["https:\/\/www.justiceinfo.net\/fr\/150148-le-sahel-quitte-la-cpi.html#respond"]}]},{"@type":"WebPage","@id":"https:\/\/www.justiceinfo.net\/fr\/150148-le-sahel-quitte-la-cpi.html","url":"https:\/\/www.justiceinfo.net\/fr\/150148-le-sahel-quitte-la-cpi.html","name":"Le Sahel quitte la CPI","isPartOf":{"@id":"https:\/\/www.justiceinfo.net\/fr#website"},"primaryImageOfPage":{"@id":"https:\/\/www.justiceinfo.net\/fr\/150148-le-sahel-quitte-la-cpi.html#primaryimage"},"image":{"@id":"https:\/\/www.justiceinfo.net\/fr\/150148-le-sahel-quitte-la-cpi.html#primaryimage"},"thumbnailUrl":"https:\/\/www.justiceinfo.net\/wp-content\/uploads\/Sahel-Niger-Mali-Burkina-Russie_@Pavel-Bednyakov-Pool-AFP.jpg","datePublished":"2025-09-22T16:28:03+00:00","dateModified":"2025-09-23T10:28:32+00:00","description":"Le Mali, le Niger et le Burkina Faso ont annonc\u00e9, le 22 septembre, leur retrait de la Cour p\u00e9nale internationale. Les trois pays sont dirig\u00e9s par des juntes militaires soutenues par la Russie.","breadcrumb":{"@id":"https:\/\/www.justiceinfo.net\/fr\/150148-le-sahel-quitte-la-cpi.html#breadcrumb"},"inLanguage":"fr-FR","potentialAction":[{"@type":"ReadAction","target":["https:\/\/www.justiceinfo.net\/fr\/150148-le-sahel-quitte-la-cpi.html"]}]},{"@type":"ImageObject","inLanguage":"fr-FR","@id":"https:\/\/www.justiceinfo.net\/fr\/150148-le-sahel-quitte-la-cpi.html#primaryimage","url":"https:\/\/www.justiceinfo.net\/wp-content\/uploads\/Sahel-Niger-Mali-Burkina-Russie_@Pavel-Bednyakov-Pool-AFP.jpg","contentUrl":"https:\/\/www.justiceinfo.net\/wp-content\/uploads\/Sahel-Niger-Mali-Burkina-Russie_@Pavel-Bednyakov-Pool-AFP.jpg","width":1200,"height":800,"caption":"Le retrait de la Cour p\u00e9nale internationale, annonc\u00e9 par le Mali, le Burkina Faso et le Niger, le 22 septembre 2025, s\u2019inscrit dans le r\u00e9alignement g\u00e9opolitique des trois pays sah\u00e9liens. Ici une conf\u00e9rence de presse commune, en avril 2025, entre les ministres des affaires \u00e9trang\u00e8res malien, burkinab\u00e9 et nig\u00e9rien, et le Russe Serguei Lavrov. Photo : \u00a9 Pavel Bednyakov \/ Pool \/ AFP"},{"@type":"BreadcrumbList","@id":"https:\/\/www.justiceinfo.net\/fr\/150148-le-sahel-quitte-la-cpi.html#breadcrumb","itemListElement":[{"@type":"ListItem","position":1,"name":"Home","item":"https:\/\/www.justiceinfo.net\/fr"},{"@type":"ListItem","position":2,"name":"Le Sahel quitte la CPI"}]},{"@type":"WebSite","@id":"https:\/\/www.justiceinfo.net\/fr#website","url":"https:\/\/www.justiceinfo.net\/fr","name":"JusticeInfo.net","description":"La justice doit \u00eatre vue pour \u00eatre rendue","publisher":{"@id":"https:\/\/www.justiceinfo.net\/fr#organization"},"potentialAction":[{"@type":"SearchAction","target":{"@type":"EntryPoint","urlTemplate":"https:\/\/www.justiceinfo.net\/fr?s={search_term_string}"},"query-input":{"@type":"PropertyValueSpecification","valueRequired":true,"valueName":"search_term_string"}}],"inLanguage":"fr-FR"},{"@type":"Organization","@id":"https:\/\/www.justiceinfo.net\/fr#organization","name":"Justice Info","url":"https:\/\/www.justiceinfo.net\/fr","logo":{"@type":"ImageObject","inLanguage":"fr-FR","@id":"https:\/\/www.justiceinfo.net\/fr#\/schema\/logo\/image\/","url":"https:\/\/www.justiceinfo.net\/wp-content\/uploads\/justiceinfo_logo-trans_1200x1200px.png","contentUrl":"https:\/\/www.justiceinfo.net\/wp-content\/uploads\/justiceinfo_logo-trans_1200x1200px.png","width":1199,"height":1200,"caption":"Justice Info"},"image":{"@id":"https:\/\/www.justiceinfo.net\/fr#\/schema\/logo\/image\/"},"sameAs":["https:\/\/www.facebook.com\/JusticeInfo\/","https:\/\/x.com\/justiceinfonet","https:\/\/www.linkedin.com\/company\/justice-info","https:\/\/www.youtube.com\/channel\/UCyCEsARodyuWtkWyhn-e7pA"]},{"@type":"Person","name":"afp","url":"\/fr\/?s=afp"}]}},"_links":{"self":[{"href":"https:\/\/www.justiceinfo.net\/fr\/wp-json\/wp\/v2\/posts\/150148","targetHints":{"allow":["GET"]}}],"collection":[{"href":"https:\/\/www.justiceinfo.net\/fr\/wp-json\/wp\/v2\/posts"}],"about":[{"href":"https:\/\/www.justiceinfo.net\/fr\/wp-json\/wp\/v2\/types\/post"}],"author":[{"embeddable":true,"href":"https:\/\/www.justiceinfo.net\/fr\/wp-json\/wp\/v2\/users\/60"}],"replies":[{"embeddable":true,"href":"https:\/\/www.justiceinfo.net\/fr\/wp-json\/wp\/v2\/comments?post=150148"}],"version-history":[{"count":3,"href":"https:\/\/www.justiceinfo.net\/fr\/wp-json\/wp\/v2\/posts\/150148\/revisions"}],"predecessor-version":[{"id":150194,"href":"https:\/\/www.justiceinfo.net\/fr\/wp-json\/wp\/v2\/posts\/150148\/revisions\/150194"}],"wp:featuredmedia":[{"embeddable":true,"href":"https:\/\/www.justiceinfo.net\/fr\/wp-json\/wp\/v2\/media\/150189"}],"wp:attachment":[{"href":"https:\/\/www.justiceinfo.net\/fr\/wp-json\/wp\/v2\/media?parent=150148"}],"wp:term":[{"taxonomy":"category","embeddable":true,"href":"https:\/\/www.justiceinfo.net\/fr\/wp-json\/wp\/v2\/categories?post=150148"},{"taxonomy":"post_tag","embeddable":true,"href":"https:\/\/www.justiceinfo.net\/fr\/wp-json\/wp\/v2\/tags?post=150148"},{"taxonomy":"ji_location","embeddable":true,"href":"https:\/\/www.justiceinfo.net\/fr\/wp-json\/wp\/v2\/ji_location?post=150148"}],"curies":[{"name":"wp","href":"https:\/\/api.w.org\/{rel}","templated":true}]}}