{"id":15055,"date":"2014-02-06T08:58:40","date_gmt":"2014-02-06T07:58:40","guid":{"rendered":"https:\/\/www.justiceinfo.net\/15055-060214-francerwanda-pascal-simbikangwa-chomage-famille-patrie.html"},"modified":"2014-02-06T08:58:40","modified_gmt":"2014-02-06T07:58:40","slug":"060214-francerwanda-pascal-simbikangwa-chomage-famille-patrie","status":"publish","type":"post","link":"https:\/\/www.justiceinfo.net\/fr\/15055-060214-francerwanda-pascal-simbikangwa-chomage-famille-patrie.html","title":{"rendered":"06.02.14 - FRANCE\/RWANDA - PASCAL SIMBIKANGWA : CHOMAGE, FAMILLE, PATRIE"},"content":{"rendered":"<p>Paris, 6 f\u00e9vrier 2014 (FH) \u2013 La cour d\u2019assises de Paris a continu\u00e9 de feuilleter mercredi les pages parfois obscures du curriculum vitae de Pascal Simbikangwa, premier Rwandais jug\u00e9 en France pour sa responsabilit\u00e9 pr\u00e9sum\u00e9e dans le g\u00e9nocide des Tutsis de 1994.<\/p>\n<p><!--more--><\/p>\n<p>Au deuxi\u00e8me jour d\u2019audience, les mains du pr\u00e9venu ne s\u2019agrippent plus nerveusement aux bords de sa feuille blanche comme au premier jour. Elles restent calmes tandis que son visage s\u2019anime, le front et les yeux s\u2019indignent. La voix est assur\u00e9e, parfois vindicative. Appuyant ses r\u00e9ponses d'un mouvement de t\u00eate r\u00e9gulier, il interpelle de l'index le ciel ou ses contradicteurs, qu'il se retient difficilement d'interrompre.Les interrogatoires du premier jour sur ses variations patronymiques l'avaient agac\u00e9.<\/p>\n<p>N\u00e9 Safari Senyamuhara en 1959, il a \u00e9t\u00e9 rebaptis\u00e9 Pascal \u00e0 cinq ans, puis a troqu\u00e9 son patronyme pour Simbikangwa au coll\u00e8ge, afin d'\u00e9chapper \u00e0 la discrimination qui, selon lui, frappait les gens du Nord. Pascal Simbikangwa est le nom sous lequel tout le monde semble le conna\u00eetre au Rwanda. Il y a eu aussi un David, et des trafics de faux papiers, qui lui ont valu d\u2019\u00eatre arr\u00eat\u00e9 fin 2008 \u00e0 Mayotte.\u00a0La clart\u00e9 n\u2019est pas sa plus grande qualit\u00e9, et l\u2019enqu\u00eate de personnalit\u00e9 pr\u00e9sent\u00e9e mercredi \u00e0 la cour comporte certaines ombres. Celles d'abord d\u2019un p\u00e8re Hutu et d\u2019une m\u00e8re Tutsie d\u00e9c\u00e9d\u00e9s, comme quatre de ses huit fr\u00e8res et s\u0153urs \u2013 l\u2019une aurait \u00e9t\u00e9 \u00ab assassin\u00e9e \u00bb apr\u00e8s que l\u2019accus\u00e9 ait donn\u00e9 son adresse pour une demande d\u2019asile. Depuis, il prot\u00e8ge son entourage. L\u2019enqu\u00eatrice n\u2019a pas pu rencontrer son fr\u00e8re Bonaventure, bien qu'il r\u00e9side en France. Mais Pascal Simbikangwa veut bien l\u2019\u00ab inviter \u00e0 passer (\u00e0 la barre), si M. le pr\u00e9sident le souhaite \u00bb. \u00ab C\u2019est \u00e0 vous de d\u00e9cider \u00bb, r\u00e9agit le magistrat.\u00a0L'accus\u00e9 ne d\u00e9clare que deux vrais amis. Un Hutu v\u00e9t\u00e9rinaire et un Tutsi vendeur de pneumatiques, que l\u2019enqu\u00eatrice n\u2019a pu interroger. Pas plus que son \u00e9pouse, une belle Tutsie qui lui a donn\u00e9 sa fille Marie Merci, le 3 mars 1987. \u00ab L\u2019\u00eatre le plus cher de sa vie \u00bb, a-t-il confi\u00e9 \u00e0 l'enqu\u00eatrice venue pr\u00e9senter \u00e0 la cour son rapport. \u00ab Je n\u2019aime pas beaucoup les gens, j\u2019aime la solitude \u00bb, a-t-il ajout\u00e9 au cours de leur seconde rencontre \u00e0 la prison de Fresnes. L\u2019enqu\u00eate de personnalit\u00e9 repose d\u00e8s lors enti\u00e8rement sur deux sources : le pr\u00e9venu et sa s\u0153ur Constantine, jointe par t\u00e9l\u00e9phone au Canada.\u00a0\u00a0Constantine d\u00e9crit un homme courageux, singuli\u00e8rement g\u00e9n\u00e9reux avec sa famille. C\u2019est lui qui a soutenu ses fr\u00e8res et s\u0153urs, leur a permis d\u2019\u00e9tudier, quand leur p\u00e8re \u00ab dilapidateur \u00bb a pris sa seconde \u00e9pouse. Un parcours scolaire brillant lui permet d\u2019entrer \u00e0 18 ans \u00e0 l\u2019\u00e9cole sup\u00e9rieure militaire et, \u00e0 27 ans, dans la garde pr\u00e9sidentielle. Sportif de haut niveau, bon tireur, Pascal Simbikangwa est un commando chevronn\u00e9 lorsque son chauffeur fait une sortie de route, en 1986. L\u2019accident le laisse parapl\u00e9gique. L\u2019enqu\u00eatrice de personnalit\u00e9 d\u00e9crit un battant, qui \u00ab en sort grandi\u00bb r\u00e9v\u00e9lant \u00ab une personne aux assises identitaires fortes \u00bb.Le guerrier diminu\u00e9 a toujours aim\u00e9 lire \u2013 il cite \u00ab Lafontaine, Clausewitz, Sun Yat Sen \u00bb. Apr\u00e8s son accident, il \u00e9crit deux livres : \u00ab L\u2019homme et sa croix \u00bb, r\u00e9cit dans lequel il avoue sa fascination pour le pr\u00e9sident Juv\u00e9nal Habyarimana ; et \u00ab La guerre d\u2019Octobre \u00bb, sur la premi\u00e8re attaque du Front patriotique rwandais (FPR) et sa gu\u00e9rilla d'infiltration. \u00ab Le grand p\u00e8re de mon p\u00e8re et celui d\u2019Habyarimana \u00e9taient fr\u00e8res \u00bb, pr\u00e9cise-t-il \u00e0 l'audience. \u00ab Habyarimana n\u2019\u00e9tait pas un grand d\u00e9mocrate comme Hollande, lance-t-il, mais il voulait que les Hutus et les Tutsis fassent une nation ensemble. \u00bb \u00ab Je suis un d\u00e9mocrate et un patriote. \u00bb\u00a0Transf\u00e9r\u00e9 dans le civil deux ans apr\u00e8s son accident, le capitaine devient directeur du Service central de renseignement (SCR). \u00ab C\u2019est uniquement un titre d\u00fb \u00e0 mon grade, car j\u2019\u00e9tais en r\u00e9alit\u00e9 un simple agent charg\u00e9 d\u2019un petit r\u00e9seau de cinq informateurs et de surveiller la presse. \u00bb Jusqu\u2019\u00e0 l\u2019arriv\u00e9e du multipartisme en\u00a0 1992, qui a fait de lui un \u00ab ch\u00f4meur \u00bb rang\u00e9, pr\u00e9sente-t-il comme ligne de d\u00e9fense.<\/p>\n<p>Le fonctionnaire conserve son traitement jusqu\u2019en 1994 et une r\u00e9sidence de fonction dans le quartier de Kiyovu, \u00e0 Kigali, o\u00f9 l\u2019accusation le soup\u00e7onne d\u2019avoir arm\u00e9 des miliciens durant le g\u00e9nocide. Ce n\u2019est pas par esprit de vengeance, assure-t-il, mais bien parce qu\u2019il croit au \u00ab pluralisme m\u00e9diatique \u00bb, qu\u2019il investit 100.000 francs rwandais dans la radio des Mille Collines, qui incitera par la suite les Hutus \u00e0 la haine anti - Tutsi. Une g\u00e9n\u00e9rosit\u00e9 qui le place dans le peloton des 26 plus gros contributeurs de la RTLM, pointe l\u2019avocat g\u00e9n\u00e9ral. \u00ab Vous consid\u00e9riez-vous comme un dignitaire ? \u00bb, l\u2019interroge un avocat des parties civiles. \u00ab Je pense que j\u2019\u00e9tais parmi les autorit\u00e9s, m\u00eame si je n\u2019en avais pas l\u2019exercice \u00bb, r\u00e9sume Pascal Simbikangwa.FP\/ER<\/p>\n","protected":false},"excerpt":{"rendered":"<p>Paris, 6 f\u00e9vrier 2014 (FH) \u2013 La cour d\u2019assises de Paris a continu\u00e9 de feuilleter mercredi les pages parfois obscures du curriculum vitae de Pascal Simbikangwa, premier Rwandais jug\u00e9 en France pour sa responsabilit\u00e9 pr\u00e9sum\u00e9e dans le g\u00e9nocide des Tutsis de 1994.<\/p>\n","protected":false},"author":59,"featured_media":0,"comment_status":"open","ping_status":"closed","sticky":false,"template":"","format":"standard","meta":{"_acf_changed":false,"footnotes":""},"categories":[554],"tags":[],"ji_location":[],"class_list":["post-15055","post","type-post","status-publish","format-standard","hentry","category-hirondellenews"],"acf":[],"yoast_head":"<!-- This site is optimized with the Yoast SEO Premium plugin v25.3.1 (Yoast SEO v25.3.1) - https:\/\/yoast.com\/wordpress\/plugins\/seo\/ -->\n<title>06.02.14 - FRANCE\/RWANDA - PASCAL SIMBIKANGWA : CHOMAGE, FAMILLE, PATRIE - JusticeInfo.net<\/title>\n<meta name=\"robots\" content=\"index, follow, max-snippet:-1, max-image-preview:large, max-video-preview:-1\" \/>\n<link rel=\"canonical\" href=\"https:\/\/www.justiceinfo.net\/fr\/15055-060214-francerwanda-pascal-simbikangwa-chomage-famille-patrie.html\" \/>\n<meta property=\"og:locale\" content=\"fr_FR\" \/>\n<meta property=\"og:type\" content=\"article\" \/>\n<meta property=\"og:title\" content=\"06.02.14 - FRANCE\/RWANDA - PASCAL SIMBIKANGWA : CHOMAGE, FAMILLE, PATRIE\" \/>\n<meta property=\"og:description\" content=\"Paris, 6 f\u00e9vrier 2014 (FH) \u2013 La cour d\u2019assises de Paris a continu\u00e9 de feuilleter mercredi les pages parfois obscures du curriculum vitae de Pascal Simbikangwa, premier Rwandais jug\u00e9 en France pour sa responsabilit\u00e9 pr\u00e9sum\u00e9e dans le g\u00e9nocide des Tutsis de 1994.\" \/>\n<meta property=\"og:url\" content=\"https:\/\/www.justiceinfo.net\/fr\/15055-060214-francerwanda-pascal-simbikangwa-chomage-famille-patrie.html\" \/>\n<meta property=\"og:site_name\" content=\"JusticeInfo.net\" \/>\n<meta property=\"article:publisher\" content=\"https:\/\/www.facebook.com\/JusticeInfo\/\" \/>\n<meta property=\"article:author\" content=\"https:\/\/www.facebook.com\/rugiririza.ephrem.1\" \/>\n<meta property=\"article:published_time\" content=\"2014-02-06T07:58:40+00:00\" \/>\n<meta property=\"og:image\" content=\"https:\/\/www.justiceinfo.net\/wp-content\/uploads\/JusticeInfoNet_logo_1200x630px.jpg\" \/>\n\t<meta property=\"og:image:width\" content=\"1200\" \/>\n\t<meta property=\"og:image:height\" content=\"630\" \/>\n\t<meta property=\"og:image:type\" content=\"image\/jpeg\" \/>\n<meta name=\"author\" content=\"Ephrem Rugiririza\" \/>\n<meta name=\"twitter:card\" content=\"summary_large_image\" \/>\n<meta name=\"twitter:creator\" content=\"@ER72777667\" \/>\n<meta name=\"twitter:site\" content=\"@justiceinfonet\" \/>\n<meta name=\"twitter:label1\" content=\"\u00c9crit par\" \/>\n\t<meta name=\"twitter:data1\" content=\"Ephrem Rugiririza\" \/>\n\t<meta name=\"twitter:label2\" content=\"Dur\u00e9e de lecture estim\u00e9e\" \/>\n\t<meta name=\"twitter:data2\" content=\"4 minutes\" \/>\n<script type=\"application\/ld+json\" class=\"yoast-schema-graph\">{\"@context\":\"https:\/\/schema.org\",\"@graph\":[{\"@type\":\"NewsArticle\",\"@id\":\"https:\/\/www.justiceinfo.net\/fr\/15055-060214-francerwanda-pascal-simbikangwa-chomage-famille-patrie.html#article\",\"isPartOf\":{\"@id\":\"https:\/\/www.justiceinfo.net\/fr\/15055-060214-francerwanda-pascal-simbikangwa-chomage-famille-patrie.html\"},\"author\":{\"name\":\"erugiririza\",\"@id\":\"https:\/\/www.justiceinfo.net\/fr#\/schema\/person\/3c444bdbf3536fdebfdc6b3a06b2fc4a\"},\"headline\":\"06.02.14 - FRANCE\/RWANDA - PASCAL SIMBIKANGWA : CHOMAGE, FAMILLE, PATRIE\",\"datePublished\":\"2014-02-06T07:58:40+00:00\",\"mainEntityOfPage\":{\"@id\":\"https:\/\/www.justiceinfo.net\/fr\/15055-060214-francerwanda-pascal-simbikangwa-chomage-famille-patrie.html\"},\"wordCount\":894,\"commentCount\":0,\"publisher\":{\"@id\":\"https:\/\/www.justiceinfo.net\/fr#organization\"},\"articleSection\":[\"Hirondelle News\"],\"inLanguage\":\"fr-FR\",\"potentialAction\":[{\"@type\":\"CommentAction\",\"name\":\"Comment\",\"target\":[\"https:\/\/www.justiceinfo.net\/fr\/15055-060214-francerwanda-pascal-simbikangwa-chomage-famille-patrie.html#respond\"]}]},{\"@type\":\"WebPage\",\"@id\":\"https:\/\/www.justiceinfo.net\/fr\/15055-060214-francerwanda-pascal-simbikangwa-chomage-famille-patrie.html\",\"url\":\"https:\/\/www.justiceinfo.net\/fr\/15055-060214-francerwanda-pascal-simbikangwa-chomage-famille-patrie.html\",\"name\":\"06.02.14 - FRANCE\/RWANDA - PASCAL SIMBIKANGWA : CHOMAGE, FAMILLE, PATRIE - JusticeInfo.net\",\"isPartOf\":{\"@id\":\"https:\/\/www.justiceinfo.net\/fr#website\"},\"datePublished\":\"2014-02-06T07:58:40+00:00\",\"breadcrumb\":{\"@id\":\"https:\/\/www.justiceinfo.net\/fr\/15055-060214-francerwanda-pascal-simbikangwa-chomage-famille-patrie.html#breadcrumb\"},\"inLanguage\":\"fr-FR\",\"potentialAction\":[{\"@type\":\"ReadAction\",\"target\":[\"https:\/\/www.justiceinfo.net\/fr\/15055-060214-francerwanda-pascal-simbikangwa-chomage-famille-patrie.html\"]}]},{\"@type\":\"BreadcrumbList\",\"@id\":\"https:\/\/www.justiceinfo.net\/fr\/15055-060214-francerwanda-pascal-simbikangwa-chomage-famille-patrie.html#breadcrumb\",\"itemListElement\":[{\"@type\":\"ListItem\",\"position\":1,\"name\":\"Home\",\"item\":\"https:\/\/www.justiceinfo.net\/fr\"},{\"@type\":\"ListItem\",\"position\":2,\"name\":\"06.02.14 - FRANCE\/RWANDA - PASCAL SIMBIKANGWA : CHOMAGE, FAMILLE, PATRIE\"}]},{\"@type\":\"WebSite\",\"@id\":\"https:\/\/www.justiceinfo.net\/fr#website\",\"url\":\"https:\/\/www.justiceinfo.net\/fr\",\"name\":\"JusticeInfo.net\",\"description\":\"La justice doit \u00eatre vue pour \u00eatre rendue\",\"publisher\":{\"@id\":\"https:\/\/www.justiceinfo.net\/fr#organization\"},\"potentialAction\":[{\"@type\":\"SearchAction\",\"target\":{\"@type\":\"EntryPoint\",\"urlTemplate\":\"https:\/\/www.justiceinfo.net\/fr?s={search_term_string}\"},\"query-input\":{\"@type\":\"PropertyValueSpecification\",\"valueRequired\":true,\"valueName\":\"search_term_string\"}}],\"inLanguage\":\"fr-FR\"},{\"@type\":\"Organization\",\"@id\":\"https:\/\/www.justiceinfo.net\/fr#organization\",\"name\":\"Justice Info\",\"url\":\"https:\/\/www.justiceinfo.net\/fr\",\"logo\":{\"@type\":\"ImageObject\",\"inLanguage\":\"fr-FR\",\"@id\":\"https:\/\/www.justiceinfo.net\/fr#\/schema\/logo\/image\/\",\"url\":\"https:\/\/www.justiceinfo.net\/wp-content\/uploads\/justiceinfo_logo-trans_1200x1200px.png\",\"contentUrl\":\"https:\/\/www.justiceinfo.net\/wp-content\/uploads\/justiceinfo_logo-trans_1200x1200px.png\",\"width\":1199,\"height\":1200,\"caption\":\"Justice Info\"},\"image\":{\"@id\":\"https:\/\/www.justiceinfo.net\/fr#\/schema\/logo\/image\/\"},\"sameAs\":[\"https:\/\/www.facebook.com\/JusticeInfo\/\",\"https:\/\/x.com\/justiceinfonet\",\"https:\/\/www.linkedin.com\/company\/justice-info\",\"https:\/\/www.youtube.com\/channel\/UCyCEsARodyuWtkWyhn-e7pA\"]},{\"@type\":\"Person\",\"name\":\"Ephrem Rugiririza\",\"sameAs\":[\"https:\/\/www.facebook.com\/rugiririza.ephrem.1\",\"https:\/\/x.com\/ER72777667\"],\"url\":\"https:\/\/www.justiceinfo.net\/fr\/auteur\/erugiririza\"}]}<\/script>\n<!-- \/ Yoast SEO Premium plugin. -->","yoast_head_json":{"title":"06.02.14 - FRANCE\/RWANDA - PASCAL SIMBIKANGWA : CHOMAGE, FAMILLE, PATRIE - JusticeInfo.net","robots":{"index":"index","follow":"follow","max-snippet":"max-snippet:-1","max-image-preview":"max-image-preview:large","max-video-preview":"max-video-preview:-1"},"canonical":"https:\/\/www.justiceinfo.net\/fr\/15055-060214-francerwanda-pascal-simbikangwa-chomage-famille-patrie.html","og_locale":"fr_FR","og_type":"article","og_title":"06.02.14 - FRANCE\/RWANDA - PASCAL SIMBIKANGWA : CHOMAGE, FAMILLE, PATRIE","og_description":"Paris, 6 f\u00e9vrier 2014 (FH) \u2013 La cour d\u2019assises de Paris a continu\u00e9 de feuilleter mercredi les pages parfois obscures du curriculum vitae de Pascal Simbikangwa, premier Rwandais jug\u00e9 en France pour sa responsabilit\u00e9 pr\u00e9sum\u00e9e dans le g\u00e9nocide des Tutsis de 1994.","og_url":"https:\/\/www.justiceinfo.net\/fr\/15055-060214-francerwanda-pascal-simbikangwa-chomage-famille-patrie.html","og_site_name":"JusticeInfo.net","article_publisher":"https:\/\/www.facebook.com\/JusticeInfo\/","article_author":"https:\/\/www.facebook.com\/rugiririza.ephrem.1","article_published_time":"2014-02-06T07:58:40+00:00","og_image":[{"width":1200,"height":630,"url":"https:\/\/www.justiceinfo.net\/wp-content\/uploads\/JusticeInfoNet_logo_1200x630px.jpg","type":"image\/jpeg"}],"author":"Ephrem Rugiririza","twitter_card":"summary_large_image","twitter_creator":"@ER72777667","twitter_site":"@justiceinfonet","twitter_misc":{"\u00c9crit par":"Ephrem Rugiririza","Dur\u00e9e de lecture estim\u00e9e":"4 minutes"},"schema":{"@context":"https:\/\/schema.org","@graph":[{"@type":"NewsArticle","@id":"https:\/\/www.justiceinfo.net\/fr\/15055-060214-francerwanda-pascal-simbikangwa-chomage-famille-patrie.html#article","isPartOf":{"@id":"https:\/\/www.justiceinfo.net\/fr\/15055-060214-francerwanda-pascal-simbikangwa-chomage-famille-patrie.html"},"author":{"name":"erugiririza","@id":"https:\/\/www.justiceinfo.net\/fr#\/schema\/person\/3c444bdbf3536fdebfdc6b3a06b2fc4a"},"headline":"06.02.14 - FRANCE\/RWANDA - PASCAL SIMBIKANGWA : CHOMAGE, FAMILLE, PATRIE","datePublished":"2014-02-06T07:58:40+00:00","mainEntityOfPage":{"@id":"https:\/\/www.justiceinfo.net\/fr\/15055-060214-francerwanda-pascal-simbikangwa-chomage-famille-patrie.html"},"wordCount":894,"commentCount":0,"publisher":{"@id":"https:\/\/www.justiceinfo.net\/fr#organization"},"articleSection":["Hirondelle News"],"inLanguage":"fr-FR","potentialAction":[{"@type":"CommentAction","name":"Comment","target":["https:\/\/www.justiceinfo.net\/fr\/15055-060214-francerwanda-pascal-simbikangwa-chomage-famille-patrie.html#respond"]}]},{"@type":"WebPage","@id":"https:\/\/www.justiceinfo.net\/fr\/15055-060214-francerwanda-pascal-simbikangwa-chomage-famille-patrie.html","url":"https:\/\/www.justiceinfo.net\/fr\/15055-060214-francerwanda-pascal-simbikangwa-chomage-famille-patrie.html","name":"06.02.14 - FRANCE\/RWANDA - PASCAL SIMBIKANGWA : CHOMAGE, FAMILLE, PATRIE - JusticeInfo.net","isPartOf":{"@id":"https:\/\/www.justiceinfo.net\/fr#website"},"datePublished":"2014-02-06T07:58:40+00:00","breadcrumb":{"@id":"https:\/\/www.justiceinfo.net\/fr\/15055-060214-francerwanda-pascal-simbikangwa-chomage-famille-patrie.html#breadcrumb"},"inLanguage":"fr-FR","potentialAction":[{"@type":"ReadAction","target":["https:\/\/www.justiceinfo.net\/fr\/15055-060214-francerwanda-pascal-simbikangwa-chomage-famille-patrie.html"]}]},{"@type":"BreadcrumbList","@id":"https:\/\/www.justiceinfo.net\/fr\/15055-060214-francerwanda-pascal-simbikangwa-chomage-famille-patrie.html#breadcrumb","itemListElement":[{"@type":"ListItem","position":1,"name":"Home","item":"https:\/\/www.justiceinfo.net\/fr"},{"@type":"ListItem","position":2,"name":"06.02.14 - FRANCE\/RWANDA - PASCAL SIMBIKANGWA : CHOMAGE, FAMILLE, PATRIE"}]},{"@type":"WebSite","@id":"https:\/\/www.justiceinfo.net\/fr#website","url":"https:\/\/www.justiceinfo.net\/fr","name":"JusticeInfo.net","description":"La justice doit \u00eatre vue pour \u00eatre rendue","publisher":{"@id":"https:\/\/www.justiceinfo.net\/fr#organization"},"potentialAction":[{"@type":"SearchAction","target":{"@type":"EntryPoint","urlTemplate":"https:\/\/www.justiceinfo.net\/fr?s={search_term_string}"},"query-input":{"@type":"PropertyValueSpecification","valueRequired":true,"valueName":"search_term_string"}}],"inLanguage":"fr-FR"},{"@type":"Organization","@id":"https:\/\/www.justiceinfo.net\/fr#organization","name":"Justice Info","url":"https:\/\/www.justiceinfo.net\/fr","logo":{"@type":"ImageObject","inLanguage":"fr-FR","@id":"https:\/\/www.justiceinfo.net\/fr#\/schema\/logo\/image\/","url":"https:\/\/www.justiceinfo.net\/wp-content\/uploads\/justiceinfo_logo-trans_1200x1200px.png","contentUrl":"https:\/\/www.justiceinfo.net\/wp-content\/uploads\/justiceinfo_logo-trans_1200x1200px.png","width":1199,"height":1200,"caption":"Justice Info"},"image":{"@id":"https:\/\/www.justiceinfo.net\/fr#\/schema\/logo\/image\/"},"sameAs":["https:\/\/www.facebook.com\/JusticeInfo\/","https:\/\/x.com\/justiceinfonet","https:\/\/www.linkedin.com\/company\/justice-info","https:\/\/www.youtube.com\/channel\/UCyCEsARodyuWtkWyhn-e7pA"]},{"@type":"Person","name":"Ephrem Rugiririza","sameAs":["https:\/\/www.facebook.com\/rugiririza.ephrem.1","https:\/\/x.com\/ER72777667"],"url":"https:\/\/www.justiceinfo.net\/fr\/auteur\/erugiririza"}]}},"_links":{"self":[{"href":"https:\/\/www.justiceinfo.net\/fr\/wp-json\/wp\/v2\/posts\/15055","targetHints":{"allow":["GET"]}}],"collection":[{"href":"https:\/\/www.justiceinfo.net\/fr\/wp-json\/wp\/v2\/posts"}],"about":[{"href":"https:\/\/www.justiceinfo.net\/fr\/wp-json\/wp\/v2\/types\/post"}],"author":[{"embeddable":true,"href":"https:\/\/www.justiceinfo.net\/fr\/wp-json\/wp\/v2\/users\/59"}],"replies":[{"embeddable":true,"href":"https:\/\/www.justiceinfo.net\/fr\/wp-json\/wp\/v2\/comments?post=15055"}],"version-history":[{"count":0,"href":"https:\/\/www.justiceinfo.net\/fr\/wp-json\/wp\/v2\/posts\/15055\/revisions"}],"wp:attachment":[{"href":"https:\/\/www.justiceinfo.net\/fr\/wp-json\/wp\/v2\/media?parent=15055"}],"wp:term":[{"taxonomy":"category","embeddable":true,"href":"https:\/\/www.justiceinfo.net\/fr\/wp-json\/wp\/v2\/categories?post=15055"},{"taxonomy":"post_tag","embeddable":true,"href":"https:\/\/www.justiceinfo.net\/fr\/wp-json\/wp\/v2\/tags?post=15055"},{"taxonomy":"ji_location","embeddable":true,"href":"https:\/\/www.justiceinfo.net\/fr\/wp-json\/wp\/v2\/ji_location?post=15055"}],"curies":[{"name":"wp","href":"https:\/\/api.w.org\/{rel}","templated":true}]}}