{"id":15057,"date":"2014-02-07T10:04:50","date_gmt":"2014-02-07T09:04:50","guid":{"rendered":"https:\/\/www.justiceinfo.net\/15057-070214-cpintaganda-audiences-de-confirmation-des-charges-a-partir-de-lundi-dans-laffaire-ntaganda.html"},"modified":"2014-02-07T10:04:50","modified_gmt":"2014-02-07T09:04:50","slug":"070214-cpintaganda-audiences-de-confirmation-des-charges-a-partir-de-lundi-dans-laffaire-ntaganda","status":"publish","type":"post","link":"https:\/\/www.justiceinfo.net\/fr\/15057-070214-cpintaganda-audiences-de-confirmation-des-charges-a-partir-de-lundi-dans-laffaire-ntaganda.html","title":{"rendered":"07.02.14 - CPI\/NTAGANDA - AUDIENCES DE CONFIRMATION DES CHARGES A PARTIR DE LUNDI DANS L\u2019AFFAIRE NTAGANDA"},"content":{"rendered":"<p>Arusha, 07 f\u00e9vrier 2014 (FH) - La Cour p\u00e9nale internationale (CPI) tiendra de lundi \u00e0 vendredi ses audiences de confirmation des charges dans le dossier du dissident tutsi congolais Bosco Ntaganda que le procureur entend poursuivre pour crimes contre l\u2019humanit\u00e9 et crimes de guerre perp\u00e9tr\u00e9s en 2002 et 2003, en\u00a0 Ituri, dans le Nord-Est de la R\u00e9publique d\u00e9mocratique du Congo (RDC).<\/p>\n<p><!--more--><\/p>\n<p>A l\u2019\u00e9poque des faits, le suspect \u00e9tait, selon le procureur, chef d\u2019\u00e9tat-major adjoint des Forces patriotiques pour la lib\u00e9ration du Congo (FPLC), une des milices qui s\u00e9vissaient dans la r\u00e9gion.Le g\u00e9n\u00e9ral Bosco Ntaganda s\u2019est rendu volontairement \u00e0 la Cour le 22 mars 2013, en provenance de l\u2019ambassade am\u00e9ricaine \u00e0 Kigali, o\u00f9 il s\u2019\u00e9tait r\u00e9fugi\u00e9, fuyant une faction rivale congolaise.Plusieurs organisations de d\u00e9fense des droits de l\u2019Homme ne cessent d\u2019exiger qu\u2019il soit \u00e9galement poursuivi pour des crimes qu\u2019il aurait commis dans le Nord-Kivu, une province de l\u2019Est de la RDC o\u00f9 meurtres, viols et pillages sont commis au quotidien par divers groupes arm\u00e9s.Une audience de confirmation des charges n\u2019est pas un proc\u00e8s. C\u2019est l\u2019occasion pour le procureur de convaincre les juges de la chambre pr\u00e9liminaire de la solidit\u00e9 de son dossier.Au cours de cette proc\u00e9dure contradictoire, la d\u00e9fense pr\u00e9sentera aussi ses arguments.La chambre se retirera apr\u00e8s avoir entendu les deux parties, pour ensuite d\u00e9cider de confirmer les charges ou non. Si les all\u00e9gations sont confirm\u00e9es, l\u2019affaire sera alors renvoy\u00e9e, pour jugement, devant une chambre de premi\u00e8re instance.La d\u00e9cision de la chambre pr\u00e9liminaire est susceptible d\u2019appel.Bosco Ntaganda est le quatri\u00e8me ancien chef rebelle arr\u00eat\u00e9 par la CPI dans le cadre de l\u2019enqu\u00eate sur les crimes en Ituri. Poursuivis pour des exactions commises dans ce district frontalier de l\u2019Ouganda, Thomas Lubanga a \u00e9t\u00e9 condamn\u00e9 en premi\u00e8re instance, Matthieu Ngudjolo acquitt\u00e9 au m\u00eame degr\u00e9 tandis que Germain Katanga entendra le verdict de la Cour le 7 mars prochain.Lubanga et Ngudjolo attendent de compara\u00eetre en appel.ER<\/p>\n","protected":false},"excerpt":{"rendered":"<p>Arusha, 07 f\u00e9vrier 2014 (FH) - La Cour p\u00e9nale internationale (CPI) tiendra de lundi \u00e0 vendredi ses audiences de confirmation des charges dans le dossier du dissident tutsi congolais Bosco Ntaganda que le procureur entend poursuivre pour crimes contre l\u2019humanit\u00e9 et crimes de guerre perp\u00e9tr\u00e9s en 2002 et 2003, en\u00a0 Ituri, dans le Nord-Est de [&hellip;]<\/p>\n","protected":false},"author":59,"featured_media":0,"comment_status":"open","ping_status":"closed","sticky":false,"template":"","format":"standard","meta":{"_acf_changed":false,"footnotes":""},"categories":[554],"tags":[],"ji_location":[],"class_list":["post-15057","post","type-post","status-publish","format-standard","hentry","category-hirondellenews"],"acf":[],"yoast_head":"<!-- This site is optimized with the Yoast SEO Premium plugin v25.3.1 (Yoast SEO v25.3.1) - https:\/\/yoast.com\/wordpress\/plugins\/seo\/ -->\n<title>07.02.14 - CPI\/NTAGANDA - AUDIENCES DE CONFIRMATION DES CHARGES A PARTIR DE LUNDI DANS L\u2019AFFAIRE NTAGANDA - JusticeInfo.net<\/title>\n<meta name=\"robots\" content=\"index, follow, max-snippet:-1, max-image-preview:large, max-video-preview:-1\" \/>\n<link rel=\"canonical\" href=\"https:\/\/www.justiceinfo.net\/fr\/15057-070214-cpintaganda-audiences-de-confirmation-des-charges-a-partir-de-lundi-dans-laffaire-ntaganda.html\" \/>\n<meta property=\"og:locale\" content=\"fr_FR\" \/>\n<meta property=\"og:type\" content=\"article\" \/>\n<meta property=\"og:title\" content=\"07.02.14 - CPI\/NTAGANDA - AUDIENCES DE CONFIRMATION DES CHARGES A PARTIR DE LUNDI DANS L\u2019AFFAIRE NTAGANDA\" \/>\n<meta property=\"og:description\" content=\"Arusha, 07 f\u00e9vrier 2014 (FH) - La Cour p\u00e9nale internationale (CPI) tiendra de lundi \u00e0 vendredi ses audiences de confirmation des charges dans le dossier du dissident tutsi congolais Bosco Ntaganda que le procureur entend poursuivre pour crimes contre l\u2019humanit\u00e9 et crimes de guerre perp\u00e9tr\u00e9s en 2002 et 2003, en\u00a0 Ituri, dans le Nord-Est de [&hellip;]\" \/>\n<meta property=\"og:url\" content=\"https:\/\/www.justiceinfo.net\/fr\/15057-070214-cpintaganda-audiences-de-confirmation-des-charges-a-partir-de-lundi-dans-laffaire-ntaganda.html\" \/>\n<meta property=\"og:site_name\" content=\"JusticeInfo.net\" \/>\n<meta property=\"article:publisher\" content=\"https:\/\/www.facebook.com\/JusticeInfo\/\" \/>\n<meta property=\"article:author\" content=\"https:\/\/www.facebook.com\/rugiririza.ephrem.1\" \/>\n<meta property=\"article:published_time\" content=\"2014-02-07T09:04:50+00:00\" \/>\n<meta property=\"og:image\" content=\"https:\/\/www.justiceinfo.net\/wp-content\/uploads\/JusticeInfoNet_logo_1200x630px.jpg\" \/>\n\t<meta property=\"og:image:width\" content=\"1200\" \/>\n\t<meta property=\"og:image:height\" content=\"630\" \/>\n\t<meta property=\"og:image:type\" content=\"image\/jpeg\" \/>\n<meta name=\"author\" content=\"Ephrem Rugiririza\" \/>\n<meta name=\"twitter:card\" content=\"summary_large_image\" \/>\n<meta name=\"twitter:creator\" content=\"@ER72777667\" \/>\n<meta name=\"twitter:site\" content=\"@justiceinfonet\" \/>\n<meta name=\"twitter:label1\" content=\"\u00c9crit par\" \/>\n\t<meta name=\"twitter:data1\" content=\"Ephrem Rugiririza\" \/>\n\t<meta name=\"twitter:label2\" content=\"Dur\u00e9e de lecture estim\u00e9e\" \/>\n\t<meta name=\"twitter:data2\" content=\"2 minutes\" \/>\n<script type=\"application\/ld+json\" class=\"yoast-schema-graph\">{\"@context\":\"https:\/\/schema.org\",\"@graph\":[{\"@type\":\"NewsArticle\",\"@id\":\"https:\/\/www.justiceinfo.net\/fr\/15057-070214-cpintaganda-audiences-de-confirmation-des-charges-a-partir-de-lundi-dans-laffaire-ntaganda.html#article\",\"isPartOf\":{\"@id\":\"https:\/\/www.justiceinfo.net\/fr\/15057-070214-cpintaganda-audiences-de-confirmation-des-charges-a-partir-de-lundi-dans-laffaire-ntaganda.html\"},\"author\":{\"name\":\"erugiririza\",\"@id\":\"https:\/\/www.justiceinfo.net\/fr#\/schema\/person\/3c444bdbf3536fdebfdc6b3a06b2fc4a\"},\"headline\":\"07.02.14 - CPI\/NTAGANDA - AUDIENCES DE CONFIRMATION DES CHARGES A PARTIR DE LUNDI DANS L\u2019AFFAIRE NTAGANDA\",\"datePublished\":\"2014-02-07T09:04:50+00:00\",\"mainEntityOfPage\":{\"@id\":\"https:\/\/www.justiceinfo.net\/fr\/15057-070214-cpintaganda-audiences-de-confirmation-des-charges-a-partir-de-lundi-dans-laffaire-ntaganda.html\"},\"wordCount\":380,\"commentCount\":0,\"publisher\":{\"@id\":\"https:\/\/www.justiceinfo.net\/fr#organization\"},\"articleSection\":[\"Hirondelle News\"],\"inLanguage\":\"fr-FR\",\"potentialAction\":[{\"@type\":\"CommentAction\",\"name\":\"Comment\",\"target\":[\"https:\/\/www.justiceinfo.net\/fr\/15057-070214-cpintaganda-audiences-de-confirmation-des-charges-a-partir-de-lundi-dans-laffaire-ntaganda.html#respond\"]}]},{\"@type\":\"WebPage\",\"@id\":\"https:\/\/www.justiceinfo.net\/fr\/15057-070214-cpintaganda-audiences-de-confirmation-des-charges-a-partir-de-lundi-dans-laffaire-ntaganda.html\",\"url\":\"https:\/\/www.justiceinfo.net\/fr\/15057-070214-cpintaganda-audiences-de-confirmation-des-charges-a-partir-de-lundi-dans-laffaire-ntaganda.html\",\"name\":\"07.02.14 - CPI\/NTAGANDA - AUDIENCES DE CONFIRMATION DES CHARGES A PARTIR DE LUNDI DANS L\u2019AFFAIRE NTAGANDA - JusticeInfo.net\",\"isPartOf\":{\"@id\":\"https:\/\/www.justiceinfo.net\/fr#website\"},\"datePublished\":\"2014-02-07T09:04:50+00:00\",\"breadcrumb\":{\"@id\":\"https:\/\/www.justiceinfo.net\/fr\/15057-070214-cpintaganda-audiences-de-confirmation-des-charges-a-partir-de-lundi-dans-laffaire-ntaganda.html#breadcrumb\"},\"inLanguage\":\"fr-FR\",\"potentialAction\":[{\"@type\":\"ReadAction\",\"target\":[\"https:\/\/www.justiceinfo.net\/fr\/15057-070214-cpintaganda-audiences-de-confirmation-des-charges-a-partir-de-lundi-dans-laffaire-ntaganda.html\"]}]},{\"@type\":\"BreadcrumbList\",\"@id\":\"https:\/\/www.justiceinfo.net\/fr\/15057-070214-cpintaganda-audiences-de-confirmation-des-charges-a-partir-de-lundi-dans-laffaire-ntaganda.html#breadcrumb\",\"itemListElement\":[{\"@type\":\"ListItem\",\"position\":1,\"name\":\"Home\",\"item\":\"https:\/\/www.justiceinfo.net\/fr\"},{\"@type\":\"ListItem\",\"position\":2,\"name\":\"07.02.14 - CPI\/NTAGANDA - AUDIENCES DE CONFIRMATION DES CHARGES A PARTIR DE LUNDI DANS L\u2019AFFAIRE NTAGANDA\"}]},{\"@type\":\"WebSite\",\"@id\":\"https:\/\/www.justiceinfo.net\/fr#website\",\"url\":\"https:\/\/www.justiceinfo.net\/fr\",\"name\":\"JusticeInfo.net\",\"description\":\"La justice doit \u00eatre vue pour \u00eatre rendue\",\"publisher\":{\"@id\":\"https:\/\/www.justiceinfo.net\/fr#organization\"},\"potentialAction\":[{\"@type\":\"SearchAction\",\"target\":{\"@type\":\"EntryPoint\",\"urlTemplate\":\"https:\/\/www.justiceinfo.net\/fr?s={search_term_string}\"},\"query-input\":{\"@type\":\"PropertyValueSpecification\",\"valueRequired\":true,\"valueName\":\"search_term_string\"}}],\"inLanguage\":\"fr-FR\"},{\"@type\":\"Organization\",\"@id\":\"https:\/\/www.justiceinfo.net\/fr#organization\",\"name\":\"Justice Info\",\"url\":\"https:\/\/www.justiceinfo.net\/fr\",\"logo\":{\"@type\":\"ImageObject\",\"inLanguage\":\"fr-FR\",\"@id\":\"https:\/\/www.justiceinfo.net\/fr#\/schema\/logo\/image\/\",\"url\":\"https:\/\/www.justiceinfo.net\/wp-content\/uploads\/justiceinfo_logo-trans_1200x1200px.png\",\"contentUrl\":\"https:\/\/www.justiceinfo.net\/wp-content\/uploads\/justiceinfo_logo-trans_1200x1200px.png\",\"width\":1199,\"height\":1200,\"caption\":\"Justice Info\"},\"image\":{\"@id\":\"https:\/\/www.justiceinfo.net\/fr#\/schema\/logo\/image\/\"},\"sameAs\":[\"https:\/\/www.facebook.com\/JusticeInfo\/\",\"https:\/\/x.com\/justiceinfonet\",\"https:\/\/www.linkedin.com\/company\/justice-info\",\"https:\/\/www.youtube.com\/channel\/UCyCEsARodyuWtkWyhn-e7pA\"]},{\"@type\":\"Person\",\"name\":\"Ephrem Rugiririza\",\"sameAs\":[\"https:\/\/www.facebook.com\/rugiririza.ephrem.1\",\"https:\/\/x.com\/ER72777667\"],\"url\":\"https:\/\/www.justiceinfo.net\/fr\/auteur\/erugiririza\"}]}<\/script>\n<!-- \/ Yoast SEO Premium plugin. -->","yoast_head_json":{"title":"07.02.14 - CPI\/NTAGANDA - AUDIENCES DE CONFIRMATION DES CHARGES A PARTIR DE LUNDI DANS L\u2019AFFAIRE NTAGANDA - JusticeInfo.net","robots":{"index":"index","follow":"follow","max-snippet":"max-snippet:-1","max-image-preview":"max-image-preview:large","max-video-preview":"max-video-preview:-1"},"canonical":"https:\/\/www.justiceinfo.net\/fr\/15057-070214-cpintaganda-audiences-de-confirmation-des-charges-a-partir-de-lundi-dans-laffaire-ntaganda.html","og_locale":"fr_FR","og_type":"article","og_title":"07.02.14 - CPI\/NTAGANDA - AUDIENCES DE CONFIRMATION DES CHARGES A PARTIR DE LUNDI DANS L\u2019AFFAIRE NTAGANDA","og_description":"Arusha, 07 f\u00e9vrier 2014 (FH) - La Cour p\u00e9nale internationale (CPI) tiendra de lundi \u00e0 vendredi ses audiences de confirmation des charges dans le dossier du dissident tutsi congolais Bosco Ntaganda que le procureur entend poursuivre pour crimes contre l\u2019humanit\u00e9 et crimes de guerre perp\u00e9tr\u00e9s en 2002 et 2003, en\u00a0 Ituri, dans le Nord-Est de [&hellip;]","og_url":"https:\/\/www.justiceinfo.net\/fr\/15057-070214-cpintaganda-audiences-de-confirmation-des-charges-a-partir-de-lundi-dans-laffaire-ntaganda.html","og_site_name":"JusticeInfo.net","article_publisher":"https:\/\/www.facebook.com\/JusticeInfo\/","article_author":"https:\/\/www.facebook.com\/rugiririza.ephrem.1","article_published_time":"2014-02-07T09:04:50+00:00","og_image":[{"width":1200,"height":630,"url":"https:\/\/www.justiceinfo.net\/wp-content\/uploads\/JusticeInfoNet_logo_1200x630px.jpg","type":"image\/jpeg"}],"author":"Ephrem Rugiririza","twitter_card":"summary_large_image","twitter_creator":"@ER72777667","twitter_site":"@justiceinfonet","twitter_misc":{"\u00c9crit par":"Ephrem Rugiririza","Dur\u00e9e de lecture estim\u00e9e":"2 minutes"},"schema":{"@context":"https:\/\/schema.org","@graph":[{"@type":"NewsArticle","@id":"https:\/\/www.justiceinfo.net\/fr\/15057-070214-cpintaganda-audiences-de-confirmation-des-charges-a-partir-de-lundi-dans-laffaire-ntaganda.html#article","isPartOf":{"@id":"https:\/\/www.justiceinfo.net\/fr\/15057-070214-cpintaganda-audiences-de-confirmation-des-charges-a-partir-de-lundi-dans-laffaire-ntaganda.html"},"author":{"name":"erugiririza","@id":"https:\/\/www.justiceinfo.net\/fr#\/schema\/person\/3c444bdbf3536fdebfdc6b3a06b2fc4a"},"headline":"07.02.14 - CPI\/NTAGANDA - AUDIENCES DE CONFIRMATION DES CHARGES A PARTIR DE LUNDI DANS L\u2019AFFAIRE NTAGANDA","datePublished":"2014-02-07T09:04:50+00:00","mainEntityOfPage":{"@id":"https:\/\/www.justiceinfo.net\/fr\/15057-070214-cpintaganda-audiences-de-confirmation-des-charges-a-partir-de-lundi-dans-laffaire-ntaganda.html"},"wordCount":380,"commentCount":0,"publisher":{"@id":"https:\/\/www.justiceinfo.net\/fr#organization"},"articleSection":["Hirondelle News"],"inLanguage":"fr-FR","potentialAction":[{"@type":"CommentAction","name":"Comment","target":["https:\/\/www.justiceinfo.net\/fr\/15057-070214-cpintaganda-audiences-de-confirmation-des-charges-a-partir-de-lundi-dans-laffaire-ntaganda.html#respond"]}]},{"@type":"WebPage","@id":"https:\/\/www.justiceinfo.net\/fr\/15057-070214-cpintaganda-audiences-de-confirmation-des-charges-a-partir-de-lundi-dans-laffaire-ntaganda.html","url":"https:\/\/www.justiceinfo.net\/fr\/15057-070214-cpintaganda-audiences-de-confirmation-des-charges-a-partir-de-lundi-dans-laffaire-ntaganda.html","name":"07.02.14 - CPI\/NTAGANDA - AUDIENCES DE CONFIRMATION DES CHARGES A PARTIR DE LUNDI DANS L\u2019AFFAIRE NTAGANDA - JusticeInfo.net","isPartOf":{"@id":"https:\/\/www.justiceinfo.net\/fr#website"},"datePublished":"2014-02-07T09:04:50+00:00","breadcrumb":{"@id":"https:\/\/www.justiceinfo.net\/fr\/15057-070214-cpintaganda-audiences-de-confirmation-des-charges-a-partir-de-lundi-dans-laffaire-ntaganda.html#breadcrumb"},"inLanguage":"fr-FR","potentialAction":[{"@type":"ReadAction","target":["https:\/\/www.justiceinfo.net\/fr\/15057-070214-cpintaganda-audiences-de-confirmation-des-charges-a-partir-de-lundi-dans-laffaire-ntaganda.html"]}]},{"@type":"BreadcrumbList","@id":"https:\/\/www.justiceinfo.net\/fr\/15057-070214-cpintaganda-audiences-de-confirmation-des-charges-a-partir-de-lundi-dans-laffaire-ntaganda.html#breadcrumb","itemListElement":[{"@type":"ListItem","position":1,"name":"Home","item":"https:\/\/www.justiceinfo.net\/fr"},{"@type":"ListItem","position":2,"name":"07.02.14 - CPI\/NTAGANDA - AUDIENCES DE CONFIRMATION DES CHARGES A PARTIR DE LUNDI DANS L\u2019AFFAIRE NTAGANDA"}]},{"@type":"WebSite","@id":"https:\/\/www.justiceinfo.net\/fr#website","url":"https:\/\/www.justiceinfo.net\/fr","name":"JusticeInfo.net","description":"La justice doit \u00eatre vue pour \u00eatre rendue","publisher":{"@id":"https:\/\/www.justiceinfo.net\/fr#organization"},"potentialAction":[{"@type":"SearchAction","target":{"@type":"EntryPoint","urlTemplate":"https:\/\/www.justiceinfo.net\/fr?s={search_term_string}"},"query-input":{"@type":"PropertyValueSpecification","valueRequired":true,"valueName":"search_term_string"}}],"inLanguage":"fr-FR"},{"@type":"Organization","@id":"https:\/\/www.justiceinfo.net\/fr#organization","name":"Justice Info","url":"https:\/\/www.justiceinfo.net\/fr","logo":{"@type":"ImageObject","inLanguage":"fr-FR","@id":"https:\/\/www.justiceinfo.net\/fr#\/schema\/logo\/image\/","url":"https:\/\/www.justiceinfo.net\/wp-content\/uploads\/justiceinfo_logo-trans_1200x1200px.png","contentUrl":"https:\/\/www.justiceinfo.net\/wp-content\/uploads\/justiceinfo_logo-trans_1200x1200px.png","width":1199,"height":1200,"caption":"Justice Info"},"image":{"@id":"https:\/\/www.justiceinfo.net\/fr#\/schema\/logo\/image\/"},"sameAs":["https:\/\/www.facebook.com\/JusticeInfo\/","https:\/\/x.com\/justiceinfonet","https:\/\/www.linkedin.com\/company\/justice-info","https:\/\/www.youtube.com\/channel\/UCyCEsARodyuWtkWyhn-e7pA"]},{"@type":"Person","name":"Ephrem Rugiririza","sameAs":["https:\/\/www.facebook.com\/rugiririza.ephrem.1","https:\/\/x.com\/ER72777667"],"url":"https:\/\/www.justiceinfo.net\/fr\/auteur\/erugiririza"}]}},"_links":{"self":[{"href":"https:\/\/www.justiceinfo.net\/fr\/wp-json\/wp\/v2\/posts\/15057","targetHints":{"allow":["GET"]}}],"collection":[{"href":"https:\/\/www.justiceinfo.net\/fr\/wp-json\/wp\/v2\/posts"}],"about":[{"href":"https:\/\/www.justiceinfo.net\/fr\/wp-json\/wp\/v2\/types\/post"}],"author":[{"embeddable":true,"href":"https:\/\/www.justiceinfo.net\/fr\/wp-json\/wp\/v2\/users\/59"}],"replies":[{"embeddable":true,"href":"https:\/\/www.justiceinfo.net\/fr\/wp-json\/wp\/v2\/comments?post=15057"}],"version-history":[{"count":0,"href":"https:\/\/www.justiceinfo.net\/fr\/wp-json\/wp\/v2\/posts\/15057\/revisions"}],"wp:attachment":[{"href":"https:\/\/www.justiceinfo.net\/fr\/wp-json\/wp\/v2\/media?parent=15057"}],"wp:term":[{"taxonomy":"category","embeddable":true,"href":"https:\/\/www.justiceinfo.net\/fr\/wp-json\/wp\/v2\/categories?post=15057"},{"taxonomy":"post_tag","embeddable":true,"href":"https:\/\/www.justiceinfo.net\/fr\/wp-json\/wp\/v2\/tags?post=15057"},{"taxonomy":"ji_location","embeddable":true,"href":"https:\/\/www.justiceinfo.net\/fr\/wp-json\/wp\/v2\/ji_location?post=15057"}],"curies":[{"name":"wp","href":"https:\/\/api.w.org\/{rel}","templated":true}]}}