{"id":15075,"date":"2014-02-21T14:19:58","date_gmt":"2014-02-21T13:19:58","guid":{"rendered":"https:\/\/www.justiceinfo.net\/15075-211214-synthese-hebdomadaire-lallemagne-a-prononce-son-premier-jugement-lie-au-genocide-des-tutsis-de-1994.html"},"modified":"2014-02-21T14:19:58","modified_gmt":"2014-02-21T13:19:58","slug":"211214-synthese-hebdomadaire-lallemagne-a-prononce-son-premier-jugement-lie-au-genocide-des-tutsis-de-1994","status":"publish","type":"post","link":"https:\/\/www.justiceinfo.net\/fr\/15075-211214-synthese-hebdomadaire-lallemagne-a-prononce-son-premier-jugement-lie-au-genocide-des-tutsis-de-1994.html","title":{"rendered":"21.12.14 - SYNTH\u00c8SE HEBDOMADAIRE - L\u2019ALLEMAGNE A PRONONC\u00c9 SON PREMIER JUGEMENT LIE AU G\u00c9NOCIDE DES TUTSIS DE 1994"},"content":{"rendered":"<p>Arusha, 21 f\u00e9vrier 2014 (FH) \u2013 La justice allemande a rendu son premier jugement li\u00e9 au g\u00e9nocide des Tutsis, en condamnant un ancien maire. A Paris, se poursuivait le proc\u00e8s, tout aussi historique, du capitaine Pascal Simbikangwa.<\/p>\n<p><!--more--><\/p>\n<p>Un ancien maire rwandais condamn\u00e9 en Allemagne<\/p>\n<p>La Haute cour de Frankfort a condamn\u00e9 mardi \u00e0 14 ans de prison un ancien maire du nord-est du Rwanda, reconnu coupable de participation au g\u00e9nocide des Tutsis de 1994. Aujourd\u2019hui \u00e2g\u00e9 de 56 ans, Onesphore Rwabukombe dirigeait la commune de Muvumba au moment des faits. Son avocate a annonc\u00e9 qu\u2019il allait se pourvoir en cassation. A Kigali, le parquet g\u00e9n\u00e9ral, qui avait demand\u00e9 en vain son extradition, a salu\u00e9 une contribution de l\u2019Allemagne \u00e0 l\u2019effort d\u2019\u00e9radication \u00ab de la culture de l\u2019impunit\u00e9 \u00bb.<\/p>\n<p>Un ancien journaliste accuse le capitaine Simbikangwa<\/p>\n<p>\u00a0Parmi les t\u00e9moins entendus cette semaine \u00e0 Paris dans le cadre du proc\u00e8s du capitaine Pascal Simbikangwa, figure un ancien journaliste rwandais, Samuel Nshimiyimana, qui a affirm\u00e9 avoir \u00e9t\u00e9 tortur\u00e9 par l\u2019accus\u00e9 avant le g\u00e9nocide des Tutsis de 1994. Le t\u00e9moin a expliqu\u00e9 que le capitaine parapl\u00e9gique lui reprochait un article dans lequel il l\u2019avait cit\u00e9 parmi les membres des \u00ab escadrons de la mort \u00bb. Ce proc\u00e8s, qui se poursuit lundi, est le premier en France li\u00e9 au g\u00e9nocide des Tutsis.<\/p>\n<p>Tripoli reconna\u00eet comme \u00ab victimes de guerre \u00bb les femmes viol\u00e9es en 2011<\/p>\n<p>La Libye a adopt\u00e9 mercredi un texte de loi reconnaissant \u00ab comme victimes de guerre \u00bb les femmes viol\u00e9es durant la R\u00e9volution de 2011 ainsi que celles qui ont \u00e9t\u00e9 r\u00e9duites en esclavage sexuel durant le r\u00e8gne de feu le colonel Mouammar Kadhafi. La loi comprend \u00e9galement des dispositions pour prot\u00e9ger les enfants n\u00e9s de ces viols et faciliter leur adoption.<\/p>\n<p>La semaine prochaine<\/p>\n<p>-\u00a0\u00a0\u00a0\u00a0\u00a0\u00a0\u00a0\u00a0\u00a0 Le proc\u00e8s du vice-pr\u00e9sident k\u00e9nyan William Ruto et du journaliste Joshua Sang se poursuivra la semaine prochaine devant la Cour p\u00e9nale internationale (CPI) avec la suite du d\u00e9fil\u00e9 des t\u00e9moins \u00e0 charge.-\u00a0\u00a0\u00a0\u00a0\u00a0\u00a0\u00a0\u00a0\u00a0 La cour d\u2019assises de Paris poursuivra les auditions dans le proc\u00e8s du capitaine Pascal Simbikangwa, premier Rwandais jug\u00e9 en France pour participation pr\u00e9sum\u00e9e au g\u00e9nocide des Tutsis de 1994.ER<\/p>\n","protected":false},"excerpt":{"rendered":"<p>Arusha, 21 f\u00e9vrier 2014 (FH) \u2013 La justice allemande a rendu son premier jugement li\u00e9 au g\u00e9nocide des Tutsis, en condamnant un ancien maire. A Paris, se poursuivait le proc\u00e8s, tout aussi historique, du capitaine Pascal Simbikangwa.<\/p>\n","protected":false},"author":59,"featured_media":0,"comment_status":"open","ping_status":"closed","sticky":false,"template":"","format":"standard","meta":{"_acf_changed":false,"footnotes":""},"categories":[554],"tags":[],"ji_location":[],"class_list":["post-15075","post","type-post","status-publish","format-standard","hentry","category-hirondellenews"],"acf":[],"yoast_head":"<!-- This site is optimized with the Yoast SEO Premium plugin v25.3.1 (Yoast SEO v25.3.1) - https:\/\/yoast.com\/wordpress\/plugins\/seo\/ -->\n<title>21.12.14 - SYNTH\u00c8SE HEBDOMADAIRE - L\u2019ALLEMAGNE A PRONONC\u00c9 SON PREMIER JUGEMENT LIE AU G\u00c9NOCIDE DES TUTSIS DE 1994 - JusticeInfo.net<\/title>\n<meta name=\"robots\" content=\"index, follow, max-snippet:-1, max-image-preview:large, max-video-preview:-1\" \/>\n<link rel=\"canonical\" href=\"https:\/\/www.justiceinfo.net\/fr\/15075-211214-synthese-hebdomadaire-lallemagne-a-prononce-son-premier-jugement-lie-au-genocide-des-tutsis-de-1994.html\" \/>\n<meta property=\"og:locale\" content=\"fr_FR\" \/>\n<meta property=\"og:type\" content=\"article\" \/>\n<meta property=\"og:title\" content=\"21.12.14 - SYNTH\u00c8SE HEBDOMADAIRE - L\u2019ALLEMAGNE A PRONONC\u00c9 SON PREMIER JUGEMENT LIE AU G\u00c9NOCIDE DES TUTSIS DE 1994\" \/>\n<meta property=\"og:description\" content=\"Arusha, 21 f\u00e9vrier 2014 (FH) \u2013 La justice allemande a rendu son premier jugement li\u00e9 au g\u00e9nocide des Tutsis, en condamnant un ancien maire. A Paris, se poursuivait le proc\u00e8s, tout aussi historique, du capitaine Pascal Simbikangwa.\" \/>\n<meta property=\"og:url\" content=\"https:\/\/www.justiceinfo.net\/fr\/15075-211214-synthese-hebdomadaire-lallemagne-a-prononce-son-premier-jugement-lie-au-genocide-des-tutsis-de-1994.html\" \/>\n<meta property=\"og:site_name\" content=\"JusticeInfo.net\" \/>\n<meta property=\"article:publisher\" content=\"https:\/\/www.facebook.com\/JusticeInfo\/\" \/>\n<meta property=\"article:author\" content=\"https:\/\/www.facebook.com\/rugiririza.ephrem.1\" \/>\n<meta property=\"article:published_time\" content=\"2014-02-21T13:19:58+00:00\" \/>\n<meta property=\"og:image\" content=\"https:\/\/www.justiceinfo.net\/wp-content\/uploads\/JusticeInfoNet_logo_1200x630px.jpg\" \/>\n\t<meta property=\"og:image:width\" content=\"1200\" \/>\n\t<meta property=\"og:image:height\" content=\"630\" \/>\n\t<meta property=\"og:image:type\" content=\"image\/jpeg\" \/>\n<meta name=\"author\" content=\"Ephrem Rugiririza\" \/>\n<meta name=\"twitter:card\" content=\"summary_large_image\" \/>\n<meta name=\"twitter:creator\" content=\"@ER72777667\" \/>\n<meta name=\"twitter:site\" content=\"@justiceinfonet\" \/>\n<meta name=\"twitter:label1\" content=\"\u00c9crit par\" \/>\n\t<meta name=\"twitter:data1\" content=\"Ephrem Rugiririza\" \/>\n\t<meta name=\"twitter:label2\" content=\"Dur\u00e9e de lecture estim\u00e9e\" \/>\n\t<meta name=\"twitter:data2\" content=\"2 minutes\" \/>\n<script type=\"application\/ld+json\" class=\"yoast-schema-graph\">{\"@context\":\"https:\/\/schema.org\",\"@graph\":[{\"@type\":\"NewsArticle\",\"@id\":\"https:\/\/www.justiceinfo.net\/fr\/15075-211214-synthese-hebdomadaire-lallemagne-a-prononce-son-premier-jugement-lie-au-genocide-des-tutsis-de-1994.html#article\",\"isPartOf\":{\"@id\":\"https:\/\/www.justiceinfo.net\/fr\/15075-211214-synthese-hebdomadaire-lallemagne-a-prononce-son-premier-jugement-lie-au-genocide-des-tutsis-de-1994.html\"},\"author\":{\"name\":\"erugiririza\",\"@id\":\"https:\/\/www.justiceinfo.net\/fr#\/schema\/person\/3c444bdbf3536fdebfdc6b3a06b2fc4a\"},\"headline\":\"21.12.14 - SYNTH\u00c8SE HEBDOMADAIRE - L\u2019ALLEMAGNE A PRONONC\u00c9 SON PREMIER JUGEMENT LIE AU G\u00c9NOCIDE DES TUTSIS DE 1994\",\"datePublished\":\"2014-02-21T13:19:58+00:00\",\"mainEntityOfPage\":{\"@id\":\"https:\/\/www.justiceinfo.net\/fr\/15075-211214-synthese-hebdomadaire-lallemagne-a-prononce-son-premier-jugement-lie-au-genocide-des-tutsis-de-1994.html\"},\"wordCount\":395,\"commentCount\":0,\"publisher\":{\"@id\":\"https:\/\/www.justiceinfo.net\/fr#organization\"},\"articleSection\":[\"Hirondelle News\"],\"inLanguage\":\"fr-FR\",\"potentialAction\":[{\"@type\":\"CommentAction\",\"name\":\"Comment\",\"target\":[\"https:\/\/www.justiceinfo.net\/fr\/15075-211214-synthese-hebdomadaire-lallemagne-a-prononce-son-premier-jugement-lie-au-genocide-des-tutsis-de-1994.html#respond\"]}]},{\"@type\":\"WebPage\",\"@id\":\"https:\/\/www.justiceinfo.net\/fr\/15075-211214-synthese-hebdomadaire-lallemagne-a-prononce-son-premier-jugement-lie-au-genocide-des-tutsis-de-1994.html\",\"url\":\"https:\/\/www.justiceinfo.net\/fr\/15075-211214-synthese-hebdomadaire-lallemagne-a-prononce-son-premier-jugement-lie-au-genocide-des-tutsis-de-1994.html\",\"name\":\"21.12.14 - SYNTH\u00c8SE HEBDOMADAIRE - L\u2019ALLEMAGNE A PRONONC\u00c9 SON PREMIER JUGEMENT LIE AU G\u00c9NOCIDE DES TUTSIS DE 1994 - JusticeInfo.net\",\"isPartOf\":{\"@id\":\"https:\/\/www.justiceinfo.net\/fr#website\"},\"datePublished\":\"2014-02-21T13:19:58+00:00\",\"breadcrumb\":{\"@id\":\"https:\/\/www.justiceinfo.net\/fr\/15075-211214-synthese-hebdomadaire-lallemagne-a-prononce-son-premier-jugement-lie-au-genocide-des-tutsis-de-1994.html#breadcrumb\"},\"inLanguage\":\"fr-FR\",\"potentialAction\":[{\"@type\":\"ReadAction\",\"target\":[\"https:\/\/www.justiceinfo.net\/fr\/15075-211214-synthese-hebdomadaire-lallemagne-a-prononce-son-premier-jugement-lie-au-genocide-des-tutsis-de-1994.html\"]}]},{\"@type\":\"BreadcrumbList\",\"@id\":\"https:\/\/www.justiceinfo.net\/fr\/15075-211214-synthese-hebdomadaire-lallemagne-a-prononce-son-premier-jugement-lie-au-genocide-des-tutsis-de-1994.html#breadcrumb\",\"itemListElement\":[{\"@type\":\"ListItem\",\"position\":1,\"name\":\"Home\",\"item\":\"https:\/\/www.justiceinfo.net\/fr\"},{\"@type\":\"ListItem\",\"position\":2,\"name\":\"21.12.14 - SYNTH\u00c8SE HEBDOMADAIRE - L\u2019ALLEMAGNE A PRONONC\u00c9 SON PREMIER JUGEMENT LIE AU G\u00c9NOCIDE DES TUTSIS DE 1994\"}]},{\"@type\":\"WebSite\",\"@id\":\"https:\/\/www.justiceinfo.net\/fr#website\",\"url\":\"https:\/\/www.justiceinfo.net\/fr\",\"name\":\"JusticeInfo.net\",\"description\":\"La justice doit \u00eatre vue pour \u00eatre rendue\",\"publisher\":{\"@id\":\"https:\/\/www.justiceinfo.net\/fr#organization\"},\"potentialAction\":[{\"@type\":\"SearchAction\",\"target\":{\"@type\":\"EntryPoint\",\"urlTemplate\":\"https:\/\/www.justiceinfo.net\/fr?s={search_term_string}\"},\"query-input\":{\"@type\":\"PropertyValueSpecification\",\"valueRequired\":true,\"valueName\":\"search_term_string\"}}],\"inLanguage\":\"fr-FR\"},{\"@type\":\"Organization\",\"@id\":\"https:\/\/www.justiceinfo.net\/fr#organization\",\"name\":\"Justice Info\",\"url\":\"https:\/\/www.justiceinfo.net\/fr\",\"logo\":{\"@type\":\"ImageObject\",\"inLanguage\":\"fr-FR\",\"@id\":\"https:\/\/www.justiceinfo.net\/fr#\/schema\/logo\/image\/\",\"url\":\"https:\/\/www.justiceinfo.net\/wp-content\/uploads\/justiceinfo_logo-trans_1200x1200px.png\",\"contentUrl\":\"https:\/\/www.justiceinfo.net\/wp-content\/uploads\/justiceinfo_logo-trans_1200x1200px.png\",\"width\":1199,\"height\":1200,\"caption\":\"Justice Info\"},\"image\":{\"@id\":\"https:\/\/www.justiceinfo.net\/fr#\/schema\/logo\/image\/\"},\"sameAs\":[\"https:\/\/www.facebook.com\/JusticeInfo\/\",\"https:\/\/x.com\/justiceinfonet\",\"https:\/\/www.linkedin.com\/company\/justice-info\",\"https:\/\/www.youtube.com\/channel\/UCyCEsARodyuWtkWyhn-e7pA\"]},{\"@type\":\"Person\",\"name\":\"Ephrem Rugiririza\",\"sameAs\":[\"https:\/\/www.facebook.com\/rugiririza.ephrem.1\",\"https:\/\/x.com\/ER72777667\"],\"url\":\"https:\/\/www.justiceinfo.net\/fr\/auteur\/erugiririza\"}]}<\/script>\n<!-- \/ Yoast SEO Premium plugin. -->","yoast_head_json":{"title":"21.12.14 - SYNTH\u00c8SE HEBDOMADAIRE - L\u2019ALLEMAGNE A PRONONC\u00c9 SON PREMIER JUGEMENT LIE AU G\u00c9NOCIDE DES TUTSIS DE 1994 - JusticeInfo.net","robots":{"index":"index","follow":"follow","max-snippet":"max-snippet:-1","max-image-preview":"max-image-preview:large","max-video-preview":"max-video-preview:-1"},"canonical":"https:\/\/www.justiceinfo.net\/fr\/15075-211214-synthese-hebdomadaire-lallemagne-a-prononce-son-premier-jugement-lie-au-genocide-des-tutsis-de-1994.html","og_locale":"fr_FR","og_type":"article","og_title":"21.12.14 - SYNTH\u00c8SE HEBDOMADAIRE - L\u2019ALLEMAGNE A PRONONC\u00c9 SON PREMIER JUGEMENT LIE AU G\u00c9NOCIDE DES TUTSIS DE 1994","og_description":"Arusha, 21 f\u00e9vrier 2014 (FH) \u2013 La justice allemande a rendu son premier jugement li\u00e9 au g\u00e9nocide des Tutsis, en condamnant un ancien maire. A Paris, se poursuivait le proc\u00e8s, tout aussi historique, du capitaine Pascal Simbikangwa.","og_url":"https:\/\/www.justiceinfo.net\/fr\/15075-211214-synthese-hebdomadaire-lallemagne-a-prononce-son-premier-jugement-lie-au-genocide-des-tutsis-de-1994.html","og_site_name":"JusticeInfo.net","article_publisher":"https:\/\/www.facebook.com\/JusticeInfo\/","article_author":"https:\/\/www.facebook.com\/rugiririza.ephrem.1","article_published_time":"2014-02-21T13:19:58+00:00","og_image":[{"width":1200,"height":630,"url":"https:\/\/www.justiceinfo.net\/wp-content\/uploads\/JusticeInfoNet_logo_1200x630px.jpg","type":"image\/jpeg"}],"author":"Ephrem Rugiririza","twitter_card":"summary_large_image","twitter_creator":"@ER72777667","twitter_site":"@justiceinfonet","twitter_misc":{"\u00c9crit par":"Ephrem Rugiririza","Dur\u00e9e de lecture estim\u00e9e":"2 minutes"},"schema":{"@context":"https:\/\/schema.org","@graph":[{"@type":"NewsArticle","@id":"https:\/\/www.justiceinfo.net\/fr\/15075-211214-synthese-hebdomadaire-lallemagne-a-prononce-son-premier-jugement-lie-au-genocide-des-tutsis-de-1994.html#article","isPartOf":{"@id":"https:\/\/www.justiceinfo.net\/fr\/15075-211214-synthese-hebdomadaire-lallemagne-a-prononce-son-premier-jugement-lie-au-genocide-des-tutsis-de-1994.html"},"author":{"name":"erugiririza","@id":"https:\/\/www.justiceinfo.net\/fr#\/schema\/person\/3c444bdbf3536fdebfdc6b3a06b2fc4a"},"headline":"21.12.14 - SYNTH\u00c8SE HEBDOMADAIRE - L\u2019ALLEMAGNE A PRONONC\u00c9 SON PREMIER JUGEMENT LIE AU G\u00c9NOCIDE DES TUTSIS DE 1994","datePublished":"2014-02-21T13:19:58+00:00","mainEntityOfPage":{"@id":"https:\/\/www.justiceinfo.net\/fr\/15075-211214-synthese-hebdomadaire-lallemagne-a-prononce-son-premier-jugement-lie-au-genocide-des-tutsis-de-1994.html"},"wordCount":395,"commentCount":0,"publisher":{"@id":"https:\/\/www.justiceinfo.net\/fr#organization"},"articleSection":["Hirondelle News"],"inLanguage":"fr-FR","potentialAction":[{"@type":"CommentAction","name":"Comment","target":["https:\/\/www.justiceinfo.net\/fr\/15075-211214-synthese-hebdomadaire-lallemagne-a-prononce-son-premier-jugement-lie-au-genocide-des-tutsis-de-1994.html#respond"]}]},{"@type":"WebPage","@id":"https:\/\/www.justiceinfo.net\/fr\/15075-211214-synthese-hebdomadaire-lallemagne-a-prononce-son-premier-jugement-lie-au-genocide-des-tutsis-de-1994.html","url":"https:\/\/www.justiceinfo.net\/fr\/15075-211214-synthese-hebdomadaire-lallemagne-a-prononce-son-premier-jugement-lie-au-genocide-des-tutsis-de-1994.html","name":"21.12.14 - SYNTH\u00c8SE HEBDOMADAIRE - L\u2019ALLEMAGNE A PRONONC\u00c9 SON PREMIER JUGEMENT LIE AU G\u00c9NOCIDE DES TUTSIS DE 1994 - JusticeInfo.net","isPartOf":{"@id":"https:\/\/www.justiceinfo.net\/fr#website"},"datePublished":"2014-02-21T13:19:58+00:00","breadcrumb":{"@id":"https:\/\/www.justiceinfo.net\/fr\/15075-211214-synthese-hebdomadaire-lallemagne-a-prononce-son-premier-jugement-lie-au-genocide-des-tutsis-de-1994.html#breadcrumb"},"inLanguage":"fr-FR","potentialAction":[{"@type":"ReadAction","target":["https:\/\/www.justiceinfo.net\/fr\/15075-211214-synthese-hebdomadaire-lallemagne-a-prononce-son-premier-jugement-lie-au-genocide-des-tutsis-de-1994.html"]}]},{"@type":"BreadcrumbList","@id":"https:\/\/www.justiceinfo.net\/fr\/15075-211214-synthese-hebdomadaire-lallemagne-a-prononce-son-premier-jugement-lie-au-genocide-des-tutsis-de-1994.html#breadcrumb","itemListElement":[{"@type":"ListItem","position":1,"name":"Home","item":"https:\/\/www.justiceinfo.net\/fr"},{"@type":"ListItem","position":2,"name":"21.12.14 - SYNTH\u00c8SE HEBDOMADAIRE - L\u2019ALLEMAGNE A PRONONC\u00c9 SON PREMIER JUGEMENT LIE AU G\u00c9NOCIDE DES TUTSIS DE 1994"}]},{"@type":"WebSite","@id":"https:\/\/www.justiceinfo.net\/fr#website","url":"https:\/\/www.justiceinfo.net\/fr","name":"JusticeInfo.net","description":"La justice doit \u00eatre vue pour \u00eatre rendue","publisher":{"@id":"https:\/\/www.justiceinfo.net\/fr#organization"},"potentialAction":[{"@type":"SearchAction","target":{"@type":"EntryPoint","urlTemplate":"https:\/\/www.justiceinfo.net\/fr?s={search_term_string}"},"query-input":{"@type":"PropertyValueSpecification","valueRequired":true,"valueName":"search_term_string"}}],"inLanguage":"fr-FR"},{"@type":"Organization","@id":"https:\/\/www.justiceinfo.net\/fr#organization","name":"Justice Info","url":"https:\/\/www.justiceinfo.net\/fr","logo":{"@type":"ImageObject","inLanguage":"fr-FR","@id":"https:\/\/www.justiceinfo.net\/fr#\/schema\/logo\/image\/","url":"https:\/\/www.justiceinfo.net\/wp-content\/uploads\/justiceinfo_logo-trans_1200x1200px.png","contentUrl":"https:\/\/www.justiceinfo.net\/wp-content\/uploads\/justiceinfo_logo-trans_1200x1200px.png","width":1199,"height":1200,"caption":"Justice Info"},"image":{"@id":"https:\/\/www.justiceinfo.net\/fr#\/schema\/logo\/image\/"},"sameAs":["https:\/\/www.facebook.com\/JusticeInfo\/","https:\/\/x.com\/justiceinfonet","https:\/\/www.linkedin.com\/company\/justice-info","https:\/\/www.youtube.com\/channel\/UCyCEsARodyuWtkWyhn-e7pA"]},{"@type":"Person","name":"Ephrem Rugiririza","sameAs":["https:\/\/www.facebook.com\/rugiririza.ephrem.1","https:\/\/x.com\/ER72777667"],"url":"https:\/\/www.justiceinfo.net\/fr\/auteur\/erugiririza"}]}},"_links":{"self":[{"href":"https:\/\/www.justiceinfo.net\/fr\/wp-json\/wp\/v2\/posts\/15075","targetHints":{"allow":["GET"]}}],"collection":[{"href":"https:\/\/www.justiceinfo.net\/fr\/wp-json\/wp\/v2\/posts"}],"about":[{"href":"https:\/\/www.justiceinfo.net\/fr\/wp-json\/wp\/v2\/types\/post"}],"author":[{"embeddable":true,"href":"https:\/\/www.justiceinfo.net\/fr\/wp-json\/wp\/v2\/users\/59"}],"replies":[{"embeddable":true,"href":"https:\/\/www.justiceinfo.net\/fr\/wp-json\/wp\/v2\/comments?post=15075"}],"version-history":[{"count":0,"href":"https:\/\/www.justiceinfo.net\/fr\/wp-json\/wp\/v2\/posts\/15075\/revisions"}],"wp:attachment":[{"href":"https:\/\/www.justiceinfo.net\/fr\/wp-json\/wp\/v2\/media?parent=15075"}],"wp:term":[{"taxonomy":"category","embeddable":true,"href":"https:\/\/www.justiceinfo.net\/fr\/wp-json\/wp\/v2\/categories?post=15075"},{"taxonomy":"post_tag","embeddable":true,"href":"https:\/\/www.justiceinfo.net\/fr\/wp-json\/wp\/v2\/tags?post=15075"},{"taxonomy":"ji_location","embeddable":true,"href":"https:\/\/www.justiceinfo.net\/fr\/wp-json\/wp\/v2\/ji_location?post=15075"}],"curies":[{"name":"wp","href":"https:\/\/api.w.org\/{rel}","templated":true}]}}