{"id":15109,"date":"2014-04-02T12:57:47","date_gmt":"2014-04-02T10:57:47","guid":{"rendered":"https:\/\/www.justiceinfo.net\/15109-020414-onuconference-ban-ki-moon-appelle-a-la-mobilisation-politique-contre-le-genocide.html"},"modified":"2014-04-02T12:57:47","modified_gmt":"2014-04-02T10:57:47","slug":"020414-onuconference-ban-ki-moon-appelle-a-la-mobilisation-politique-contre-le-genocide","status":"publish","type":"post","link":"https:\/\/www.justiceinfo.net\/fr\/15109-020414-onuconference-ban-ki-moon-appelle-a-la-mobilisation-politique-contre-le-genocide.html","title":{"rendered":"02.04.14 - ONU\/CONFERENCE - BAN KI-MOON APPELLE A LA MOBILISATION POLITIQUE CONTRE LE GENOCIDE"},"content":{"rendered":"<p>Arusha, 02 avril 2014 (FH) - Lors d'une conf\u00e9rence internationale mardi \u00e0 Bruxelles sur la pr\u00e9vention du g\u00e9nocide, le secr\u00e9taire g\u00e9n\u00e9ral des Nations unies, Ban Ki-moon, a appel\u00e9 \u00e0 la mobilisation politique de toute la plan\u00e8te.<\/p>\n<p><!--more--><\/p>\n<p>Il a soulign\u00e9, en \u00e9voquant le g\u00e9nocide des Tutsis de 1994 au Rwanda, qu\u2019aucune partie du monde ne pouvait s\u2019estimer \u00e0 l\u2019abri.\u00a0\u00ab Pr\u00e9venir le g\u00e9nocide signifie \u00e9tablir des institutions nationales l\u00e9gitimes et responsables qui sont inclusives et cr\u00e9dibles aux yeux de la population. Il faut donc s'assurer que l'\u00e9tat de droit est respect\u00e9 et que tous les droits humains sont prot\u00e9g\u00e9s, sans discrimination \u00bb, a expliqu\u00e9 Ban Ki-moon.\u00ab Cela signifie \u00e9liminer la corruption, g\u00e9rer la diversit\u00e9 et soutenir le pluralisme des m\u00e9dias et une soci\u00e9t\u00e9 civile forte, notamment les d\u00e9fenseurs des droits de l'homme \u00bb, a-t-il poursuivi, dans son discours devant les participants \u00e0 cette conf\u00e9rence.Le secr\u00e9taire g\u00e9n\u00e9ral a f\u00e9licit\u00e9 les \u00c9tats qui ont mis en place des institutions nationales mettant l'accent sur la pr\u00e9vention du g\u00e9nocide et il a invit\u00e9 les autres Etats \u00e0 leur embo\u00eeter le pas.M. Ban a not\u00e9 qu'il y avait encore des progr\u00e8s \u00e0 faire pour mobiliser la volont\u00e9 politique, malgr\u00e9 des signes encourageants.\u00ab La communaut\u00e9 internationale se r\u00e9v\u00e8le souvent r\u00e9ticente \u00e0 agir, parfois m\u00eame lorsque des atrocit\u00e9s se produisent. Les raisons peuvent varier, cela va de notions diff\u00e9rentes de l'int\u00e9r\u00eat national, \u00e0 la complexit\u00e9 et aux risques d'une situation donn\u00e9e, en passant par le sentiment de manquer de moyens\u00bb, a-t-il ditBan Ki-moon a toutefois estim\u00e9 que les Nations unies avaient fait beaucoup d'efforts pour tirer les le\u00e7ons du g\u00e9nocide des Tutsis.ER<\/p>\n","protected":false},"excerpt":{"rendered":"<p>Arusha, 02 avril 2014 (FH) - Lors d'une conf\u00e9rence internationale mardi \u00e0 Bruxelles sur la pr\u00e9vention du g\u00e9nocide, le secr\u00e9taire g\u00e9n\u00e9ral des Nations unies, Ban Ki-moon, a appel\u00e9 \u00e0 la mobilisation politique de toute la plan\u00e8te.<\/p>\n","protected":false},"author":59,"featured_media":0,"comment_status":"open","ping_status":"closed","sticky":false,"template":"","format":"standard","meta":{"_acf_changed":false,"footnotes":""},"categories":[554],"tags":[],"ji_location":[],"class_list":["post-15109","post","type-post","status-publish","format-standard","hentry","category-hirondellenews"],"acf":[],"yoast_head":"<!-- This site is optimized with the Yoast SEO Premium plugin v25.3.1 (Yoast SEO v25.3.1) - https:\/\/yoast.com\/wordpress\/plugins\/seo\/ -->\n<title>02.04.14 - ONU\/CONFERENCE - BAN KI-MOON APPELLE A LA MOBILISATION POLITIQUE CONTRE LE GENOCIDE - JusticeInfo.net<\/title>\n<meta name=\"robots\" content=\"index, follow, max-snippet:-1, max-image-preview:large, max-video-preview:-1\" \/>\n<link rel=\"canonical\" href=\"https:\/\/www.justiceinfo.net\/fr\/15109-020414-onuconference-ban-ki-moon-appelle-a-la-mobilisation-politique-contre-le-genocide.html\" \/>\n<meta property=\"og:locale\" content=\"fr_FR\" \/>\n<meta property=\"og:type\" content=\"article\" \/>\n<meta property=\"og:title\" content=\"02.04.14 - ONU\/CONFERENCE - BAN KI-MOON APPELLE A LA MOBILISATION POLITIQUE CONTRE LE GENOCIDE\" \/>\n<meta property=\"og:description\" content=\"Arusha, 02 avril 2014 (FH) - Lors d&#039;une conf\u00e9rence internationale mardi \u00e0 Bruxelles sur la pr\u00e9vention du g\u00e9nocide, le secr\u00e9taire g\u00e9n\u00e9ral des Nations unies, Ban Ki-moon, a appel\u00e9 \u00e0 la mobilisation politique de toute la plan\u00e8te.\" \/>\n<meta property=\"og:url\" content=\"https:\/\/www.justiceinfo.net\/fr\/15109-020414-onuconference-ban-ki-moon-appelle-a-la-mobilisation-politique-contre-le-genocide.html\" \/>\n<meta property=\"og:site_name\" content=\"JusticeInfo.net\" \/>\n<meta property=\"article:publisher\" content=\"https:\/\/www.facebook.com\/JusticeInfo\/\" \/>\n<meta property=\"article:author\" content=\"https:\/\/www.facebook.com\/rugiririza.ephrem.1\" \/>\n<meta property=\"article:published_time\" content=\"2014-04-02T10:57:47+00:00\" \/>\n<meta property=\"og:image\" content=\"https:\/\/www.justiceinfo.net\/wp-content\/uploads\/JusticeInfoNet_logo_1200x630px.jpg\" \/>\n\t<meta property=\"og:image:width\" content=\"1200\" \/>\n\t<meta property=\"og:image:height\" content=\"630\" \/>\n\t<meta property=\"og:image:type\" content=\"image\/jpeg\" \/>\n<meta name=\"author\" content=\"Ephrem Rugiririza\" \/>\n<meta name=\"twitter:card\" content=\"summary_large_image\" \/>\n<meta name=\"twitter:creator\" content=\"@ER72777667\" \/>\n<meta name=\"twitter:site\" content=\"@justiceinfonet\" \/>\n<meta name=\"twitter:label1\" content=\"\u00c9crit par\" \/>\n\t<meta name=\"twitter:data1\" content=\"Ephrem Rugiririza\" \/>\n\t<meta name=\"twitter:label2\" content=\"Dur\u00e9e de lecture estim\u00e9e\" \/>\n\t<meta name=\"twitter:data2\" content=\"1 minute\" \/>\n<script type=\"application\/ld+json\" class=\"yoast-schema-graph\">{\"@context\":\"https:\/\/schema.org\",\"@graph\":[{\"@type\":\"NewsArticle\",\"@id\":\"https:\/\/www.justiceinfo.net\/fr\/15109-020414-onuconference-ban-ki-moon-appelle-a-la-mobilisation-politique-contre-le-genocide.html#article\",\"isPartOf\":{\"@id\":\"https:\/\/www.justiceinfo.net\/fr\/15109-020414-onuconference-ban-ki-moon-appelle-a-la-mobilisation-politique-contre-le-genocide.html\"},\"author\":{\"name\":\"erugiririza\",\"@id\":\"https:\/\/www.justiceinfo.net\/fr#\/schema\/person\/3c444bdbf3536fdebfdc6b3a06b2fc4a\"},\"headline\":\"02.04.14 - ONU\/CONFERENCE - BAN KI-MOON APPELLE A LA MOBILISATION POLITIQUE CONTRE LE GENOCIDE\",\"datePublished\":\"2014-04-02T10:57:47+00:00\",\"mainEntityOfPage\":{\"@id\":\"https:\/\/www.justiceinfo.net\/fr\/15109-020414-onuconference-ban-ki-moon-appelle-a-la-mobilisation-politique-contre-le-genocide.html\"},\"wordCount\":317,\"commentCount\":0,\"publisher\":{\"@id\":\"https:\/\/www.justiceinfo.net\/fr#organization\"},\"articleSection\":[\"Hirondelle News\"],\"inLanguage\":\"fr-FR\",\"potentialAction\":[{\"@type\":\"CommentAction\",\"name\":\"Comment\",\"target\":[\"https:\/\/www.justiceinfo.net\/fr\/15109-020414-onuconference-ban-ki-moon-appelle-a-la-mobilisation-politique-contre-le-genocide.html#respond\"]}]},{\"@type\":\"WebPage\",\"@id\":\"https:\/\/www.justiceinfo.net\/fr\/15109-020414-onuconference-ban-ki-moon-appelle-a-la-mobilisation-politique-contre-le-genocide.html\",\"url\":\"https:\/\/www.justiceinfo.net\/fr\/15109-020414-onuconference-ban-ki-moon-appelle-a-la-mobilisation-politique-contre-le-genocide.html\",\"name\":\"02.04.14 - ONU\/CONFERENCE - BAN KI-MOON APPELLE A LA MOBILISATION POLITIQUE CONTRE LE GENOCIDE - JusticeInfo.net\",\"isPartOf\":{\"@id\":\"https:\/\/www.justiceinfo.net\/fr#website\"},\"datePublished\":\"2014-04-02T10:57:47+00:00\",\"breadcrumb\":{\"@id\":\"https:\/\/www.justiceinfo.net\/fr\/15109-020414-onuconference-ban-ki-moon-appelle-a-la-mobilisation-politique-contre-le-genocide.html#breadcrumb\"},\"inLanguage\":\"fr-FR\",\"potentialAction\":[{\"@type\":\"ReadAction\",\"target\":[\"https:\/\/www.justiceinfo.net\/fr\/15109-020414-onuconference-ban-ki-moon-appelle-a-la-mobilisation-politique-contre-le-genocide.html\"]}]},{\"@type\":\"BreadcrumbList\",\"@id\":\"https:\/\/www.justiceinfo.net\/fr\/15109-020414-onuconference-ban-ki-moon-appelle-a-la-mobilisation-politique-contre-le-genocide.html#breadcrumb\",\"itemListElement\":[{\"@type\":\"ListItem\",\"position\":1,\"name\":\"Home\",\"item\":\"https:\/\/www.justiceinfo.net\/fr\"},{\"@type\":\"ListItem\",\"position\":2,\"name\":\"02.04.14 - ONU\/CONFERENCE - BAN KI-MOON APPELLE A LA MOBILISATION POLITIQUE CONTRE LE GENOCIDE\"}]},{\"@type\":\"WebSite\",\"@id\":\"https:\/\/www.justiceinfo.net\/fr#website\",\"url\":\"https:\/\/www.justiceinfo.net\/fr\",\"name\":\"JusticeInfo.net\",\"description\":\"La justice doit \u00eatre vue pour \u00eatre rendue\",\"publisher\":{\"@id\":\"https:\/\/www.justiceinfo.net\/fr#organization\"},\"potentialAction\":[{\"@type\":\"SearchAction\",\"target\":{\"@type\":\"EntryPoint\",\"urlTemplate\":\"https:\/\/www.justiceinfo.net\/fr?s={search_term_string}\"},\"query-input\":{\"@type\":\"PropertyValueSpecification\",\"valueRequired\":true,\"valueName\":\"search_term_string\"}}],\"inLanguage\":\"fr-FR\"},{\"@type\":\"Organization\",\"@id\":\"https:\/\/www.justiceinfo.net\/fr#organization\",\"name\":\"Justice Info\",\"url\":\"https:\/\/www.justiceinfo.net\/fr\",\"logo\":{\"@type\":\"ImageObject\",\"inLanguage\":\"fr-FR\",\"@id\":\"https:\/\/www.justiceinfo.net\/fr#\/schema\/logo\/image\/\",\"url\":\"https:\/\/www.justiceinfo.net\/wp-content\/uploads\/justiceinfo_logo-trans_1200x1200px.png\",\"contentUrl\":\"https:\/\/www.justiceinfo.net\/wp-content\/uploads\/justiceinfo_logo-trans_1200x1200px.png\",\"width\":1199,\"height\":1200,\"caption\":\"Justice Info\"},\"image\":{\"@id\":\"https:\/\/www.justiceinfo.net\/fr#\/schema\/logo\/image\/\"},\"sameAs\":[\"https:\/\/www.facebook.com\/JusticeInfo\/\",\"https:\/\/x.com\/justiceinfonet\",\"https:\/\/www.linkedin.com\/company\/justice-info\",\"https:\/\/www.youtube.com\/channel\/UCyCEsARodyuWtkWyhn-e7pA\"]},{\"@type\":\"Person\",\"name\":\"Ephrem Rugiririza\",\"sameAs\":[\"https:\/\/www.facebook.com\/rugiririza.ephrem.1\",\"https:\/\/x.com\/ER72777667\"],\"url\":\"https:\/\/www.justiceinfo.net\/fr\/auteur\/erugiririza\"}]}<\/script>\n<!-- \/ Yoast SEO Premium plugin. -->","yoast_head_json":{"title":"02.04.14 - ONU\/CONFERENCE - BAN KI-MOON APPELLE A LA MOBILISATION POLITIQUE CONTRE LE GENOCIDE - JusticeInfo.net","robots":{"index":"index","follow":"follow","max-snippet":"max-snippet:-1","max-image-preview":"max-image-preview:large","max-video-preview":"max-video-preview:-1"},"canonical":"https:\/\/www.justiceinfo.net\/fr\/15109-020414-onuconference-ban-ki-moon-appelle-a-la-mobilisation-politique-contre-le-genocide.html","og_locale":"fr_FR","og_type":"article","og_title":"02.04.14 - ONU\/CONFERENCE - BAN KI-MOON APPELLE A LA MOBILISATION POLITIQUE CONTRE LE GENOCIDE","og_description":"Arusha, 02 avril 2014 (FH) - Lors d'une conf\u00e9rence internationale mardi \u00e0 Bruxelles sur la pr\u00e9vention du g\u00e9nocide, le secr\u00e9taire g\u00e9n\u00e9ral des Nations unies, Ban Ki-moon, a appel\u00e9 \u00e0 la mobilisation politique de toute la plan\u00e8te.","og_url":"https:\/\/www.justiceinfo.net\/fr\/15109-020414-onuconference-ban-ki-moon-appelle-a-la-mobilisation-politique-contre-le-genocide.html","og_site_name":"JusticeInfo.net","article_publisher":"https:\/\/www.facebook.com\/JusticeInfo\/","article_author":"https:\/\/www.facebook.com\/rugiririza.ephrem.1","article_published_time":"2014-04-02T10:57:47+00:00","og_image":[{"width":1200,"height":630,"url":"https:\/\/www.justiceinfo.net\/wp-content\/uploads\/JusticeInfoNet_logo_1200x630px.jpg","type":"image\/jpeg"}],"author":"Ephrem Rugiririza","twitter_card":"summary_large_image","twitter_creator":"@ER72777667","twitter_site":"@justiceinfonet","twitter_misc":{"\u00c9crit par":"Ephrem Rugiririza","Dur\u00e9e de lecture estim\u00e9e":"1 minute"},"schema":{"@context":"https:\/\/schema.org","@graph":[{"@type":"NewsArticle","@id":"https:\/\/www.justiceinfo.net\/fr\/15109-020414-onuconference-ban-ki-moon-appelle-a-la-mobilisation-politique-contre-le-genocide.html#article","isPartOf":{"@id":"https:\/\/www.justiceinfo.net\/fr\/15109-020414-onuconference-ban-ki-moon-appelle-a-la-mobilisation-politique-contre-le-genocide.html"},"author":{"name":"erugiririza","@id":"https:\/\/www.justiceinfo.net\/fr#\/schema\/person\/3c444bdbf3536fdebfdc6b3a06b2fc4a"},"headline":"02.04.14 - ONU\/CONFERENCE - BAN KI-MOON APPELLE A LA MOBILISATION POLITIQUE CONTRE LE GENOCIDE","datePublished":"2014-04-02T10:57:47+00:00","mainEntityOfPage":{"@id":"https:\/\/www.justiceinfo.net\/fr\/15109-020414-onuconference-ban-ki-moon-appelle-a-la-mobilisation-politique-contre-le-genocide.html"},"wordCount":317,"commentCount":0,"publisher":{"@id":"https:\/\/www.justiceinfo.net\/fr#organization"},"articleSection":["Hirondelle News"],"inLanguage":"fr-FR","potentialAction":[{"@type":"CommentAction","name":"Comment","target":["https:\/\/www.justiceinfo.net\/fr\/15109-020414-onuconference-ban-ki-moon-appelle-a-la-mobilisation-politique-contre-le-genocide.html#respond"]}]},{"@type":"WebPage","@id":"https:\/\/www.justiceinfo.net\/fr\/15109-020414-onuconference-ban-ki-moon-appelle-a-la-mobilisation-politique-contre-le-genocide.html","url":"https:\/\/www.justiceinfo.net\/fr\/15109-020414-onuconference-ban-ki-moon-appelle-a-la-mobilisation-politique-contre-le-genocide.html","name":"02.04.14 - ONU\/CONFERENCE - BAN KI-MOON APPELLE A LA MOBILISATION POLITIQUE CONTRE LE GENOCIDE - JusticeInfo.net","isPartOf":{"@id":"https:\/\/www.justiceinfo.net\/fr#website"},"datePublished":"2014-04-02T10:57:47+00:00","breadcrumb":{"@id":"https:\/\/www.justiceinfo.net\/fr\/15109-020414-onuconference-ban-ki-moon-appelle-a-la-mobilisation-politique-contre-le-genocide.html#breadcrumb"},"inLanguage":"fr-FR","potentialAction":[{"@type":"ReadAction","target":["https:\/\/www.justiceinfo.net\/fr\/15109-020414-onuconference-ban-ki-moon-appelle-a-la-mobilisation-politique-contre-le-genocide.html"]}]},{"@type":"BreadcrumbList","@id":"https:\/\/www.justiceinfo.net\/fr\/15109-020414-onuconference-ban-ki-moon-appelle-a-la-mobilisation-politique-contre-le-genocide.html#breadcrumb","itemListElement":[{"@type":"ListItem","position":1,"name":"Home","item":"https:\/\/www.justiceinfo.net\/fr"},{"@type":"ListItem","position":2,"name":"02.04.14 - ONU\/CONFERENCE - BAN KI-MOON APPELLE A LA MOBILISATION POLITIQUE CONTRE LE GENOCIDE"}]},{"@type":"WebSite","@id":"https:\/\/www.justiceinfo.net\/fr#website","url":"https:\/\/www.justiceinfo.net\/fr","name":"JusticeInfo.net","description":"La justice doit \u00eatre vue pour \u00eatre rendue","publisher":{"@id":"https:\/\/www.justiceinfo.net\/fr#organization"},"potentialAction":[{"@type":"SearchAction","target":{"@type":"EntryPoint","urlTemplate":"https:\/\/www.justiceinfo.net\/fr?s={search_term_string}"},"query-input":{"@type":"PropertyValueSpecification","valueRequired":true,"valueName":"search_term_string"}}],"inLanguage":"fr-FR"},{"@type":"Organization","@id":"https:\/\/www.justiceinfo.net\/fr#organization","name":"Justice Info","url":"https:\/\/www.justiceinfo.net\/fr","logo":{"@type":"ImageObject","inLanguage":"fr-FR","@id":"https:\/\/www.justiceinfo.net\/fr#\/schema\/logo\/image\/","url":"https:\/\/www.justiceinfo.net\/wp-content\/uploads\/justiceinfo_logo-trans_1200x1200px.png","contentUrl":"https:\/\/www.justiceinfo.net\/wp-content\/uploads\/justiceinfo_logo-trans_1200x1200px.png","width":1199,"height":1200,"caption":"Justice Info"},"image":{"@id":"https:\/\/www.justiceinfo.net\/fr#\/schema\/logo\/image\/"},"sameAs":["https:\/\/www.facebook.com\/JusticeInfo\/","https:\/\/x.com\/justiceinfonet","https:\/\/www.linkedin.com\/company\/justice-info","https:\/\/www.youtube.com\/channel\/UCyCEsARodyuWtkWyhn-e7pA"]},{"@type":"Person","name":"Ephrem Rugiririza","sameAs":["https:\/\/www.facebook.com\/rugiririza.ephrem.1","https:\/\/x.com\/ER72777667"],"url":"https:\/\/www.justiceinfo.net\/fr\/auteur\/erugiririza"}]}},"_links":{"self":[{"href":"https:\/\/www.justiceinfo.net\/fr\/wp-json\/wp\/v2\/posts\/15109","targetHints":{"allow":["GET"]}}],"collection":[{"href":"https:\/\/www.justiceinfo.net\/fr\/wp-json\/wp\/v2\/posts"}],"about":[{"href":"https:\/\/www.justiceinfo.net\/fr\/wp-json\/wp\/v2\/types\/post"}],"author":[{"embeddable":true,"href":"https:\/\/www.justiceinfo.net\/fr\/wp-json\/wp\/v2\/users\/59"}],"replies":[{"embeddable":true,"href":"https:\/\/www.justiceinfo.net\/fr\/wp-json\/wp\/v2\/comments?post=15109"}],"version-history":[{"count":0,"href":"https:\/\/www.justiceinfo.net\/fr\/wp-json\/wp\/v2\/posts\/15109\/revisions"}],"wp:attachment":[{"href":"https:\/\/www.justiceinfo.net\/fr\/wp-json\/wp\/v2\/media?parent=15109"}],"wp:term":[{"taxonomy":"category","embeddable":true,"href":"https:\/\/www.justiceinfo.net\/fr\/wp-json\/wp\/v2\/categories?post=15109"},{"taxonomy":"post_tag","embeddable":true,"href":"https:\/\/www.justiceinfo.net\/fr\/wp-json\/wp\/v2\/tags?post=15109"},{"taxonomy":"ji_location","embeddable":true,"href":"https:\/\/www.justiceinfo.net\/fr\/wp-json\/wp\/v2\/ji_location?post=15109"}],"curies":[{"name":"wp","href":"https:\/\/api.w.org\/{rel}","templated":true}]}}