{"id":15140,"date":"2014-04-29T13:34:24","date_gmt":"2014-04-29T11:34:24","guid":{"rendered":"https:\/\/www.justiceinfo.net\/15140-290414-mtpicondamnes-liberation-anticipee-dun-medecin-condamne-par-le-tpir-a-25-ans-de-prison.html"},"modified":"2014-04-29T13:34:24","modified_gmt":"2014-04-29T11:34:24","slug":"290414-mtpicondamnes-liberation-anticipee-dun-medecin-condamne-par-le-tpir-a-25-ans-de-prison","status":"publish","type":"post","link":"https:\/\/www.justiceinfo.net\/fr\/15140-290414-mtpicondamnes-liberation-anticipee-dun-medecin-condamne-par-le-tpir-a-25-ans-de-prison.html","title":{"rendered":"29.04.14 - MTPI\/CONDAMN\u00c9S - LIB\u00c9RATION ANTICIP\u00c9E D\u2019UN M\u00c9DECIN CONDAMN\u00c9 PAR LE TPIR A 25 ANS DE PRISON"},"content":{"rendered":"<p>Arusha, 29 avril 2014 (FH) \u2013 Le pr\u00e9sident du M\u00e9canisme pour les Tribunaux p\u00e9naux internationaux (MTPI), le juge Theodor Meron, a accord\u00e9 la lib\u00e9ration anticip\u00e9e au docteur G\u00e9rard Ntakirutimana condamn\u00e9 \u00e0 25 ans de prison pour g\u00e9nocide et extermination, apprend-on mardi.<\/p>\n<p><!--more--><\/p>\n<p>Arr\u00eat\u00e9 en C\u00f4te d'Ivoire en octobre 1996 et transf\u00e9r\u00e9 le mois suivant au centre de d\u00e9tention du TPIR, le m\u00e9decin, qui \u00e9tait d\u00e9tenu au B\u00e9nin depuis juin 2009, aurait d\u00fb terminer sa peine en 2021.Selon le service de s\u00e9curit\u00e9 du TPIR, G\u00e9rard Ntakirutimana, qui travaillait, pendant le g\u00e9nocide des Tutsis de 1994, \u00e0 l\u2019h\u00f4pital de Mugonero, dans la province de Kibuye (ouest), est effectivement sorti de prison mais se trouve toujours sur le territoire du B\u00e9nin.Le juge Meron a \u00e9t\u00e9 guid\u00e9, comme dans d\u2019autres r\u00e9centes d\u00e9cisions, par le souci d\u2019harmonisation avec la pratique au Tribunal p\u00e9nal international pour l\u2019ex-Yougoslavie (TPIY) o\u00f9 les condamn\u00e9s sont \u00e9ligibles \u00e0 la lib\u00e9ration anticip\u00e9e lorsqu\u2019ils ont fini de purger les deux-tiers de leur peine.\u00ab Je rappelle que les condamn\u00e9s du TPIR, tel Ntakirutimana, sont consid\u00e9r\u00e9s comme \u00e9tant dans une situation similaire \u00e0 celle de tous les autres condamn\u00e9s supervis\u00e9s par le M\u00e9canisme \u00bb, indique le juge Meron. Le pr\u00e9sident du MTPI souligne cependant que cette seule condition ne suffit pas pour accorder la lib\u00e9ration anticip\u00e9e \u00e0 tout condamn\u00e9 qui en fait la demande.Cr\u00e9\u00e9 par l\u2019ONU, le MTPI assure d\u00e9j\u00e0 certaines fonctions qui relevaient de la responsabilit\u00e9 du TPIY et du TPIR. Il h\u00e9ritera au d\u00e9but de l\u2019ann\u00e9e prochaine de toutes les fonctions r\u00e9siduelles des deux tribunaux.Dans sa d\u00e9cision, le juge Meron invoque par ailleurs un rapport des autorit\u00e9s p\u00e9nitentiaires b\u00e9ninoises soulignant le comportement exemplaire du condamn\u00e9.Pour sa part, le procureur avait appel\u00e9 le pr\u00e9sident du MTPI \u00e0 rejeter la demande du m\u00e9decin, arguant notamment de la gravit\u00e9 des crimes dont il a \u00e9t\u00e9 d\u00e9clar\u00e9 coupable.Le docteur Ntakirutimana s\u2019\u00e9tait vu confier la responsabilit\u00e9 de l\u2019h\u00f4pital de Mugonero apr\u00e8s l'\u00e9vacuation de son directeur expatri\u00e9 au lendemain de l'attentat contre l'avion de l'ancien pr\u00e9sident rwandais, Juv\u00e9nal Habyarimana, le 6 avril 1994.Il a \u00e9t\u00e9 jug\u00e9 avec son p\u00e8re, le pasteur adventiste Elizaphan Ntakirutimana, mort\u00a0 au d\u00e9but de l\u2019ann\u00e9e 2007, quelques semaines apr\u00e8s avoir termin\u00e9 sa peine de 10 ans de prison.Selon le jugement, le m\u00e9decin a particip\u00e9 \u00e0 des attaques contre les Tutsis \u00e0 Mogonero et tu\u00e9, en personne, plusieurs Tutsis.En plus du docteur Ntakirutimana, six autres condamn\u00e9s du TPIR ont d\u00e9j\u00e0 b\u00e9n\u00e9fici\u00e9 de la lib\u00e9ration anticip\u00e9e :un lieutenant-colonel, un ancien chef de milice, un ing\u00e9nieur agronome proche de l\u2019ex-pr\u00e9sident Habyarimana, deux anciens maires et l\u2019Italo-Belge Georges Ruggiu, le seul non-Rwandais \u00e0 avoir \u00e9t\u00e9 mis en accusation par ce tribunal.ER<\/p>\n","protected":false},"excerpt":{"rendered":"<p>Arusha, 29 avril 2014 (FH) \u2013 Le pr\u00e9sident du M\u00e9canisme pour les Tribunaux p\u00e9naux internationaux (MTPI), le juge Theodor Meron, a accord\u00e9 la lib\u00e9ration anticip\u00e9e au docteur G\u00e9rard Ntakirutimana condamn\u00e9 \u00e0 25 ans de prison pour g\u00e9nocide et extermination, apprend-on mardi.<\/p>\n","protected":false},"author":59,"featured_media":0,"comment_status":"open","ping_status":"closed","sticky":false,"template":"","format":"standard","meta":{"_acf_changed":false,"footnotes":""},"categories":[554],"tags":[],"ji_location":[],"class_list":["post-15140","post","type-post","status-publish","format-standard","hentry","category-hirondellenews"],"acf":[],"yoast_head":"<!-- This site is optimized with the Yoast SEO Premium plugin v25.3.1 (Yoast SEO v25.3.1) - https:\/\/yoast.com\/wordpress\/plugins\/seo\/ -->\n<title>29.04.14 - MTPI\/CONDAMN\u00c9S - LIB\u00c9RATION ANTICIP\u00c9E D\u2019UN M\u00c9DECIN CONDAMN\u00c9 PAR LE TPIR A 25 ANS DE PRISON - JusticeInfo.net<\/title>\n<meta name=\"robots\" content=\"index, follow, max-snippet:-1, max-image-preview:large, max-video-preview:-1\" \/>\n<link rel=\"canonical\" href=\"https:\/\/www.justiceinfo.net\/fr\/15140-290414-mtpicondamnes-liberation-anticipee-dun-medecin-condamne-par-le-tpir-a-25-ans-de-prison.html\" \/>\n<meta property=\"og:locale\" content=\"fr_FR\" \/>\n<meta property=\"og:type\" content=\"article\" \/>\n<meta property=\"og:title\" content=\"29.04.14 - MTPI\/CONDAMN\u00c9S - LIB\u00c9RATION ANTICIP\u00c9E D\u2019UN M\u00c9DECIN CONDAMN\u00c9 PAR LE TPIR A 25 ANS DE PRISON\" \/>\n<meta property=\"og:description\" content=\"Arusha, 29 avril 2014 (FH) \u2013 Le pr\u00e9sident du M\u00e9canisme pour les Tribunaux p\u00e9naux internationaux (MTPI), le juge Theodor Meron, a accord\u00e9 la lib\u00e9ration anticip\u00e9e au docteur G\u00e9rard Ntakirutimana condamn\u00e9 \u00e0 25 ans de prison pour g\u00e9nocide et extermination, apprend-on mardi.\" \/>\n<meta property=\"og:url\" content=\"https:\/\/www.justiceinfo.net\/fr\/15140-290414-mtpicondamnes-liberation-anticipee-dun-medecin-condamne-par-le-tpir-a-25-ans-de-prison.html\" \/>\n<meta property=\"og:site_name\" content=\"JusticeInfo.net\" \/>\n<meta property=\"article:publisher\" content=\"https:\/\/www.facebook.com\/JusticeInfo\/\" \/>\n<meta property=\"article:author\" content=\"https:\/\/www.facebook.com\/rugiririza.ephrem.1\" \/>\n<meta property=\"article:published_time\" content=\"2014-04-29T11:34:24+00:00\" \/>\n<meta property=\"og:image\" content=\"https:\/\/www.justiceinfo.net\/wp-content\/uploads\/JusticeInfoNet_logo_1200x630px.jpg\" \/>\n\t<meta property=\"og:image:width\" content=\"1200\" \/>\n\t<meta property=\"og:image:height\" content=\"630\" \/>\n\t<meta property=\"og:image:type\" content=\"image\/jpeg\" \/>\n<meta name=\"author\" content=\"Ephrem Rugiririza\" \/>\n<meta name=\"twitter:card\" content=\"summary_large_image\" \/>\n<meta name=\"twitter:creator\" content=\"@ER72777667\" \/>\n<meta name=\"twitter:site\" content=\"@justiceinfonet\" \/>\n<meta name=\"twitter:label1\" content=\"\u00c9crit par\" \/>\n\t<meta name=\"twitter:data1\" content=\"Ephrem Rugiririza\" \/>\n\t<meta name=\"twitter:label2\" content=\"Dur\u00e9e de lecture estim\u00e9e\" \/>\n\t<meta name=\"twitter:data2\" content=\"2 minutes\" \/>\n<script type=\"application\/ld+json\" class=\"yoast-schema-graph\">{\"@context\":\"https:\/\/schema.org\",\"@graph\":[{\"@type\":\"NewsArticle\",\"@id\":\"https:\/\/www.justiceinfo.net\/fr\/15140-290414-mtpicondamnes-liberation-anticipee-dun-medecin-condamne-par-le-tpir-a-25-ans-de-prison.html#article\",\"isPartOf\":{\"@id\":\"https:\/\/www.justiceinfo.net\/fr\/15140-290414-mtpicondamnes-liberation-anticipee-dun-medecin-condamne-par-le-tpir-a-25-ans-de-prison.html\"},\"author\":{\"name\":\"erugiririza\",\"@id\":\"https:\/\/www.justiceinfo.net\/fr#\/schema\/person\/3c444bdbf3536fdebfdc6b3a06b2fc4a\"},\"headline\":\"29.04.14 - MTPI\/CONDAMN\u00c9S - LIB\u00c9RATION ANTICIP\u00c9E D\u2019UN M\u00c9DECIN CONDAMN\u00c9 PAR LE TPIR A 25 ANS DE PRISON\",\"datePublished\":\"2014-04-29T11:34:24+00:00\",\"mainEntityOfPage\":{\"@id\":\"https:\/\/www.justiceinfo.net\/fr\/15140-290414-mtpicondamnes-liberation-anticipee-dun-medecin-condamne-par-le-tpir-a-25-ans-de-prison.html\"},\"wordCount\":521,\"commentCount\":0,\"publisher\":{\"@id\":\"https:\/\/www.justiceinfo.net\/fr#organization\"},\"articleSection\":[\"Hirondelle News\"],\"inLanguage\":\"fr-FR\",\"potentialAction\":[{\"@type\":\"CommentAction\",\"name\":\"Comment\",\"target\":[\"https:\/\/www.justiceinfo.net\/fr\/15140-290414-mtpicondamnes-liberation-anticipee-dun-medecin-condamne-par-le-tpir-a-25-ans-de-prison.html#respond\"]}]},{\"@type\":\"WebPage\",\"@id\":\"https:\/\/www.justiceinfo.net\/fr\/15140-290414-mtpicondamnes-liberation-anticipee-dun-medecin-condamne-par-le-tpir-a-25-ans-de-prison.html\",\"url\":\"https:\/\/www.justiceinfo.net\/fr\/15140-290414-mtpicondamnes-liberation-anticipee-dun-medecin-condamne-par-le-tpir-a-25-ans-de-prison.html\",\"name\":\"29.04.14 - MTPI\/CONDAMN\u00c9S - LIB\u00c9RATION ANTICIP\u00c9E D\u2019UN M\u00c9DECIN CONDAMN\u00c9 PAR LE TPIR A 25 ANS DE PRISON - JusticeInfo.net\",\"isPartOf\":{\"@id\":\"https:\/\/www.justiceinfo.net\/fr#website\"},\"datePublished\":\"2014-04-29T11:34:24+00:00\",\"breadcrumb\":{\"@id\":\"https:\/\/www.justiceinfo.net\/fr\/15140-290414-mtpicondamnes-liberation-anticipee-dun-medecin-condamne-par-le-tpir-a-25-ans-de-prison.html#breadcrumb\"},\"inLanguage\":\"fr-FR\",\"potentialAction\":[{\"@type\":\"ReadAction\",\"target\":[\"https:\/\/www.justiceinfo.net\/fr\/15140-290414-mtpicondamnes-liberation-anticipee-dun-medecin-condamne-par-le-tpir-a-25-ans-de-prison.html\"]}]},{\"@type\":\"BreadcrumbList\",\"@id\":\"https:\/\/www.justiceinfo.net\/fr\/15140-290414-mtpicondamnes-liberation-anticipee-dun-medecin-condamne-par-le-tpir-a-25-ans-de-prison.html#breadcrumb\",\"itemListElement\":[{\"@type\":\"ListItem\",\"position\":1,\"name\":\"Home\",\"item\":\"https:\/\/www.justiceinfo.net\/fr\"},{\"@type\":\"ListItem\",\"position\":2,\"name\":\"29.04.14 - MTPI\/CONDAMN\u00c9S - LIB\u00c9RATION ANTICIP\u00c9E D\u2019UN M\u00c9DECIN CONDAMN\u00c9 PAR LE TPIR A 25 ANS DE PRISON\"}]},{\"@type\":\"WebSite\",\"@id\":\"https:\/\/www.justiceinfo.net\/fr#website\",\"url\":\"https:\/\/www.justiceinfo.net\/fr\",\"name\":\"JusticeInfo.net\",\"description\":\"La justice doit \u00eatre vue pour \u00eatre rendue\",\"publisher\":{\"@id\":\"https:\/\/www.justiceinfo.net\/fr#organization\"},\"potentialAction\":[{\"@type\":\"SearchAction\",\"target\":{\"@type\":\"EntryPoint\",\"urlTemplate\":\"https:\/\/www.justiceinfo.net\/fr?s={search_term_string}\"},\"query-input\":{\"@type\":\"PropertyValueSpecification\",\"valueRequired\":true,\"valueName\":\"search_term_string\"}}],\"inLanguage\":\"fr-FR\"},{\"@type\":\"Organization\",\"@id\":\"https:\/\/www.justiceinfo.net\/fr#organization\",\"name\":\"Justice Info\",\"url\":\"https:\/\/www.justiceinfo.net\/fr\",\"logo\":{\"@type\":\"ImageObject\",\"inLanguage\":\"fr-FR\",\"@id\":\"https:\/\/www.justiceinfo.net\/fr#\/schema\/logo\/image\/\",\"url\":\"https:\/\/www.justiceinfo.net\/wp-content\/uploads\/justiceinfo_logo-trans_1200x1200px.png\",\"contentUrl\":\"https:\/\/www.justiceinfo.net\/wp-content\/uploads\/justiceinfo_logo-trans_1200x1200px.png\",\"width\":1199,\"height\":1200,\"caption\":\"Justice Info\"},\"image\":{\"@id\":\"https:\/\/www.justiceinfo.net\/fr#\/schema\/logo\/image\/\"},\"sameAs\":[\"https:\/\/www.facebook.com\/JusticeInfo\/\",\"https:\/\/x.com\/justiceinfonet\",\"https:\/\/www.linkedin.com\/company\/justice-info\",\"https:\/\/www.youtube.com\/channel\/UCyCEsARodyuWtkWyhn-e7pA\"]},{\"@type\":\"Person\",\"name\":\"Ephrem Rugiririza\",\"sameAs\":[\"https:\/\/www.facebook.com\/rugiririza.ephrem.1\",\"https:\/\/x.com\/ER72777667\"],\"url\":\"https:\/\/www.justiceinfo.net\/fr\/auteur\/erugiririza\"}]}<\/script>\n<!-- \/ Yoast SEO Premium plugin. -->","yoast_head_json":{"title":"29.04.14 - MTPI\/CONDAMN\u00c9S - LIB\u00c9RATION ANTICIP\u00c9E D\u2019UN M\u00c9DECIN CONDAMN\u00c9 PAR LE TPIR A 25 ANS DE PRISON - JusticeInfo.net","robots":{"index":"index","follow":"follow","max-snippet":"max-snippet:-1","max-image-preview":"max-image-preview:large","max-video-preview":"max-video-preview:-1"},"canonical":"https:\/\/www.justiceinfo.net\/fr\/15140-290414-mtpicondamnes-liberation-anticipee-dun-medecin-condamne-par-le-tpir-a-25-ans-de-prison.html","og_locale":"fr_FR","og_type":"article","og_title":"29.04.14 - MTPI\/CONDAMN\u00c9S - LIB\u00c9RATION ANTICIP\u00c9E D\u2019UN M\u00c9DECIN CONDAMN\u00c9 PAR LE TPIR A 25 ANS DE PRISON","og_description":"Arusha, 29 avril 2014 (FH) \u2013 Le pr\u00e9sident du M\u00e9canisme pour les Tribunaux p\u00e9naux internationaux (MTPI), le juge Theodor Meron, a accord\u00e9 la lib\u00e9ration anticip\u00e9e au docteur G\u00e9rard Ntakirutimana condamn\u00e9 \u00e0 25 ans de prison pour g\u00e9nocide et extermination, apprend-on mardi.","og_url":"https:\/\/www.justiceinfo.net\/fr\/15140-290414-mtpicondamnes-liberation-anticipee-dun-medecin-condamne-par-le-tpir-a-25-ans-de-prison.html","og_site_name":"JusticeInfo.net","article_publisher":"https:\/\/www.facebook.com\/JusticeInfo\/","article_author":"https:\/\/www.facebook.com\/rugiririza.ephrem.1","article_published_time":"2014-04-29T11:34:24+00:00","og_image":[{"width":1200,"height":630,"url":"https:\/\/www.justiceinfo.net\/wp-content\/uploads\/JusticeInfoNet_logo_1200x630px.jpg","type":"image\/jpeg"}],"author":"Ephrem Rugiririza","twitter_card":"summary_large_image","twitter_creator":"@ER72777667","twitter_site":"@justiceinfonet","twitter_misc":{"\u00c9crit par":"Ephrem Rugiririza","Dur\u00e9e de lecture estim\u00e9e":"2 minutes"},"schema":{"@context":"https:\/\/schema.org","@graph":[{"@type":"NewsArticle","@id":"https:\/\/www.justiceinfo.net\/fr\/15140-290414-mtpicondamnes-liberation-anticipee-dun-medecin-condamne-par-le-tpir-a-25-ans-de-prison.html#article","isPartOf":{"@id":"https:\/\/www.justiceinfo.net\/fr\/15140-290414-mtpicondamnes-liberation-anticipee-dun-medecin-condamne-par-le-tpir-a-25-ans-de-prison.html"},"author":{"name":"erugiririza","@id":"https:\/\/www.justiceinfo.net\/fr#\/schema\/person\/3c444bdbf3536fdebfdc6b3a06b2fc4a"},"headline":"29.04.14 - MTPI\/CONDAMN\u00c9S - LIB\u00c9RATION ANTICIP\u00c9E D\u2019UN M\u00c9DECIN CONDAMN\u00c9 PAR LE TPIR A 25 ANS DE PRISON","datePublished":"2014-04-29T11:34:24+00:00","mainEntityOfPage":{"@id":"https:\/\/www.justiceinfo.net\/fr\/15140-290414-mtpicondamnes-liberation-anticipee-dun-medecin-condamne-par-le-tpir-a-25-ans-de-prison.html"},"wordCount":521,"commentCount":0,"publisher":{"@id":"https:\/\/www.justiceinfo.net\/fr#organization"},"articleSection":["Hirondelle News"],"inLanguage":"fr-FR","potentialAction":[{"@type":"CommentAction","name":"Comment","target":["https:\/\/www.justiceinfo.net\/fr\/15140-290414-mtpicondamnes-liberation-anticipee-dun-medecin-condamne-par-le-tpir-a-25-ans-de-prison.html#respond"]}]},{"@type":"WebPage","@id":"https:\/\/www.justiceinfo.net\/fr\/15140-290414-mtpicondamnes-liberation-anticipee-dun-medecin-condamne-par-le-tpir-a-25-ans-de-prison.html","url":"https:\/\/www.justiceinfo.net\/fr\/15140-290414-mtpicondamnes-liberation-anticipee-dun-medecin-condamne-par-le-tpir-a-25-ans-de-prison.html","name":"29.04.14 - MTPI\/CONDAMN\u00c9S - LIB\u00c9RATION ANTICIP\u00c9E D\u2019UN M\u00c9DECIN CONDAMN\u00c9 PAR LE TPIR A 25 ANS DE PRISON - JusticeInfo.net","isPartOf":{"@id":"https:\/\/www.justiceinfo.net\/fr#website"},"datePublished":"2014-04-29T11:34:24+00:00","breadcrumb":{"@id":"https:\/\/www.justiceinfo.net\/fr\/15140-290414-mtpicondamnes-liberation-anticipee-dun-medecin-condamne-par-le-tpir-a-25-ans-de-prison.html#breadcrumb"},"inLanguage":"fr-FR","potentialAction":[{"@type":"ReadAction","target":["https:\/\/www.justiceinfo.net\/fr\/15140-290414-mtpicondamnes-liberation-anticipee-dun-medecin-condamne-par-le-tpir-a-25-ans-de-prison.html"]}]},{"@type":"BreadcrumbList","@id":"https:\/\/www.justiceinfo.net\/fr\/15140-290414-mtpicondamnes-liberation-anticipee-dun-medecin-condamne-par-le-tpir-a-25-ans-de-prison.html#breadcrumb","itemListElement":[{"@type":"ListItem","position":1,"name":"Home","item":"https:\/\/www.justiceinfo.net\/fr"},{"@type":"ListItem","position":2,"name":"29.04.14 - MTPI\/CONDAMN\u00c9S - LIB\u00c9RATION ANTICIP\u00c9E D\u2019UN M\u00c9DECIN CONDAMN\u00c9 PAR LE TPIR A 25 ANS DE PRISON"}]},{"@type":"WebSite","@id":"https:\/\/www.justiceinfo.net\/fr#website","url":"https:\/\/www.justiceinfo.net\/fr","name":"JusticeInfo.net","description":"La justice doit \u00eatre vue pour \u00eatre rendue","publisher":{"@id":"https:\/\/www.justiceinfo.net\/fr#organization"},"potentialAction":[{"@type":"SearchAction","target":{"@type":"EntryPoint","urlTemplate":"https:\/\/www.justiceinfo.net\/fr?s={search_term_string}"},"query-input":{"@type":"PropertyValueSpecification","valueRequired":true,"valueName":"search_term_string"}}],"inLanguage":"fr-FR"},{"@type":"Organization","@id":"https:\/\/www.justiceinfo.net\/fr#organization","name":"Justice Info","url":"https:\/\/www.justiceinfo.net\/fr","logo":{"@type":"ImageObject","inLanguage":"fr-FR","@id":"https:\/\/www.justiceinfo.net\/fr#\/schema\/logo\/image\/","url":"https:\/\/www.justiceinfo.net\/wp-content\/uploads\/justiceinfo_logo-trans_1200x1200px.png","contentUrl":"https:\/\/www.justiceinfo.net\/wp-content\/uploads\/justiceinfo_logo-trans_1200x1200px.png","width":1199,"height":1200,"caption":"Justice Info"},"image":{"@id":"https:\/\/www.justiceinfo.net\/fr#\/schema\/logo\/image\/"},"sameAs":["https:\/\/www.facebook.com\/JusticeInfo\/","https:\/\/x.com\/justiceinfonet","https:\/\/www.linkedin.com\/company\/justice-info","https:\/\/www.youtube.com\/channel\/UCyCEsARodyuWtkWyhn-e7pA"]},{"@type":"Person","name":"Ephrem Rugiririza","sameAs":["https:\/\/www.facebook.com\/rugiririza.ephrem.1","https:\/\/x.com\/ER72777667"],"url":"https:\/\/www.justiceinfo.net\/fr\/auteur\/erugiririza"}]}},"_links":{"self":[{"href":"https:\/\/www.justiceinfo.net\/fr\/wp-json\/wp\/v2\/posts\/15140","targetHints":{"allow":["GET"]}}],"collection":[{"href":"https:\/\/www.justiceinfo.net\/fr\/wp-json\/wp\/v2\/posts"}],"about":[{"href":"https:\/\/www.justiceinfo.net\/fr\/wp-json\/wp\/v2\/types\/post"}],"author":[{"embeddable":true,"href":"https:\/\/www.justiceinfo.net\/fr\/wp-json\/wp\/v2\/users\/59"}],"replies":[{"embeddable":true,"href":"https:\/\/www.justiceinfo.net\/fr\/wp-json\/wp\/v2\/comments?post=15140"}],"version-history":[{"count":0,"href":"https:\/\/www.justiceinfo.net\/fr\/wp-json\/wp\/v2\/posts\/15140\/revisions"}],"wp:attachment":[{"href":"https:\/\/www.justiceinfo.net\/fr\/wp-json\/wp\/v2\/media?parent=15140"}],"wp:term":[{"taxonomy":"category","embeddable":true,"href":"https:\/\/www.justiceinfo.net\/fr\/wp-json\/wp\/v2\/categories?post=15140"},{"taxonomy":"post_tag","embeddable":true,"href":"https:\/\/www.justiceinfo.net\/fr\/wp-json\/wp\/v2\/tags?post=15140"},{"taxonomy":"ji_location","embeddable":true,"href":"https:\/\/www.justiceinfo.net\/fr\/wp-json\/wp\/v2\/ji_location?post=15140"}],"curies":[{"name":"wp","href":"https:\/\/api.w.org\/{rel}","templated":true}]}}