{"id":15143,"date":"2014-04-30T14:17:07","date_gmt":"2014-04-30T12:17:07","guid":{"rendered":"https:\/\/www.justiceinfo.net\/15143-300414-rwandagenocide-la-communaute-dafrique-de-lest-inaugure-une-stele-en-memoire-des-victimes-du-genocide-des-tutsis.html"},"modified":"2014-04-30T14:17:07","modified_gmt":"2014-04-30T12:17:07","slug":"300414-rwandagenocide-la-communaute-dafrique-de-lest-inaugure-une-stele-en-memoire-des-victimes-du-genocide-des-tutsis","status":"publish","type":"post","link":"https:\/\/www.justiceinfo.net\/fr\/15143-300414-rwandagenocide-la-communaute-dafrique-de-lest-inaugure-une-stele-en-memoire-des-victimes-du-genocide-des-tutsis.html","title":{"rendered":"30.04.14 - RWANDA\/G\u00c9NOCIDE - LA COMMUNAUT\u00c9 D\u2019AFRIQUE DE L\u2019EST INAUGURE UNE ST\u00c8LE EN M\u00c9MOIRE DES VICTIMES DU G\u00c9NOCIDE  DES TUTSIS"},"content":{"rendered":"<p>Arusha, 30 avril 2014 (FH) - Les chefs d\u2019\u00c9tat de la Communaut\u00e9 d\u2019Afrique de l\u2019Est (EAC) ont inaugur\u00e9 mercredi au si\u00e8ge de l\u2019organisation, \u00e0 Arusha, en Tanzanie, une st\u00e8le \u00e9rig\u00e9e en m\u00e9moire des victimes du g\u00e9nocide des Tutsis de\u00a0 1994 au Rwanda.<\/p>\n<p><!--more--><\/p>\n<p>Ces personnalit\u00e9s \u00e9taient r\u00e9unies pour un sommet extraordinaire de l\u2019EAC, qui visait \u00e0 \u00e9valuer le processus d\u2019int\u00e9gration r\u00e9gionale au sein de ce bloc.\u00ab Unis pour la solidarit\u00e9 et la coexistence pacifique : le g\u00e9nocide, plus jamais \u00bb, lit-on sur cette st\u00e8le inaugur\u00e9e par les pr\u00e9sidents du Kenya Uhuru Kenyatta, celui de l\u2019Ouganda Yoweri Museveni, leur homologue de la Tanzanie Jakaya Kikwete, le premier vice-pr\u00e9sident du Burundi\u00a0 Prosper Bazombanza et le Premier ministre rwandais Pierre-Damien Habumuremyi .Ces chefs d\u2019\u00c9tat et de gouvernement soulignent, dans un communiqu\u00e9, \u00ab leur engagement \u00e0 faire en sorte que le crime de g\u00e9nocide et les autres crimes contre l\u2019humanit\u00e9 ne se reproduisent plus dans la r\u00e9gion d\u2019Afrique de l\u2019Est \u00bb.L\u2019enceinte \u00e0 l\u2019int\u00e9rieur de laquelle la st\u00e8le a \u00e9t\u00e9 \u00e9rig\u00e9e est contigu\u00eb au complexe abritant le Tribunal p\u00e9nal international pour le Rwanda (TPIR) qui juge depuis 1997 les principaux auteurs pr\u00e9sum\u00e9s du g\u00e9nocide des Tutsis.Le TPIR doit th\u00e9oriquement fermer ses portes \u00e0 la fin de l\u2019ann\u00e9e.ER<\/p>\n","protected":false},"excerpt":{"rendered":"<p>Arusha, 30 avril 2014 (FH) - Les chefs d\u2019\u00c9tat de la Communaut\u00e9 d\u2019Afrique de l\u2019Est (EAC) ont inaugur\u00e9 mercredi au si\u00e8ge de l\u2019organisation, \u00e0 Arusha, en Tanzanie, une st\u00e8le \u00e9rig\u00e9e en m\u00e9moire des victimes du g\u00e9nocide des Tutsis de\u00a0 1994 au Rwanda.<\/p>\n","protected":false},"author":59,"featured_media":0,"comment_status":"open","ping_status":"closed","sticky":false,"template":"","format":"standard","meta":{"_acf_changed":false,"footnotes":""},"categories":[554],"tags":[],"ji_location":[],"class_list":["post-15143","post","type-post","status-publish","format-standard","hentry","category-hirondellenews"],"acf":[],"yoast_head":"<!-- This site is optimized with the Yoast SEO Premium plugin v25.3.1 (Yoast SEO v25.3.1) - https:\/\/yoast.com\/wordpress\/plugins\/seo\/ -->\n<title>30.04.14 - RWANDA\/G\u00c9NOCIDE - LA COMMUNAUT\u00c9 D\u2019AFRIQUE DE L\u2019EST INAUGURE UNE ST\u00c8LE EN M\u00c9MOIRE DES VICTIMES DU G\u00c9NOCIDE DES TUTSIS - JusticeInfo.net<\/title>\n<meta name=\"robots\" content=\"index, follow, max-snippet:-1, max-image-preview:large, max-video-preview:-1\" \/>\n<link rel=\"canonical\" href=\"https:\/\/www.justiceinfo.net\/fr\/15143-300414-rwandagenocide-la-communaute-dafrique-de-lest-inaugure-une-stele-en-memoire-des-victimes-du-genocide-des-tutsis.html\" \/>\n<meta property=\"og:locale\" content=\"fr_FR\" \/>\n<meta property=\"og:type\" content=\"article\" \/>\n<meta property=\"og:title\" content=\"30.04.14 - RWANDA\/G\u00c9NOCIDE - LA COMMUNAUT\u00c9 D\u2019AFRIQUE DE L\u2019EST INAUGURE UNE ST\u00c8LE EN M\u00c9MOIRE DES VICTIMES DU G\u00c9NOCIDE DES TUTSIS\" \/>\n<meta property=\"og:description\" content=\"Arusha, 30 avril 2014 (FH) - Les chefs d\u2019\u00c9tat de la Communaut\u00e9 d\u2019Afrique de l\u2019Est (EAC) ont inaugur\u00e9 mercredi au si\u00e8ge de l\u2019organisation, \u00e0 Arusha, en Tanzanie, une st\u00e8le \u00e9rig\u00e9e en m\u00e9moire des victimes du g\u00e9nocide des Tutsis de\u00a0 1994 au Rwanda.\" \/>\n<meta property=\"og:url\" content=\"https:\/\/www.justiceinfo.net\/fr\/15143-300414-rwandagenocide-la-communaute-dafrique-de-lest-inaugure-une-stele-en-memoire-des-victimes-du-genocide-des-tutsis.html\" \/>\n<meta property=\"og:site_name\" content=\"JusticeInfo.net\" \/>\n<meta property=\"article:publisher\" content=\"https:\/\/www.facebook.com\/JusticeInfo\/\" \/>\n<meta property=\"article:author\" content=\"https:\/\/www.facebook.com\/rugiririza.ephrem.1\" \/>\n<meta property=\"article:published_time\" content=\"2014-04-30T12:17:07+00:00\" \/>\n<meta property=\"og:image\" content=\"https:\/\/www.justiceinfo.net\/wp-content\/uploads\/JusticeInfoNet_logo_1200x630px.jpg\" \/>\n\t<meta property=\"og:image:width\" content=\"1200\" \/>\n\t<meta property=\"og:image:height\" content=\"630\" \/>\n\t<meta property=\"og:image:type\" content=\"image\/jpeg\" \/>\n<meta name=\"author\" content=\"Ephrem Rugiririza\" \/>\n<meta name=\"twitter:card\" content=\"summary_large_image\" \/>\n<meta name=\"twitter:creator\" content=\"@ER72777667\" \/>\n<meta name=\"twitter:site\" content=\"@justiceinfonet\" \/>\n<meta name=\"twitter:label1\" content=\"\u00c9crit par\" \/>\n\t<meta name=\"twitter:data1\" content=\"Ephrem Rugiririza\" \/>\n\t<meta name=\"twitter:label2\" content=\"Dur\u00e9e de lecture estim\u00e9e\" \/>\n\t<meta name=\"twitter:data2\" content=\"1 minute\" \/>\n<script type=\"application\/ld+json\" class=\"yoast-schema-graph\">{\"@context\":\"https:\/\/schema.org\",\"@graph\":[{\"@type\":\"NewsArticle\",\"@id\":\"https:\/\/www.justiceinfo.net\/fr\/15143-300414-rwandagenocide-la-communaute-dafrique-de-lest-inaugure-une-stele-en-memoire-des-victimes-du-genocide-des-tutsis.html#article\",\"isPartOf\":{\"@id\":\"https:\/\/www.justiceinfo.net\/fr\/15143-300414-rwandagenocide-la-communaute-dafrique-de-lest-inaugure-une-stele-en-memoire-des-victimes-du-genocide-des-tutsis.html\"},\"author\":{\"name\":\"erugiririza\",\"@id\":\"https:\/\/www.justiceinfo.net\/fr#\/schema\/person\/3c444bdbf3536fdebfdc6b3a06b2fc4a\"},\"headline\":\"30.04.14 - RWANDA\/G\u00c9NOCIDE - LA COMMUNAUT\u00c9 D\u2019AFRIQUE DE L\u2019EST INAUGURE UNE ST\u00c8LE EN M\u00c9MOIRE DES VICTIMES DU G\u00c9NOCIDE DES TUTSIS\",\"datePublished\":\"2014-04-30T12:17:07+00:00\",\"mainEntityOfPage\":{\"@id\":\"https:\/\/www.justiceinfo.net\/fr\/15143-300414-rwandagenocide-la-communaute-dafrique-de-lest-inaugure-une-stele-en-memoire-des-victimes-du-genocide-des-tutsis.html\"},\"wordCount\":256,\"commentCount\":0,\"publisher\":{\"@id\":\"https:\/\/www.justiceinfo.net\/fr#organization\"},\"articleSection\":[\"Hirondelle News\"],\"inLanguage\":\"fr-FR\",\"potentialAction\":[{\"@type\":\"CommentAction\",\"name\":\"Comment\",\"target\":[\"https:\/\/www.justiceinfo.net\/fr\/15143-300414-rwandagenocide-la-communaute-dafrique-de-lest-inaugure-une-stele-en-memoire-des-victimes-du-genocide-des-tutsis.html#respond\"]}]},{\"@type\":\"WebPage\",\"@id\":\"https:\/\/www.justiceinfo.net\/fr\/15143-300414-rwandagenocide-la-communaute-dafrique-de-lest-inaugure-une-stele-en-memoire-des-victimes-du-genocide-des-tutsis.html\",\"url\":\"https:\/\/www.justiceinfo.net\/fr\/15143-300414-rwandagenocide-la-communaute-dafrique-de-lest-inaugure-une-stele-en-memoire-des-victimes-du-genocide-des-tutsis.html\",\"name\":\"30.04.14 - RWANDA\/G\u00c9NOCIDE - LA COMMUNAUT\u00c9 D\u2019AFRIQUE DE L\u2019EST INAUGURE UNE ST\u00c8LE EN M\u00c9MOIRE DES VICTIMES DU G\u00c9NOCIDE DES TUTSIS - JusticeInfo.net\",\"isPartOf\":{\"@id\":\"https:\/\/www.justiceinfo.net\/fr#website\"},\"datePublished\":\"2014-04-30T12:17:07+00:00\",\"breadcrumb\":{\"@id\":\"https:\/\/www.justiceinfo.net\/fr\/15143-300414-rwandagenocide-la-communaute-dafrique-de-lest-inaugure-une-stele-en-memoire-des-victimes-du-genocide-des-tutsis.html#breadcrumb\"},\"inLanguage\":\"fr-FR\",\"potentialAction\":[{\"@type\":\"ReadAction\",\"target\":[\"https:\/\/www.justiceinfo.net\/fr\/15143-300414-rwandagenocide-la-communaute-dafrique-de-lest-inaugure-une-stele-en-memoire-des-victimes-du-genocide-des-tutsis.html\"]}]},{\"@type\":\"BreadcrumbList\",\"@id\":\"https:\/\/www.justiceinfo.net\/fr\/15143-300414-rwandagenocide-la-communaute-dafrique-de-lest-inaugure-une-stele-en-memoire-des-victimes-du-genocide-des-tutsis.html#breadcrumb\",\"itemListElement\":[{\"@type\":\"ListItem\",\"position\":1,\"name\":\"Home\",\"item\":\"https:\/\/www.justiceinfo.net\/fr\"},{\"@type\":\"ListItem\",\"position\":2,\"name\":\"30.04.14 - RWANDA\/G\u00c9NOCIDE - LA COMMUNAUT\u00c9 D\u2019AFRIQUE DE L\u2019EST INAUGURE UNE ST\u00c8LE EN M\u00c9MOIRE DES VICTIMES DU G\u00c9NOCIDE DES TUTSIS\"}]},{\"@type\":\"WebSite\",\"@id\":\"https:\/\/www.justiceinfo.net\/fr#website\",\"url\":\"https:\/\/www.justiceinfo.net\/fr\",\"name\":\"JusticeInfo.net\",\"description\":\"La justice doit \u00eatre vue pour \u00eatre rendue\",\"publisher\":{\"@id\":\"https:\/\/www.justiceinfo.net\/fr#organization\"},\"potentialAction\":[{\"@type\":\"SearchAction\",\"target\":{\"@type\":\"EntryPoint\",\"urlTemplate\":\"https:\/\/www.justiceinfo.net\/fr?s={search_term_string}\"},\"query-input\":{\"@type\":\"PropertyValueSpecification\",\"valueRequired\":true,\"valueName\":\"search_term_string\"}}],\"inLanguage\":\"fr-FR\"},{\"@type\":\"Organization\",\"@id\":\"https:\/\/www.justiceinfo.net\/fr#organization\",\"name\":\"Justice Info\",\"url\":\"https:\/\/www.justiceinfo.net\/fr\",\"logo\":{\"@type\":\"ImageObject\",\"inLanguage\":\"fr-FR\",\"@id\":\"https:\/\/www.justiceinfo.net\/fr#\/schema\/logo\/image\/\",\"url\":\"https:\/\/www.justiceinfo.net\/wp-content\/uploads\/justiceinfo_logo-trans_1200x1200px.png\",\"contentUrl\":\"https:\/\/www.justiceinfo.net\/wp-content\/uploads\/justiceinfo_logo-trans_1200x1200px.png\",\"width\":1199,\"height\":1200,\"caption\":\"Justice Info\"},\"image\":{\"@id\":\"https:\/\/www.justiceinfo.net\/fr#\/schema\/logo\/image\/\"},\"sameAs\":[\"https:\/\/www.facebook.com\/JusticeInfo\/\",\"https:\/\/x.com\/justiceinfonet\",\"https:\/\/www.linkedin.com\/company\/justice-info\",\"https:\/\/www.youtube.com\/channel\/UCyCEsARodyuWtkWyhn-e7pA\"]},{\"@type\":\"Person\",\"name\":\"Ephrem Rugiririza\",\"sameAs\":[\"https:\/\/www.facebook.com\/rugiririza.ephrem.1\",\"https:\/\/x.com\/ER72777667\"],\"url\":\"https:\/\/www.justiceinfo.net\/fr\/auteur\/erugiririza\"}]}<\/script>\n<!-- \/ Yoast SEO Premium plugin. -->","yoast_head_json":{"title":"30.04.14 - RWANDA\/G\u00c9NOCIDE - LA COMMUNAUT\u00c9 D\u2019AFRIQUE DE L\u2019EST INAUGURE UNE ST\u00c8LE EN M\u00c9MOIRE DES VICTIMES DU G\u00c9NOCIDE DES TUTSIS - JusticeInfo.net","robots":{"index":"index","follow":"follow","max-snippet":"max-snippet:-1","max-image-preview":"max-image-preview:large","max-video-preview":"max-video-preview:-1"},"canonical":"https:\/\/www.justiceinfo.net\/fr\/15143-300414-rwandagenocide-la-communaute-dafrique-de-lest-inaugure-une-stele-en-memoire-des-victimes-du-genocide-des-tutsis.html","og_locale":"fr_FR","og_type":"article","og_title":"30.04.14 - RWANDA\/G\u00c9NOCIDE - LA COMMUNAUT\u00c9 D\u2019AFRIQUE DE L\u2019EST INAUGURE UNE ST\u00c8LE EN M\u00c9MOIRE DES VICTIMES DU G\u00c9NOCIDE DES TUTSIS","og_description":"Arusha, 30 avril 2014 (FH) - Les chefs d\u2019\u00c9tat de la Communaut\u00e9 d\u2019Afrique de l\u2019Est (EAC) ont inaugur\u00e9 mercredi au si\u00e8ge de l\u2019organisation, \u00e0 Arusha, en Tanzanie, une st\u00e8le \u00e9rig\u00e9e en m\u00e9moire des victimes du g\u00e9nocide des Tutsis de\u00a0 1994 au Rwanda.","og_url":"https:\/\/www.justiceinfo.net\/fr\/15143-300414-rwandagenocide-la-communaute-dafrique-de-lest-inaugure-une-stele-en-memoire-des-victimes-du-genocide-des-tutsis.html","og_site_name":"JusticeInfo.net","article_publisher":"https:\/\/www.facebook.com\/JusticeInfo\/","article_author":"https:\/\/www.facebook.com\/rugiririza.ephrem.1","article_published_time":"2014-04-30T12:17:07+00:00","og_image":[{"width":1200,"height":630,"url":"https:\/\/www.justiceinfo.net\/wp-content\/uploads\/JusticeInfoNet_logo_1200x630px.jpg","type":"image\/jpeg"}],"author":"Ephrem Rugiririza","twitter_card":"summary_large_image","twitter_creator":"@ER72777667","twitter_site":"@justiceinfonet","twitter_misc":{"\u00c9crit par":"Ephrem Rugiririza","Dur\u00e9e de lecture estim\u00e9e":"1 minute"},"schema":{"@context":"https:\/\/schema.org","@graph":[{"@type":"NewsArticle","@id":"https:\/\/www.justiceinfo.net\/fr\/15143-300414-rwandagenocide-la-communaute-dafrique-de-lest-inaugure-une-stele-en-memoire-des-victimes-du-genocide-des-tutsis.html#article","isPartOf":{"@id":"https:\/\/www.justiceinfo.net\/fr\/15143-300414-rwandagenocide-la-communaute-dafrique-de-lest-inaugure-une-stele-en-memoire-des-victimes-du-genocide-des-tutsis.html"},"author":{"name":"erugiririza","@id":"https:\/\/www.justiceinfo.net\/fr#\/schema\/person\/3c444bdbf3536fdebfdc6b3a06b2fc4a"},"headline":"30.04.14 - RWANDA\/G\u00c9NOCIDE - LA COMMUNAUT\u00c9 D\u2019AFRIQUE DE L\u2019EST INAUGURE UNE ST\u00c8LE EN M\u00c9MOIRE DES VICTIMES DU G\u00c9NOCIDE DES TUTSIS","datePublished":"2014-04-30T12:17:07+00:00","mainEntityOfPage":{"@id":"https:\/\/www.justiceinfo.net\/fr\/15143-300414-rwandagenocide-la-communaute-dafrique-de-lest-inaugure-une-stele-en-memoire-des-victimes-du-genocide-des-tutsis.html"},"wordCount":256,"commentCount":0,"publisher":{"@id":"https:\/\/www.justiceinfo.net\/fr#organization"},"articleSection":["Hirondelle News"],"inLanguage":"fr-FR","potentialAction":[{"@type":"CommentAction","name":"Comment","target":["https:\/\/www.justiceinfo.net\/fr\/15143-300414-rwandagenocide-la-communaute-dafrique-de-lest-inaugure-une-stele-en-memoire-des-victimes-du-genocide-des-tutsis.html#respond"]}]},{"@type":"WebPage","@id":"https:\/\/www.justiceinfo.net\/fr\/15143-300414-rwandagenocide-la-communaute-dafrique-de-lest-inaugure-une-stele-en-memoire-des-victimes-du-genocide-des-tutsis.html","url":"https:\/\/www.justiceinfo.net\/fr\/15143-300414-rwandagenocide-la-communaute-dafrique-de-lest-inaugure-une-stele-en-memoire-des-victimes-du-genocide-des-tutsis.html","name":"30.04.14 - RWANDA\/G\u00c9NOCIDE - LA COMMUNAUT\u00c9 D\u2019AFRIQUE DE L\u2019EST INAUGURE UNE ST\u00c8LE EN M\u00c9MOIRE DES VICTIMES DU G\u00c9NOCIDE DES TUTSIS - JusticeInfo.net","isPartOf":{"@id":"https:\/\/www.justiceinfo.net\/fr#website"},"datePublished":"2014-04-30T12:17:07+00:00","breadcrumb":{"@id":"https:\/\/www.justiceinfo.net\/fr\/15143-300414-rwandagenocide-la-communaute-dafrique-de-lest-inaugure-une-stele-en-memoire-des-victimes-du-genocide-des-tutsis.html#breadcrumb"},"inLanguage":"fr-FR","potentialAction":[{"@type":"ReadAction","target":["https:\/\/www.justiceinfo.net\/fr\/15143-300414-rwandagenocide-la-communaute-dafrique-de-lest-inaugure-une-stele-en-memoire-des-victimes-du-genocide-des-tutsis.html"]}]},{"@type":"BreadcrumbList","@id":"https:\/\/www.justiceinfo.net\/fr\/15143-300414-rwandagenocide-la-communaute-dafrique-de-lest-inaugure-une-stele-en-memoire-des-victimes-du-genocide-des-tutsis.html#breadcrumb","itemListElement":[{"@type":"ListItem","position":1,"name":"Home","item":"https:\/\/www.justiceinfo.net\/fr"},{"@type":"ListItem","position":2,"name":"30.04.14 - RWANDA\/G\u00c9NOCIDE - LA COMMUNAUT\u00c9 D\u2019AFRIQUE DE L\u2019EST INAUGURE UNE ST\u00c8LE EN M\u00c9MOIRE DES VICTIMES DU G\u00c9NOCIDE DES TUTSIS"}]},{"@type":"WebSite","@id":"https:\/\/www.justiceinfo.net\/fr#website","url":"https:\/\/www.justiceinfo.net\/fr","name":"JusticeInfo.net","description":"La justice doit \u00eatre vue pour \u00eatre rendue","publisher":{"@id":"https:\/\/www.justiceinfo.net\/fr#organization"},"potentialAction":[{"@type":"SearchAction","target":{"@type":"EntryPoint","urlTemplate":"https:\/\/www.justiceinfo.net\/fr?s={search_term_string}"},"query-input":{"@type":"PropertyValueSpecification","valueRequired":true,"valueName":"search_term_string"}}],"inLanguage":"fr-FR"},{"@type":"Organization","@id":"https:\/\/www.justiceinfo.net\/fr#organization","name":"Justice Info","url":"https:\/\/www.justiceinfo.net\/fr","logo":{"@type":"ImageObject","inLanguage":"fr-FR","@id":"https:\/\/www.justiceinfo.net\/fr#\/schema\/logo\/image\/","url":"https:\/\/www.justiceinfo.net\/wp-content\/uploads\/justiceinfo_logo-trans_1200x1200px.png","contentUrl":"https:\/\/www.justiceinfo.net\/wp-content\/uploads\/justiceinfo_logo-trans_1200x1200px.png","width":1199,"height":1200,"caption":"Justice Info"},"image":{"@id":"https:\/\/www.justiceinfo.net\/fr#\/schema\/logo\/image\/"},"sameAs":["https:\/\/www.facebook.com\/JusticeInfo\/","https:\/\/x.com\/justiceinfonet","https:\/\/www.linkedin.com\/company\/justice-info","https:\/\/www.youtube.com\/channel\/UCyCEsARodyuWtkWyhn-e7pA"]},{"@type":"Person","name":"Ephrem Rugiririza","sameAs":["https:\/\/www.facebook.com\/rugiririza.ephrem.1","https:\/\/x.com\/ER72777667"],"url":"https:\/\/www.justiceinfo.net\/fr\/auteur\/erugiririza"}]}},"_links":{"self":[{"href":"https:\/\/www.justiceinfo.net\/fr\/wp-json\/wp\/v2\/posts\/15143","targetHints":{"allow":["GET"]}}],"collection":[{"href":"https:\/\/www.justiceinfo.net\/fr\/wp-json\/wp\/v2\/posts"}],"about":[{"href":"https:\/\/www.justiceinfo.net\/fr\/wp-json\/wp\/v2\/types\/post"}],"author":[{"embeddable":true,"href":"https:\/\/www.justiceinfo.net\/fr\/wp-json\/wp\/v2\/users\/59"}],"replies":[{"embeddable":true,"href":"https:\/\/www.justiceinfo.net\/fr\/wp-json\/wp\/v2\/comments?post=15143"}],"version-history":[{"count":0,"href":"https:\/\/www.justiceinfo.net\/fr\/wp-json\/wp\/v2\/posts\/15143\/revisions"}],"wp:attachment":[{"href":"https:\/\/www.justiceinfo.net\/fr\/wp-json\/wp\/v2\/media?parent=15143"}],"wp:term":[{"taxonomy":"category","embeddable":true,"href":"https:\/\/www.justiceinfo.net\/fr\/wp-json\/wp\/v2\/categories?post=15143"},{"taxonomy":"post_tag","embeddable":true,"href":"https:\/\/www.justiceinfo.net\/fr\/wp-json\/wp\/v2\/tags?post=15143"},{"taxonomy":"ji_location","embeddable":true,"href":"https:\/\/www.justiceinfo.net\/fr\/wp-json\/wp\/v2\/ji_location?post=15143"}],"curies":[{"name":"wp","href":"https:\/\/api.w.org\/{rel}","templated":true}]}}