{"id":1517,"date":"2015-08-07T09:39:20","date_gmt":"2015-08-07T07:39:20","guid":{"rendered":"https:\/\/www.justiceinfo.net\/1517-rdc-les-medias-publics-accuses-de-faire-campagne-pour-un-troisieme-mandat-de-kabila.html"},"modified":"2015-08-07T09:39:20","modified_gmt":"2015-08-07T07:39:20","slug":"rdc-les-medias-publics-accuses-de-faire-campagne-pour-un-troisieme-mandat-de-kabila","status":"publish","type":"post","link":"https:\/\/www.justiceinfo.net\/fr\/1517-rdc-les-medias-publics-accuses-de-faire-campagne-pour-un-troisieme-mandat-de-kabila.html","title":{"rendered":"RDC : les m\u00e9dias publics accus\u00e9s de faire campagne pour un troisi\u00e8me mandat de Kabila"},"content":{"rendered":"<p>Une trentaine d\u2019organisations de la soci\u00e9t\u00e9 civile congolaise accusent la radio-t\u00e9l\u00e9vision nationale (RTNC) de battre campagne en faveur d\u2019un possible troisi\u00e8me mandat du pr\u00e9sident Joseph Kabila, rapporte Radio Okapi.<\/p>\n<p>\u00a0A l\u2019occasion d\u2019une conf\u00e9rence de presse jeudi \u00e0 Kinshasa, ces ONG ont d\u00e9nonc\u00e9 \u00abla manipulation populaire que les journalistes de la RTNC sont en en train de faire\u00a0\u00bb, indique cette radio.<\/p>\n<p>\u00a0Selon ces organisations, ce m\u00e9dia public diffuse une pr\u00e9campagne \u00e9lectorale du pr\u00e9sident actuel Joseph Kabila, en vue de pr\u00e9parer un possible troisi\u00e8me mandat.\u00a0<\/p>\n<p>\u00a0\u00abNous ne sommes pas d\u2019accord avec ce que les journalistes de la RTNC diffusent comme informations, et je ne pense pas que \u00e7a soit l\u2019opinion de la Nation congolaise, et encore moins de celle de Kinshasa\u00a0\u00bb, a d\u00e9clar\u00e9 \u00a0Hubert Tshiswaka Masoka Hubert, directeur de l\u2019Institut de recherche en droits humains (IRDH).\u00a0<\/p>\n<p>\u00a0\u00ab\u00a0On ne doit pas laisser quelqu\u2019un essayer de manipuler l\u2019opinion\u00bb, a-t-il poursuivi.<\/p>\n<p>\u00a0Ces ONG ont interpell\u00e9 le Conseil sup\u00e9rieur de l\u2019audiovisuel congolais (CSAC), afin que \u00abces journalistes puissent r\u00e9pondre de leurs actes de manipulation\u00a0\u00bb.<\/p>\n<p>\u00a0Hubert Masoka juge\u00a0\u00abirresponsable de la part d\u2019un journaliste de jouer \u00e0 un tel jeu, tr\u00e8s dangereux pour la d\u00e9mocratie\u00bb.<\/p>\n<p>\u00a0Joints par Radio Okapi, les responsables de la t\u00e9l\u00e9vision publique n\u2019ont pas souhait\u00e9 commenter la prise de position de ces ONG.<\/p>\n<p>Joseph Kabila, \u00e0 la t\u00eate de son vaste pays depuis l\u2019assassinat en janvier 2001, de son p\u00e8re Laurent-D\u00e9sir\u00e9 Kabila, a \u00e9t\u00e9 \u00e9lu pr\u00e9sident de la RDC en 2006 lors des premi\u00e8res\u00a0\u00e9lections\u00a0libres du pays depuis son ind\u00e9pendance de la Belgique en 1960.\u00a0<\/p>\n<p>Il a \u00e9t\u00e9 r\u00e9\u00e9lu en novembre 2011 pour un nouveau mandat de cinq ans \u00e0 l\u2019issue d\u2019un processus \u00e9lectoral\u00a0contest\u00e9 par l\u2019opposition et marqu\u00e9 par des irr\u00e9gularit\u00e9s massives.<\/p>\n<p>La Constitution ne lui permet pas de se repr\u00e9senter pour un troisi\u00e8me mandat.<\/p>\n<p>Mais l\u2019opposition, la soci\u00e9t\u00e9 civile et le clerg\u00e9 catholique le soup\u00e7onnent de chercher \u00e0 se maintenir au pouvoir au-del\u00e0 du terme de son dernier mandat constitutionnel en 2016.<\/p>\n<p>Pr\u00e8s d\u2019une trentaine de personnes avaient \u00e9t\u00e9 tu\u00e9es au d\u00e9but de l\u2019ann\u00e9e lors d\u2019affrontements entre forces de l\u2019ordre et manifestants hostiles \u00e0 un troisi\u00e8me mandat du pr\u00e9sident Kabila.<\/p>\n<p>\u00a0<\/p>\n","protected":false},"excerpt":{"rendered":"<p>Une trentaine d\u2019organisations de la soci\u00e9t\u00e9 civile congolaise accusent la radio-t\u00e9l\u00e9vision nationale (RTNC) de battre campagne en faveur d\u2019un possible troisi\u00e8me mandat du pr\u00e9sident Joseph Kabila, rapporte Radio Okapi. \u00a0A l\u2019occasion d\u2019une conf\u00e9rence de presse jeudi \u00e0 Kinshasa, ces ONG ont d\u00e9nonc\u00e9 \u00abla manipulation populaire que les journalistes de la RTNC sont en en train [&hellip;]<\/p>\n","protected":false},"author":64,"featured_media":64875,"comment_status":"open","ping_status":"closed","sticky":false,"template":"","format":"standard","meta":{"_acf_changed":false,"footnotes":""},"categories":[549],"tags":[],"ji_location":[2196],"class_list":["post-1517","post","type-post","status-publish","format-standard","has-post-thumbnail","hentry","category-reconciliation","ji_location-republique-democratique-du-congo"],"acf":[],"yoast_head":"<!-- This site is optimized with the Yoast SEO Premium plugin v25.3.1 (Yoast SEO v25.3.1) - https:\/\/yoast.com\/wordpress\/plugins\/seo\/ -->\n<title>RDC : les m\u00e9dias publics accus\u00e9s de faire campagne pour un troisi\u00e8me mandat de Kabila - JusticeInfo.net<\/title>\n<meta name=\"robots\" content=\"index, follow, max-snippet:-1, max-image-preview:large, max-video-preview:-1\" \/>\n<link rel=\"canonical\" href=\"https:\/\/www.justiceinfo.net\/fr\/1517-rdc-les-medias-publics-accuses-de-faire-campagne-pour-un-troisieme-mandat-de-kabila.html\" \/>\n<meta property=\"og:locale\" content=\"fr_FR\" \/>\n<meta property=\"og:type\" content=\"article\" \/>\n<meta property=\"og:title\" content=\"RDC : les m\u00e9dias publics accus\u00e9s de faire campagne pour un troisi\u00e8me mandat de Kabila\" \/>\n<meta property=\"og:description\" content=\"Une trentaine d\u2019organisations de la soci\u00e9t\u00e9 civile congolaise accusent la radio-t\u00e9l\u00e9vision nationale (RTNC) de battre campagne en faveur d\u2019un possible troisi\u00e8me mandat du pr\u00e9sident Joseph Kabila, rapporte Radio Okapi. \u00a0A l\u2019occasion d\u2019une conf\u00e9rence de presse jeudi \u00e0 Kinshasa, ces ONG ont d\u00e9nonc\u00e9 \u00abla manipulation populaire que les journalistes de la RTNC sont en en train [&hellip;]\" \/>\n<meta property=\"og:url\" content=\"https:\/\/www.justiceinfo.net\/fr\/1517-rdc-les-medias-publics-accuses-de-faire-campagne-pour-un-troisieme-mandat-de-kabila.html\" \/>\n<meta property=\"og:site_name\" content=\"JusticeInfo.net\" \/>\n<meta property=\"article:publisher\" content=\"https:\/\/www.facebook.com\/JusticeInfo\/\" \/>\n<meta property=\"article:published_time\" content=\"2015-08-07T07:39:20+00:00\" \/>\n<meta property=\"og:image\" content=\"https:\/\/www.justiceinfo.net\/wp-content\/uploads\/09661fddd44609e123a27762f72b3a0e.jpg\" \/>\n\t<meta property=\"og:image:width\" content=\"650\" \/>\n\t<meta property=\"og:image:height\" content=\"365\" \/>\n\t<meta property=\"og:image:type\" content=\"image\/jpeg\" \/>\n<meta name=\"author\" content=\"JusticeInfo.Net avec Radio Okapi\" \/>\n<meta name=\"twitter:card\" content=\"summary_large_image\" \/>\n<meta name=\"twitter:creator\" content=\"@justiceinfonet\" \/>\n<meta name=\"twitter:site\" content=\"@justiceinfonet\" \/>\n<meta name=\"twitter:label1\" content=\"\u00c9crit par\" \/>\n\t<meta name=\"twitter:data1\" content=\"JusticeInfo.Net avec Radio Okapi\" \/>\n\t<meta name=\"twitter:label2\" content=\"Dur\u00e9e de lecture estim\u00e9e\" \/>\n\t<meta name=\"twitter:data2\" content=\"2 minutes\" \/>\n<script type=\"application\/ld+json\" class=\"yoast-schema-graph\">{\"@context\":\"https:\/\/schema.org\",\"@graph\":[{\"@type\":\"NewsArticle\",\"@id\":\"https:\/\/www.justiceinfo.net\/fr\/1517-rdc-les-medias-publics-accuses-de-faire-campagne-pour-un-troisieme-mandat-de-kabila.html#article\",\"isPartOf\":{\"@id\":\"https:\/\/www.justiceinfo.net\/fr\/1517-rdc-les-medias-publics-accuses-de-faire-campagne-pour-un-troisieme-mandat-de-kabila.html\"},\"author\":{\"name\":\"solivri\",\"@id\":\"https:\/\/www.justiceinfo.net\/fr#\/schema\/person\/6e53cba1629e2e66f3fc1821d3091865\"},\"headline\":\"RDC : les m\u00e9dias publics accus\u00e9s de faire campagne pour un troisi\u00e8me mandat de Kabila\",\"datePublished\":\"2015-08-07T07:39:20+00:00\",\"mainEntityOfPage\":{\"@id\":\"https:\/\/www.justiceinfo.net\/fr\/1517-rdc-les-medias-publics-accuses-de-faire-campagne-pour-un-troisieme-mandat-de-kabila.html\"},\"wordCount\":414,\"commentCount\":0,\"publisher\":{\"@id\":\"https:\/\/www.justiceinfo.net\/fr#organization\"},\"image\":{\"@id\":\"https:\/\/www.justiceinfo.net\/fr\/1517-rdc-les-medias-publics-accuses-de-faire-campagne-pour-un-troisieme-mandat-de-kabila.html#primaryimage\"},\"thumbnailUrl\":\"https:\/\/www.justiceinfo.net\/wp-content\/uploads\/09661fddd44609e123a27762f72b3a0e.jpg\",\"articleSection\":[\"R\u00e9conciliation\"],\"inLanguage\":\"fr-FR\",\"potentialAction\":[{\"@type\":\"CommentAction\",\"name\":\"Comment\",\"target\":[\"https:\/\/www.justiceinfo.net\/fr\/1517-rdc-les-medias-publics-accuses-de-faire-campagne-pour-un-troisieme-mandat-de-kabila.html#respond\"]}]},{\"@type\":\"WebPage\",\"@id\":\"https:\/\/www.justiceinfo.net\/fr\/1517-rdc-les-medias-publics-accuses-de-faire-campagne-pour-un-troisieme-mandat-de-kabila.html\",\"url\":\"https:\/\/www.justiceinfo.net\/fr\/1517-rdc-les-medias-publics-accuses-de-faire-campagne-pour-un-troisieme-mandat-de-kabila.html\",\"name\":\"RDC : les m\u00e9dias publics accus\u00e9s de faire campagne pour un troisi\u00e8me mandat de Kabila - JusticeInfo.net\",\"isPartOf\":{\"@id\":\"https:\/\/www.justiceinfo.net\/fr#website\"},\"primaryImageOfPage\":{\"@id\":\"https:\/\/www.justiceinfo.net\/fr\/1517-rdc-les-medias-publics-accuses-de-faire-campagne-pour-un-troisieme-mandat-de-kabila.html#primaryimage\"},\"image\":{\"@id\":\"https:\/\/www.justiceinfo.net\/fr\/1517-rdc-les-medias-publics-accuses-de-faire-campagne-pour-un-troisieme-mandat-de-kabila.html#primaryimage\"},\"thumbnailUrl\":\"https:\/\/www.justiceinfo.net\/wp-content\/uploads\/09661fddd44609e123a27762f72b3a0e.jpg\",\"datePublished\":\"2015-08-07T07:39:20+00:00\",\"breadcrumb\":{\"@id\":\"https:\/\/www.justiceinfo.net\/fr\/1517-rdc-les-medias-publics-accuses-de-faire-campagne-pour-un-troisieme-mandat-de-kabila.html#breadcrumb\"},\"inLanguage\":\"fr-FR\",\"potentialAction\":[{\"@type\":\"ReadAction\",\"target\":[\"https:\/\/www.justiceinfo.net\/fr\/1517-rdc-les-medias-publics-accuses-de-faire-campagne-pour-un-troisieme-mandat-de-kabila.html\"]}]},{\"@type\":\"ImageObject\",\"inLanguage\":\"fr-FR\",\"@id\":\"https:\/\/www.justiceinfo.net\/fr\/1517-rdc-les-medias-publics-accuses-de-faire-campagne-pour-un-troisieme-mandat-de-kabila.html#primaryimage\",\"url\":\"https:\/\/www.justiceinfo.net\/wp-content\/uploads\/09661fddd44609e123a27762f72b3a0e.jpg\",\"contentUrl\":\"https:\/\/www.justiceinfo.net\/wp-content\/uploads\/09661fddd44609e123a27762f72b3a0e.jpg\",\"width\":650,\"height\":365},{\"@type\":\"BreadcrumbList\",\"@id\":\"https:\/\/www.justiceinfo.net\/fr\/1517-rdc-les-medias-publics-accuses-de-faire-campagne-pour-un-troisieme-mandat-de-kabila.html#breadcrumb\",\"itemListElement\":[{\"@type\":\"ListItem\",\"position\":1,\"name\":\"Home\",\"item\":\"https:\/\/www.justiceinfo.net\/fr\"},{\"@type\":\"ListItem\",\"position\":2,\"name\":\"RDC : les m\u00e9dias publics accus\u00e9s de faire campagne pour un troisi\u00e8me mandat de Kabila\"}]},{\"@type\":\"WebSite\",\"@id\":\"https:\/\/www.justiceinfo.net\/fr#website\",\"url\":\"https:\/\/www.justiceinfo.net\/fr\",\"name\":\"JusticeInfo.net\",\"description\":\"La justice doit \u00eatre vue pour \u00eatre rendue\",\"publisher\":{\"@id\":\"https:\/\/www.justiceinfo.net\/fr#organization\"},\"potentialAction\":[{\"@type\":\"SearchAction\",\"target\":{\"@type\":\"EntryPoint\",\"urlTemplate\":\"https:\/\/www.justiceinfo.net\/fr?s={search_term_string}\"},\"query-input\":{\"@type\":\"PropertyValueSpecification\",\"valueRequired\":true,\"valueName\":\"search_term_string\"}}],\"inLanguage\":\"fr-FR\"},{\"@type\":\"Organization\",\"@id\":\"https:\/\/www.justiceinfo.net\/fr#organization\",\"name\":\"Justice Info\",\"url\":\"https:\/\/www.justiceinfo.net\/fr\",\"logo\":{\"@type\":\"ImageObject\",\"inLanguage\":\"fr-FR\",\"@id\":\"https:\/\/www.justiceinfo.net\/fr#\/schema\/logo\/image\/\",\"url\":\"https:\/\/www.justiceinfo.net\/wp-content\/uploads\/justiceinfo_logo-trans_1200x1200px.png\",\"contentUrl\":\"https:\/\/www.justiceinfo.net\/wp-content\/uploads\/justiceinfo_logo-trans_1200x1200px.png\",\"width\":1199,\"height\":1200,\"caption\":\"Justice Info\"},\"image\":{\"@id\":\"https:\/\/www.justiceinfo.net\/fr#\/schema\/logo\/image\/\"},\"sameAs\":[\"https:\/\/www.facebook.com\/JusticeInfo\/\",\"https:\/\/x.com\/justiceinfonet\",\"https:\/\/www.linkedin.com\/company\/justice-info\",\"https:\/\/www.youtube.com\/channel\/UCyCEsARodyuWtkWyhn-e7pA\"]},{\"@type\":\"Person\",\"name\":\"JusticeInfo.Net avec Radio Okapi\",\"url\":\"\/fr\/?s=JusticeInfo.Net avec Radio Okapi\"}]}<\/script>\n<!-- \/ Yoast SEO Premium plugin. -->","yoast_head_json":{"title":"RDC : les m\u00e9dias publics accus\u00e9s de faire campagne pour un troisi\u00e8me mandat de Kabila - JusticeInfo.net","robots":{"index":"index","follow":"follow","max-snippet":"max-snippet:-1","max-image-preview":"max-image-preview:large","max-video-preview":"max-video-preview:-1"},"canonical":"https:\/\/www.justiceinfo.net\/fr\/1517-rdc-les-medias-publics-accuses-de-faire-campagne-pour-un-troisieme-mandat-de-kabila.html","og_locale":"fr_FR","og_type":"article","og_title":"RDC : les m\u00e9dias publics accus\u00e9s de faire campagne pour un troisi\u00e8me mandat de Kabila","og_description":"Une trentaine d\u2019organisations de la soci\u00e9t\u00e9 civile congolaise accusent la radio-t\u00e9l\u00e9vision nationale (RTNC) de battre campagne en faveur d\u2019un possible troisi\u00e8me mandat du pr\u00e9sident Joseph Kabila, rapporte Radio Okapi. \u00a0A l\u2019occasion d\u2019une conf\u00e9rence de presse jeudi \u00e0 Kinshasa, ces ONG ont d\u00e9nonc\u00e9 \u00abla manipulation populaire que les journalistes de la RTNC sont en en train [&hellip;]","og_url":"https:\/\/www.justiceinfo.net\/fr\/1517-rdc-les-medias-publics-accuses-de-faire-campagne-pour-un-troisieme-mandat-de-kabila.html","og_site_name":"JusticeInfo.net","article_publisher":"https:\/\/www.facebook.com\/JusticeInfo\/","article_published_time":"2015-08-07T07:39:20+00:00","og_image":[{"width":650,"height":365,"url":"https:\/\/www.justiceinfo.net\/wp-content\/uploads\/09661fddd44609e123a27762f72b3a0e.jpg","type":"image\/jpeg"}],"author":"JusticeInfo.Net avec Radio Okapi","twitter_card":"summary_large_image","twitter_creator":"@justiceinfonet","twitter_site":"@justiceinfonet","twitter_misc":{"\u00c9crit par":"JusticeInfo.Net avec Radio Okapi","Dur\u00e9e de lecture estim\u00e9e":"2 minutes"},"schema":{"@context":"https:\/\/schema.org","@graph":[{"@type":"NewsArticle","@id":"https:\/\/www.justiceinfo.net\/fr\/1517-rdc-les-medias-publics-accuses-de-faire-campagne-pour-un-troisieme-mandat-de-kabila.html#article","isPartOf":{"@id":"https:\/\/www.justiceinfo.net\/fr\/1517-rdc-les-medias-publics-accuses-de-faire-campagne-pour-un-troisieme-mandat-de-kabila.html"},"author":{"name":"solivri","@id":"https:\/\/www.justiceinfo.net\/fr#\/schema\/person\/6e53cba1629e2e66f3fc1821d3091865"},"headline":"RDC : les m\u00e9dias publics accus\u00e9s de faire campagne pour un troisi\u00e8me mandat de Kabila","datePublished":"2015-08-07T07:39:20+00:00","mainEntityOfPage":{"@id":"https:\/\/www.justiceinfo.net\/fr\/1517-rdc-les-medias-publics-accuses-de-faire-campagne-pour-un-troisieme-mandat-de-kabila.html"},"wordCount":414,"commentCount":0,"publisher":{"@id":"https:\/\/www.justiceinfo.net\/fr#organization"},"image":{"@id":"https:\/\/www.justiceinfo.net\/fr\/1517-rdc-les-medias-publics-accuses-de-faire-campagne-pour-un-troisieme-mandat-de-kabila.html#primaryimage"},"thumbnailUrl":"https:\/\/www.justiceinfo.net\/wp-content\/uploads\/09661fddd44609e123a27762f72b3a0e.jpg","articleSection":["R\u00e9conciliation"],"inLanguage":"fr-FR","potentialAction":[{"@type":"CommentAction","name":"Comment","target":["https:\/\/www.justiceinfo.net\/fr\/1517-rdc-les-medias-publics-accuses-de-faire-campagne-pour-un-troisieme-mandat-de-kabila.html#respond"]}]},{"@type":"WebPage","@id":"https:\/\/www.justiceinfo.net\/fr\/1517-rdc-les-medias-publics-accuses-de-faire-campagne-pour-un-troisieme-mandat-de-kabila.html","url":"https:\/\/www.justiceinfo.net\/fr\/1517-rdc-les-medias-publics-accuses-de-faire-campagne-pour-un-troisieme-mandat-de-kabila.html","name":"RDC : les m\u00e9dias publics accus\u00e9s de faire campagne pour un troisi\u00e8me mandat de Kabila - JusticeInfo.net","isPartOf":{"@id":"https:\/\/www.justiceinfo.net\/fr#website"},"primaryImageOfPage":{"@id":"https:\/\/www.justiceinfo.net\/fr\/1517-rdc-les-medias-publics-accuses-de-faire-campagne-pour-un-troisieme-mandat-de-kabila.html#primaryimage"},"image":{"@id":"https:\/\/www.justiceinfo.net\/fr\/1517-rdc-les-medias-publics-accuses-de-faire-campagne-pour-un-troisieme-mandat-de-kabila.html#primaryimage"},"thumbnailUrl":"https:\/\/www.justiceinfo.net\/wp-content\/uploads\/09661fddd44609e123a27762f72b3a0e.jpg","datePublished":"2015-08-07T07:39:20+00:00","breadcrumb":{"@id":"https:\/\/www.justiceinfo.net\/fr\/1517-rdc-les-medias-publics-accuses-de-faire-campagne-pour-un-troisieme-mandat-de-kabila.html#breadcrumb"},"inLanguage":"fr-FR","potentialAction":[{"@type":"ReadAction","target":["https:\/\/www.justiceinfo.net\/fr\/1517-rdc-les-medias-publics-accuses-de-faire-campagne-pour-un-troisieme-mandat-de-kabila.html"]}]},{"@type":"ImageObject","inLanguage":"fr-FR","@id":"https:\/\/www.justiceinfo.net\/fr\/1517-rdc-les-medias-publics-accuses-de-faire-campagne-pour-un-troisieme-mandat-de-kabila.html#primaryimage","url":"https:\/\/www.justiceinfo.net\/wp-content\/uploads\/09661fddd44609e123a27762f72b3a0e.jpg","contentUrl":"https:\/\/www.justiceinfo.net\/wp-content\/uploads\/09661fddd44609e123a27762f72b3a0e.jpg","width":650,"height":365},{"@type":"BreadcrumbList","@id":"https:\/\/www.justiceinfo.net\/fr\/1517-rdc-les-medias-publics-accuses-de-faire-campagne-pour-un-troisieme-mandat-de-kabila.html#breadcrumb","itemListElement":[{"@type":"ListItem","position":1,"name":"Home","item":"https:\/\/www.justiceinfo.net\/fr"},{"@type":"ListItem","position":2,"name":"RDC : les m\u00e9dias publics accus\u00e9s de faire campagne pour un troisi\u00e8me mandat de Kabila"}]},{"@type":"WebSite","@id":"https:\/\/www.justiceinfo.net\/fr#website","url":"https:\/\/www.justiceinfo.net\/fr","name":"JusticeInfo.net","description":"La justice doit \u00eatre vue pour \u00eatre rendue","publisher":{"@id":"https:\/\/www.justiceinfo.net\/fr#organization"},"potentialAction":[{"@type":"SearchAction","target":{"@type":"EntryPoint","urlTemplate":"https:\/\/www.justiceinfo.net\/fr?s={search_term_string}"},"query-input":{"@type":"PropertyValueSpecification","valueRequired":true,"valueName":"search_term_string"}}],"inLanguage":"fr-FR"},{"@type":"Organization","@id":"https:\/\/www.justiceinfo.net\/fr#organization","name":"Justice Info","url":"https:\/\/www.justiceinfo.net\/fr","logo":{"@type":"ImageObject","inLanguage":"fr-FR","@id":"https:\/\/www.justiceinfo.net\/fr#\/schema\/logo\/image\/","url":"https:\/\/www.justiceinfo.net\/wp-content\/uploads\/justiceinfo_logo-trans_1200x1200px.png","contentUrl":"https:\/\/www.justiceinfo.net\/wp-content\/uploads\/justiceinfo_logo-trans_1200x1200px.png","width":1199,"height":1200,"caption":"Justice Info"},"image":{"@id":"https:\/\/www.justiceinfo.net\/fr#\/schema\/logo\/image\/"},"sameAs":["https:\/\/www.facebook.com\/JusticeInfo\/","https:\/\/x.com\/justiceinfonet","https:\/\/www.linkedin.com\/company\/justice-info","https:\/\/www.youtube.com\/channel\/UCyCEsARodyuWtkWyhn-e7pA"]},{"@type":"Person","name":"JusticeInfo.Net avec Radio Okapi","url":"\/fr\/?s=JusticeInfo.Net avec Radio Okapi"}]}},"_links":{"self":[{"href":"https:\/\/www.justiceinfo.net\/fr\/wp-json\/wp\/v2\/posts\/1517","targetHints":{"allow":["GET"]}}],"collection":[{"href":"https:\/\/www.justiceinfo.net\/fr\/wp-json\/wp\/v2\/posts"}],"about":[{"href":"https:\/\/www.justiceinfo.net\/fr\/wp-json\/wp\/v2\/types\/post"}],"author":[{"embeddable":true,"href":"https:\/\/www.justiceinfo.net\/fr\/wp-json\/wp\/v2\/users\/64"}],"replies":[{"embeddable":true,"href":"https:\/\/www.justiceinfo.net\/fr\/wp-json\/wp\/v2\/comments?post=1517"}],"version-history":[{"count":0,"href":"https:\/\/www.justiceinfo.net\/fr\/wp-json\/wp\/v2\/posts\/1517\/revisions"}],"wp:featuredmedia":[{"embeddable":true,"href":"https:\/\/www.justiceinfo.net\/fr\/wp-json\/wp\/v2\/media\/64875"}],"wp:attachment":[{"href":"https:\/\/www.justiceinfo.net\/fr\/wp-json\/wp\/v2\/media?parent=1517"}],"wp:term":[{"taxonomy":"category","embeddable":true,"href":"https:\/\/www.justiceinfo.net\/fr\/wp-json\/wp\/v2\/categories?post=1517"},{"taxonomy":"post_tag","embeddable":true,"href":"https:\/\/www.justiceinfo.net\/fr\/wp-json\/wp\/v2\/tags?post=1517"},{"taxonomy":"ji_location","embeddable":true,"href":"https:\/\/www.justiceinfo.net\/fr\/wp-json\/wp\/v2\/ji_location?post=1517"}],"curies":[{"name":"wp","href":"https:\/\/api.w.org\/{rel}","templated":true}]}}