{"id":15177,"date":"2014-06-12T18:04:44","date_gmt":"2014-06-12T16:04:44","guid":{"rendered":"https:\/\/www.justiceinfo.net\/15177-120614-cpigbagbo-la-cpi-confirme-les-charges-contre-laurent-gbagbo.html"},"modified":"2014-06-12T18:04:44","modified_gmt":"2014-06-12T16:04:44","slug":"120614-cpigbagbo-la-cpi-confirme-les-charges-contre-laurent-gbagbo","status":"publish","type":"post","link":"https:\/\/www.justiceinfo.net\/fr\/15177-120614-cpigbagbo-la-cpi-confirme-les-charges-contre-laurent-gbagbo.html","title":{"rendered":"12.06.14 - CPI\/GBAGBO - LA CPI CONFIRME LES CHARGES CONTRE LAURENT GBAGBO"},"content":{"rendered":"<p>Arusha,\u00a0 12 juin 2014 (FH) - La Cour p\u00e9nale internationale (CPI) a confirm\u00e9 jeudi quatre charges de crimes contre l\u2019humanit\u00e9 \u00e0 l\u2019encontre de Laurent Gbagbo, envoyant ainsi l\u2019ancien pr\u00e9sident ivoirien en proc\u00e8s, apprend-on de source officielle.<\/p>\n<p><!--more--><\/p>\n<p>Il s\u2019agit de crimes de meurtre, viol, autres actes inhumains ou \u2013 \u00e0 titre subsidiaire \u2013 tentative de meurtre et pers\u00e9cution, selon un communiqu\u00e9 de la Cour qui souligne que la d\u00e9cision a \u00e9t\u00e9 prise \u00e0 la majorit\u00e9 des trois juges de la chambre pr\u00e9liminaire.Laurent Gbagbo a \u00e9t\u00e9 remis \u00e0 la CPI le 30 novembre 2011 et sa premi\u00e8re comparution devant la Cour internationale a eu lieu le 5 d\u00e9cembre de la m\u00eame ann\u00e9e. Suite \u00e0 l\u2019audience de confirmation des charges, tenue du 19 au 28 f\u00e9vrier 2013, la chambre pr\u00e9liminaire avait, \u00e0 la majorit\u00e9, ajourn\u00e9 l\u2019audience et demand\u00e9 au procureur d\u2019envisager de fournir des preuves suppl\u00e9mentaires ou de mener de nouvelles enqu\u00eates. La Chambre a ainsi re\u00e7u des \u00e9l\u00e9ments de preuves suppl\u00e9mentaires et des observations du procureur auxquels la d\u00e9fense a r\u00e9agi.Les \u00e9l\u00e9ments de preuve soumis par les parties comprenaient les d\u00e9clarations de 108 t\u00e9moins, plus de 22 000 pages de preuves documentaires ainsi qu'une importante quantit\u00e9 de mat\u00e9riel audio et vid\u00e9o. La chambre a conclu jeudi qu\u2019il y avait des motifs substantiels de croire que Laurent Gbagbo serait p\u00e9nalement coupable des quatre chefs d\u2019accusation.\u00a0Ces crimes auraient \u00e9t\u00e9\u00a0 perp\u00e9tr\u00e9s \u00e0 Abidjan, la capitale ivoirienne : d\u2019abord entre le 16 et 19 d\u00e9cembre 2010 pendant et apr\u00e8s une marche de partisans de son rival Alassane Ouattara qui se rendaient au si\u00e8ge de la Radiot\u00e9l\u00e9vision Ivoirienne (RTI), ensuite le 3 mars 2011 lors d\u2019une manifestation de femmes \u00e0 Abobo, puis le 17 mars 2011 par le bombardement au mortier d\u2019un secteur dens\u00e9ment peupl\u00e9 d\u2019Abobo et enfin le 12 avril 2011 ou vers cette date \u00e0 Yopougon.\u00a0 M. Gbagbo aurait engag\u00e9 sa responsabilit\u00e9 p\u00e9nale individuelle pour ces crimes contre l\u2019humanit\u00e9, conjointement avec les membres de son entourage imm\u00e9diat et par l\u2019interm\u00e9diaire des forces qui lui \u00e9taient acquises.La d\u00e9cision est susceptible d\u2019appel, mais avec l\u2019autorisation de la chambre qui l\u2019a rendue.Si le renvoi est confirm\u00e9, Gbagbo sera le premier ancien pr\u00e9sident \u00e0 \u00eatre jug\u00e9 par la CPI.ER<\/p>\n","protected":false},"excerpt":{"rendered":"<p>Arusha,\u00a0 12 juin 2014 (FH) - La Cour p\u00e9nale internationale (CPI) a confirm\u00e9 jeudi quatre charges de crimes contre l\u2019humanit\u00e9 \u00e0 l\u2019encontre de Laurent Gbagbo, envoyant ainsi l\u2019ancien pr\u00e9sident ivoirien en proc\u00e8s, apprend-on de source officielle.<\/p>\n","protected":false},"author":59,"featured_media":0,"comment_status":"open","ping_status":"closed","sticky":false,"template":"","format":"standard","meta":{"_acf_changed":false,"footnotes":""},"categories":[554],"tags":[],"ji_location":[],"class_list":["post-15177","post","type-post","status-publish","format-standard","hentry","category-hirondellenews"],"acf":[],"yoast_head":"<!-- This site is optimized with the Yoast SEO Premium plugin v25.3.1 (Yoast SEO v25.3.1) - https:\/\/yoast.com\/wordpress\/plugins\/seo\/ -->\n<title>12.06.14 - CPI\/GBAGBO - LA CPI CONFIRME LES CHARGES CONTRE LAURENT GBAGBO - JusticeInfo.net<\/title>\n<meta name=\"robots\" content=\"index, follow, max-snippet:-1, max-image-preview:large, max-video-preview:-1\" \/>\n<link rel=\"canonical\" href=\"https:\/\/www.justiceinfo.net\/fr\/15177-120614-cpigbagbo-la-cpi-confirme-les-charges-contre-laurent-gbagbo.html\" \/>\n<meta property=\"og:locale\" content=\"fr_FR\" \/>\n<meta property=\"og:type\" content=\"article\" \/>\n<meta property=\"og:title\" content=\"12.06.14 - CPI\/GBAGBO - LA CPI CONFIRME LES CHARGES CONTRE LAURENT GBAGBO\" \/>\n<meta property=\"og:description\" content=\"Arusha,\u00a0 12 juin 2014 (FH) - La Cour p\u00e9nale internationale (CPI) a confirm\u00e9 jeudi quatre charges de crimes contre l\u2019humanit\u00e9 \u00e0 l\u2019encontre de Laurent Gbagbo, envoyant ainsi l\u2019ancien pr\u00e9sident ivoirien en proc\u00e8s, apprend-on de source officielle.\" \/>\n<meta property=\"og:url\" content=\"https:\/\/www.justiceinfo.net\/fr\/15177-120614-cpigbagbo-la-cpi-confirme-les-charges-contre-laurent-gbagbo.html\" \/>\n<meta property=\"og:site_name\" content=\"JusticeInfo.net\" \/>\n<meta property=\"article:publisher\" content=\"https:\/\/www.facebook.com\/JusticeInfo\/\" \/>\n<meta property=\"article:author\" content=\"https:\/\/www.facebook.com\/rugiririza.ephrem.1\" \/>\n<meta property=\"article:published_time\" content=\"2014-06-12T16:04:44+00:00\" \/>\n<meta property=\"og:image\" content=\"https:\/\/www.justiceinfo.net\/wp-content\/uploads\/JusticeInfoNet_logo_1200x630px.jpg\" \/>\n\t<meta property=\"og:image:width\" content=\"1200\" \/>\n\t<meta property=\"og:image:height\" content=\"630\" \/>\n\t<meta property=\"og:image:type\" content=\"image\/jpeg\" \/>\n<meta name=\"author\" content=\"Ephrem Rugiririza\" \/>\n<meta name=\"twitter:card\" content=\"summary_large_image\" \/>\n<meta name=\"twitter:creator\" content=\"@ER72777667\" \/>\n<meta name=\"twitter:site\" content=\"@justiceinfonet\" \/>\n<meta name=\"twitter:label1\" content=\"\u00c9crit par\" \/>\n\t<meta name=\"twitter:data1\" content=\"Ephrem Rugiririza\" \/>\n\t<meta name=\"twitter:label2\" content=\"Dur\u00e9e de lecture estim\u00e9e\" \/>\n\t<meta name=\"twitter:data2\" content=\"2 minutes\" \/>\n<script type=\"application\/ld+json\" class=\"yoast-schema-graph\">{\"@context\":\"https:\/\/schema.org\",\"@graph\":[{\"@type\":\"NewsArticle\",\"@id\":\"https:\/\/www.justiceinfo.net\/fr\/15177-120614-cpigbagbo-la-cpi-confirme-les-charges-contre-laurent-gbagbo.html#article\",\"isPartOf\":{\"@id\":\"https:\/\/www.justiceinfo.net\/fr\/15177-120614-cpigbagbo-la-cpi-confirme-les-charges-contre-laurent-gbagbo.html\"},\"author\":{\"name\":\"erugiririza\",\"@id\":\"https:\/\/www.justiceinfo.net\/fr#\/schema\/person\/3c444bdbf3536fdebfdc6b3a06b2fc4a\"},\"headline\":\"12.06.14 - CPI\/GBAGBO - LA CPI CONFIRME LES CHARGES CONTRE LAURENT GBAGBO\",\"datePublished\":\"2014-06-12T16:04:44+00:00\",\"mainEntityOfPage\":{\"@id\":\"https:\/\/www.justiceinfo.net\/fr\/15177-120614-cpigbagbo-la-cpi-confirme-les-charges-contre-laurent-gbagbo.html\"},\"wordCount\":402,\"commentCount\":0,\"publisher\":{\"@id\":\"https:\/\/www.justiceinfo.net\/fr#organization\"},\"articleSection\":[\"Hirondelle News\"],\"inLanguage\":\"fr-FR\",\"potentialAction\":[{\"@type\":\"CommentAction\",\"name\":\"Comment\",\"target\":[\"https:\/\/www.justiceinfo.net\/fr\/15177-120614-cpigbagbo-la-cpi-confirme-les-charges-contre-laurent-gbagbo.html#respond\"]}]},{\"@type\":\"WebPage\",\"@id\":\"https:\/\/www.justiceinfo.net\/fr\/15177-120614-cpigbagbo-la-cpi-confirme-les-charges-contre-laurent-gbagbo.html\",\"url\":\"https:\/\/www.justiceinfo.net\/fr\/15177-120614-cpigbagbo-la-cpi-confirme-les-charges-contre-laurent-gbagbo.html\",\"name\":\"12.06.14 - CPI\/GBAGBO - LA CPI CONFIRME LES CHARGES CONTRE LAURENT GBAGBO - JusticeInfo.net\",\"isPartOf\":{\"@id\":\"https:\/\/www.justiceinfo.net\/fr#website\"},\"datePublished\":\"2014-06-12T16:04:44+00:00\",\"breadcrumb\":{\"@id\":\"https:\/\/www.justiceinfo.net\/fr\/15177-120614-cpigbagbo-la-cpi-confirme-les-charges-contre-laurent-gbagbo.html#breadcrumb\"},\"inLanguage\":\"fr-FR\",\"potentialAction\":[{\"@type\":\"ReadAction\",\"target\":[\"https:\/\/www.justiceinfo.net\/fr\/15177-120614-cpigbagbo-la-cpi-confirme-les-charges-contre-laurent-gbagbo.html\"]}]},{\"@type\":\"BreadcrumbList\",\"@id\":\"https:\/\/www.justiceinfo.net\/fr\/15177-120614-cpigbagbo-la-cpi-confirme-les-charges-contre-laurent-gbagbo.html#breadcrumb\",\"itemListElement\":[{\"@type\":\"ListItem\",\"position\":1,\"name\":\"Home\",\"item\":\"https:\/\/www.justiceinfo.net\/fr\"},{\"@type\":\"ListItem\",\"position\":2,\"name\":\"12.06.14 - CPI\/GBAGBO - LA CPI CONFIRME LES CHARGES CONTRE LAURENT GBAGBO\"}]},{\"@type\":\"WebSite\",\"@id\":\"https:\/\/www.justiceinfo.net\/fr#website\",\"url\":\"https:\/\/www.justiceinfo.net\/fr\",\"name\":\"JusticeInfo.net\",\"description\":\"La justice doit \u00eatre vue pour \u00eatre rendue\",\"publisher\":{\"@id\":\"https:\/\/www.justiceinfo.net\/fr#organization\"},\"potentialAction\":[{\"@type\":\"SearchAction\",\"target\":{\"@type\":\"EntryPoint\",\"urlTemplate\":\"https:\/\/www.justiceinfo.net\/fr?s={search_term_string}\"},\"query-input\":{\"@type\":\"PropertyValueSpecification\",\"valueRequired\":true,\"valueName\":\"search_term_string\"}}],\"inLanguage\":\"fr-FR\"},{\"@type\":\"Organization\",\"@id\":\"https:\/\/www.justiceinfo.net\/fr#organization\",\"name\":\"Justice Info\",\"url\":\"https:\/\/www.justiceinfo.net\/fr\",\"logo\":{\"@type\":\"ImageObject\",\"inLanguage\":\"fr-FR\",\"@id\":\"https:\/\/www.justiceinfo.net\/fr#\/schema\/logo\/image\/\",\"url\":\"https:\/\/www.justiceinfo.net\/wp-content\/uploads\/justiceinfo_logo-trans_1200x1200px.png\",\"contentUrl\":\"https:\/\/www.justiceinfo.net\/wp-content\/uploads\/justiceinfo_logo-trans_1200x1200px.png\",\"width\":1199,\"height\":1200,\"caption\":\"Justice Info\"},\"image\":{\"@id\":\"https:\/\/www.justiceinfo.net\/fr#\/schema\/logo\/image\/\"},\"sameAs\":[\"https:\/\/www.facebook.com\/JusticeInfo\/\",\"https:\/\/x.com\/justiceinfonet\",\"https:\/\/www.linkedin.com\/company\/justice-info\",\"https:\/\/www.youtube.com\/channel\/UCyCEsARodyuWtkWyhn-e7pA\"]},{\"@type\":\"Person\",\"name\":\"Ephrem Rugiririza\",\"sameAs\":[\"https:\/\/www.facebook.com\/rugiririza.ephrem.1\",\"https:\/\/x.com\/ER72777667\"],\"url\":\"https:\/\/www.justiceinfo.net\/fr\/auteur\/erugiririza\"}]}<\/script>\n<!-- \/ Yoast SEO Premium plugin. -->","yoast_head_json":{"title":"12.06.14 - CPI\/GBAGBO - LA CPI CONFIRME LES CHARGES CONTRE LAURENT GBAGBO - JusticeInfo.net","robots":{"index":"index","follow":"follow","max-snippet":"max-snippet:-1","max-image-preview":"max-image-preview:large","max-video-preview":"max-video-preview:-1"},"canonical":"https:\/\/www.justiceinfo.net\/fr\/15177-120614-cpigbagbo-la-cpi-confirme-les-charges-contre-laurent-gbagbo.html","og_locale":"fr_FR","og_type":"article","og_title":"12.06.14 - CPI\/GBAGBO - LA CPI CONFIRME LES CHARGES CONTRE LAURENT GBAGBO","og_description":"Arusha,\u00a0 12 juin 2014 (FH) - La Cour p\u00e9nale internationale (CPI) a confirm\u00e9 jeudi quatre charges de crimes contre l\u2019humanit\u00e9 \u00e0 l\u2019encontre de Laurent Gbagbo, envoyant ainsi l\u2019ancien pr\u00e9sident ivoirien en proc\u00e8s, apprend-on de source officielle.","og_url":"https:\/\/www.justiceinfo.net\/fr\/15177-120614-cpigbagbo-la-cpi-confirme-les-charges-contre-laurent-gbagbo.html","og_site_name":"JusticeInfo.net","article_publisher":"https:\/\/www.facebook.com\/JusticeInfo\/","article_author":"https:\/\/www.facebook.com\/rugiririza.ephrem.1","article_published_time":"2014-06-12T16:04:44+00:00","og_image":[{"width":1200,"height":630,"url":"https:\/\/www.justiceinfo.net\/wp-content\/uploads\/JusticeInfoNet_logo_1200x630px.jpg","type":"image\/jpeg"}],"author":"Ephrem Rugiririza","twitter_card":"summary_large_image","twitter_creator":"@ER72777667","twitter_site":"@justiceinfonet","twitter_misc":{"\u00c9crit par":"Ephrem Rugiririza","Dur\u00e9e de lecture estim\u00e9e":"2 minutes"},"schema":{"@context":"https:\/\/schema.org","@graph":[{"@type":"NewsArticle","@id":"https:\/\/www.justiceinfo.net\/fr\/15177-120614-cpigbagbo-la-cpi-confirme-les-charges-contre-laurent-gbagbo.html#article","isPartOf":{"@id":"https:\/\/www.justiceinfo.net\/fr\/15177-120614-cpigbagbo-la-cpi-confirme-les-charges-contre-laurent-gbagbo.html"},"author":{"name":"erugiririza","@id":"https:\/\/www.justiceinfo.net\/fr#\/schema\/person\/3c444bdbf3536fdebfdc6b3a06b2fc4a"},"headline":"12.06.14 - CPI\/GBAGBO - LA CPI CONFIRME LES CHARGES CONTRE LAURENT GBAGBO","datePublished":"2014-06-12T16:04:44+00:00","mainEntityOfPage":{"@id":"https:\/\/www.justiceinfo.net\/fr\/15177-120614-cpigbagbo-la-cpi-confirme-les-charges-contre-laurent-gbagbo.html"},"wordCount":402,"commentCount":0,"publisher":{"@id":"https:\/\/www.justiceinfo.net\/fr#organization"},"articleSection":["Hirondelle News"],"inLanguage":"fr-FR","potentialAction":[{"@type":"CommentAction","name":"Comment","target":["https:\/\/www.justiceinfo.net\/fr\/15177-120614-cpigbagbo-la-cpi-confirme-les-charges-contre-laurent-gbagbo.html#respond"]}]},{"@type":"WebPage","@id":"https:\/\/www.justiceinfo.net\/fr\/15177-120614-cpigbagbo-la-cpi-confirme-les-charges-contre-laurent-gbagbo.html","url":"https:\/\/www.justiceinfo.net\/fr\/15177-120614-cpigbagbo-la-cpi-confirme-les-charges-contre-laurent-gbagbo.html","name":"12.06.14 - CPI\/GBAGBO - LA CPI CONFIRME LES CHARGES CONTRE LAURENT GBAGBO - JusticeInfo.net","isPartOf":{"@id":"https:\/\/www.justiceinfo.net\/fr#website"},"datePublished":"2014-06-12T16:04:44+00:00","breadcrumb":{"@id":"https:\/\/www.justiceinfo.net\/fr\/15177-120614-cpigbagbo-la-cpi-confirme-les-charges-contre-laurent-gbagbo.html#breadcrumb"},"inLanguage":"fr-FR","potentialAction":[{"@type":"ReadAction","target":["https:\/\/www.justiceinfo.net\/fr\/15177-120614-cpigbagbo-la-cpi-confirme-les-charges-contre-laurent-gbagbo.html"]}]},{"@type":"BreadcrumbList","@id":"https:\/\/www.justiceinfo.net\/fr\/15177-120614-cpigbagbo-la-cpi-confirme-les-charges-contre-laurent-gbagbo.html#breadcrumb","itemListElement":[{"@type":"ListItem","position":1,"name":"Home","item":"https:\/\/www.justiceinfo.net\/fr"},{"@type":"ListItem","position":2,"name":"12.06.14 - CPI\/GBAGBO - LA CPI CONFIRME LES CHARGES CONTRE LAURENT GBAGBO"}]},{"@type":"WebSite","@id":"https:\/\/www.justiceinfo.net\/fr#website","url":"https:\/\/www.justiceinfo.net\/fr","name":"JusticeInfo.net","description":"La justice doit \u00eatre vue pour \u00eatre rendue","publisher":{"@id":"https:\/\/www.justiceinfo.net\/fr#organization"},"potentialAction":[{"@type":"SearchAction","target":{"@type":"EntryPoint","urlTemplate":"https:\/\/www.justiceinfo.net\/fr?s={search_term_string}"},"query-input":{"@type":"PropertyValueSpecification","valueRequired":true,"valueName":"search_term_string"}}],"inLanguage":"fr-FR"},{"@type":"Organization","@id":"https:\/\/www.justiceinfo.net\/fr#organization","name":"Justice Info","url":"https:\/\/www.justiceinfo.net\/fr","logo":{"@type":"ImageObject","inLanguage":"fr-FR","@id":"https:\/\/www.justiceinfo.net\/fr#\/schema\/logo\/image\/","url":"https:\/\/www.justiceinfo.net\/wp-content\/uploads\/justiceinfo_logo-trans_1200x1200px.png","contentUrl":"https:\/\/www.justiceinfo.net\/wp-content\/uploads\/justiceinfo_logo-trans_1200x1200px.png","width":1199,"height":1200,"caption":"Justice Info"},"image":{"@id":"https:\/\/www.justiceinfo.net\/fr#\/schema\/logo\/image\/"},"sameAs":["https:\/\/www.facebook.com\/JusticeInfo\/","https:\/\/x.com\/justiceinfonet","https:\/\/www.linkedin.com\/company\/justice-info","https:\/\/www.youtube.com\/channel\/UCyCEsARodyuWtkWyhn-e7pA"]},{"@type":"Person","name":"Ephrem Rugiririza","sameAs":["https:\/\/www.facebook.com\/rugiririza.ephrem.1","https:\/\/x.com\/ER72777667"],"url":"https:\/\/www.justiceinfo.net\/fr\/auteur\/erugiririza"}]}},"_links":{"self":[{"href":"https:\/\/www.justiceinfo.net\/fr\/wp-json\/wp\/v2\/posts\/15177","targetHints":{"allow":["GET"]}}],"collection":[{"href":"https:\/\/www.justiceinfo.net\/fr\/wp-json\/wp\/v2\/posts"}],"about":[{"href":"https:\/\/www.justiceinfo.net\/fr\/wp-json\/wp\/v2\/types\/post"}],"author":[{"embeddable":true,"href":"https:\/\/www.justiceinfo.net\/fr\/wp-json\/wp\/v2\/users\/59"}],"replies":[{"embeddable":true,"href":"https:\/\/www.justiceinfo.net\/fr\/wp-json\/wp\/v2\/comments?post=15177"}],"version-history":[{"count":0,"href":"https:\/\/www.justiceinfo.net\/fr\/wp-json\/wp\/v2\/posts\/15177\/revisions"}],"wp:attachment":[{"href":"https:\/\/www.justiceinfo.net\/fr\/wp-json\/wp\/v2\/media?parent=15177"}],"wp:term":[{"taxonomy":"category","embeddable":true,"href":"https:\/\/www.justiceinfo.net\/fr\/wp-json\/wp\/v2\/categories?post=15177"},{"taxonomy":"post_tag","embeddable":true,"href":"https:\/\/www.justiceinfo.net\/fr\/wp-json\/wp\/v2\/tags?post=15177"},{"taxonomy":"ji_location","embeddable":true,"href":"https:\/\/www.justiceinfo.net\/fr\/wp-json\/wp\/v2\/ji_location?post=15177"}],"curies":[{"name":"wp","href":"https:\/\/api.w.org\/{rel}","templated":true}]}}