{"id":15182,"date":"2014-06-18T11:59:56","date_gmt":"2014-06-18T09:59:56","guid":{"rendered":"https:\/\/www.justiceinfo.net\/15182-180614-rwandajustice-genocide-le-proces-en-appel-dun-conseiller-de-lex-president-rwandais-fixe-au-08-octobre.html"},"modified":"2014-06-18T11:59:56","modified_gmt":"2014-06-18T09:59:56","slug":"180614-rwandajustice-genocide-le-proces-en-appel-dun-conseiller-de-lex-president-rwandais-fixe-au-08-octobre","status":"publish","type":"post","link":"https:\/\/www.justiceinfo.net\/fr\/15182-180614-rwandajustice-genocide-le-proces-en-appel-dun-conseiller-de-lex-president-rwandais-fixe-au-08-octobre.html","title":{"rendered":"18.06.14 - RWANDA\/JUSTICE - G\u00c9NOCIDE : LE PROC\u00c8S EN APPEL D\u2019UN CONSEILLER DE L\u2019EX-PR\u00c9SIDENT RWANDAIS  FIX\u00c9 AU 08 OCTOBRE"},"content":{"rendered":"<p>Arusha, 18 juin 2014 (FH)- La justice rwandaise a fix\u00e9 mardi au 8 octobre prochain le proc\u00e8s en appel d\u2019un conseiller de l\u2019ex-pr\u00e9sident Juv\u00e9nal Habyarimana, qui avait demand\u00e9 aux juges de d\u00e9clarer irrecevable l\u2019appel interjet\u00e9 par le procureur, ont rapport\u00e9 mercredi des m\u00e9dias rwandais.<\/p>\n<p><!--more--><\/p>\n<p>Le 2 juin, Runyinya Barabwiriza et son avocat Protais Mutembe avaient fait valoir que le procureur n\u2019avait pas d\u00e9pos\u00e9 son appel dans le d\u00e9lai de six mois prescrit par la loi rwandaise.Ils avaient ainsi demand\u00e9 l\u2019extinction de la proc\u00e9dure. Pour sa part, le bureau du procureur avait rejet\u00e9 la responsabilit\u00e9 du retard au greffe de la Cour saisie de l\u2019appel.Dans sa d\u00e9cision rendue en audience publique mardi, la Haute cour du Rwanda, deuxi\u00e8me instance judiciaire apr\u00e8s la Cour supr\u00eame, a donn\u00e9 raison au procureur et fix\u00e9 l\u2019audience d\u2019appel au 8 octobre.L\u2019ancien conseiller diplomatique du pr\u00e9sident Habyarimana avait \u00e9t\u00e9 acquitt\u00e9 le 11 ao\u00fbt 2011 par le Tribunal de grande instance de Huye, dans le sud du Rwanda.Selon le jugement, le procureur n\u2019avait pas pu prouver au-del\u00e0 de tout doute raisonnable les chefs d\u2019accusation qui avaient \u00e9t\u00e9 port\u00e9es contre l\u2019ancien dignitaire : planification du g\u00e9nocide, association de malfaiteurs et incitation \u00e0 commettre le g\u00e9nocide.Runyinya \u00e9tait ainsi sorti de prison apr\u00e8s 17 ans de d\u00e9tention.Parall\u00e8lement \u00e0 ses fonctions \u00e0 la pr\u00e9sidence, Runyinya Barabwiriza enseignait \u00e0 l\u2019Universit\u00e9 nationale du Rwanda (UNR). Il avait \u00e9galement occup\u00e9, \u00e0 partir de juin 1993, la pr\u00e9sidence du Mouvement r\u00e9publicain national pour la d\u00e9mocratie et le d\u00e9veloppement (MRND), pour la pr\u00e9fecture de Butare.Du 6 avril au 5 juillet 1994, il \u00e9tait rest\u00e9 bloqu\u00e9 \u00e0 Dar-es-Salaam, en Tanzanie, en tant que membre de la d\u00e9l\u00e9gation du pr\u00e9sident Habyarimana tu\u00e9 dans l\u2019attentat contre son avion.Lorsqu\u2019il avait pr\u00e9sent\u00e9 cet alibi devant le juge, le procureur lui avait r\u00e9pliqu\u00e9 qu\u2019il avait planifi\u00e9 le g\u00e9nocide avant le 6 avril 1994 et que les massacres perp\u00e9tr\u00e9s apr\u00e8s cette date n\u2019\u00e9taient que la cons\u00e9quence logique de sa campagne pr\u00e9paratoire.Apr\u00e8s son retour au Rwanda le 5 juillet 1994, Runyinya s\u2019\u00e9tait d\u2019abord rendu \u00e0 Cyangugu (sud-ouest) avant de regagner Kigali o\u00f9 il fut arr\u00eat\u00e9 deux mois plus tard.Originaire de la pr\u00e9fecture de Gikongoro (sud), l\u2019ancien dignitaire a fait ses \u00e9tudes sup\u00e9rieures \u00e0 l\u2019Universit\u00e9 nationale du Rwanda (UNR), puis \u00e0 l\u2019Universit\u00e9 Catholique de Louvain, en Belgique et enfin \u00e0 l\u2019Universit\u00e9 de Gembloux, toujours en Belgique, l\u2019ancienne puissance coloniale de son pays.ER<\/p>\n","protected":false},"excerpt":{"rendered":"<p>Arusha, 18 juin 2014 (FH)- La justice rwandaise a fix\u00e9 mardi au 8 octobre prochain le proc\u00e8s en appel d\u2019un conseiller de l\u2019ex-pr\u00e9sident Juv\u00e9nal Habyarimana, qui avait demand\u00e9 aux juges de d\u00e9clarer irrecevable l\u2019appel interjet\u00e9 par le procureur, ont rapport\u00e9 mercredi des m\u00e9dias rwandais.<\/p>\n","protected":false},"author":59,"featured_media":0,"comment_status":"open","ping_status":"closed","sticky":false,"template":"","format":"standard","meta":{"_acf_changed":false,"footnotes":""},"categories":[554],"tags":[],"ji_location":[],"class_list":["post-15182","post","type-post","status-publish","format-standard","hentry","category-hirondellenews"],"acf":[],"yoast_head":"<!-- This site is optimized with the Yoast SEO Premium plugin v25.3.1 (Yoast SEO v25.3.1) - https:\/\/yoast.com\/wordpress\/plugins\/seo\/ -->\n<title>18.06.14 - RWANDA\/JUSTICE - G\u00c9NOCIDE : LE PROC\u00c8S EN APPEL D\u2019UN CONSEILLER DE L\u2019EX-PR\u00c9SIDENT RWANDAIS FIX\u00c9 AU 08 OCTOBRE - JusticeInfo.net<\/title>\n<meta name=\"robots\" content=\"index, follow, max-snippet:-1, max-image-preview:large, max-video-preview:-1\" \/>\n<link rel=\"canonical\" href=\"https:\/\/www.justiceinfo.net\/fr\/15182-180614-rwandajustice-genocide-le-proces-en-appel-dun-conseiller-de-lex-president-rwandais-fixe-au-08-octobre.html\" \/>\n<meta property=\"og:locale\" content=\"fr_FR\" \/>\n<meta property=\"og:type\" content=\"article\" \/>\n<meta property=\"og:title\" content=\"18.06.14 - RWANDA\/JUSTICE - G\u00c9NOCIDE : LE PROC\u00c8S EN APPEL D\u2019UN CONSEILLER DE L\u2019EX-PR\u00c9SIDENT RWANDAIS FIX\u00c9 AU 08 OCTOBRE\" \/>\n<meta property=\"og:description\" content=\"Arusha, 18 juin 2014 (FH)- La justice rwandaise a fix\u00e9 mardi au 8 octobre prochain le proc\u00e8s en appel d\u2019un conseiller de l\u2019ex-pr\u00e9sident Juv\u00e9nal Habyarimana, qui avait demand\u00e9 aux juges de d\u00e9clarer irrecevable l\u2019appel interjet\u00e9 par le procureur, ont rapport\u00e9 mercredi des m\u00e9dias rwandais.\" \/>\n<meta property=\"og:url\" content=\"https:\/\/www.justiceinfo.net\/fr\/15182-180614-rwandajustice-genocide-le-proces-en-appel-dun-conseiller-de-lex-president-rwandais-fixe-au-08-octobre.html\" \/>\n<meta property=\"og:site_name\" content=\"JusticeInfo.net\" \/>\n<meta property=\"article:publisher\" content=\"https:\/\/www.facebook.com\/JusticeInfo\/\" \/>\n<meta property=\"article:author\" content=\"https:\/\/www.facebook.com\/rugiririza.ephrem.1\" \/>\n<meta property=\"article:published_time\" content=\"2014-06-18T09:59:56+00:00\" \/>\n<meta property=\"og:image\" content=\"https:\/\/www.justiceinfo.net\/wp-content\/uploads\/JusticeInfoNet_logo_1200x630px.jpg\" \/>\n\t<meta property=\"og:image:width\" content=\"1200\" \/>\n\t<meta property=\"og:image:height\" content=\"630\" \/>\n\t<meta property=\"og:image:type\" content=\"image\/jpeg\" \/>\n<meta name=\"author\" content=\"Ephrem Rugiririza\" \/>\n<meta name=\"twitter:card\" content=\"summary_large_image\" \/>\n<meta name=\"twitter:creator\" content=\"@ER72777667\" \/>\n<meta name=\"twitter:site\" content=\"@justiceinfonet\" \/>\n<meta name=\"twitter:label1\" content=\"\u00c9crit par\" \/>\n\t<meta name=\"twitter:data1\" content=\"Ephrem Rugiririza\" \/>\n\t<meta name=\"twitter:label2\" content=\"Dur\u00e9e de lecture estim\u00e9e\" \/>\n\t<meta name=\"twitter:data2\" content=\"2 minutes\" \/>\n<script type=\"application\/ld+json\" class=\"yoast-schema-graph\">{\"@context\":\"https:\/\/schema.org\",\"@graph\":[{\"@type\":\"NewsArticle\",\"@id\":\"https:\/\/www.justiceinfo.net\/fr\/15182-180614-rwandajustice-genocide-le-proces-en-appel-dun-conseiller-de-lex-president-rwandais-fixe-au-08-octobre.html#article\",\"isPartOf\":{\"@id\":\"https:\/\/www.justiceinfo.net\/fr\/15182-180614-rwandajustice-genocide-le-proces-en-appel-dun-conseiller-de-lex-president-rwandais-fixe-au-08-octobre.html\"},\"author\":{\"name\":\"erugiririza\",\"@id\":\"https:\/\/www.justiceinfo.net\/fr#\/schema\/person\/3c444bdbf3536fdebfdc6b3a06b2fc4a\"},\"headline\":\"18.06.14 - RWANDA\/JUSTICE - G\u00c9NOCIDE : LE PROC\u00c8S EN APPEL D\u2019UN CONSEILLER DE L\u2019EX-PR\u00c9SIDENT RWANDAIS FIX\u00c9 AU 08 OCTOBRE\",\"datePublished\":\"2014-06-18T09:59:56+00:00\",\"mainEntityOfPage\":{\"@id\":\"https:\/\/www.justiceinfo.net\/fr\/15182-180614-rwandajustice-genocide-le-proces-en-appel-dun-conseiller-de-lex-president-rwandais-fixe-au-08-octobre.html\"},\"wordCount\":458,\"commentCount\":0,\"publisher\":{\"@id\":\"https:\/\/www.justiceinfo.net\/fr#organization\"},\"articleSection\":[\"Hirondelle News\"],\"inLanguage\":\"fr-FR\",\"potentialAction\":[{\"@type\":\"CommentAction\",\"name\":\"Comment\",\"target\":[\"https:\/\/www.justiceinfo.net\/fr\/15182-180614-rwandajustice-genocide-le-proces-en-appel-dun-conseiller-de-lex-president-rwandais-fixe-au-08-octobre.html#respond\"]}]},{\"@type\":\"WebPage\",\"@id\":\"https:\/\/www.justiceinfo.net\/fr\/15182-180614-rwandajustice-genocide-le-proces-en-appel-dun-conseiller-de-lex-president-rwandais-fixe-au-08-octobre.html\",\"url\":\"https:\/\/www.justiceinfo.net\/fr\/15182-180614-rwandajustice-genocide-le-proces-en-appel-dun-conseiller-de-lex-president-rwandais-fixe-au-08-octobre.html\",\"name\":\"18.06.14 - RWANDA\/JUSTICE - G\u00c9NOCIDE : LE PROC\u00c8S EN APPEL D\u2019UN CONSEILLER DE L\u2019EX-PR\u00c9SIDENT RWANDAIS FIX\u00c9 AU 08 OCTOBRE - JusticeInfo.net\",\"isPartOf\":{\"@id\":\"https:\/\/www.justiceinfo.net\/fr#website\"},\"datePublished\":\"2014-06-18T09:59:56+00:00\",\"breadcrumb\":{\"@id\":\"https:\/\/www.justiceinfo.net\/fr\/15182-180614-rwandajustice-genocide-le-proces-en-appel-dun-conseiller-de-lex-president-rwandais-fixe-au-08-octobre.html#breadcrumb\"},\"inLanguage\":\"fr-FR\",\"potentialAction\":[{\"@type\":\"ReadAction\",\"target\":[\"https:\/\/www.justiceinfo.net\/fr\/15182-180614-rwandajustice-genocide-le-proces-en-appel-dun-conseiller-de-lex-president-rwandais-fixe-au-08-octobre.html\"]}]},{\"@type\":\"BreadcrumbList\",\"@id\":\"https:\/\/www.justiceinfo.net\/fr\/15182-180614-rwandajustice-genocide-le-proces-en-appel-dun-conseiller-de-lex-president-rwandais-fixe-au-08-octobre.html#breadcrumb\",\"itemListElement\":[{\"@type\":\"ListItem\",\"position\":1,\"name\":\"Home\",\"item\":\"https:\/\/www.justiceinfo.net\/fr\"},{\"@type\":\"ListItem\",\"position\":2,\"name\":\"18.06.14 - RWANDA\/JUSTICE - G\u00c9NOCIDE : LE PROC\u00c8S EN APPEL D\u2019UN CONSEILLER DE L\u2019EX-PR\u00c9SIDENT RWANDAIS FIX\u00c9 AU 08 OCTOBRE\"}]},{\"@type\":\"WebSite\",\"@id\":\"https:\/\/www.justiceinfo.net\/fr#website\",\"url\":\"https:\/\/www.justiceinfo.net\/fr\",\"name\":\"JusticeInfo.net\",\"description\":\"La justice doit \u00eatre vue pour \u00eatre rendue\",\"publisher\":{\"@id\":\"https:\/\/www.justiceinfo.net\/fr#organization\"},\"potentialAction\":[{\"@type\":\"SearchAction\",\"target\":{\"@type\":\"EntryPoint\",\"urlTemplate\":\"https:\/\/www.justiceinfo.net\/fr?s={search_term_string}\"},\"query-input\":{\"@type\":\"PropertyValueSpecification\",\"valueRequired\":true,\"valueName\":\"search_term_string\"}}],\"inLanguage\":\"fr-FR\"},{\"@type\":\"Organization\",\"@id\":\"https:\/\/www.justiceinfo.net\/fr#organization\",\"name\":\"Justice Info\",\"url\":\"https:\/\/www.justiceinfo.net\/fr\",\"logo\":{\"@type\":\"ImageObject\",\"inLanguage\":\"fr-FR\",\"@id\":\"https:\/\/www.justiceinfo.net\/fr#\/schema\/logo\/image\/\",\"url\":\"https:\/\/www.justiceinfo.net\/wp-content\/uploads\/justiceinfo_logo-trans_1200x1200px.png\",\"contentUrl\":\"https:\/\/www.justiceinfo.net\/wp-content\/uploads\/justiceinfo_logo-trans_1200x1200px.png\",\"width\":1199,\"height\":1200,\"caption\":\"Justice Info\"},\"image\":{\"@id\":\"https:\/\/www.justiceinfo.net\/fr#\/schema\/logo\/image\/\"},\"sameAs\":[\"https:\/\/www.facebook.com\/JusticeInfo\/\",\"https:\/\/x.com\/justiceinfonet\",\"https:\/\/www.linkedin.com\/company\/justice-info\",\"https:\/\/www.youtube.com\/channel\/UCyCEsARodyuWtkWyhn-e7pA\"]},{\"@type\":\"Person\",\"name\":\"Ephrem Rugiririza\",\"sameAs\":[\"https:\/\/www.facebook.com\/rugiririza.ephrem.1\",\"https:\/\/x.com\/ER72777667\"],\"url\":\"https:\/\/www.justiceinfo.net\/fr\/auteur\/erugiririza\"}]}<\/script>\n<!-- \/ Yoast SEO Premium plugin. -->","yoast_head_json":{"title":"18.06.14 - RWANDA\/JUSTICE - G\u00c9NOCIDE : LE PROC\u00c8S EN APPEL D\u2019UN CONSEILLER DE L\u2019EX-PR\u00c9SIDENT RWANDAIS FIX\u00c9 AU 08 OCTOBRE - JusticeInfo.net","robots":{"index":"index","follow":"follow","max-snippet":"max-snippet:-1","max-image-preview":"max-image-preview:large","max-video-preview":"max-video-preview:-1"},"canonical":"https:\/\/www.justiceinfo.net\/fr\/15182-180614-rwandajustice-genocide-le-proces-en-appel-dun-conseiller-de-lex-president-rwandais-fixe-au-08-octobre.html","og_locale":"fr_FR","og_type":"article","og_title":"18.06.14 - RWANDA\/JUSTICE - G\u00c9NOCIDE : LE PROC\u00c8S EN APPEL D\u2019UN CONSEILLER DE L\u2019EX-PR\u00c9SIDENT RWANDAIS FIX\u00c9 AU 08 OCTOBRE","og_description":"Arusha, 18 juin 2014 (FH)- La justice rwandaise a fix\u00e9 mardi au 8 octobre prochain le proc\u00e8s en appel d\u2019un conseiller de l\u2019ex-pr\u00e9sident Juv\u00e9nal Habyarimana, qui avait demand\u00e9 aux juges de d\u00e9clarer irrecevable l\u2019appel interjet\u00e9 par le procureur, ont rapport\u00e9 mercredi des m\u00e9dias rwandais.","og_url":"https:\/\/www.justiceinfo.net\/fr\/15182-180614-rwandajustice-genocide-le-proces-en-appel-dun-conseiller-de-lex-president-rwandais-fixe-au-08-octobre.html","og_site_name":"JusticeInfo.net","article_publisher":"https:\/\/www.facebook.com\/JusticeInfo\/","article_author":"https:\/\/www.facebook.com\/rugiririza.ephrem.1","article_published_time":"2014-06-18T09:59:56+00:00","og_image":[{"width":1200,"height":630,"url":"https:\/\/www.justiceinfo.net\/wp-content\/uploads\/JusticeInfoNet_logo_1200x630px.jpg","type":"image\/jpeg"}],"author":"Ephrem Rugiririza","twitter_card":"summary_large_image","twitter_creator":"@ER72777667","twitter_site":"@justiceinfonet","twitter_misc":{"\u00c9crit par":"Ephrem Rugiririza","Dur\u00e9e de lecture estim\u00e9e":"2 minutes"},"schema":{"@context":"https:\/\/schema.org","@graph":[{"@type":"NewsArticle","@id":"https:\/\/www.justiceinfo.net\/fr\/15182-180614-rwandajustice-genocide-le-proces-en-appel-dun-conseiller-de-lex-president-rwandais-fixe-au-08-octobre.html#article","isPartOf":{"@id":"https:\/\/www.justiceinfo.net\/fr\/15182-180614-rwandajustice-genocide-le-proces-en-appel-dun-conseiller-de-lex-president-rwandais-fixe-au-08-octobre.html"},"author":{"name":"erugiririza","@id":"https:\/\/www.justiceinfo.net\/fr#\/schema\/person\/3c444bdbf3536fdebfdc6b3a06b2fc4a"},"headline":"18.06.14 - RWANDA\/JUSTICE - G\u00c9NOCIDE : LE PROC\u00c8S EN APPEL D\u2019UN CONSEILLER DE L\u2019EX-PR\u00c9SIDENT RWANDAIS FIX\u00c9 AU 08 OCTOBRE","datePublished":"2014-06-18T09:59:56+00:00","mainEntityOfPage":{"@id":"https:\/\/www.justiceinfo.net\/fr\/15182-180614-rwandajustice-genocide-le-proces-en-appel-dun-conseiller-de-lex-president-rwandais-fixe-au-08-octobre.html"},"wordCount":458,"commentCount":0,"publisher":{"@id":"https:\/\/www.justiceinfo.net\/fr#organization"},"articleSection":["Hirondelle News"],"inLanguage":"fr-FR","potentialAction":[{"@type":"CommentAction","name":"Comment","target":["https:\/\/www.justiceinfo.net\/fr\/15182-180614-rwandajustice-genocide-le-proces-en-appel-dun-conseiller-de-lex-president-rwandais-fixe-au-08-octobre.html#respond"]}]},{"@type":"WebPage","@id":"https:\/\/www.justiceinfo.net\/fr\/15182-180614-rwandajustice-genocide-le-proces-en-appel-dun-conseiller-de-lex-president-rwandais-fixe-au-08-octobre.html","url":"https:\/\/www.justiceinfo.net\/fr\/15182-180614-rwandajustice-genocide-le-proces-en-appel-dun-conseiller-de-lex-president-rwandais-fixe-au-08-octobre.html","name":"18.06.14 - RWANDA\/JUSTICE - G\u00c9NOCIDE : LE PROC\u00c8S EN APPEL D\u2019UN CONSEILLER DE L\u2019EX-PR\u00c9SIDENT RWANDAIS FIX\u00c9 AU 08 OCTOBRE - JusticeInfo.net","isPartOf":{"@id":"https:\/\/www.justiceinfo.net\/fr#website"},"datePublished":"2014-06-18T09:59:56+00:00","breadcrumb":{"@id":"https:\/\/www.justiceinfo.net\/fr\/15182-180614-rwandajustice-genocide-le-proces-en-appel-dun-conseiller-de-lex-president-rwandais-fixe-au-08-octobre.html#breadcrumb"},"inLanguage":"fr-FR","potentialAction":[{"@type":"ReadAction","target":["https:\/\/www.justiceinfo.net\/fr\/15182-180614-rwandajustice-genocide-le-proces-en-appel-dun-conseiller-de-lex-president-rwandais-fixe-au-08-octobre.html"]}]},{"@type":"BreadcrumbList","@id":"https:\/\/www.justiceinfo.net\/fr\/15182-180614-rwandajustice-genocide-le-proces-en-appel-dun-conseiller-de-lex-president-rwandais-fixe-au-08-octobre.html#breadcrumb","itemListElement":[{"@type":"ListItem","position":1,"name":"Home","item":"https:\/\/www.justiceinfo.net\/fr"},{"@type":"ListItem","position":2,"name":"18.06.14 - RWANDA\/JUSTICE - G\u00c9NOCIDE : LE PROC\u00c8S EN APPEL D\u2019UN CONSEILLER DE L\u2019EX-PR\u00c9SIDENT RWANDAIS FIX\u00c9 AU 08 OCTOBRE"}]},{"@type":"WebSite","@id":"https:\/\/www.justiceinfo.net\/fr#website","url":"https:\/\/www.justiceinfo.net\/fr","name":"JusticeInfo.net","description":"La justice doit \u00eatre vue pour \u00eatre rendue","publisher":{"@id":"https:\/\/www.justiceinfo.net\/fr#organization"},"potentialAction":[{"@type":"SearchAction","target":{"@type":"EntryPoint","urlTemplate":"https:\/\/www.justiceinfo.net\/fr?s={search_term_string}"},"query-input":{"@type":"PropertyValueSpecification","valueRequired":true,"valueName":"search_term_string"}}],"inLanguage":"fr-FR"},{"@type":"Organization","@id":"https:\/\/www.justiceinfo.net\/fr#organization","name":"Justice Info","url":"https:\/\/www.justiceinfo.net\/fr","logo":{"@type":"ImageObject","inLanguage":"fr-FR","@id":"https:\/\/www.justiceinfo.net\/fr#\/schema\/logo\/image\/","url":"https:\/\/www.justiceinfo.net\/wp-content\/uploads\/justiceinfo_logo-trans_1200x1200px.png","contentUrl":"https:\/\/www.justiceinfo.net\/wp-content\/uploads\/justiceinfo_logo-trans_1200x1200px.png","width":1199,"height":1200,"caption":"Justice Info"},"image":{"@id":"https:\/\/www.justiceinfo.net\/fr#\/schema\/logo\/image\/"},"sameAs":["https:\/\/www.facebook.com\/JusticeInfo\/","https:\/\/x.com\/justiceinfonet","https:\/\/www.linkedin.com\/company\/justice-info","https:\/\/www.youtube.com\/channel\/UCyCEsARodyuWtkWyhn-e7pA"]},{"@type":"Person","name":"Ephrem Rugiririza","sameAs":["https:\/\/www.facebook.com\/rugiririza.ephrem.1","https:\/\/x.com\/ER72777667"],"url":"https:\/\/www.justiceinfo.net\/fr\/auteur\/erugiririza"}]}},"_links":{"self":[{"href":"https:\/\/www.justiceinfo.net\/fr\/wp-json\/wp\/v2\/posts\/15182","targetHints":{"allow":["GET"]}}],"collection":[{"href":"https:\/\/www.justiceinfo.net\/fr\/wp-json\/wp\/v2\/posts"}],"about":[{"href":"https:\/\/www.justiceinfo.net\/fr\/wp-json\/wp\/v2\/types\/post"}],"author":[{"embeddable":true,"href":"https:\/\/www.justiceinfo.net\/fr\/wp-json\/wp\/v2\/users\/59"}],"replies":[{"embeddable":true,"href":"https:\/\/www.justiceinfo.net\/fr\/wp-json\/wp\/v2\/comments?post=15182"}],"version-history":[{"count":0,"href":"https:\/\/www.justiceinfo.net\/fr\/wp-json\/wp\/v2\/posts\/15182\/revisions"}],"wp:attachment":[{"href":"https:\/\/www.justiceinfo.net\/fr\/wp-json\/wp\/v2\/media?parent=15182"}],"wp:term":[{"taxonomy":"category","embeddable":true,"href":"https:\/\/www.justiceinfo.net\/fr\/wp-json\/wp\/v2\/categories?post=15182"},{"taxonomy":"post_tag","embeddable":true,"href":"https:\/\/www.justiceinfo.net\/fr\/wp-json\/wp\/v2\/tags?post=15182"},{"taxonomy":"ji_location","embeddable":true,"href":"https:\/\/www.justiceinfo.net\/fr\/wp-json\/wp\/v2\/ji_location?post=15182"}],"curies":[{"name":"wp","href":"https:\/\/api.w.org\/{rel}","templated":true}]}}