{"id":15188,"date":"2014-06-23T13:58:08","date_gmt":"2014-06-23T11:58:08","guid":{"rendered":"https:\/\/www.justiceinfo.net\/15188-230614-rwandafrance-des-jeunes-de-partis-politiques-francais-au-rwanda-pour-commemorer-le-genocide-des-tutsis.html"},"modified":"2014-06-23T13:58:08","modified_gmt":"2014-06-23T11:58:08","slug":"230614-rwandafrance-des-jeunes-de-partis-politiques-francais-au-rwanda-pour-commemorer-le-genocide-des-tutsis","status":"publish","type":"post","link":"https:\/\/www.justiceinfo.net\/fr\/15188-230614-rwandafrance-des-jeunes-de-partis-politiques-francais-au-rwanda-pour-commemorer-le-genocide-des-tutsis.html","title":{"rendered":"23.06.14- RWANDA\/FRANCE - DES JEUNES DE PARTIS POLITIQUES FRAN\u00c7AIS AU RWANDA POUR COMM\u00c9MORER LE G\u00c9NOCIDE DES TUTSIS"},"content":{"rendered":"<p>Arusha, 23 juin 2014 (FH) \u2013\u00a0 Plusieurs repr\u00e9sentants de mouvements de jeunesse de partis politiques fran\u00e7ais sont arriv\u00e9s au Rwanda dimanche pour comm\u00e9morer le g\u00e9nocide des Tutsis de 1994 dans lequel leur pays est accus\u00e9 d\u2019avoir jou\u00e9 un r\u00f4le.<\/p>\n<p><!--more--><\/p>\n<p>Emmen\u00e9e par le Mouvement antiraciste europ\u00e9en (EGAM), la d\u00e9l\u00e9gation va \u00ab comm\u00e9morera le g\u00e9nocide des Tutsis \u00bb et\u00a0 \u00abcontribuer ainsi \u00e0 restaurer l\u2019honneur de la France et la dignit\u00e9 des victimes \u00bb, selon un communiqu\u00e9 de l\u2019EGAM.\u00ab 20 ans apr\u00e8s, une partie de la classe politique fran\u00e7aise continue d\u2019obstruer l\u2019\u00e9clatement de la v\u00e9rit\u00e9 concernant la collaboration de certains hauts responsables fran\u00e7ais avec le r\u00e9gime g\u00e9nocidaire au Rwanda avant, pendant et apr\u00e8s le g\u00e9nocide contre les Tutsis \u00bb, souligne le Mouvement antiraciste europ\u00e9en, dans ce communiqu\u00e9.\u00abLa nouvelle g\u00e9n\u00e9ration engag\u00e9e rejette l\u2019h\u00e9ritage empoisonn\u00e9 de la collaboration que l\u2019on tente de lui imposer, interpelle la g\u00e9n\u00e9ration pr\u00e9c\u00e9dente sur ses silences et sur les responsabilit\u00e9s des personnalit\u00e9s concern\u00e9es, et exige de conna\u00eetre\u00a0 la v\u00e9rit\u00e9, maintenant \u00bb, conclut le texte.\u00ab Comme tout crime contre l\u2019humanit\u00e9, le g\u00e9nocide des Tutsis du Rwanda nous concerne. D\u2019autant que ce crime fait aussi partie de l\u2019histoire de notre pays. Notre g\u00e9n\u00e9ration refuse la loi du silence et r\u00e9clame la v\u00e9rit\u00e9. C\u2019est pourquoi nous irons, ensemble, au Rwanda, o\u00f9 nous porterons ce message \u00e0 la soci\u00e9t\u00e9 civile et aux jeunes g\u00e9n\u00e9rations rwandaises \u00bb, \u00e9crivaient ces mouvements la semaine derni\u00e8re.Cr\u00e9\u00e9 en 2010, le Mouvement antiraciste\u00a0 europ\u00e9en (EGAM)\u00a0 rassemble les principales organisations antiracistes de plus de 30 pays.L\u2019objectif est de lutter contre le racisme, l\u2019antis\u00e9mitisme, les discriminations raciales et le n\u00e9gationnisme, et pour une Europe de l\u2019\u00e9galit\u00e9 et de la solidarit\u00e9.ER<\/p>\n","protected":false},"excerpt":{"rendered":"<p>Arusha, 23 juin 2014 (FH) \u2013\u00a0 Plusieurs repr\u00e9sentants de mouvements de jeunesse de partis politiques fran\u00e7ais sont arriv\u00e9s au Rwanda dimanche pour comm\u00e9morer le g\u00e9nocide des Tutsis de 1994 dans lequel leur pays est accus\u00e9 d\u2019avoir jou\u00e9 un r\u00f4le.<\/p>\n","protected":false},"author":59,"featured_media":0,"comment_status":"open","ping_status":"closed","sticky":false,"template":"","format":"standard","meta":{"_acf_changed":false,"footnotes":""},"categories":[554],"tags":[],"ji_location":[],"class_list":["post-15188","post","type-post","status-publish","format-standard","hentry","category-hirondellenews"],"acf":[],"yoast_head":"<!-- This site is optimized with the Yoast SEO Premium plugin v25.3.1 (Yoast SEO v25.3.1) - https:\/\/yoast.com\/wordpress\/plugins\/seo\/ -->\n<title>23.06.14- RWANDA\/FRANCE - DES JEUNES DE PARTIS POLITIQUES FRAN\u00c7AIS AU RWANDA POUR COMM\u00c9MORER LE G\u00c9NOCIDE DES TUTSIS - JusticeInfo.net<\/title>\n<meta name=\"robots\" content=\"index, follow, max-snippet:-1, max-image-preview:large, max-video-preview:-1\" \/>\n<link rel=\"canonical\" href=\"https:\/\/www.justiceinfo.net\/fr\/15188-230614-rwandafrance-des-jeunes-de-partis-politiques-francais-au-rwanda-pour-commemorer-le-genocide-des-tutsis.html\" \/>\n<meta property=\"og:locale\" content=\"fr_FR\" \/>\n<meta property=\"og:type\" content=\"article\" \/>\n<meta property=\"og:title\" content=\"23.06.14- RWANDA\/FRANCE - DES JEUNES DE PARTIS POLITIQUES FRAN\u00c7AIS AU RWANDA POUR COMM\u00c9MORER LE G\u00c9NOCIDE DES TUTSIS\" \/>\n<meta property=\"og:description\" content=\"Arusha, 23 juin 2014 (FH) \u2013\u00a0 Plusieurs repr\u00e9sentants de mouvements de jeunesse de partis politiques fran\u00e7ais sont arriv\u00e9s au Rwanda dimanche pour comm\u00e9morer le g\u00e9nocide des Tutsis de 1994 dans lequel leur pays est accus\u00e9 d\u2019avoir jou\u00e9 un r\u00f4le.\" \/>\n<meta property=\"og:url\" content=\"https:\/\/www.justiceinfo.net\/fr\/15188-230614-rwandafrance-des-jeunes-de-partis-politiques-francais-au-rwanda-pour-commemorer-le-genocide-des-tutsis.html\" \/>\n<meta property=\"og:site_name\" content=\"JusticeInfo.net\" \/>\n<meta property=\"article:publisher\" content=\"https:\/\/www.facebook.com\/JusticeInfo\/\" \/>\n<meta property=\"article:author\" content=\"https:\/\/www.facebook.com\/rugiririza.ephrem.1\" \/>\n<meta property=\"article:published_time\" content=\"2014-06-23T11:58:08+00:00\" \/>\n<meta property=\"og:image\" content=\"https:\/\/www.justiceinfo.net\/wp-content\/uploads\/JusticeInfoNet_logo_1200x630px.jpg\" \/>\n\t<meta property=\"og:image:width\" content=\"1200\" \/>\n\t<meta property=\"og:image:height\" content=\"630\" \/>\n\t<meta property=\"og:image:type\" content=\"image\/jpeg\" \/>\n<meta name=\"author\" content=\"Ephrem Rugiririza\" \/>\n<meta name=\"twitter:card\" content=\"summary_large_image\" \/>\n<meta name=\"twitter:creator\" content=\"@ER72777667\" \/>\n<meta name=\"twitter:site\" content=\"@justiceinfonet\" \/>\n<meta name=\"twitter:label1\" content=\"\u00c9crit par\" \/>\n\t<meta name=\"twitter:data1\" content=\"Ephrem Rugiririza\" \/>\n\t<meta name=\"twitter:label2\" content=\"Dur\u00e9e de lecture estim\u00e9e\" \/>\n\t<meta name=\"twitter:data2\" content=\"2 minutes\" \/>\n<script type=\"application\/ld+json\" class=\"yoast-schema-graph\">{\"@context\":\"https:\/\/schema.org\",\"@graph\":[{\"@type\":\"NewsArticle\",\"@id\":\"https:\/\/www.justiceinfo.net\/fr\/15188-230614-rwandafrance-des-jeunes-de-partis-politiques-francais-au-rwanda-pour-commemorer-le-genocide-des-tutsis.html#article\",\"isPartOf\":{\"@id\":\"https:\/\/www.justiceinfo.net\/fr\/15188-230614-rwandafrance-des-jeunes-de-partis-politiques-francais-au-rwanda-pour-commemorer-le-genocide-des-tutsis.html\"},\"author\":{\"name\":\"erugiririza\",\"@id\":\"https:\/\/www.justiceinfo.net\/fr#\/schema\/person\/3c444bdbf3536fdebfdc6b3a06b2fc4a\"},\"headline\":\"23.06.14- RWANDA\/FRANCE - DES JEUNES DE PARTIS POLITIQUES FRAN\u00c7AIS AU RWANDA POUR COMM\u00c9MORER LE G\u00c9NOCIDE DES TUTSIS\",\"datePublished\":\"2014-06-23T11:58:08+00:00\",\"mainEntityOfPage\":{\"@id\":\"https:\/\/www.justiceinfo.net\/fr\/15188-230614-rwandafrance-des-jeunes-de-partis-politiques-francais-au-rwanda-pour-commemorer-le-genocide-des-tutsis.html\"},\"wordCount\":338,\"commentCount\":0,\"publisher\":{\"@id\":\"https:\/\/www.justiceinfo.net\/fr#organization\"},\"articleSection\":[\"Hirondelle News\"],\"inLanguage\":\"fr-FR\",\"potentialAction\":[{\"@type\":\"CommentAction\",\"name\":\"Comment\",\"target\":[\"https:\/\/www.justiceinfo.net\/fr\/15188-230614-rwandafrance-des-jeunes-de-partis-politiques-francais-au-rwanda-pour-commemorer-le-genocide-des-tutsis.html#respond\"]}]},{\"@type\":\"WebPage\",\"@id\":\"https:\/\/www.justiceinfo.net\/fr\/15188-230614-rwandafrance-des-jeunes-de-partis-politiques-francais-au-rwanda-pour-commemorer-le-genocide-des-tutsis.html\",\"url\":\"https:\/\/www.justiceinfo.net\/fr\/15188-230614-rwandafrance-des-jeunes-de-partis-politiques-francais-au-rwanda-pour-commemorer-le-genocide-des-tutsis.html\",\"name\":\"23.06.14- RWANDA\/FRANCE - DES JEUNES DE PARTIS POLITIQUES FRAN\u00c7AIS AU RWANDA POUR COMM\u00c9MORER LE G\u00c9NOCIDE DES TUTSIS - JusticeInfo.net\",\"isPartOf\":{\"@id\":\"https:\/\/www.justiceinfo.net\/fr#website\"},\"datePublished\":\"2014-06-23T11:58:08+00:00\",\"breadcrumb\":{\"@id\":\"https:\/\/www.justiceinfo.net\/fr\/15188-230614-rwandafrance-des-jeunes-de-partis-politiques-francais-au-rwanda-pour-commemorer-le-genocide-des-tutsis.html#breadcrumb\"},\"inLanguage\":\"fr-FR\",\"potentialAction\":[{\"@type\":\"ReadAction\",\"target\":[\"https:\/\/www.justiceinfo.net\/fr\/15188-230614-rwandafrance-des-jeunes-de-partis-politiques-francais-au-rwanda-pour-commemorer-le-genocide-des-tutsis.html\"]}]},{\"@type\":\"BreadcrumbList\",\"@id\":\"https:\/\/www.justiceinfo.net\/fr\/15188-230614-rwandafrance-des-jeunes-de-partis-politiques-francais-au-rwanda-pour-commemorer-le-genocide-des-tutsis.html#breadcrumb\",\"itemListElement\":[{\"@type\":\"ListItem\",\"position\":1,\"name\":\"Home\",\"item\":\"https:\/\/www.justiceinfo.net\/fr\"},{\"@type\":\"ListItem\",\"position\":2,\"name\":\"23.06.14- RWANDA\/FRANCE - DES JEUNES DE PARTIS POLITIQUES FRAN\u00c7AIS AU RWANDA POUR COMM\u00c9MORER LE G\u00c9NOCIDE DES TUTSIS\"}]},{\"@type\":\"WebSite\",\"@id\":\"https:\/\/www.justiceinfo.net\/fr#website\",\"url\":\"https:\/\/www.justiceinfo.net\/fr\",\"name\":\"JusticeInfo.net\",\"description\":\"La justice doit \u00eatre vue pour \u00eatre rendue\",\"publisher\":{\"@id\":\"https:\/\/www.justiceinfo.net\/fr#organization\"},\"potentialAction\":[{\"@type\":\"SearchAction\",\"target\":{\"@type\":\"EntryPoint\",\"urlTemplate\":\"https:\/\/www.justiceinfo.net\/fr?s={search_term_string}\"},\"query-input\":{\"@type\":\"PropertyValueSpecification\",\"valueRequired\":true,\"valueName\":\"search_term_string\"}}],\"inLanguage\":\"fr-FR\"},{\"@type\":\"Organization\",\"@id\":\"https:\/\/www.justiceinfo.net\/fr#organization\",\"name\":\"Justice Info\",\"url\":\"https:\/\/www.justiceinfo.net\/fr\",\"logo\":{\"@type\":\"ImageObject\",\"inLanguage\":\"fr-FR\",\"@id\":\"https:\/\/www.justiceinfo.net\/fr#\/schema\/logo\/image\/\",\"url\":\"https:\/\/www.justiceinfo.net\/wp-content\/uploads\/justiceinfo_logo-trans_1200x1200px.png\",\"contentUrl\":\"https:\/\/www.justiceinfo.net\/wp-content\/uploads\/justiceinfo_logo-trans_1200x1200px.png\",\"width\":1199,\"height\":1200,\"caption\":\"Justice Info\"},\"image\":{\"@id\":\"https:\/\/www.justiceinfo.net\/fr#\/schema\/logo\/image\/\"},\"sameAs\":[\"https:\/\/www.facebook.com\/JusticeInfo\/\",\"https:\/\/x.com\/justiceinfonet\",\"https:\/\/www.linkedin.com\/company\/justice-info\",\"https:\/\/www.youtube.com\/channel\/UCyCEsARodyuWtkWyhn-e7pA\"]},{\"@type\":\"Person\",\"name\":\"Ephrem Rugiririza\",\"sameAs\":[\"https:\/\/www.facebook.com\/rugiririza.ephrem.1\",\"https:\/\/x.com\/ER72777667\"],\"url\":\"https:\/\/www.justiceinfo.net\/fr\/auteur\/erugiririza\"}]}<\/script>\n<!-- \/ Yoast SEO Premium plugin. -->","yoast_head_json":{"title":"23.06.14- RWANDA\/FRANCE - DES JEUNES DE PARTIS POLITIQUES FRAN\u00c7AIS AU RWANDA POUR COMM\u00c9MORER LE G\u00c9NOCIDE DES TUTSIS - JusticeInfo.net","robots":{"index":"index","follow":"follow","max-snippet":"max-snippet:-1","max-image-preview":"max-image-preview:large","max-video-preview":"max-video-preview:-1"},"canonical":"https:\/\/www.justiceinfo.net\/fr\/15188-230614-rwandafrance-des-jeunes-de-partis-politiques-francais-au-rwanda-pour-commemorer-le-genocide-des-tutsis.html","og_locale":"fr_FR","og_type":"article","og_title":"23.06.14- RWANDA\/FRANCE - DES JEUNES DE PARTIS POLITIQUES FRAN\u00c7AIS AU RWANDA POUR COMM\u00c9MORER LE G\u00c9NOCIDE DES TUTSIS","og_description":"Arusha, 23 juin 2014 (FH) \u2013\u00a0 Plusieurs repr\u00e9sentants de mouvements de jeunesse de partis politiques fran\u00e7ais sont arriv\u00e9s au Rwanda dimanche pour comm\u00e9morer le g\u00e9nocide des Tutsis de 1994 dans lequel leur pays est accus\u00e9 d\u2019avoir jou\u00e9 un r\u00f4le.","og_url":"https:\/\/www.justiceinfo.net\/fr\/15188-230614-rwandafrance-des-jeunes-de-partis-politiques-francais-au-rwanda-pour-commemorer-le-genocide-des-tutsis.html","og_site_name":"JusticeInfo.net","article_publisher":"https:\/\/www.facebook.com\/JusticeInfo\/","article_author":"https:\/\/www.facebook.com\/rugiririza.ephrem.1","article_published_time":"2014-06-23T11:58:08+00:00","og_image":[{"width":1200,"height":630,"url":"https:\/\/www.justiceinfo.net\/wp-content\/uploads\/JusticeInfoNet_logo_1200x630px.jpg","type":"image\/jpeg"}],"author":"Ephrem Rugiririza","twitter_card":"summary_large_image","twitter_creator":"@ER72777667","twitter_site":"@justiceinfonet","twitter_misc":{"\u00c9crit par":"Ephrem Rugiririza","Dur\u00e9e de lecture estim\u00e9e":"2 minutes"},"schema":{"@context":"https:\/\/schema.org","@graph":[{"@type":"NewsArticle","@id":"https:\/\/www.justiceinfo.net\/fr\/15188-230614-rwandafrance-des-jeunes-de-partis-politiques-francais-au-rwanda-pour-commemorer-le-genocide-des-tutsis.html#article","isPartOf":{"@id":"https:\/\/www.justiceinfo.net\/fr\/15188-230614-rwandafrance-des-jeunes-de-partis-politiques-francais-au-rwanda-pour-commemorer-le-genocide-des-tutsis.html"},"author":{"name":"erugiririza","@id":"https:\/\/www.justiceinfo.net\/fr#\/schema\/person\/3c444bdbf3536fdebfdc6b3a06b2fc4a"},"headline":"23.06.14- RWANDA\/FRANCE - DES JEUNES DE PARTIS POLITIQUES FRAN\u00c7AIS AU RWANDA POUR COMM\u00c9MORER LE G\u00c9NOCIDE DES TUTSIS","datePublished":"2014-06-23T11:58:08+00:00","mainEntityOfPage":{"@id":"https:\/\/www.justiceinfo.net\/fr\/15188-230614-rwandafrance-des-jeunes-de-partis-politiques-francais-au-rwanda-pour-commemorer-le-genocide-des-tutsis.html"},"wordCount":338,"commentCount":0,"publisher":{"@id":"https:\/\/www.justiceinfo.net\/fr#organization"},"articleSection":["Hirondelle News"],"inLanguage":"fr-FR","potentialAction":[{"@type":"CommentAction","name":"Comment","target":["https:\/\/www.justiceinfo.net\/fr\/15188-230614-rwandafrance-des-jeunes-de-partis-politiques-francais-au-rwanda-pour-commemorer-le-genocide-des-tutsis.html#respond"]}]},{"@type":"WebPage","@id":"https:\/\/www.justiceinfo.net\/fr\/15188-230614-rwandafrance-des-jeunes-de-partis-politiques-francais-au-rwanda-pour-commemorer-le-genocide-des-tutsis.html","url":"https:\/\/www.justiceinfo.net\/fr\/15188-230614-rwandafrance-des-jeunes-de-partis-politiques-francais-au-rwanda-pour-commemorer-le-genocide-des-tutsis.html","name":"23.06.14- RWANDA\/FRANCE - DES JEUNES DE PARTIS POLITIQUES FRAN\u00c7AIS AU RWANDA POUR COMM\u00c9MORER LE G\u00c9NOCIDE DES TUTSIS - JusticeInfo.net","isPartOf":{"@id":"https:\/\/www.justiceinfo.net\/fr#website"},"datePublished":"2014-06-23T11:58:08+00:00","breadcrumb":{"@id":"https:\/\/www.justiceinfo.net\/fr\/15188-230614-rwandafrance-des-jeunes-de-partis-politiques-francais-au-rwanda-pour-commemorer-le-genocide-des-tutsis.html#breadcrumb"},"inLanguage":"fr-FR","potentialAction":[{"@type":"ReadAction","target":["https:\/\/www.justiceinfo.net\/fr\/15188-230614-rwandafrance-des-jeunes-de-partis-politiques-francais-au-rwanda-pour-commemorer-le-genocide-des-tutsis.html"]}]},{"@type":"BreadcrumbList","@id":"https:\/\/www.justiceinfo.net\/fr\/15188-230614-rwandafrance-des-jeunes-de-partis-politiques-francais-au-rwanda-pour-commemorer-le-genocide-des-tutsis.html#breadcrumb","itemListElement":[{"@type":"ListItem","position":1,"name":"Home","item":"https:\/\/www.justiceinfo.net\/fr"},{"@type":"ListItem","position":2,"name":"23.06.14- RWANDA\/FRANCE - DES JEUNES DE PARTIS POLITIQUES FRAN\u00c7AIS AU RWANDA POUR COMM\u00c9MORER LE G\u00c9NOCIDE DES TUTSIS"}]},{"@type":"WebSite","@id":"https:\/\/www.justiceinfo.net\/fr#website","url":"https:\/\/www.justiceinfo.net\/fr","name":"JusticeInfo.net","description":"La justice doit \u00eatre vue pour \u00eatre rendue","publisher":{"@id":"https:\/\/www.justiceinfo.net\/fr#organization"},"potentialAction":[{"@type":"SearchAction","target":{"@type":"EntryPoint","urlTemplate":"https:\/\/www.justiceinfo.net\/fr?s={search_term_string}"},"query-input":{"@type":"PropertyValueSpecification","valueRequired":true,"valueName":"search_term_string"}}],"inLanguage":"fr-FR"},{"@type":"Organization","@id":"https:\/\/www.justiceinfo.net\/fr#organization","name":"Justice Info","url":"https:\/\/www.justiceinfo.net\/fr","logo":{"@type":"ImageObject","inLanguage":"fr-FR","@id":"https:\/\/www.justiceinfo.net\/fr#\/schema\/logo\/image\/","url":"https:\/\/www.justiceinfo.net\/wp-content\/uploads\/justiceinfo_logo-trans_1200x1200px.png","contentUrl":"https:\/\/www.justiceinfo.net\/wp-content\/uploads\/justiceinfo_logo-trans_1200x1200px.png","width":1199,"height":1200,"caption":"Justice Info"},"image":{"@id":"https:\/\/www.justiceinfo.net\/fr#\/schema\/logo\/image\/"},"sameAs":["https:\/\/www.facebook.com\/JusticeInfo\/","https:\/\/x.com\/justiceinfonet","https:\/\/www.linkedin.com\/company\/justice-info","https:\/\/www.youtube.com\/channel\/UCyCEsARodyuWtkWyhn-e7pA"]},{"@type":"Person","name":"Ephrem Rugiririza","sameAs":["https:\/\/www.facebook.com\/rugiririza.ephrem.1","https:\/\/x.com\/ER72777667"],"url":"https:\/\/www.justiceinfo.net\/fr\/auteur\/erugiririza"}]}},"_links":{"self":[{"href":"https:\/\/www.justiceinfo.net\/fr\/wp-json\/wp\/v2\/posts\/15188","targetHints":{"allow":["GET"]}}],"collection":[{"href":"https:\/\/www.justiceinfo.net\/fr\/wp-json\/wp\/v2\/posts"}],"about":[{"href":"https:\/\/www.justiceinfo.net\/fr\/wp-json\/wp\/v2\/types\/post"}],"author":[{"embeddable":true,"href":"https:\/\/www.justiceinfo.net\/fr\/wp-json\/wp\/v2\/users\/59"}],"replies":[{"embeddable":true,"href":"https:\/\/www.justiceinfo.net\/fr\/wp-json\/wp\/v2\/comments?post=15188"}],"version-history":[{"count":0,"href":"https:\/\/www.justiceinfo.net\/fr\/wp-json\/wp\/v2\/posts\/15188\/revisions"}],"wp:attachment":[{"href":"https:\/\/www.justiceinfo.net\/fr\/wp-json\/wp\/v2\/media?parent=15188"}],"wp:term":[{"taxonomy":"category","embeddable":true,"href":"https:\/\/www.justiceinfo.net\/fr\/wp-json\/wp\/v2\/categories?post=15188"},{"taxonomy":"post_tag","embeddable":true,"href":"https:\/\/www.justiceinfo.net\/fr\/wp-json\/wp\/v2\/tags?post=15188"},{"taxonomy":"ji_location","embeddable":true,"href":"https:\/\/www.justiceinfo.net\/fr\/wp-json\/wp\/v2\/ji_location?post=15188"}],"curies":[{"name":"wp","href":"https:\/\/api.w.org\/{rel}","templated":true}]}}