{"id":151898,"date":"2025-11-07T11:49:16","date_gmt":"2025-11-07T10:49:16","guid":{"rendered":"https:\/\/www.justiceinfo.net\/?p=151898"},"modified":"2025-11-07T12:30:05","modified_gmt":"2025-11-07T11:30:05","slug":"la-decision-la-plus-deliberee-a-ete-de-porter-le-changement-climatique-devant-les-tribunaux-nationaux","status":"publish","type":"post","link":"https:\/\/www.justiceinfo.net\/fr\/151898-la-decision-la-plus-deliberee-a-ete-de-porter-le-changement-climatique-devant-les-tribunaux-nationaux.html","title":{"rendered":"\u00ab La d\u00e9cision la plus d\u00e9lib\u00e9r\u00e9e a \u00e9t\u00e9 de porter le changement climatique devant les tribunaux nationaux \u00bb"},"content":{"rendered":"\n<p>La COP30 sur le climat d\u00e9bute le 10 novembre \u00e0 Bel\u00e9m, au Br\u00e9sil. Dennis van Berkel, cofondateur du Climate Litigation Network, revient sur dix ann\u00e9es de proc\u00e8s climatiques probants et comment la responsabilit\u00e9 climatique a pris une tournure internationale.<\/p>\n\n\n\n<!--more-->\n\n\n<div class=\"content-encadre\">\r\n\t<p style=\"text-align: center\">LES GRANDS ENTRETIENS JUSTICE INFO<\/p>\n<h2 style=\"text-align: center\"><strong>Dennis van Berkel<\/strong><\/h2>\n<p style=\"text-align: center\">Avocat n\u00e9erlandais, conseiller juridique de la Fondation Urgenda, cofondateur et conseiller strat\u00e9gique du Climate Litigation Network<\/p>\n<\/div>\n\n\n<div style=\"height:1px\" aria-hidden=\"true\" class=\"wp-block-spacer\"><\/div>\n\n\n\n<h2 class=\"wp-block-heading content-question-itw\" id=\"h-justice-info-le-23-juillet-dernier-la-cour-internationale-de-justice-cij-a-rendu-un-avis-consultatif-tres-attendu-sur-les-obligations-des-etats-en-matiere-de-changement-climatique-selon-vous-quels-sont-les-principaux-points-de-cette-decision\">JUSTICE INFO : Le 23 juillet dernier, <a href=\"https:\/\/www.justiceinfo.net\/fr\/148284-cij-joint-bataille-changement-climatique.html\">la Cour internationale de justice (CIJ) a rendu un avis consultatif<\/a> tr\u00e8s attendu sur les obligations des \u00c9tats en mati\u00e8re de changement climatique. Selon vous, quels sont les principaux points de cette d\u00e9cision ?<\/h2>\n\n\n\n<p>DENNIS VAN BERKEL : C\u2019est une d\u00e9cision qui d\u00e9finit tr\u00e8s clairement les obligations des \u00c9tats en mati\u00e8re de climat en droit international. Elle stipule en termes tr\u00e8s forts que les \u00c9tats ont l'obligation contraignante de r\u00e9duire leurs \u00e9missions de carbone. Il s'agit de l'affaire la plus plaid\u00e9e et la plus discut\u00e9e devant la <a href=\"https:\/\/www.justiceinfo.net\/fr\/tribunaux\/cour-internationale-de-justice-cij\">CIJ<\/a> : bien qu'il s'agisse d'un avis consultatif, pr\u00e8s de 100 pays ont pr\u00e9sent\u00e9 leurs arguments. Ils ont tous reconnu le r\u00f4le de la Cour en tant qu'interpr\u00e8te supr\u00eame de leurs obligations juridiques, non seulement parce qu'ils ont sign\u00e9 des trait\u00e9s, mais aussi en se pr\u00e9sentant \u00e0 la cour. Et en particulier les pays \u00e0 fortes \u00e9missions, comme les \u00c9tats-Unis et la Chine. Leurs arguments \u00e9taient doubles. Premi\u00e8rement, ils ont fait valoir que leurs obligations en mati\u00e8re de r\u00e9duction des \u00e9missions \u00e9taient en r\u00e9alit\u00e9 tr\u00e8s vagues, que l'Accord de Paris n'\u00e9tait qu'un objectif ambitieux \u2013 entre 1,5 et 2 \u00b0C \u2013 et que la seule chose qu'ils devaient faire \u00e9tait de soumettre un objectif d'\u00e9mission. Deuxi\u00e8mement, ils ont d\u00e9clar\u00e9 qu'ils ne pouvaient en aucun cas \u00eatre tenus responsables des dommages caus\u00e9s par le changement climatique.<\/p>\n\n\n\n<p>Ils ont \u00e9t\u00e9 cat\u00e9goriquement r\u00e9fut\u00e9s sur ces deux points. La Cour a \u00e9t\u00e9 tr\u00e8s claire : la hausse limite de la temp\u00e9rature est de 1,5 \u00b0C, et non pas sup\u00e9rieure \u00e0 1,5 \u00b0C ; et les \u00c9tats disposent d'une marge de man\u0153uvre assez r\u00e9duite pour fixer leurs objectifs.<\/p>\n\n\n\n<p>Ces objectifs doivent \u00eatre fond\u00e9s sur un principe d'\u00e9quit\u00e9 par lequel chaque pays doit accomplir sa part dans l'effort mondial visant \u00e0 limiter la hausse de la temp\u00e9rature \u00e0 1,5\u00b0C, dit la Cour. Si vous avez \u00e9mis davantage dans le pass\u00e9, vous devez r\u00e9duire davantage vos \u00e9missions \u00e0 l'avenir. Elle d\u00e9clare \u00e9galement que, collectivement, tous ces objectifs doivent contribuer \u00e0 atteindre celui de 1,5 \u00b0C. Et les Etats doivent fixer leurs objectifs en fonction de la marge restante. C'est fondamental, car presque aucun pays ne le fait. Ils fixent simplement leurs objectifs, sans tenir compte des donn\u00e9es scientifiques. Ils affirment donc simplement que c'est tr\u00e8s ambitieux et suffisant de rester en dessous de 1,5 \u00b0C, sans montrer comment ils y parviendront. L'avis consultatif de la CIJ stipule que vous devez fournir des preuves scientifiques, que vous devez baser votre objectif sur celles-ci.<\/p>\n\n\n\n<p>Il pr\u00e9cise \u00e9galement que les objectifs doivent refl\u00e9ter la plus haute ambition. La science montre de mani\u00e8re syst\u00e9matique que nous pouvons r\u00e9duire les \u00e9missions beaucoup plus rapidement que nous ne le faisons actuellement, et que cela est b\u00e9n\u00e9fique \u00e0 de multiples \u00e9gards, au-del\u00e0 du changement climatique : impact sur la sant\u00e9, l\u2019\u00e9conomie, etc. Ainsi, la prise en compte d'int\u00e9r\u00eats particuliers, tels que ceux de l'industrie des combustibles fossiles, comme nous le voyons aux \u00c9tats-Unis, est en flagrante violation des obligations juridiques internationales \u00e9nonc\u00e9es par la Cour.<\/p>\n\n\n\n<blockquote class=\"wp-block-quote alignwide is-layout-flow wp-block-quote-is-layout-flow\">\n<p>\u00ab Ce que les grands pollueurs demandaient, c'\u00e9tait un ch\u00e8que en blanc. Et la Cour ne le leur a pas donn\u00e9. Elle a r\u00e9pondu que non, qu'il fallait examiner la question de mani\u00e8re sp\u00e9cifique. \u00bb<\/p>\n<\/blockquote>\n\n\n\n<p>Telle est la r\u00e9ponse \u00e0 la premi\u00e8re question que la CIJ devait trancher concernant les obligations des \u00c9tats en mati\u00e8re d'\u00e9missions. Pour la deuxi\u00e8me question, relative aux responsabilit\u00e9s des pays fortement \u00e9metteurs envers les pays vuln\u00e9rables qui souffrent le plus des effets du changement climatique, tels que les petits \u00c9tats insulaires, la Cour d\u00e9clare que, en mati\u00e8re d'impact climatique, toutes les responsabilit\u00e9s sont possibles en vertu du droit international, qu'il s'agisse du remboursement de certains dommages ou de restitutions. Cela peut concerner la restauration de zones d\u00e9vast\u00e9es par des ph\u00e9nom\u00e8nes climatiques extr\u00eames, mais aussi, potentiellement, le r\u00e9tablissement des concentrations atmosph\u00e9riques de CO2 \u00e0 l'origine de ces ph\u00e9nom\u00e8nes extr\u00eames, en capturant le carbone pr\u00e9sent dans l'atmosph\u00e8re. Ce que les grands pollueurs demandaient, c'\u00e9tait un ch\u00e8que en blanc. Et la Cour ne le leur a pas donn\u00e9. Elle a r\u00e9pondu que non, qu'il fallait examiner la question de mani\u00e8re sp\u00e9cifique. Et il y a deux fa\u00e7ons de proc\u00e9der. La premi\u00e8re consiste \u00e0 d\u00e9terminer si vous avez fait votre part des efforts n\u00e9cessaires pour r\u00e9duire les \u00e9missions&nbsp;; la seconde \u00e0 d\u00e9terminer si vos \u00e9missions ont contribu\u00e9 aux dommages sp\u00e9cifiques devant \u00eatre \u00e9valu\u00e9s. Il s'agit en fait d'une d\u00e9claration assez logique de la Cour : si vous ne r\u00e9duisez pas suffisamment vos \u00e9missions, cela constitue un acte illicite au regard du droit international, et cela peut engager votre responsabilit\u00e9 juridique pour les dommages caus\u00e9s.<\/p>\n\n\n\n<h2 class=\"wp-block-heading content-question-itw\" id=\"h-la-cij-affirme-que-le-droit-est-important-mais-qu-il-ne-peut-a-lui-seul-repondre-a-l-ampleur-des-problemes-lies-au-changement-climatique-pensez-vous-que-cet-avis-consultatif-aura-un-impact-sur-les-negociations-politiques-lors-de-la-cop30\">La CIJ affirme que le droit est important, mais qu'il ne peut \u00e0 lui seul r\u00e9pondre \u00e0 l'ampleur des probl\u00e8mes li\u00e9s au changement climatique. Pensez-vous que cet avis consultatif aura un impact sur les n\u00e9gociations politiques lors de la COP30 ?<\/h2>\n\n\n\n<p>Oui, je pense que cela aura des r\u00e9percussions \u00e0 plusieurs niveaux. D'une part, cela influence le d\u00e9bat politique international. <a href=\"https:\/\/www.justiceinfo.net\/fr\/39171-le-droit-penal-international-peut-il-venir-au-secours-de-l-environnement.html\">La d\u00e9cision Urgenda<\/a>, rendue en 2015 par un tribunal civil n\u00e9erlandais, \u00e9tait la premi\u00e8re fois o\u00f9 un tribunal d\u00e9clarait qu'un pays avait la responsabilit\u00e9 individuelle de faire sa part, qu'il devait fixer son objectif d'\u00e9missions en fonction d'un objectif limite de temp\u00e9rature, car si on d\u00e9passe cet objectif, on agit de mani\u00e8re illicite. Et c'est essentiellement ce que la CIJ vient de dire mais \u00e0 un niveau mondial. Avant ce jugement, dans le monde politique, tout le monde disait que c'\u00e9tait absurde, qu\u2019il n\u2019existait aucune obligation car il fallait un accord mondial sur ce que chacun devait faire exactement, qu\u2019il n\u2019existe pas de responsabilit\u00e9 individuelle et qu\u2019on pouvait simplement d\u00e9cider au gr\u00e9 de ses envies politiques.<\/p>\n\n\n\n<p>Le d\u00e9bat sur l'objectif appropri\u00e9 reste ouvert, mais tout le monde s'accorde \u00e0 dire qu\u2019un gouvernement est tenu de fixer un objectif et que cet objectif permettre d\u2019atteindre la limite de 1,5 \u00b0C. Le fait qu'il s'agisse d'une obligation \u00e0 laquelle les responsables politiques ne peuvent se soustraire est rendu tr\u00e8s clair par l\u2019avis consultatif de la CIJ. Il est \u00e9galement tr\u00e8s clair que, si l'\u00c9tat ne tient pas ses engagements, les organisations peuvent saisir la justice. C'est ce qui se passe actuellement aux Pays-Bas. Une deuxi\u00e8me action en justice a \u00e9t\u00e9 intent\u00e9e contre le gouvernement n\u00e9erlandais sur son objectif de 2030, alors que l'affaire Urgenda portait sur l'objectif de 2020.<\/p>\n\n\n\n<blockquote class=\"wp-block-quote alignwide is-layout-flow wp-block-quote-is-layout-flow\">\n<p>\u00ab Je pense vraiment que ces \u00e9volutions juridiques sont devenues l'un des facteurs les plus influents ayant conduit \u00e0 des mesures climatiques plus ambitieuses, comme nous en avons connues au cours des dix derni\u00e8res ann\u00e9es. \u00bb<\/p>\n<\/blockquote>\n\n\n\n<p>Cela fa\u00e7onne donc le d\u00e9bat politique et cr\u00e9e une base juridique qui, si elle n'est pas respect\u00e9e, permet aux citoyens de saisir la justice et de demander des comptes aux responsables politiques. Ce qui est tr\u00e8s important ici, c'est que la CIJ stipule express\u00e9ment que si les pays ne soumettent pas de Contributions d\u00e9termin\u00e9es au niveau national (CDN) conformes \u00e0 leurs obligations l\u00e9gales, ils peuvent \u00eatre poursuivis en justice et les tribunaux peuvent ordonner aux \u00c9tats de fixer des CDN plus \u00e9lev\u00e9es. Cet arr\u00eat ne r\u00e9sout donc pas tout. Mais je pense vraiment que ces \u00e9volutions juridiques sont devenues l'un des facteurs les plus influents ayant conduit \u00e0 des mesures climatiques plus ambitieuses, comme nous en avons connues au cours des dix derni\u00e8res ann\u00e9es. Passer d'un jugement rendu dans un tout petit pays, les Pays-Bas, \u00e0 la plus haute juridiction mondiale en l'espace de dix ans, c'est extr\u00eamement rapide si l'on consid\u00e8re la lenteur habituelle des \u00e9volutions juridiques.<\/p>\n\n\n\n<figure class=\"wp-block-image size-full\"><img loading=\"lazy\" decoding=\"async\" width=\"1200\" height=\"825\" src=\"https:\/\/www.justiceinfo.net\/wp-content\/uploads\/Netherlands_Urgenda-2019_@Sem-Van-Der-Wal-ANP-AFP.jpg\" alt=\"Des membres de l\u2019ONG Urgenda (dont deux avocats) sourient et brandissent des panneaux et posters devant la Cour supr\u00eame des Pays-Bas\" class=\"wp-image-151909\" srcset=\"https:\/\/www.justiceinfo.net\/wp-content\/uploads\/Netherlands_Urgenda-2019_@Sem-Van-Der-Wal-ANP-AFP.jpg 1200w, https:\/\/www.justiceinfo.net\/wp-content\/uploads\/Netherlands_Urgenda-2019_@Sem-Van-Der-Wal-ANP-AFP-1000x688.jpg 1000w, https:\/\/www.justiceinfo.net\/wp-content\/uploads\/Netherlands_Urgenda-2019_@Sem-Van-Der-Wal-ANP-AFP-1110x763.jpg 1110w\" sizes=\"auto, (max-width: 1200px) 100vw, 1200px\" \/><figcaption class=\"wp-element-caption\">Des membres de l\u2019ONG Urgenda devant la Cour supr\u00eame des Pays-Bas, le 20 d\u00e9cembre 2019, quand les juges ont ordonn\u00e9 au gouvernement n\u00e9erlandais de r\u00e9duire de 25 % leurs \u00e9missions de gaz \u00e0 effet de serre.&nbsp;Photo : \u00a9 Sem van der Wal \/ ANP \/ AFP<\/figcaption><\/figure>\n\n\n\n<h2 class=\"wp-block-heading content-question-itw\" id=\"h-vous-avez-mentionne-la-premiere-action-couronnee-de-succes-menee-par-l-ong-neerlandaise-urgenda-en-2015-depuis-de-nombreux-proces-climatiques-ont-abouti-principalement-en-europe-irlande-belgique-allemagne-france-mais-aussi-en-colombie-ou-au-pakistan-cela-a-eu-lieu-parce-que-des-ong-ont-intente-des-actions-en-justice-se-sont-elles-entraidees-au-sein-du-climate-litigation-network-une-decision-rendue-par-une-juridiction-nationale-en-a-t-elle-entraine-une-autre-devant-une-autre-juridiction-nationale\">Vous avez mentionn\u00e9 la premi\u00e8re action couronn\u00e9e de succ\u00e8s men\u00e9e par l'ONG n\u00e9erlandaise Urgenda, en 2015. Depuis, de nombreux proc\u00e8s climatiques ont abouti, principalement en Europe (Irlande, Belgique, Allemagne, France...), mais aussi en Colombie ou au Pakistan. Cela a eu lieu parce que des ONG ont intent\u00e9 des actions en justice. Se sont-elles entraid\u00e9es au sein du Climate Litigation Network ? Une d\u00e9cision rendue par une juridiction nationale en a-t-elle entra\u00een\u00e9 une autre devant une autre juridiction nationale ?<\/h2>\n\n\n\n<p>Ce qu\u2019on observe, c'est plusieurs choses se d\u00e9roulant en parall\u00e8le. Il est tout \u00e0 fait vrai qu'il existe de nombreux \u00e9changes entre les personnes qui ont intent\u00e9 ces proc\u00e8s, mais \u00e9galement entre les tribunaux eux-m\u00eames. Cela s'est cependant d\u00e9velopp\u00e9 de mani\u00e8re plus organique que dans le cadre d'une grande strat\u00e9gie globale. Je pense que ce qui s'est pass\u00e9, c'est que les gens ont \u00e9t\u00e9 d\u00e9\u00e7us par le syst\u00e8me politique. Les \u00e9tudes montrent que 9 personnes sur 10 souhaitent que leurs gouvernements prennent des mesures plus \u00e9nergiques en faveur du climat, mais ceux-ci ne r\u00e9agissent pas et ne tiennent pas les promesses qu'ils ont faites dans l'Accord de Paris. Dans diff\u00e9rentes parties du monde, les gens ont commenc\u00e9 \u00e0 se demander : quels sont les outils juridiques \u00e0 notre disposition ? Dans le pass\u00e9, le droit a d\u00e9j\u00e0 \u00e9t\u00e9 appliqu\u00e9 \u00e0 des probl\u00e8mes soci\u00e9taux majeurs auxquels le politique seul n\u2019offrait pas de r\u00e9ponse imm\u00e9diate. Les principes juridiques selon lesquels toute personne causant un pr\u00e9judice est responsable des cons\u00e9quences de ses actes ont d\u00e9s lors \u00e9t\u00e9 utilis\u00e9s pour lutter contre ce nouveau probl\u00e8me soci\u00e9tal, peut-\u00eatre le plus grave de tous : le changement climatique. Il faut du temps et de l'exp\u00e9rimentation pour appliquer les lois existantes \u00e0 un nouvel ensemble de faits, et c'est ce qu\u2019on a vu partout dans le monde.<\/p>\n\n\n\t<div class=\"ArticleNewsletterCTA\">\r\n\t\t<div class=\"ArticleNewsletterCTATitle\">Vous trouvez cet article int\u00e9ressant ?<\/div>\r\n\t\t<div class=\"ArticleNewsletterCTAText\">\r\n\t\t\t<a href=\"\/fr\/newsletter\">Inscrivez-vous maintenant \u00e0 notre newsletter<\/a> (gratuite) pour \u00eatre certain de ne pas passer \u00e0 c\u00f4t\u00e9 d'autres publications de ce type.\t\t<\/div>\r\n\t<\/div>\r\n\t\n\n\n<p>Parmi les droits dont nous disposons dans les syst\u00e8mes existants, il y a le cadre des droits humains. Une fois que l'utilisation de ce cadre s'est av\u00e9r\u00e9e fructueuse dans l'affaire Urgenda et dans l'affaire Leghari, au Pakistan, deux mois plus tard, de plus en plus de gens ont commenc\u00e9 \u00e0 s'y int\u00e9resser et \u00e0 tenter de pr\u00e9senter leurs dossiers devant les tribunaux. Cela prend \u00e9videmment du temps. Ensuite, les organisations qui s'y sont engag\u00e9es ont appris les unes des autres. Quels sont les faits scientifiques, comment les pr\u00e9senter, comment expliquer les r\u00e8gles juridiques et comment expliquer au mieux les obligations qui en d\u00e9coulent ? Bien que les syst\u00e8mes juridiques diff\u00e8rent d'une juridiction \u00e0 l'autre, bon nombre des questions qui se posaient \u00e0 ces acteurs \u00e9taient tr\u00e8s similaires.<\/p>\n\n\n\n<p>On a \u00e9galement constat\u00e9, dans les jugements, que ces tribunaux examinaient, en fait, des d\u00e9cisions rendues dans des juridictions totalement diff\u00e9rentes, non pas parce qu'ils y \u00e9taient li\u00e9s, mais simplement pour s'en inspirer quant \u00e0 la mani\u00e8re dont ces questions tr\u00e8s nouvelles avaient \u00e9t\u00e9 trait\u00e9es. Quelle est la position de tel pays face \u00e0 ce probl\u00e8me d'action collective ? Quelle est la norme appropri\u00e9e en ce qui concerne les obligations d'un pays ? Et quel est mon r\u00f4le, en tant que tribunal, vis-\u00e0-vis du politique, compte tenu de la s\u00e9paration des pouvoirs dans une d\u00e9mocratie fond\u00e9e sur l'\u00c9tat de droit ? On observe un tel dialogue entre tribunaux, et entre plaignants soumettant leurs arguments. Et c'est \u00e0 travers ce dialogue informel que ce domaine du droit s'est d\u00e9velopp\u00e9 \u00e0 un rythme tr\u00e8s rapide.<\/p>\n\n\n\n<blockquote class=\"wp-block-quote alignwide is-layout-flow wp-block-quote-is-layout-flow\">\n<p>\u00ab Tant dans leur interpr\u00e9tation de la loi que dans la mani\u00e8re dont ils ont trait\u00e9 la proc\u00e9dure, les juges ont vraiment reconnu l'ampleur du probl\u00e8me et le fait qu'il n'\u00e9tait pas trait\u00e9 de mani\u00e8re ad\u00e9quate par les responsables politiques. \u00bb<\/p>\n<\/blockquote>\n\n\n\n<p>Le fait que cela ait \u00e9volu\u00e9 si rapidement s'explique \u00e9galement par l'urgence de la crise climatique. Par exemple, en avril 2024, la Cour europ\u00e9enne des droits de l'homme (CEDH) a accord\u00e9 un statut d'urgence particulier \u00e0 <a href=\"https:\/\/www.justiceinfo.net\/fr\/131536-suisse-condamnee-cedh-pas-decisif-justice-climatique-europe.html\">l'affaire des A\u00een\u00e9es<\/a> et c'est \u00e9galement ce que l'on constate avec le jugement de la CIJ. Les d\u00e9cisions rendues par les tribunaux internationaux comme celui-ci peuvent prendre beaucoup de temps, mais le tribunal a trait\u00e9 ce dossier en priorit\u00e9 et est parvenu \u00e0 des d\u00e9cisions tr\u00e8s r\u00e9fl\u00e9chies et motiv\u00e9es dans un d\u00e9lai relativement court. Tant dans leur interpr\u00e9tation de la loi que dans la mani\u00e8re dont ils ont trait\u00e9 la proc\u00e9dure, les juges ont vraiment reconnu l'ampleur du probl\u00e8me et le fait qu'il n'\u00e9tait pas trait\u00e9 de mani\u00e8re ad\u00e9quate par les responsables politiques. Les tribunaux ont clairement indiqu\u00e9 dans leurs jugements que nous avons besoin de structures pour rendre des comptes et que les tribunaux sont aptes \u00e0 remplir ce r\u00f4le.<\/p>\n\n\n\n<h2 class=\"wp-block-heading content-question-itw\" id=\"h-au-cours-de-ces-dix-annees-quelles-sont-selon-vous-les-autres-decisions-marquantes\">Au cours de ces dix ann\u00e9es, quelles sont, selon vous, les autres d\u00e9cisions marquantes ?<\/h2>\n\n\n\n<p>Il y en a eu beaucoup. Pour l'objectif de 1,5 \u00b0C, il y a eu la d\u00e9cision rendue en 2018 par la Cour supr\u00eame colombienne concernant les g\u00e9n\u00e9rations futures, les droits de l'Amazonie et les obligations du gouvernement de veiller \u00e0 la r\u00e9duction des \u00e9missions li\u00e9es \u00e0 la d\u00e9forestation. En 2021, la d\u00e9cision Neubauer de la Cour constitutionnelle allemande a \u00e9galement \u00e9t\u00e9 tr\u00e8s importante. C\u2019\u00e9tait la premi\u00e8re cour constitutionnelle, apr\u00e8s la d\u00e9cision de 2019 dans l'affaire Urgenda, \u00e0 d\u00e9terminer que l'absence de mesures climatiques \u00e0 plus court terme mena\u00e7ait les droits des g\u00e9n\u00e9rations futures. Une autre d\u00e9cision historique a \u00e9t\u00e9 celle de la Cour supr\u00eame sud-cor\u00e9enne, en ao\u00fbt 2024, car elle \u00e9tait \u00e9galement fond\u00e9e sur les droits de l'homme : elle a d\u00e9termin\u00e9 que le gouvernement avait l'obligation de fixer des objectifs conformes \u00e0 la science. Je pense \u00e9galement, bien s\u00fbr, aux avis consultatifs du Tribunal international du droit de la mer en mai 2024 et de la Cour interam\u00e9ricaine des droits de l'homme, en mai 2025.<\/p>\n\n\n\n<p>Toutes ces affaires se sont construites entre elles. Par exemple, la d\u00e9cision cor\u00e9enne suit tr\u00e8s largement le mod\u00e8le cr\u00e9\u00e9 par la Cour constitutionnelle allemande. La d\u00e9cision de la CEDH, dans l'affaire des A\u00een\u00e9es, fait \u00e9galement r\u00e9f\u00e9rence \u00e0 la Cour constitutionnelle allemande. Et la CIJ suit largement le mod\u00e8le de la CEDH. Toutes ces d\u00e9cisions ont clairement pr\u00e9par\u00e9 le terrain pour l'avis consultatif de la CIJ, car ce qu'elle a dit n'avait plus rien de r\u00e9volutionnaire : de nombreux tribunaux l'avaient pr\u00e9c\u00e9d\u00e9e.<\/p>\n\n\n\n<blockquote class=\"wp-block-quote alignwide is-layout-flow wp-block-quote-is-layout-flow\">\n<p>\u00ab Pendant les deux premi\u00e8res ann\u00e9es, nous avons essay\u00e9 de jouer ce r\u00f4le de catalyseur. Mais apr\u00e8s un certain temps, les gens ont compris que cela pouvait \u00eatre pratiqu\u00e9 devant toutes les juridictions. Aujourd'hui, nous n'avons plus besoin de convaincre qui que ce soit. \u00bb<\/p>\n<\/blockquote>\n\n\n\n<h2 class=\"wp-block-heading content-question-itw\" id=\"h-quel-role-avez-vous-joue-vous-urgenda-et-le-litigation-network\">Quel r\u00f4le avez-vous jou\u00e9, vous, Urgenda et le Litigation Network ?<\/h2>\n\n\n\n<p>Il a surtout s\u2019agit d'expliquer aux autres ce que nous avions fait aux Pays-Bas et de r\u00e9fl\u00e9chir ensemble \u00e0 la mani\u00e8re dont la m\u00eame approche juridique pouvait \u00eatre appliqu\u00e9e dans leurs propres juridictions. Au cours des premi\u00e8res ann\u00e9es, nous avons re\u00e7u un nombre impressionnant de demandes d'aide provenant du monde entier. Pendant les deux premi\u00e8res ann\u00e9es, nous avons essay\u00e9 de jouer ce r\u00f4le de catalyseur. Mais apr\u00e8s un certain temps, les gens ont compris que cela pouvait \u00eatre pratiqu\u00e9 devant toutes les juridictions. Aujourd'hui, nous n'avons plus besoin de convaincre qui que ce soit. Nous aidons d\u00e9sormais davantage les gens dans leurs dossiers. Le nombre d'affaires et de personnes travaillant dans ce domaine \u00e0 travers le monde a consid\u00e9rablement augment\u00e9. Le Climate Litigation Network \u00e9tait \u00e0 l'origine un projet d'Urgenda. Il est aujourd'hui devenu une organisation ind\u00e9pendante. Il ne d\u00e9pose pas ses propres plaintes, mais soutient les communaut\u00e9s qui cherchent \u00e0 utiliser la loi pour prot\u00e9ger notre avenir commun.<\/p>\n\n\n\n<h2 class=\"wp-block-heading content-question-itw\" id=\"h-la-decision-de-la-cij-eleve-clairement-le-droit-a-un-climat-stable-et-a-un-environnement-sain-au-rang-des-droits-humains-universellement-reconnus-auparavant-l-environnement-etait-a-peine-mentionne-dans-les-droits-humains-universels-si-l-on-excepte-la-declaration-de-l-assemblee-generale-des-nations-unies-sur-un-environnement-propre-sain-et-durable-en-juillet-2022-les-militants-pour-le-climat-ont-ils-mis-en-place-une-strategie-pour-parvenir-a-cela\">La d\u00e9cision de la CIJ \u00e9l\u00e8ve clairement le droit \u00e0 un climat stable et \u00e0 un environnement sain au rang des droits humains universellement reconnus. Auparavant, l'environnement \u00e9tait \u00e0 peine mentionn\u00e9 dans les droits humains universels, si l'on excepte la d\u00e9claration de l'Assembl\u00e9e g\u00e9n\u00e9rale des Nations unies sur un \u00ab environnement propre, sain et durable \u00bb, en juillet 2022. Les militants pour le climat ont-ils mis en place une strat\u00e9gie pour parvenir \u00e0 cela ?<\/h2>\n\n\n\n<p>En ce qui concerne la r\u00e9solution de l'Assembl\u00e9e g\u00e9n\u00e9rale des Nations unies reconnaissant le droit humain \u00e0 un environnement sain, de nombreuses personnes qui n'\u00e9taient pas directement impliqu\u00e9es dans les plaintes ont particip\u00e9 \u00e0 ce processus depuis tr\u00e8s longtemps. Parall\u00e8lement, les acteurs des plaintes ont commenc\u00e9 \u00e0 invoquer les droits humains existants afin qu'ils garantissent \u00e9galement une protection contre le changement climatique, tels que le droit \u00e0 la vie ou le droit \u00e0 la vie priv\u00e9e en vertu de la Convention europ\u00e9enne des droits de l'homme. Ainsi, les plaintes d'une part et les efforts visant \u00e0 faire reconna\u00eetre ce droit au niveau politique d'autre part se sont renforc\u00e9s mutuellement. Et nous avons maintenant cette reconnaissance de la CIJ, qui, je le crois, est une grande r\u00e9ussite. Ce sont donc de nombreux courants diff\u00e9rents qui ont conduit \u00e0 cela, et pas seulement les proc\u00e8s climatiques.<\/p>\n\n\n\n<blockquote class=\"wp-block-quote alignwide is-layout-flow wp-block-quote-is-layout-flow\">\n<p>\u00ab Une autre \u00e9volution importante est la vague croissante de poursuites judiciaires contre les entreprises les plus responsables du changement climatique. \u00bb<\/p>\n<\/blockquote>\n\n\n\n<h2 class=\"wp-block-heading content-question-itw\" id=\"h-quelle-est-la-prochaine-etape-pourriez-vous-utiliser-la-charte-africaine-des-droits-de-l-homme-et-des-peuples-qui-est-plus-precise-que-la-convention-europeenne-des-droits-de-l-homme-en-matiere-de-protection-de-la-nature-de-la-sante-humaine-et-du-patrimoine-commun\">Quelle est la prochaine \u00e9tape ? Pourriez-vous utiliser la Charte africaine des droits de l'homme et des peuples, qui est plus pr\u00e9cise que la Convention europ\u00e9enne des droits de l'homme en mati\u00e8re de protection de la nature, de la sant\u00e9 humaine et du patrimoine commun ?<\/h2>\n\n\n\n<p>La mani\u00e8re dont la Charte sera utilis\u00e9e dans les litiges nationaux d\u00e9pendra en grande partie de l'avis consultatif sur le changement climatique que rendra prochainement la Cour africaine. Les conclusions de la Cour seront particuli\u00e8rement pertinentes pour les nouveaux projets li\u00e9s aux \u00e9nergies fossiles : \u00e0 l'heure actuelle, plus de 900 nouveaux projets gaziers sont pr\u00e9vus sur le continent. Mais si l'on consid\u00e8re la situation mondiale, la plupart des affaires li\u00e9es au climat se concentrent, \u00e0 juste titre, sur les pays du Nord Global qui ont les responsabilit\u00e9s les plus importantes en mati\u00e8re d'\u00e9missions.<\/p>\n\n\n\n<p>Une autre \u00e9volution importante est la vague croissante de poursuites judiciaires contre les entreprises les plus responsables du changement climatique. Un exemple significatif est le proc\u00e8s contre Royal Dutch Shell port\u00e9 devant un tribunal n\u00e9erlandais par une autre ONG n\u00e9erlandaise, MilieuDefensie. Leur avocat, Roger Cox, est le m\u00eame qui avait plaid\u00e9 l'affaire Urgenda. En premi\u00e8re instance, en 2021, ce fut la premi\u00e8re fois qu'une entreprise \u00e9tait reconnue comme ayant ses propres responsabilit\u00e9s en mati\u00e8re de r\u00e9duction des \u00e9missions. En appel, l'ordonnance de r\u00e9duction des \u00e9missions a \u00e9t\u00e9 annul\u00e9e \u2013 l'affaire est toujours devant la Cour supr\u00eame \u2013 mais, fait tr\u00e8s important, la cour d'appel a sugg\u00e9r\u00e9 que les obligations l\u00e9gales des entreprises pourraient les emp\u00eacher de forer pour extraire davantage de p\u00e9trole, car nous avons d\u00e9j\u00e0 \u00e9puis\u00e9 le budget carbone disponible. MilieuDefensie a donc d\u00e9cid\u00e9 d'intenter une nouvelle action en justice concernant les nouvelles activit\u00e9s d'exploration p\u00e9troli\u00e8re de Shell. Deux affaires sont d\u00e9sormais parall\u00e8lement devant les tribunaux n\u00e9erlandais : l'une concerne la r\u00e9duction des \u00e9missions, l'autre vise l'exploration p\u00e9troli\u00e8re.<\/p>\n\n\n\n<p>Dans son arr\u00eat, la CIJ indique aux \u00c9tats qu'ils ont l'obligation non seulement de r\u00e9duire leurs \u00e9missions, mais aussi de r\u00e9glementer les entreprises afin qu'elles r\u00e9duisent les leurs.<\/p>\n\n\n\n<h2 class=\"wp-block-heading content-question-itw\" id=\"h-cela-conclut-en-quelque-sorte-le-debat-sur-la-responsabilite-des-etats-par-rapport-a-celle-des-entreprises-qui-avait-ete-lance-apres-la-publication-du-rapport-carbon-majors-en-2017\">Cela conclut en quelque sorte le d\u00e9bat sur la responsabilit\u00e9 des \u00c9tats par rapport \u00e0 celle des entreprises, qui avait \u00e9t\u00e9 lanc\u00e9 apr\u00e8s la publication du rapport Carbon Majors en 2017...<\/h2>\n\n\n\n<p>Oui. Et ce n'est pas l'un ou l'autre, n'est-ce pas ? C'est les deux. Mais les \u00c9tats ont l'obligation de r\u00e9glementer cela. Et dans le contexte n\u00e9erlandais, la responsabilit\u00e9 ind\u00e9pendante de l\u2019entreprise en mati\u00e8re de changement climatique est \u00e9galement \u00e9tablie. Le tribunal n'a pas admis qu'il s'agissait d'une question enti\u00e8rement politique et que Shell pouvait faire ce qu'elle voulait dans le cadre fix\u00e9 par le l\u00e9gislateur. Non. M\u00eame si le l\u00e9gislateur ne vous oblige pas \u00e0 r\u00e9duire vos \u00e9missions, en tant qu'entreprise, vous avez votre propre responsabilit\u00e9.<\/p>\n\n\n\n<figure class=\"wp-block-image size-full\"><img loading=\"lazy\" decoding=\"async\" width=\"1200\" height=\"750\" src=\"https:\/\/www.justiceinfo.net\/wp-content\/uploads\/Chile_Concon-oil-refinery-pollution_@Martin-Bernetti-AFP.jpg\" alt=\"Raffinerie de Concon, dans la r\u00e9gion de Valparaiso (Chili). De nombreuses chemin\u00e9es sont visibles et l'air semble particuli\u00e8rement pollu\u00e9.\" class=\"wp-image-151936\" srcset=\"https:\/\/www.justiceinfo.net\/wp-content\/uploads\/Chile_Concon-oil-refinery-pollution_@Martin-Bernetti-AFP.jpg 1200w, https:\/\/www.justiceinfo.net\/wp-content\/uploads\/Chile_Concon-oil-refinery-pollution_@Martin-Bernetti-AFP-1000x625.jpg 1000w, https:\/\/www.justiceinfo.net\/wp-content\/uploads\/Chile_Concon-oil-refinery-pollution_@Martin-Bernetti-AFP-1110x694.jpg 1110w\" sizes=\"auto, (max-width: 1200px) 100vw, 1200px\" \/><figcaption class=\"wp-element-caption\">La pollution de la raffinerie de Concon, dans la r\u00e9gion de Valparaiso (Chili), en septembre 2018. La compagnie p\u00e9troli\u00e8re nationale Enap est alors accus\u00e9e par le Surintendant charg\u00e9 de l\u2019environnement de menacer la sant\u00e9 des habitants.&nbsp;Photo : \u00a9 Martin Bernetti \/ AFP<\/figcaption><\/figure>\n\n\n\n<h2 class=\"wp-block-heading content-question-itw\" id=\"h-pourrait-on-dire-que-parce-que-le-droit-international-de-l-environnement-etait-trop-faible-pour-traiter-les-effets-et-les-causes-du-changement-climatique-certains-avocats-ont-pris-le-parti-de-le-traiter-en-tant-que-question-relevant-des-droits-de-l-homme\">Pourrait-on dire que, parce que le droit international de l'environnement \u00e9tait trop faible pour traiter les effets et les causes du changement climatique, certains avocats ont pris le parti de le traiter en tant que question relevant des droits de l'homme ?<\/h2>\n\n\n\n<p>Oui, en quelque sorte. Mais la mesure la plus d\u00e9lib\u00e9r\u00e9e qui a \u00e9t\u00e9 prise a \u00e9t\u00e9, plut\u00f4t que de porter ces affaires devant les instances internationales, ce qui semblait le plus logique d'un point de vue juridique, de les porter devant les instances nationales. Et les proc\u00e9dures nationales qui ont \u00e9t\u00e9 utilis\u00e9es sont similaires \u00e0 celles qui ont \u00e9t\u00e9 utilis\u00e9es pour d\u00e9terminer la responsabilit\u00e9 des dommages caus\u00e9s par l'amiante ou le tabac depuis les ann\u00e9es 1990. L'affaire Urgenda a \u00e9t\u00e9 port\u00e9e devant un tribunal civil. Cette jurisprudence nationale en mati\u00e8re d'environnement et de responsabilit\u00e9 a \u00e9t\u00e9 utilis\u00e9e pour cr\u00e9er une responsabilit\u00e9 climatique au niveau national, qui s'est d\u00e9sormais \u00e9tendue au niveau international.<\/p>\n\n\n\n<blockquote class=\"wp-block-quote alignwide is-layout-flow wp-block-quote-is-layout-flow\">\n<p>\u00ab La Cour internationale de justice a \u00e9tabli une norme non contraignante, et une grande partie de celle-ci sera d\u00e9sormais renvoy\u00e9e devant les tribunaux nationaux, dans le cadre de proc\u00e8s nationaux donnant lieu \u00e0 des jugements contraignants. C'est l\u00e0 que le droit continuera \u00e0 \u00e9voluer. \u00bb<\/p>\n<\/blockquote>\n\n\n\n<p>La Cour internationale de justice a \u00e9tabli une norme non contraignante, et une grande partie de celle-ci sera d\u00e9sormais renvoy\u00e9e devant les tribunaux nationaux, dans le cadre de proc\u00e8s nationaux donnant lieu \u00e0 des jugements contraignants. C'est l\u00e0 que le droit continuera \u00e0 \u00e9voluer. Le grand changement auquel je m'attends est que les gouvernements devront d\u00e9sormais \u00eatre beaucoup plus explicites quant \u00e0 la mani\u00e8re dont ils fixent leurs objectifs et que ceux-ci devront reposer sur une base scientifique.<\/p>\n\n\n\n<p>Une fois encore, il existe une interaction entre tribunaux et politique. Ces affaires judiciaires renforcent le processus d\u00e9cisionnel d\u00e9mocratique de deux mani\u00e8res. Premi\u00e8rement, elles fournissent une base factuelle beaucoup plus claire aux politiques. Les gouvernements doivent justifier que leurs actions sont r\u00e9ellement suffisantes pour atteindre l'objectif de 1,5 \u00b0C. Ils ne peuvent plus se contenter de l'affirmer. Ensuite, ces jugements stipulent qu'il faut agir maintenant, qu'il n'est pas possible de reporter ces mesures, car le fardeau qui p\u00e8sera sur les g\u00e9n\u00e9rations futures sera \u00e9norme. C'est extr\u00eamement important pour les libert\u00e9s d\u00e9mocratiques, car si l'on n'agit pas maintenant, la marge de man\u0153uvre pour prendre des mesures \u00e0 l'avenir sera de plus en plus r\u00e9duite. Afin de prot\u00e9ger le droit des g\u00e9n\u00e9rations futures \u00e0 prendre elles-m\u00eames des d\u00e9cisions sur la mani\u00e8re d'agir, plut\u00f4t que d'\u00eatre confront\u00e9es \u00e0 un confinement carbone, il est important que les gouvernements prennent imm\u00e9diatement toutes les mesures qui sont en leur pouvoir.<\/p>\n\n\n<div class=\"articleLink articleLink--editorRecommanded articleLink--textInImage articleLink--textTop\" style=\"\">\r\n\t\t\t\t\t\r\n\t\t\t<div class=\"articleLinkSurTitle\">Recommand\u00e9 par la r\u00e9daction<\/div>\r\n\t\t\t<a class=\"articleLinkImageLink\" href=\"https:\/\/www.justiceinfo.net\/fr\/148284-cij-joint-bataille-changement-climatique.html\"><div class=\"articleLinkImageContainer \"><img loading=\"lazy\" decoding=\"async\" width=\"540\" height=\"360\" src=\"https:\/\/www.justiceinfo.net\/wp-content\/uploads\/Panama_child-islands-climate-change_@Martin-Bernetti-AFP-540x360.jpg\" class=\"articleLinkImage backgroundImageTag w-100 wp-post-image\" alt=\"La Cour internationale de justice (CIJ) vient de d\u00e9clarer que le changement climatique devait \u00eatre une priorit\u00e9 pour l&#039;humanit\u00e9 et que les \u00c9tats en \u00e9taient l\u00e9galement responsables, au point de devoir mettre en place des r\u00e9parations pour les victimes. Photo : un enfant regarde une minuscule \u00eele jonch\u00e9e d&#039;habitations, au loin, \u00e0 un niveau presque identique \u00e0 l&#039;eau qui l&#039;entoure.\" srcset=\"https:\/\/www.justiceinfo.net\/wp-content\/uploads\/Panama_child-islands-climate-change_@Martin-Bernetti-AFP-540x360.jpg 540w, https:\/\/www.justiceinfo.net\/wp-content\/uploads\/Panama_child-islands-climate-change_@Martin-Bernetti-AFP-1000x667.jpg 1000w, https:\/\/www.justiceinfo.net\/wp-content\/uploads\/Panama_child-islands-climate-change_@Martin-Bernetti-AFP-1110x740.jpg 1110w, https:\/\/www.justiceinfo.net\/wp-content\/uploads\/Panama_child-islands-climate-change_@Martin-Bernetti-AFP.jpg 1200w\" sizes=\"auto, (max-width: 540px) 100vw, 540px\" \/><\/div><\/a>\r\n\t\t\t<a href=\"https:\/\/www.justiceinfo.net\/fr\/148284-cij-joint-bataille-changement-climatique.html\" class=\"articleLinkTitle articleLinkTitle--default\">\r\n\t\t\tLa CIJ se joint \u00e0 la bataille sur le changement climatique\r\n\t\t<\/a>\r\n\t\t\r\n\t\t\t\t<\/div>\n\n<div class=\"content-encadre\">\r\n\t<p><strong><img loading=\"lazy\" decoding=\"async\" class=\"wp-image-151918 alignleft\" src=\"https:\/\/www.justiceinfo.net\/wp-content\/uploads\/Dennis-van-Berkel_Urgenda.jpg\" alt=\"Dennis van Berkel\" width=\"200\" height=\"200\" srcset=\"https:\/\/www.justiceinfo.net\/wp-content\/uploads\/Dennis-van-Berkel_Urgenda.jpg 500w, https:\/\/www.justiceinfo.net\/wp-content\/uploads\/Dennis-van-Berkel_Urgenda-150x150.jpg 150w\" sizes=\"auto, (max-width: 200px) 100vw, 200px\" \/>DENNIS BAN BERKEL<\/strong><\/p>\n<p>Dennis van Berkel est un avocat n\u00e9erlandais. Il rejoint la Fondation Urgenda en 2013 et participe \u00e0 l'affaire Urgenda devant les tribunaux n\u00e9erlandais jusqu'\u00e0 sa conclusion, en 2019. Il cofonde le Climate Litigation Network en 2016 et en est le directeur jusqu'en 2023. Il est aujourd'hui conseiller strat\u00e9gique de ce r\u00e9seau et reste conseiller juridique de la Fondation Urgenda.<\/p>\n<\/div>","protected":false},"excerpt":{"rendered":"<p>La COP30 sur le climat d\u00e9bute le 10 novembre. Dennis van Berkel, cofondateur du Climate Litigation Network, revient sur dix ann\u00e9es de proc\u00e8s climatiques et comment la responsabilit\u00e9 climatique a pris une tournure internationale.<\/p>\n","protected":false},"author":77,"featured_media":151903,"comment_status":"open","ping_status":"closed","sticky":false,"template":"","format":"standard","meta":{"_acf_changed":false,"footnotes":""},"categories":[4138,576,560,574],"tags":[3762],"ji_location":[2566],"class_list":["post-151898","post","type-post","status-publish","format-standard","has-post-thumbnail","hentry","category-cour-internationale-de-justice-cij","category-grands-entretiens","category-justice-environnementale","category-tribunaux-nationaux","tag-justice-climatique","ji_location-international"],"acf":[],"yoast_head":"<!-- This site is optimized with the Yoast SEO Premium plugin v25.3.1 (Yoast SEO v25.3.1) - https:\/\/yoast.com\/wordpress\/plugins\/seo\/ -->\n<title>\u00ab La d\u00e9cision la plus d\u00e9lib\u00e9r\u00e9e a \u00e9t\u00e9 de porter le changement climatique devant les tribunaux nationaux \u00bb<\/title>\n<meta name=\"description\" content=\"La COP30 sur le climat d\u00e9bute le 10 novembre. Dennis van Berkel, cofondateur du Climate Litigation Network, revient sur dix ann\u00e9es de proc\u00e8s climatiques et comment la responsabilit\u00e9 climatique a pris une tournure internationale.\" \/>\n<meta name=\"robots\" content=\"index, follow, max-snippet:-1, max-image-preview:large, max-video-preview:-1\" \/>\n<link rel=\"canonical\" href=\"https:\/\/www.justiceinfo.net\/fr\/151898-la-decision-la-plus-deliberee-a-ete-de-porter-le-changement-climatique-devant-les-tribunaux-nationaux.html\" \/>\n<meta property=\"og:locale\" content=\"fr_FR\" \/>\n<meta property=\"og:type\" content=\"article\" \/>\n<meta property=\"og:title\" content=\"\u00ab La d\u00e9cision la plus d\u00e9lib\u00e9r\u00e9e a \u00e9t\u00e9 de porter le changement climatique devant les tribunaux nationaux \u00bb\" \/>\n<meta property=\"og:description\" content=\"La COP30 sur le climat d\u00e9bute le 10 novembre. Dennis van Berkel, cofondateur du Climate Litigation Network, revient sur dix ann\u00e9es de proc\u00e8s climatiques et comment la responsabilit\u00e9 climatique a pris une tournure internationale.\" \/>\n<meta property=\"og:url\" content=\"https:\/\/www.justiceinfo.net\/fr\/151898-la-decision-la-plus-deliberee-a-ete-de-porter-le-changement-climatique-devant-les-tribunaux-nationaux.html\" \/>\n<meta property=\"og:site_name\" content=\"JusticeInfo.net\" \/>\n<meta property=\"article:publisher\" content=\"https:\/\/www.facebook.com\/JusticeInfo\/\" \/>\n<meta property=\"article:author\" content=\"https:\/\/www.facebook.com\/benjamin.bibas.9\" \/>\n<meta property=\"article:published_time\" content=\"2025-11-07T10:49:16+00:00\" \/>\n<meta property=\"article:modified_time\" content=\"2025-11-07T11:30:05+00:00\" \/>\n<meta property=\"og:image\" content=\"https:\/\/www.justiceinfo.net\/wp-content\/uploads\/Netherlands_Dennis-van-Berkel-in-depth-interview_@Benoit-Peyrucq-Justice-Info.jpg\" \/>\n\t<meta property=\"og:image:width\" content=\"1200\" \/>\n\t<meta property=\"og:image:height\" content=\"800\" \/>\n\t<meta property=\"og:image:type\" content=\"image\/jpeg\" \/>\n<meta name=\"author\" content=\"Benjamin Bibas\" \/>\n<meta name=\"twitter:card\" content=\"summary_large_image\" \/>\n<meta name=\"twitter:creator\" content=\"@justiceinfonet\" \/>\n<meta name=\"twitter:site\" content=\"@justiceinfonet\" \/>\n<meta name=\"twitter:label1\" content=\"\u00c9crit par\" \/>\n\t<meta name=\"twitter:data1\" content=\"Benjamin Bibas\" \/>\n\t<meta name=\"twitter:label2\" content=\"Dur\u00e9e de lecture estim\u00e9e\" \/>\n\t<meta name=\"twitter:data2\" content=\"19 minutes\" \/>\n<script type=\"application\/ld+json\" class=\"yoast-schema-graph\">{\"@context\":\"https:\/\/schema.org\",\"@graph\":[{\"@type\":\"NewsArticle\",\"@id\":\"https:\/\/www.justiceinfo.net\/fr\/151898-la-decision-la-plus-deliberee-a-ete-de-porter-le-changement-climatique-devant-les-tribunaux-nationaux.html#article\",\"isPartOf\":{\"@id\":\"https:\/\/www.justiceinfo.net\/fr\/151898-la-decision-la-plus-deliberee-a-ete-de-porter-le-changement-climatique-devant-les-tribunaux-nationaux.html\"},\"author\":{\"name\":\"Benjamin Bibas\",\"@id\":\"https:\/\/www.justiceinfo.net\/fr#\/schema\/person\/0a6ede3a860096259d35642a5a3eb3ca\"},\"headline\":\"\u00ab La d\u00e9cision la plus d\u00e9lib\u00e9r\u00e9e a \u00e9t\u00e9 de porter le changement climatique devant les tribunaux nationaux \u00bb\",\"datePublished\":\"2025-11-07T10:49:16+00:00\",\"dateModified\":\"2025-11-07T11:30:05+00:00\",\"mainEntityOfPage\":{\"@id\":\"https:\/\/www.justiceinfo.net\/fr\/151898-la-decision-la-plus-deliberee-a-ete-de-porter-le-changement-climatique-devant-les-tribunaux-nationaux.html\"},\"wordCount\":4216,\"commentCount\":0,\"publisher\":{\"@id\":\"https:\/\/www.justiceinfo.net\/fr#organization\"},\"image\":{\"@id\":\"https:\/\/www.justiceinfo.net\/fr\/151898-la-decision-la-plus-deliberee-a-ete-de-porter-le-changement-climatique-devant-les-tribunaux-nationaux.html#primaryimage\"},\"thumbnailUrl\":\"https:\/\/www.justiceinfo.net\/wp-content\/uploads\/Netherlands_Dennis-van-Berkel-in-depth-interview_@Benoit-Peyrucq-Justice-Info.jpg\",\"keywords\":[\"justice climatique\"],\"articleSection\":[\"CIJ\",\"Grands entretiens\",\"Justice environnementale\",\"Tribunaux nationaux\"],\"inLanguage\":\"fr-FR\",\"potentialAction\":[{\"@type\":\"CommentAction\",\"name\":\"Comment\",\"target\":[\"https:\/\/www.justiceinfo.net\/fr\/151898-la-decision-la-plus-deliberee-a-ete-de-porter-le-changement-climatique-devant-les-tribunaux-nationaux.html#respond\"]}]},{\"@type\":\"WebPage\",\"@id\":\"https:\/\/www.justiceinfo.net\/fr\/151898-la-decision-la-plus-deliberee-a-ete-de-porter-le-changement-climatique-devant-les-tribunaux-nationaux.html\",\"url\":\"https:\/\/www.justiceinfo.net\/fr\/151898-la-decision-la-plus-deliberee-a-ete-de-porter-le-changement-climatique-devant-les-tribunaux-nationaux.html\",\"name\":\"\u00ab La d\u00e9cision la plus d\u00e9lib\u00e9r\u00e9e a \u00e9t\u00e9 de porter le changement climatique devant les tribunaux nationaux \u00bb\",\"isPartOf\":{\"@id\":\"https:\/\/www.justiceinfo.net\/fr#website\"},\"primaryImageOfPage\":{\"@id\":\"https:\/\/www.justiceinfo.net\/fr\/151898-la-decision-la-plus-deliberee-a-ete-de-porter-le-changement-climatique-devant-les-tribunaux-nationaux.html#primaryimage\"},\"image\":{\"@id\":\"https:\/\/www.justiceinfo.net\/fr\/151898-la-decision-la-plus-deliberee-a-ete-de-porter-le-changement-climatique-devant-les-tribunaux-nationaux.html#primaryimage\"},\"thumbnailUrl\":\"https:\/\/www.justiceinfo.net\/wp-content\/uploads\/Netherlands_Dennis-van-Berkel-in-depth-interview_@Benoit-Peyrucq-Justice-Info.jpg\",\"datePublished\":\"2025-11-07T10:49:16+00:00\",\"dateModified\":\"2025-11-07T11:30:05+00:00\",\"description\":\"La COP30 sur le climat d\u00e9bute le 10 novembre. Dennis van Berkel, cofondateur du Climate Litigation Network, revient sur dix ann\u00e9es de proc\u00e8s climatiques et comment la responsabilit\u00e9 climatique a pris une tournure internationale.\",\"breadcrumb\":{\"@id\":\"https:\/\/www.justiceinfo.net\/fr\/151898-la-decision-la-plus-deliberee-a-ete-de-porter-le-changement-climatique-devant-les-tribunaux-nationaux.html#breadcrumb\"},\"inLanguage\":\"fr-FR\",\"potentialAction\":[{\"@type\":\"ReadAction\",\"target\":[\"https:\/\/www.justiceinfo.net\/fr\/151898-la-decision-la-plus-deliberee-a-ete-de-porter-le-changement-climatique-devant-les-tribunaux-nationaux.html\"]}]},{\"@type\":\"ImageObject\",\"inLanguage\":\"fr-FR\",\"@id\":\"https:\/\/www.justiceinfo.net\/fr\/151898-la-decision-la-plus-deliberee-a-ete-de-porter-le-changement-climatique-devant-les-tribunaux-nationaux.html#primaryimage\",\"url\":\"https:\/\/www.justiceinfo.net\/wp-content\/uploads\/Netherlands_Dennis-van-Berkel-in-depth-interview_@Benoit-Peyrucq-Justice-Info.jpg\",\"contentUrl\":\"https:\/\/www.justiceinfo.net\/wp-content\/uploads\/Netherlands_Dennis-van-Berkel-in-depth-interview_@Benoit-Peyrucq-Justice-Info.jpg\",\"width\":1200,\"height\":800,\"caption\":\"Dennis van Berkel. Illustration : \u00a9 Beno\u00eet Peyrucq \/ Justice Info\"},{\"@type\":\"BreadcrumbList\",\"@id\":\"https:\/\/www.justiceinfo.net\/fr\/151898-la-decision-la-plus-deliberee-a-ete-de-porter-le-changement-climatique-devant-les-tribunaux-nationaux.html#breadcrumb\",\"itemListElement\":[{\"@type\":\"ListItem\",\"position\":1,\"name\":\"Home\",\"item\":\"https:\/\/www.justiceinfo.net\/fr\"},{\"@type\":\"ListItem\",\"position\":2,\"name\":\"\u00ab La d\u00e9cision la plus d\u00e9lib\u00e9r\u00e9e a \u00e9t\u00e9 de porter le changement climatique devant les tribunaux nationaux \u00bb\"}]},{\"@type\":\"WebSite\",\"@id\":\"https:\/\/www.justiceinfo.net\/fr#website\",\"url\":\"https:\/\/www.justiceinfo.net\/fr\",\"name\":\"JusticeInfo.net\",\"description\":\"La justice doit \u00eatre vue pour \u00eatre rendue\",\"publisher\":{\"@id\":\"https:\/\/www.justiceinfo.net\/fr#organization\"},\"potentialAction\":[{\"@type\":\"SearchAction\",\"target\":{\"@type\":\"EntryPoint\",\"urlTemplate\":\"https:\/\/www.justiceinfo.net\/fr?s={search_term_string}\"},\"query-input\":{\"@type\":\"PropertyValueSpecification\",\"valueRequired\":true,\"valueName\":\"search_term_string\"}}],\"inLanguage\":\"fr-FR\"},{\"@type\":\"Organization\",\"@id\":\"https:\/\/www.justiceinfo.net\/fr#organization\",\"name\":\"Justice Info\",\"url\":\"https:\/\/www.justiceinfo.net\/fr\",\"logo\":{\"@type\":\"ImageObject\",\"inLanguage\":\"fr-FR\",\"@id\":\"https:\/\/www.justiceinfo.net\/fr#\/schema\/logo\/image\/\",\"url\":\"https:\/\/www.justiceinfo.net\/wp-content\/uploads\/justiceinfo_logo-trans_1200x1200px.png\",\"contentUrl\":\"https:\/\/www.justiceinfo.net\/wp-content\/uploads\/justiceinfo_logo-trans_1200x1200px.png\",\"width\":1199,\"height\":1200,\"caption\":\"Justice Info\"},\"image\":{\"@id\":\"https:\/\/www.justiceinfo.net\/fr#\/schema\/logo\/image\/\"},\"sameAs\":[\"https:\/\/www.facebook.com\/JusticeInfo\/\",\"https:\/\/x.com\/justiceinfonet\",\"https:\/\/www.linkedin.com\/company\/justice-info\",\"https:\/\/www.youtube.com\/channel\/UCyCEsARodyuWtkWyhn-e7pA\"]},{\"@type\":\"Person\",\"name\":\"Benjamin Bibas\",\"sameAs\":[\"https:\/\/www.facebook.com\/benjamin.bibas.9\"],\"url\":\"https:\/\/www.justiceinfo.net\/fr\/auteur\/bbibas\"}]}<\/script>\n<!-- \/ Yoast SEO Premium plugin. -->","yoast_head_json":{"title":"\u00ab La d\u00e9cision la plus d\u00e9lib\u00e9r\u00e9e a \u00e9t\u00e9 de porter le changement climatique devant les tribunaux nationaux \u00bb","description":"La COP30 sur le climat d\u00e9bute le 10 novembre. Dennis van Berkel, cofondateur du Climate Litigation Network, revient sur dix ann\u00e9es de proc\u00e8s climatiques et comment la responsabilit\u00e9 climatique a pris une tournure internationale.","robots":{"index":"index","follow":"follow","max-snippet":"max-snippet:-1","max-image-preview":"max-image-preview:large","max-video-preview":"max-video-preview:-1"},"canonical":"https:\/\/www.justiceinfo.net\/fr\/151898-la-decision-la-plus-deliberee-a-ete-de-porter-le-changement-climatique-devant-les-tribunaux-nationaux.html","og_locale":"fr_FR","og_type":"article","og_title":"\u00ab La d\u00e9cision la plus d\u00e9lib\u00e9r\u00e9e a \u00e9t\u00e9 de porter le changement climatique devant les tribunaux nationaux \u00bb","og_description":"La COP30 sur le climat d\u00e9bute le 10 novembre. Dennis van Berkel, cofondateur du Climate Litigation Network, revient sur dix ann\u00e9es de proc\u00e8s climatiques et comment la responsabilit\u00e9 climatique a pris une tournure internationale.","og_url":"https:\/\/www.justiceinfo.net\/fr\/151898-la-decision-la-plus-deliberee-a-ete-de-porter-le-changement-climatique-devant-les-tribunaux-nationaux.html","og_site_name":"JusticeInfo.net","article_publisher":"https:\/\/www.facebook.com\/JusticeInfo\/","article_author":"https:\/\/www.facebook.com\/benjamin.bibas.9","article_published_time":"2025-11-07T10:49:16+00:00","article_modified_time":"2025-11-07T11:30:05+00:00","og_image":[{"width":1200,"height":800,"url":"https:\/\/www.justiceinfo.net\/wp-content\/uploads\/Netherlands_Dennis-van-Berkel-in-depth-interview_@Benoit-Peyrucq-Justice-Info.jpg","type":"image\/jpeg"}],"author":"Benjamin Bibas","twitter_card":"summary_large_image","twitter_creator":"@justiceinfonet","twitter_site":"@justiceinfonet","twitter_misc":{"\u00c9crit par":"Benjamin Bibas","Dur\u00e9e de lecture estim\u00e9e":"19 minutes"},"schema":{"@context":"https:\/\/schema.org","@graph":[{"@type":"NewsArticle","@id":"https:\/\/www.justiceinfo.net\/fr\/151898-la-decision-la-plus-deliberee-a-ete-de-porter-le-changement-climatique-devant-les-tribunaux-nationaux.html#article","isPartOf":{"@id":"https:\/\/www.justiceinfo.net\/fr\/151898-la-decision-la-plus-deliberee-a-ete-de-porter-le-changement-climatique-devant-les-tribunaux-nationaux.html"},"author":{"name":"Benjamin Bibas","@id":"https:\/\/www.justiceinfo.net\/fr#\/schema\/person\/0a6ede3a860096259d35642a5a3eb3ca"},"headline":"\u00ab La d\u00e9cision la plus d\u00e9lib\u00e9r\u00e9e a \u00e9t\u00e9 de porter le changement climatique devant les tribunaux nationaux \u00bb","datePublished":"2025-11-07T10:49:16+00:00","dateModified":"2025-11-07T11:30:05+00:00","mainEntityOfPage":{"@id":"https:\/\/www.justiceinfo.net\/fr\/151898-la-decision-la-plus-deliberee-a-ete-de-porter-le-changement-climatique-devant-les-tribunaux-nationaux.html"},"wordCount":4216,"commentCount":0,"publisher":{"@id":"https:\/\/www.justiceinfo.net\/fr#organization"},"image":{"@id":"https:\/\/www.justiceinfo.net\/fr\/151898-la-decision-la-plus-deliberee-a-ete-de-porter-le-changement-climatique-devant-les-tribunaux-nationaux.html#primaryimage"},"thumbnailUrl":"https:\/\/www.justiceinfo.net\/wp-content\/uploads\/Netherlands_Dennis-van-Berkel-in-depth-interview_@Benoit-Peyrucq-Justice-Info.jpg","keywords":["justice climatique"],"articleSection":["CIJ","Grands entretiens","Justice environnementale","Tribunaux nationaux"],"inLanguage":"fr-FR","potentialAction":[{"@type":"CommentAction","name":"Comment","target":["https:\/\/www.justiceinfo.net\/fr\/151898-la-decision-la-plus-deliberee-a-ete-de-porter-le-changement-climatique-devant-les-tribunaux-nationaux.html#respond"]}]},{"@type":"WebPage","@id":"https:\/\/www.justiceinfo.net\/fr\/151898-la-decision-la-plus-deliberee-a-ete-de-porter-le-changement-climatique-devant-les-tribunaux-nationaux.html","url":"https:\/\/www.justiceinfo.net\/fr\/151898-la-decision-la-plus-deliberee-a-ete-de-porter-le-changement-climatique-devant-les-tribunaux-nationaux.html","name":"\u00ab La d\u00e9cision la plus d\u00e9lib\u00e9r\u00e9e a \u00e9t\u00e9 de porter le changement climatique devant les tribunaux nationaux \u00bb","isPartOf":{"@id":"https:\/\/www.justiceinfo.net\/fr#website"},"primaryImageOfPage":{"@id":"https:\/\/www.justiceinfo.net\/fr\/151898-la-decision-la-plus-deliberee-a-ete-de-porter-le-changement-climatique-devant-les-tribunaux-nationaux.html#primaryimage"},"image":{"@id":"https:\/\/www.justiceinfo.net\/fr\/151898-la-decision-la-plus-deliberee-a-ete-de-porter-le-changement-climatique-devant-les-tribunaux-nationaux.html#primaryimage"},"thumbnailUrl":"https:\/\/www.justiceinfo.net\/wp-content\/uploads\/Netherlands_Dennis-van-Berkel-in-depth-interview_@Benoit-Peyrucq-Justice-Info.jpg","datePublished":"2025-11-07T10:49:16+00:00","dateModified":"2025-11-07T11:30:05+00:00","description":"La COP30 sur le climat d\u00e9bute le 10 novembre. Dennis van Berkel, cofondateur du Climate Litigation Network, revient sur dix ann\u00e9es de proc\u00e8s climatiques et comment la responsabilit\u00e9 climatique a pris une tournure internationale.","breadcrumb":{"@id":"https:\/\/www.justiceinfo.net\/fr\/151898-la-decision-la-plus-deliberee-a-ete-de-porter-le-changement-climatique-devant-les-tribunaux-nationaux.html#breadcrumb"},"inLanguage":"fr-FR","potentialAction":[{"@type":"ReadAction","target":["https:\/\/www.justiceinfo.net\/fr\/151898-la-decision-la-plus-deliberee-a-ete-de-porter-le-changement-climatique-devant-les-tribunaux-nationaux.html"]}]},{"@type":"ImageObject","inLanguage":"fr-FR","@id":"https:\/\/www.justiceinfo.net\/fr\/151898-la-decision-la-plus-deliberee-a-ete-de-porter-le-changement-climatique-devant-les-tribunaux-nationaux.html#primaryimage","url":"https:\/\/www.justiceinfo.net\/wp-content\/uploads\/Netherlands_Dennis-van-Berkel-in-depth-interview_@Benoit-Peyrucq-Justice-Info.jpg","contentUrl":"https:\/\/www.justiceinfo.net\/wp-content\/uploads\/Netherlands_Dennis-van-Berkel-in-depth-interview_@Benoit-Peyrucq-Justice-Info.jpg","width":1200,"height":800,"caption":"Dennis van Berkel. Illustration : \u00a9 Beno\u00eet Peyrucq \/ Justice Info"},{"@type":"BreadcrumbList","@id":"https:\/\/www.justiceinfo.net\/fr\/151898-la-decision-la-plus-deliberee-a-ete-de-porter-le-changement-climatique-devant-les-tribunaux-nationaux.html#breadcrumb","itemListElement":[{"@type":"ListItem","position":1,"name":"Home","item":"https:\/\/www.justiceinfo.net\/fr"},{"@type":"ListItem","position":2,"name":"\u00ab La d\u00e9cision la plus d\u00e9lib\u00e9r\u00e9e a \u00e9t\u00e9 de porter le changement climatique devant les tribunaux nationaux \u00bb"}]},{"@type":"WebSite","@id":"https:\/\/www.justiceinfo.net\/fr#website","url":"https:\/\/www.justiceinfo.net\/fr","name":"JusticeInfo.net","description":"La justice doit \u00eatre vue pour \u00eatre rendue","publisher":{"@id":"https:\/\/www.justiceinfo.net\/fr#organization"},"potentialAction":[{"@type":"SearchAction","target":{"@type":"EntryPoint","urlTemplate":"https:\/\/www.justiceinfo.net\/fr?s={search_term_string}"},"query-input":{"@type":"PropertyValueSpecification","valueRequired":true,"valueName":"search_term_string"}}],"inLanguage":"fr-FR"},{"@type":"Organization","@id":"https:\/\/www.justiceinfo.net\/fr#organization","name":"Justice Info","url":"https:\/\/www.justiceinfo.net\/fr","logo":{"@type":"ImageObject","inLanguage":"fr-FR","@id":"https:\/\/www.justiceinfo.net\/fr#\/schema\/logo\/image\/","url":"https:\/\/www.justiceinfo.net\/wp-content\/uploads\/justiceinfo_logo-trans_1200x1200px.png","contentUrl":"https:\/\/www.justiceinfo.net\/wp-content\/uploads\/justiceinfo_logo-trans_1200x1200px.png","width":1199,"height":1200,"caption":"Justice Info"},"image":{"@id":"https:\/\/www.justiceinfo.net\/fr#\/schema\/logo\/image\/"},"sameAs":["https:\/\/www.facebook.com\/JusticeInfo\/","https:\/\/x.com\/justiceinfonet","https:\/\/www.linkedin.com\/company\/justice-info","https:\/\/www.youtube.com\/channel\/UCyCEsARodyuWtkWyhn-e7pA"]},{"@type":"Person","name":"Benjamin Bibas","sameAs":["https:\/\/www.facebook.com\/benjamin.bibas.9"],"url":"https:\/\/www.justiceinfo.net\/fr\/auteur\/bbibas"}]}},"_links":{"self":[{"href":"https:\/\/www.justiceinfo.net\/fr\/wp-json\/wp\/v2\/posts\/151898","targetHints":{"allow":["GET"]}}],"collection":[{"href":"https:\/\/www.justiceinfo.net\/fr\/wp-json\/wp\/v2\/posts"}],"about":[{"href":"https:\/\/www.justiceinfo.net\/fr\/wp-json\/wp\/v2\/types\/post"}],"author":[{"embeddable":true,"href":"https:\/\/www.justiceinfo.net\/fr\/wp-json\/wp\/v2\/users\/77"}],"replies":[{"embeddable":true,"href":"https:\/\/www.justiceinfo.net\/fr\/wp-json\/wp\/v2\/comments?post=151898"}],"version-history":[{"count":13,"href":"https:\/\/www.justiceinfo.net\/fr\/wp-json\/wp\/v2\/posts\/151898\/revisions"}],"predecessor-version":[{"id":152489,"href":"https:\/\/www.justiceinfo.net\/fr\/wp-json\/wp\/v2\/posts\/151898\/revisions\/152489"}],"wp:featuredmedia":[{"embeddable":true,"href":"https:\/\/www.justiceinfo.net\/fr\/wp-json\/wp\/v2\/media\/151903"}],"wp:attachment":[{"href":"https:\/\/www.justiceinfo.net\/fr\/wp-json\/wp\/v2\/media?parent=151898"}],"wp:term":[{"taxonomy":"category","embeddable":true,"href":"https:\/\/www.justiceinfo.net\/fr\/wp-json\/wp\/v2\/categories?post=151898"},{"taxonomy":"post_tag","embeddable":true,"href":"https:\/\/www.justiceinfo.net\/fr\/wp-json\/wp\/v2\/tags?post=151898"},{"taxonomy":"ji_location","embeddable":true,"href":"https:\/\/www.justiceinfo.net\/fr\/wp-json\/wp\/v2\/ji_location?post=151898"}],"curies":[{"name":"wp","href":"https:\/\/api.w.org\/{rel}","templated":true}]}}