{"id":15204,"date":"2014-07-22T13:04:08","date_gmt":"2014-07-22T11:04:08","guid":{"rendered":"https:\/\/www.justiceinfo.net\/15204-220714-cpilibye-cpi-decision-dappel-jeudi-sur-la-demande-libyenne-de-juger-senoussi.html"},"modified":"2014-07-22T13:04:08","modified_gmt":"2014-07-22T11:04:08","slug":"220714-cpilibye-cpi-decision-dappel-jeudi-sur-la-demande-libyenne-de-juger-senoussi","status":"publish","type":"post","link":"https:\/\/www.justiceinfo.net\/fr\/15204-220714-cpilibye-cpi-decision-dappel-jeudi-sur-la-demande-libyenne-de-juger-senoussi.html","title":{"rendered":"22.07.14 - CPI\/LIBYE - CPI : DECISION D\u2019APPEL JEUDI SUR LA DEMANDE LIBYENNE DE JUGER  SENOUSSI"},"content":{"rendered":"<p>Arusha, 22 juillet 2014 (FH) - La chambre d\u2019appel de la Cour p\u00e9nale internationale (CPI) rendra son arr\u00eat jeudi sur la demande des nouvelles autorit\u00e9s libyennes de juger, devant leurs propres tribunaux, l\u2019ancien patron des renseignements libyens, Abdullah al-Senoussi, annonce mardi la Cour.<\/p>\n<p><!--more--><\/p>\n<p>Le 11 octobre 2013, une chambre pr\u00e9liminaire de la CPI avait rendu une d\u00e9cision favorable \u00e0 la Libye, jugeant que l\u2019affaire concernant Abdullah al-Senoussi faisait bien l\u2019objet d\u2019une enqu\u00eate \u00e0 Tripoli par les autorit\u00e9s nationales comp\u00e9tentes.La chambre estimait que la Libye \u00e9tait capable de mener \u00e0 bien cette enqu\u00eate, tout en garantissant un proc\u00e8s \u00e9quitable \u00e0 l\u2019ancien dirigeant.La d\u00e9fense avait fait appel.Suspect\u00e9 par la CPI de deux chefs de crimes contre l\u2019humanit\u00e9 (meurtre et pers\u00e9cution) qui auraient \u00e9t\u00e9 commis en Libye durant la r\u00e9volte de f\u00e9vrier 2011, al-Senoussi est encore d\u00e9tenu en Libye.Dans l\u2019affaire concernant Seif al-Islam, un des fils de l\u2019ancien pr\u00e9sident Mouammar Kadhafi, la CPI a d\u00e9j\u00e0 rejet\u00e9 d\u00e9finitivement une requ\u00eate similaire des nouvelles autorit\u00e9s de Tripoli.Mais en d\u00e9pit de ce rejet, le fils de Kadhafi est encore d\u00e9tenu \u00e0 Zenten dans le sud de son pays.RE<\/p>\n","protected":false},"excerpt":{"rendered":"<p>Arusha, 22 juillet 2014 (FH) - La chambre d\u2019appel de la Cour p\u00e9nale internationale (CPI) rendra son arr\u00eat jeudi sur la demande des nouvelles autorit\u00e9s libyennes de juger, devant leurs propres tribunaux, l\u2019ancien patron des renseignements libyens, Abdullah al-Senoussi, annonce mardi la Cour.<\/p>\n","protected":false},"author":59,"featured_media":0,"comment_status":"open","ping_status":"closed","sticky":false,"template":"","format":"standard","meta":{"_acf_changed":false,"footnotes":""},"categories":[554],"tags":[],"ji_location":[],"class_list":["post-15204","post","type-post","status-publish","format-standard","hentry","category-hirondellenews"],"acf":[],"yoast_head":"<!-- This site is optimized with the Yoast SEO Premium plugin v25.3.1 (Yoast SEO v25.3.1) - https:\/\/yoast.com\/wordpress\/plugins\/seo\/ -->\n<title>22.07.14 - CPI\/LIBYE - CPI : DECISION D\u2019APPEL JEUDI SUR LA DEMANDE LIBYENNE DE JUGER SENOUSSI - JusticeInfo.net<\/title>\n<meta name=\"robots\" content=\"index, follow, max-snippet:-1, max-image-preview:large, max-video-preview:-1\" \/>\n<link rel=\"canonical\" href=\"https:\/\/www.justiceinfo.net\/fr\/15204-220714-cpilibye-cpi-decision-dappel-jeudi-sur-la-demande-libyenne-de-juger-senoussi.html\" \/>\n<meta property=\"og:locale\" content=\"fr_FR\" \/>\n<meta property=\"og:type\" content=\"article\" \/>\n<meta property=\"og:title\" content=\"22.07.14 - CPI\/LIBYE - CPI : DECISION D\u2019APPEL JEUDI SUR LA DEMANDE LIBYENNE DE JUGER SENOUSSI\" \/>\n<meta property=\"og:description\" content=\"Arusha, 22 juillet 2014 (FH) - La chambre d\u2019appel de la Cour p\u00e9nale internationale (CPI) rendra son arr\u00eat jeudi sur la demande des nouvelles autorit\u00e9s libyennes de juger, devant leurs propres tribunaux, l\u2019ancien patron des renseignements libyens, Abdullah al-Senoussi, annonce mardi la Cour.\" \/>\n<meta property=\"og:url\" content=\"https:\/\/www.justiceinfo.net\/fr\/15204-220714-cpilibye-cpi-decision-dappel-jeudi-sur-la-demande-libyenne-de-juger-senoussi.html\" \/>\n<meta property=\"og:site_name\" content=\"JusticeInfo.net\" \/>\n<meta property=\"article:publisher\" content=\"https:\/\/www.facebook.com\/JusticeInfo\/\" \/>\n<meta property=\"article:author\" content=\"https:\/\/www.facebook.com\/rugiririza.ephrem.1\" \/>\n<meta property=\"article:published_time\" content=\"2014-07-22T11:04:08+00:00\" \/>\n<meta property=\"og:image\" content=\"https:\/\/www.justiceinfo.net\/wp-content\/uploads\/JusticeInfoNet_logo_1200x630px.jpg\" \/>\n\t<meta property=\"og:image:width\" content=\"1200\" \/>\n\t<meta property=\"og:image:height\" content=\"630\" \/>\n\t<meta property=\"og:image:type\" content=\"image\/jpeg\" \/>\n<meta name=\"author\" content=\"Ephrem Rugiririza\" \/>\n<meta name=\"twitter:card\" content=\"summary_large_image\" \/>\n<meta name=\"twitter:creator\" content=\"@ER72777667\" \/>\n<meta name=\"twitter:site\" content=\"@justiceinfonet\" \/>\n<meta name=\"twitter:label1\" content=\"\u00c9crit par\" \/>\n\t<meta name=\"twitter:data1\" content=\"Ephrem Rugiririza\" \/>\n\t<meta name=\"twitter:label2\" content=\"Dur\u00e9e de lecture estim\u00e9e\" \/>\n\t<meta name=\"twitter:data2\" content=\"1 minute\" \/>\n<script type=\"application\/ld+json\" class=\"yoast-schema-graph\">{\"@context\":\"https:\/\/schema.org\",\"@graph\":[{\"@type\":\"NewsArticle\",\"@id\":\"https:\/\/www.justiceinfo.net\/fr\/15204-220714-cpilibye-cpi-decision-dappel-jeudi-sur-la-demande-libyenne-de-juger-senoussi.html#article\",\"isPartOf\":{\"@id\":\"https:\/\/www.justiceinfo.net\/fr\/15204-220714-cpilibye-cpi-decision-dappel-jeudi-sur-la-demande-libyenne-de-juger-senoussi.html\"},\"author\":{\"name\":\"erugiririza\",\"@id\":\"https:\/\/www.justiceinfo.net\/fr#\/schema\/person\/3c444bdbf3536fdebfdc6b3a06b2fc4a\"},\"headline\":\"22.07.14 - CPI\/LIBYE - CPI : DECISION D\u2019APPEL JEUDI SUR LA DEMANDE LIBYENNE DE JUGER SENOUSSI\",\"datePublished\":\"2014-07-22T11:04:08+00:00\",\"mainEntityOfPage\":{\"@id\":\"https:\/\/www.justiceinfo.net\/fr\/15204-220714-cpilibye-cpi-decision-dappel-jeudi-sur-la-demande-libyenne-de-juger-senoussi.html\"},\"wordCount\":225,\"commentCount\":0,\"publisher\":{\"@id\":\"https:\/\/www.justiceinfo.net\/fr#organization\"},\"articleSection\":[\"Hirondelle News\"],\"inLanguage\":\"fr-FR\",\"potentialAction\":[{\"@type\":\"CommentAction\",\"name\":\"Comment\",\"target\":[\"https:\/\/www.justiceinfo.net\/fr\/15204-220714-cpilibye-cpi-decision-dappel-jeudi-sur-la-demande-libyenne-de-juger-senoussi.html#respond\"]}]},{\"@type\":\"WebPage\",\"@id\":\"https:\/\/www.justiceinfo.net\/fr\/15204-220714-cpilibye-cpi-decision-dappel-jeudi-sur-la-demande-libyenne-de-juger-senoussi.html\",\"url\":\"https:\/\/www.justiceinfo.net\/fr\/15204-220714-cpilibye-cpi-decision-dappel-jeudi-sur-la-demande-libyenne-de-juger-senoussi.html\",\"name\":\"22.07.14 - CPI\/LIBYE - CPI : DECISION D\u2019APPEL JEUDI SUR LA DEMANDE LIBYENNE DE JUGER SENOUSSI - JusticeInfo.net\",\"isPartOf\":{\"@id\":\"https:\/\/www.justiceinfo.net\/fr#website\"},\"datePublished\":\"2014-07-22T11:04:08+00:00\",\"breadcrumb\":{\"@id\":\"https:\/\/www.justiceinfo.net\/fr\/15204-220714-cpilibye-cpi-decision-dappel-jeudi-sur-la-demande-libyenne-de-juger-senoussi.html#breadcrumb\"},\"inLanguage\":\"fr-FR\",\"potentialAction\":[{\"@type\":\"ReadAction\",\"target\":[\"https:\/\/www.justiceinfo.net\/fr\/15204-220714-cpilibye-cpi-decision-dappel-jeudi-sur-la-demande-libyenne-de-juger-senoussi.html\"]}]},{\"@type\":\"BreadcrumbList\",\"@id\":\"https:\/\/www.justiceinfo.net\/fr\/15204-220714-cpilibye-cpi-decision-dappel-jeudi-sur-la-demande-libyenne-de-juger-senoussi.html#breadcrumb\",\"itemListElement\":[{\"@type\":\"ListItem\",\"position\":1,\"name\":\"Home\",\"item\":\"https:\/\/www.justiceinfo.net\/fr\"},{\"@type\":\"ListItem\",\"position\":2,\"name\":\"22.07.14 - CPI\/LIBYE - CPI : DECISION D\u2019APPEL JEUDI SUR LA DEMANDE LIBYENNE DE JUGER SENOUSSI\"}]},{\"@type\":\"WebSite\",\"@id\":\"https:\/\/www.justiceinfo.net\/fr#website\",\"url\":\"https:\/\/www.justiceinfo.net\/fr\",\"name\":\"JusticeInfo.net\",\"description\":\"La justice doit \u00eatre vue pour \u00eatre rendue\",\"publisher\":{\"@id\":\"https:\/\/www.justiceinfo.net\/fr#organization\"},\"potentialAction\":[{\"@type\":\"SearchAction\",\"target\":{\"@type\":\"EntryPoint\",\"urlTemplate\":\"https:\/\/www.justiceinfo.net\/fr?s={search_term_string}\"},\"query-input\":{\"@type\":\"PropertyValueSpecification\",\"valueRequired\":true,\"valueName\":\"search_term_string\"}}],\"inLanguage\":\"fr-FR\"},{\"@type\":\"Organization\",\"@id\":\"https:\/\/www.justiceinfo.net\/fr#organization\",\"name\":\"Justice Info\",\"url\":\"https:\/\/www.justiceinfo.net\/fr\",\"logo\":{\"@type\":\"ImageObject\",\"inLanguage\":\"fr-FR\",\"@id\":\"https:\/\/www.justiceinfo.net\/fr#\/schema\/logo\/image\/\",\"url\":\"https:\/\/www.justiceinfo.net\/wp-content\/uploads\/justiceinfo_logo-trans_1200x1200px.png\",\"contentUrl\":\"https:\/\/www.justiceinfo.net\/wp-content\/uploads\/justiceinfo_logo-trans_1200x1200px.png\",\"width\":1199,\"height\":1200,\"caption\":\"Justice Info\"},\"image\":{\"@id\":\"https:\/\/www.justiceinfo.net\/fr#\/schema\/logo\/image\/\"},\"sameAs\":[\"https:\/\/www.facebook.com\/JusticeInfo\/\",\"https:\/\/x.com\/justiceinfonet\",\"https:\/\/www.linkedin.com\/company\/justice-info\",\"https:\/\/www.youtube.com\/channel\/UCyCEsARodyuWtkWyhn-e7pA\"]},{\"@type\":\"Person\",\"name\":\"Ephrem Rugiririza\",\"sameAs\":[\"https:\/\/www.facebook.com\/rugiririza.ephrem.1\",\"https:\/\/x.com\/ER72777667\"],\"url\":\"https:\/\/www.justiceinfo.net\/fr\/auteur\/erugiririza\"}]}<\/script>\n<!-- \/ Yoast SEO Premium plugin. -->","yoast_head_json":{"title":"22.07.14 - CPI\/LIBYE - CPI : DECISION D\u2019APPEL JEUDI SUR LA DEMANDE LIBYENNE DE JUGER SENOUSSI - JusticeInfo.net","robots":{"index":"index","follow":"follow","max-snippet":"max-snippet:-1","max-image-preview":"max-image-preview:large","max-video-preview":"max-video-preview:-1"},"canonical":"https:\/\/www.justiceinfo.net\/fr\/15204-220714-cpilibye-cpi-decision-dappel-jeudi-sur-la-demande-libyenne-de-juger-senoussi.html","og_locale":"fr_FR","og_type":"article","og_title":"22.07.14 - CPI\/LIBYE - CPI : DECISION D\u2019APPEL JEUDI SUR LA DEMANDE LIBYENNE DE JUGER SENOUSSI","og_description":"Arusha, 22 juillet 2014 (FH) - La chambre d\u2019appel de la Cour p\u00e9nale internationale (CPI) rendra son arr\u00eat jeudi sur la demande des nouvelles autorit\u00e9s libyennes de juger, devant leurs propres tribunaux, l\u2019ancien patron des renseignements libyens, Abdullah al-Senoussi, annonce mardi la Cour.","og_url":"https:\/\/www.justiceinfo.net\/fr\/15204-220714-cpilibye-cpi-decision-dappel-jeudi-sur-la-demande-libyenne-de-juger-senoussi.html","og_site_name":"JusticeInfo.net","article_publisher":"https:\/\/www.facebook.com\/JusticeInfo\/","article_author":"https:\/\/www.facebook.com\/rugiririza.ephrem.1","article_published_time":"2014-07-22T11:04:08+00:00","og_image":[{"width":1200,"height":630,"url":"https:\/\/www.justiceinfo.net\/wp-content\/uploads\/JusticeInfoNet_logo_1200x630px.jpg","type":"image\/jpeg"}],"author":"Ephrem Rugiririza","twitter_card":"summary_large_image","twitter_creator":"@ER72777667","twitter_site":"@justiceinfonet","twitter_misc":{"\u00c9crit par":"Ephrem Rugiririza","Dur\u00e9e de lecture estim\u00e9e":"1 minute"},"schema":{"@context":"https:\/\/schema.org","@graph":[{"@type":"NewsArticle","@id":"https:\/\/www.justiceinfo.net\/fr\/15204-220714-cpilibye-cpi-decision-dappel-jeudi-sur-la-demande-libyenne-de-juger-senoussi.html#article","isPartOf":{"@id":"https:\/\/www.justiceinfo.net\/fr\/15204-220714-cpilibye-cpi-decision-dappel-jeudi-sur-la-demande-libyenne-de-juger-senoussi.html"},"author":{"name":"erugiririza","@id":"https:\/\/www.justiceinfo.net\/fr#\/schema\/person\/3c444bdbf3536fdebfdc6b3a06b2fc4a"},"headline":"22.07.14 - CPI\/LIBYE - CPI : DECISION D\u2019APPEL JEUDI SUR LA DEMANDE LIBYENNE DE JUGER SENOUSSI","datePublished":"2014-07-22T11:04:08+00:00","mainEntityOfPage":{"@id":"https:\/\/www.justiceinfo.net\/fr\/15204-220714-cpilibye-cpi-decision-dappel-jeudi-sur-la-demande-libyenne-de-juger-senoussi.html"},"wordCount":225,"commentCount":0,"publisher":{"@id":"https:\/\/www.justiceinfo.net\/fr#organization"},"articleSection":["Hirondelle News"],"inLanguage":"fr-FR","potentialAction":[{"@type":"CommentAction","name":"Comment","target":["https:\/\/www.justiceinfo.net\/fr\/15204-220714-cpilibye-cpi-decision-dappel-jeudi-sur-la-demande-libyenne-de-juger-senoussi.html#respond"]}]},{"@type":"WebPage","@id":"https:\/\/www.justiceinfo.net\/fr\/15204-220714-cpilibye-cpi-decision-dappel-jeudi-sur-la-demande-libyenne-de-juger-senoussi.html","url":"https:\/\/www.justiceinfo.net\/fr\/15204-220714-cpilibye-cpi-decision-dappel-jeudi-sur-la-demande-libyenne-de-juger-senoussi.html","name":"22.07.14 - CPI\/LIBYE - CPI : DECISION D\u2019APPEL JEUDI SUR LA DEMANDE LIBYENNE DE JUGER SENOUSSI - JusticeInfo.net","isPartOf":{"@id":"https:\/\/www.justiceinfo.net\/fr#website"},"datePublished":"2014-07-22T11:04:08+00:00","breadcrumb":{"@id":"https:\/\/www.justiceinfo.net\/fr\/15204-220714-cpilibye-cpi-decision-dappel-jeudi-sur-la-demande-libyenne-de-juger-senoussi.html#breadcrumb"},"inLanguage":"fr-FR","potentialAction":[{"@type":"ReadAction","target":["https:\/\/www.justiceinfo.net\/fr\/15204-220714-cpilibye-cpi-decision-dappel-jeudi-sur-la-demande-libyenne-de-juger-senoussi.html"]}]},{"@type":"BreadcrumbList","@id":"https:\/\/www.justiceinfo.net\/fr\/15204-220714-cpilibye-cpi-decision-dappel-jeudi-sur-la-demande-libyenne-de-juger-senoussi.html#breadcrumb","itemListElement":[{"@type":"ListItem","position":1,"name":"Home","item":"https:\/\/www.justiceinfo.net\/fr"},{"@type":"ListItem","position":2,"name":"22.07.14 - CPI\/LIBYE - CPI : DECISION D\u2019APPEL JEUDI SUR LA DEMANDE LIBYENNE DE JUGER SENOUSSI"}]},{"@type":"WebSite","@id":"https:\/\/www.justiceinfo.net\/fr#website","url":"https:\/\/www.justiceinfo.net\/fr","name":"JusticeInfo.net","description":"La justice doit \u00eatre vue pour \u00eatre rendue","publisher":{"@id":"https:\/\/www.justiceinfo.net\/fr#organization"},"potentialAction":[{"@type":"SearchAction","target":{"@type":"EntryPoint","urlTemplate":"https:\/\/www.justiceinfo.net\/fr?s={search_term_string}"},"query-input":{"@type":"PropertyValueSpecification","valueRequired":true,"valueName":"search_term_string"}}],"inLanguage":"fr-FR"},{"@type":"Organization","@id":"https:\/\/www.justiceinfo.net\/fr#organization","name":"Justice Info","url":"https:\/\/www.justiceinfo.net\/fr","logo":{"@type":"ImageObject","inLanguage":"fr-FR","@id":"https:\/\/www.justiceinfo.net\/fr#\/schema\/logo\/image\/","url":"https:\/\/www.justiceinfo.net\/wp-content\/uploads\/justiceinfo_logo-trans_1200x1200px.png","contentUrl":"https:\/\/www.justiceinfo.net\/wp-content\/uploads\/justiceinfo_logo-trans_1200x1200px.png","width":1199,"height":1200,"caption":"Justice Info"},"image":{"@id":"https:\/\/www.justiceinfo.net\/fr#\/schema\/logo\/image\/"},"sameAs":["https:\/\/www.facebook.com\/JusticeInfo\/","https:\/\/x.com\/justiceinfonet","https:\/\/www.linkedin.com\/company\/justice-info","https:\/\/www.youtube.com\/channel\/UCyCEsARodyuWtkWyhn-e7pA"]},{"@type":"Person","name":"Ephrem Rugiririza","sameAs":["https:\/\/www.facebook.com\/rugiririza.ephrem.1","https:\/\/x.com\/ER72777667"],"url":"https:\/\/www.justiceinfo.net\/fr\/auteur\/erugiririza"}]}},"_links":{"self":[{"href":"https:\/\/www.justiceinfo.net\/fr\/wp-json\/wp\/v2\/posts\/15204","targetHints":{"allow":["GET"]}}],"collection":[{"href":"https:\/\/www.justiceinfo.net\/fr\/wp-json\/wp\/v2\/posts"}],"about":[{"href":"https:\/\/www.justiceinfo.net\/fr\/wp-json\/wp\/v2\/types\/post"}],"author":[{"embeddable":true,"href":"https:\/\/www.justiceinfo.net\/fr\/wp-json\/wp\/v2\/users\/59"}],"replies":[{"embeddable":true,"href":"https:\/\/www.justiceinfo.net\/fr\/wp-json\/wp\/v2\/comments?post=15204"}],"version-history":[{"count":0,"href":"https:\/\/www.justiceinfo.net\/fr\/wp-json\/wp\/v2\/posts\/15204\/revisions"}],"wp:attachment":[{"href":"https:\/\/www.justiceinfo.net\/fr\/wp-json\/wp\/v2\/media?parent=15204"}],"wp:term":[{"taxonomy":"category","embeddable":true,"href":"https:\/\/www.justiceinfo.net\/fr\/wp-json\/wp\/v2\/categories?post=15204"},{"taxonomy":"post_tag","embeddable":true,"href":"https:\/\/www.justiceinfo.net\/fr\/wp-json\/wp\/v2\/tags?post=15204"},{"taxonomy":"ji_location","embeddable":true,"href":"https:\/\/www.justiceinfo.net\/fr\/wp-json\/wp\/v2\/ji_location?post=15204"}],"curies":[{"name":"wp","href":"https:\/\/api.w.org\/{rel}","templated":true}]}}