{"id":15211,"date":"2014-07-30T13:25:28","date_gmt":"2014-07-30T11:25:28","guid":{"rendered":"https:\/\/www.justiceinfo.net\/15211-300714-rwandagenocide-genocide-30-000-condamnes-aux-travaux-dinteret-general-ont-disparu-dans-la-nature.html"},"modified":"2014-07-30T13:25:28","modified_gmt":"2014-07-30T11:25:28","slug":"300714-rwandagenocide-genocide-30-000-condamnes-aux-travaux-dinteret-general-ont-disparu-dans-la-nature","status":"publish","type":"post","link":"https:\/\/www.justiceinfo.net\/fr\/15211-300714-rwandagenocide-genocide-30-000-condamnes-aux-travaux-dinteret-general-ont-disparu-dans-la-nature.html","title":{"rendered":"30.07.14 - RWANDA\/G\u00c9NOCIDE - G\u00c9NOCIDE : 30 000 CONDAMN\u00c9S AUX TRAVAUX D'INT\u00c9R\u00caT G\u00c9N\u00c9RAL ONT DISPARU DANS LA NATURE"},"content":{"rendered":"<p>Kigali, 30 juillet 2014 (FH)-\u00a0 Environ 30.000 Rwandais condamn\u00e9s \u00e0 des Travaux d'int\u00e9r\u00eat g\u00e9n\u00e9ral (TIG) pour leur r\u00f4le dans le g\u00e9nocide des Tutsis de 1994 ont disparu dans la nature, d\u00e9plorent les autorit\u00e9s p\u00e9nitentiaires rwandaises.<\/p>\n<p><!--more--><\/p>\n<p>Le TIG ont \u00e9t\u00e9 introduits dans la loi rwandaise comme peine alternative \u00e0 l'emprisonnement pour certaines cat\u00e9gories d'auteurs du g\u00e9nocide pass\u00e9s aux aveux. L'un des objectifs \u00e9tait de d\u00e9congestionner les prisons rwandaises.Au moment de leur cl\u00f4ture en juin 2012, les juridictions semi - traditionnelles gacacas (prononcer gatchatcha) qui avaient \u00e9t\u00e9 charg\u00e9es de juger la plupart des auteurs pr\u00e9sum\u00e9s du g\u00e9nocide, venaient de condamner 84.896 aux TIG, selon les chiffres officiels.Selon un rapport du Service correctionnel du Rwanda, sur ces 84.896 condamn\u00e9s au TIG, seulement 53.366 se sont pr\u00e9sent\u00e9s dans les camps o\u00f9 ils devaient effectuer cette peine alternative. Le service indique ne pas avoir de nouvelles des autres.\u00ab Cela nous pr\u00e9occupe au plus haut point \u00bb, a confi\u00e9 \u00e0 l'Agence Hirondelle le directeur du Service correctionnel Paul Rwarakabije.\u00ab C'est tr\u00e8s inqui\u00e9tant pour les rescap\u00e9s\u00bb, a rench\u00e9ri Naphtal\u00a0 Ahishakiye, secr\u00e9taire g\u00e9n\u00e9ral d'Ibuka, la principale organisation de survivants du g\u00e9nocide.Selon le m\u00eame rapport, sur ces 53.366 qui se sont pr\u00e9sent\u00e9s pour les TIG, 46.270 ont d\u00e9j\u00e0 termin\u00e9 leur peine, 1996 se sont \u00e9vad\u00e9s en cours d'ex\u00e9cution des peines tandis que 340 sont\u00a0 d\u00e9c\u00e9d\u00e9s de mort naturelle.Dans les TIG, les condamn\u00e9s construisent des \u00e9coles publiques, des maisons pour les veilles personnes ou les orphelins, tracent des routes ou construisent des ponts,etc.SRE\/ER<\/p>\n","protected":false},"excerpt":{"rendered":"<p>Kigali, 30 juillet 2014 (FH)-\u00a0 Environ 30.000 Rwandais condamn\u00e9s \u00e0 des Travaux d'int\u00e9r\u00eat g\u00e9n\u00e9ral (TIG) pour leur r\u00f4le dans le g\u00e9nocide des Tutsis de 1994 ont disparu dans la nature, d\u00e9plorent les autorit\u00e9s p\u00e9nitentiaires rwandaises.<\/p>\n","protected":false},"author":59,"featured_media":0,"comment_status":"open","ping_status":"closed","sticky":false,"template":"","format":"standard","meta":{"_acf_changed":false,"footnotes":""},"categories":[554],"tags":[],"ji_location":[],"class_list":["post-15211","post","type-post","status-publish","format-standard","hentry","category-hirondellenews"],"acf":[],"yoast_head":"<!-- This site is optimized with the Yoast SEO Premium plugin v25.3.1 (Yoast SEO v25.3.1) - https:\/\/yoast.com\/wordpress\/plugins\/seo\/ -->\n<title>30.07.14 - RWANDA\/G\u00c9NOCIDE - G\u00c9NOCIDE : 30 000 CONDAMN\u00c9S AUX TRAVAUX D&#039;INT\u00c9R\u00caT G\u00c9N\u00c9RAL ONT DISPARU DANS LA NATURE - JusticeInfo.net<\/title>\n<meta name=\"robots\" content=\"index, follow, max-snippet:-1, max-image-preview:large, max-video-preview:-1\" \/>\n<link rel=\"canonical\" href=\"https:\/\/www.justiceinfo.net\/fr\/15211-300714-rwandagenocide-genocide-30-000-condamnes-aux-travaux-dinteret-general-ont-disparu-dans-la-nature.html\" \/>\n<meta property=\"og:locale\" content=\"fr_FR\" \/>\n<meta property=\"og:type\" content=\"article\" \/>\n<meta property=\"og:title\" content=\"30.07.14 - RWANDA\/G\u00c9NOCIDE - G\u00c9NOCIDE : 30 000 CONDAMN\u00c9S AUX TRAVAUX D&#039;INT\u00c9R\u00caT G\u00c9N\u00c9RAL ONT DISPARU DANS LA NATURE\" \/>\n<meta property=\"og:description\" content=\"Kigali, 30 juillet 2014 (FH)-\u00a0 Environ 30.000 Rwandais condamn\u00e9s \u00e0 des Travaux d&#039;int\u00e9r\u00eat g\u00e9n\u00e9ral (TIG) pour leur r\u00f4le dans le g\u00e9nocide des Tutsis de 1994 ont disparu dans la nature, d\u00e9plorent les autorit\u00e9s p\u00e9nitentiaires rwandaises.\" \/>\n<meta property=\"og:url\" content=\"https:\/\/www.justiceinfo.net\/fr\/15211-300714-rwandagenocide-genocide-30-000-condamnes-aux-travaux-dinteret-general-ont-disparu-dans-la-nature.html\" \/>\n<meta property=\"og:site_name\" content=\"JusticeInfo.net\" \/>\n<meta property=\"article:publisher\" content=\"https:\/\/www.facebook.com\/JusticeInfo\/\" \/>\n<meta property=\"article:author\" content=\"https:\/\/www.facebook.com\/rugiririza.ephrem.1\" \/>\n<meta property=\"article:published_time\" content=\"2014-07-30T11:25:28+00:00\" \/>\n<meta property=\"og:image\" content=\"https:\/\/www.justiceinfo.net\/wp-content\/uploads\/JusticeInfoNet_logo_1200x630px.jpg\" \/>\n\t<meta property=\"og:image:width\" content=\"1200\" \/>\n\t<meta property=\"og:image:height\" content=\"630\" \/>\n\t<meta property=\"og:image:type\" content=\"image\/jpeg\" \/>\n<meta name=\"author\" content=\"Ephrem Rugiririza\" \/>\n<meta name=\"twitter:card\" content=\"summary_large_image\" \/>\n<meta name=\"twitter:creator\" content=\"@ER72777667\" \/>\n<meta name=\"twitter:site\" content=\"@justiceinfonet\" \/>\n<meta name=\"twitter:label1\" content=\"\u00c9crit par\" \/>\n\t<meta name=\"twitter:data1\" content=\"Ephrem Rugiririza\" \/>\n\t<meta name=\"twitter:label2\" content=\"Dur\u00e9e de lecture estim\u00e9e\" \/>\n\t<meta name=\"twitter:data2\" content=\"1 minute\" \/>\n<script type=\"application\/ld+json\" class=\"yoast-schema-graph\">{\"@context\":\"https:\/\/schema.org\",\"@graph\":[{\"@type\":\"NewsArticle\",\"@id\":\"https:\/\/www.justiceinfo.net\/fr\/15211-300714-rwandagenocide-genocide-30-000-condamnes-aux-travaux-dinteret-general-ont-disparu-dans-la-nature.html#article\",\"isPartOf\":{\"@id\":\"https:\/\/www.justiceinfo.net\/fr\/15211-300714-rwandagenocide-genocide-30-000-condamnes-aux-travaux-dinteret-general-ont-disparu-dans-la-nature.html\"},\"author\":{\"name\":\"erugiririza\",\"@id\":\"https:\/\/www.justiceinfo.net\/fr#\/schema\/person\/3c444bdbf3536fdebfdc6b3a06b2fc4a\"},\"headline\":\"30.07.14 - RWANDA\/G\u00c9NOCIDE - G\u00c9NOCIDE : 30 000 CONDAMN\u00c9S AUX TRAVAUX D'INT\u00c9R\u00caT G\u00c9N\u00c9RAL ONT DISPARU DANS LA NATURE\",\"datePublished\":\"2014-07-30T11:25:28+00:00\",\"mainEntityOfPage\":{\"@id\":\"https:\/\/www.justiceinfo.net\/fr\/15211-300714-rwandagenocide-genocide-30-000-condamnes-aux-travaux-dinteret-general-ont-disparu-dans-la-nature.html\"},\"wordCount\":307,\"commentCount\":0,\"publisher\":{\"@id\":\"https:\/\/www.justiceinfo.net\/fr#organization\"},\"articleSection\":[\"Hirondelle News\"],\"inLanguage\":\"fr-FR\",\"potentialAction\":[{\"@type\":\"CommentAction\",\"name\":\"Comment\",\"target\":[\"https:\/\/www.justiceinfo.net\/fr\/15211-300714-rwandagenocide-genocide-30-000-condamnes-aux-travaux-dinteret-general-ont-disparu-dans-la-nature.html#respond\"]}]},{\"@type\":\"WebPage\",\"@id\":\"https:\/\/www.justiceinfo.net\/fr\/15211-300714-rwandagenocide-genocide-30-000-condamnes-aux-travaux-dinteret-general-ont-disparu-dans-la-nature.html\",\"url\":\"https:\/\/www.justiceinfo.net\/fr\/15211-300714-rwandagenocide-genocide-30-000-condamnes-aux-travaux-dinteret-general-ont-disparu-dans-la-nature.html\",\"name\":\"30.07.14 - RWANDA\/G\u00c9NOCIDE - G\u00c9NOCIDE : 30 000 CONDAMN\u00c9S AUX TRAVAUX D'INT\u00c9R\u00caT G\u00c9N\u00c9RAL ONT DISPARU DANS LA NATURE - JusticeInfo.net\",\"isPartOf\":{\"@id\":\"https:\/\/www.justiceinfo.net\/fr#website\"},\"datePublished\":\"2014-07-30T11:25:28+00:00\",\"breadcrumb\":{\"@id\":\"https:\/\/www.justiceinfo.net\/fr\/15211-300714-rwandagenocide-genocide-30-000-condamnes-aux-travaux-dinteret-general-ont-disparu-dans-la-nature.html#breadcrumb\"},\"inLanguage\":\"fr-FR\",\"potentialAction\":[{\"@type\":\"ReadAction\",\"target\":[\"https:\/\/www.justiceinfo.net\/fr\/15211-300714-rwandagenocide-genocide-30-000-condamnes-aux-travaux-dinteret-general-ont-disparu-dans-la-nature.html\"]}]},{\"@type\":\"BreadcrumbList\",\"@id\":\"https:\/\/www.justiceinfo.net\/fr\/15211-300714-rwandagenocide-genocide-30-000-condamnes-aux-travaux-dinteret-general-ont-disparu-dans-la-nature.html#breadcrumb\",\"itemListElement\":[{\"@type\":\"ListItem\",\"position\":1,\"name\":\"Home\",\"item\":\"https:\/\/www.justiceinfo.net\/fr\"},{\"@type\":\"ListItem\",\"position\":2,\"name\":\"30.07.14 - RWANDA\/G\u00c9NOCIDE - G\u00c9NOCIDE : 30 000 CONDAMN\u00c9S AUX TRAVAUX D'INT\u00c9R\u00caT G\u00c9N\u00c9RAL ONT DISPARU DANS LA NATURE\"}]},{\"@type\":\"WebSite\",\"@id\":\"https:\/\/www.justiceinfo.net\/fr#website\",\"url\":\"https:\/\/www.justiceinfo.net\/fr\",\"name\":\"JusticeInfo.net\",\"description\":\"La justice doit \u00eatre vue pour \u00eatre rendue\",\"publisher\":{\"@id\":\"https:\/\/www.justiceinfo.net\/fr#organization\"},\"potentialAction\":[{\"@type\":\"SearchAction\",\"target\":{\"@type\":\"EntryPoint\",\"urlTemplate\":\"https:\/\/www.justiceinfo.net\/fr?s={search_term_string}\"},\"query-input\":{\"@type\":\"PropertyValueSpecification\",\"valueRequired\":true,\"valueName\":\"search_term_string\"}}],\"inLanguage\":\"fr-FR\"},{\"@type\":\"Organization\",\"@id\":\"https:\/\/www.justiceinfo.net\/fr#organization\",\"name\":\"Justice Info\",\"url\":\"https:\/\/www.justiceinfo.net\/fr\",\"logo\":{\"@type\":\"ImageObject\",\"inLanguage\":\"fr-FR\",\"@id\":\"https:\/\/www.justiceinfo.net\/fr#\/schema\/logo\/image\/\",\"url\":\"https:\/\/www.justiceinfo.net\/wp-content\/uploads\/justiceinfo_logo-trans_1200x1200px.png\",\"contentUrl\":\"https:\/\/www.justiceinfo.net\/wp-content\/uploads\/justiceinfo_logo-trans_1200x1200px.png\",\"width\":1199,\"height\":1200,\"caption\":\"Justice Info\"},\"image\":{\"@id\":\"https:\/\/www.justiceinfo.net\/fr#\/schema\/logo\/image\/\"},\"sameAs\":[\"https:\/\/www.facebook.com\/JusticeInfo\/\",\"https:\/\/x.com\/justiceinfonet\",\"https:\/\/www.linkedin.com\/company\/justice-info\",\"https:\/\/www.youtube.com\/channel\/UCyCEsARodyuWtkWyhn-e7pA\"]},{\"@type\":\"Person\",\"name\":\"Ephrem Rugiririza\",\"sameAs\":[\"https:\/\/www.facebook.com\/rugiririza.ephrem.1\",\"https:\/\/x.com\/ER72777667\"],\"url\":\"https:\/\/www.justiceinfo.net\/fr\/auteur\/erugiririza\"}]}<\/script>\n<!-- \/ Yoast SEO Premium plugin. -->","yoast_head_json":{"title":"30.07.14 - RWANDA\/G\u00c9NOCIDE - G\u00c9NOCIDE : 30 000 CONDAMN\u00c9S AUX TRAVAUX D'INT\u00c9R\u00caT G\u00c9N\u00c9RAL ONT DISPARU DANS LA NATURE - JusticeInfo.net","robots":{"index":"index","follow":"follow","max-snippet":"max-snippet:-1","max-image-preview":"max-image-preview:large","max-video-preview":"max-video-preview:-1"},"canonical":"https:\/\/www.justiceinfo.net\/fr\/15211-300714-rwandagenocide-genocide-30-000-condamnes-aux-travaux-dinteret-general-ont-disparu-dans-la-nature.html","og_locale":"fr_FR","og_type":"article","og_title":"30.07.14 - RWANDA\/G\u00c9NOCIDE - G\u00c9NOCIDE : 30 000 CONDAMN\u00c9S AUX TRAVAUX D'INT\u00c9R\u00caT G\u00c9N\u00c9RAL ONT DISPARU DANS LA NATURE","og_description":"Kigali, 30 juillet 2014 (FH)-\u00a0 Environ 30.000 Rwandais condamn\u00e9s \u00e0 des Travaux d'int\u00e9r\u00eat g\u00e9n\u00e9ral (TIG) pour leur r\u00f4le dans le g\u00e9nocide des Tutsis de 1994 ont disparu dans la nature, d\u00e9plorent les autorit\u00e9s p\u00e9nitentiaires rwandaises.","og_url":"https:\/\/www.justiceinfo.net\/fr\/15211-300714-rwandagenocide-genocide-30-000-condamnes-aux-travaux-dinteret-general-ont-disparu-dans-la-nature.html","og_site_name":"JusticeInfo.net","article_publisher":"https:\/\/www.facebook.com\/JusticeInfo\/","article_author":"https:\/\/www.facebook.com\/rugiririza.ephrem.1","article_published_time":"2014-07-30T11:25:28+00:00","og_image":[{"width":1200,"height":630,"url":"https:\/\/www.justiceinfo.net\/wp-content\/uploads\/JusticeInfoNet_logo_1200x630px.jpg","type":"image\/jpeg"}],"author":"Ephrem Rugiririza","twitter_card":"summary_large_image","twitter_creator":"@ER72777667","twitter_site":"@justiceinfonet","twitter_misc":{"\u00c9crit par":"Ephrem Rugiririza","Dur\u00e9e de lecture estim\u00e9e":"1 minute"},"schema":{"@context":"https:\/\/schema.org","@graph":[{"@type":"NewsArticle","@id":"https:\/\/www.justiceinfo.net\/fr\/15211-300714-rwandagenocide-genocide-30-000-condamnes-aux-travaux-dinteret-general-ont-disparu-dans-la-nature.html#article","isPartOf":{"@id":"https:\/\/www.justiceinfo.net\/fr\/15211-300714-rwandagenocide-genocide-30-000-condamnes-aux-travaux-dinteret-general-ont-disparu-dans-la-nature.html"},"author":{"name":"erugiririza","@id":"https:\/\/www.justiceinfo.net\/fr#\/schema\/person\/3c444bdbf3536fdebfdc6b3a06b2fc4a"},"headline":"30.07.14 - RWANDA\/G\u00c9NOCIDE - G\u00c9NOCIDE : 30 000 CONDAMN\u00c9S AUX TRAVAUX D'INT\u00c9R\u00caT G\u00c9N\u00c9RAL ONT DISPARU DANS LA NATURE","datePublished":"2014-07-30T11:25:28+00:00","mainEntityOfPage":{"@id":"https:\/\/www.justiceinfo.net\/fr\/15211-300714-rwandagenocide-genocide-30-000-condamnes-aux-travaux-dinteret-general-ont-disparu-dans-la-nature.html"},"wordCount":307,"commentCount":0,"publisher":{"@id":"https:\/\/www.justiceinfo.net\/fr#organization"},"articleSection":["Hirondelle News"],"inLanguage":"fr-FR","potentialAction":[{"@type":"CommentAction","name":"Comment","target":["https:\/\/www.justiceinfo.net\/fr\/15211-300714-rwandagenocide-genocide-30-000-condamnes-aux-travaux-dinteret-general-ont-disparu-dans-la-nature.html#respond"]}]},{"@type":"WebPage","@id":"https:\/\/www.justiceinfo.net\/fr\/15211-300714-rwandagenocide-genocide-30-000-condamnes-aux-travaux-dinteret-general-ont-disparu-dans-la-nature.html","url":"https:\/\/www.justiceinfo.net\/fr\/15211-300714-rwandagenocide-genocide-30-000-condamnes-aux-travaux-dinteret-general-ont-disparu-dans-la-nature.html","name":"30.07.14 - RWANDA\/G\u00c9NOCIDE - G\u00c9NOCIDE : 30 000 CONDAMN\u00c9S AUX TRAVAUX D'INT\u00c9R\u00caT G\u00c9N\u00c9RAL ONT DISPARU DANS LA NATURE - JusticeInfo.net","isPartOf":{"@id":"https:\/\/www.justiceinfo.net\/fr#website"},"datePublished":"2014-07-30T11:25:28+00:00","breadcrumb":{"@id":"https:\/\/www.justiceinfo.net\/fr\/15211-300714-rwandagenocide-genocide-30-000-condamnes-aux-travaux-dinteret-general-ont-disparu-dans-la-nature.html#breadcrumb"},"inLanguage":"fr-FR","potentialAction":[{"@type":"ReadAction","target":["https:\/\/www.justiceinfo.net\/fr\/15211-300714-rwandagenocide-genocide-30-000-condamnes-aux-travaux-dinteret-general-ont-disparu-dans-la-nature.html"]}]},{"@type":"BreadcrumbList","@id":"https:\/\/www.justiceinfo.net\/fr\/15211-300714-rwandagenocide-genocide-30-000-condamnes-aux-travaux-dinteret-general-ont-disparu-dans-la-nature.html#breadcrumb","itemListElement":[{"@type":"ListItem","position":1,"name":"Home","item":"https:\/\/www.justiceinfo.net\/fr"},{"@type":"ListItem","position":2,"name":"30.07.14 - RWANDA\/G\u00c9NOCIDE - G\u00c9NOCIDE : 30 000 CONDAMN\u00c9S AUX TRAVAUX D'INT\u00c9R\u00caT G\u00c9N\u00c9RAL ONT DISPARU DANS LA NATURE"}]},{"@type":"WebSite","@id":"https:\/\/www.justiceinfo.net\/fr#website","url":"https:\/\/www.justiceinfo.net\/fr","name":"JusticeInfo.net","description":"La justice doit \u00eatre vue pour \u00eatre rendue","publisher":{"@id":"https:\/\/www.justiceinfo.net\/fr#organization"},"potentialAction":[{"@type":"SearchAction","target":{"@type":"EntryPoint","urlTemplate":"https:\/\/www.justiceinfo.net\/fr?s={search_term_string}"},"query-input":{"@type":"PropertyValueSpecification","valueRequired":true,"valueName":"search_term_string"}}],"inLanguage":"fr-FR"},{"@type":"Organization","@id":"https:\/\/www.justiceinfo.net\/fr#organization","name":"Justice Info","url":"https:\/\/www.justiceinfo.net\/fr","logo":{"@type":"ImageObject","inLanguage":"fr-FR","@id":"https:\/\/www.justiceinfo.net\/fr#\/schema\/logo\/image\/","url":"https:\/\/www.justiceinfo.net\/wp-content\/uploads\/justiceinfo_logo-trans_1200x1200px.png","contentUrl":"https:\/\/www.justiceinfo.net\/wp-content\/uploads\/justiceinfo_logo-trans_1200x1200px.png","width":1199,"height":1200,"caption":"Justice Info"},"image":{"@id":"https:\/\/www.justiceinfo.net\/fr#\/schema\/logo\/image\/"},"sameAs":["https:\/\/www.facebook.com\/JusticeInfo\/","https:\/\/x.com\/justiceinfonet","https:\/\/www.linkedin.com\/company\/justice-info","https:\/\/www.youtube.com\/channel\/UCyCEsARodyuWtkWyhn-e7pA"]},{"@type":"Person","name":"Ephrem Rugiririza","sameAs":["https:\/\/www.facebook.com\/rugiririza.ephrem.1","https:\/\/x.com\/ER72777667"],"url":"https:\/\/www.justiceinfo.net\/fr\/auteur\/erugiririza"}]}},"_links":{"self":[{"href":"https:\/\/www.justiceinfo.net\/fr\/wp-json\/wp\/v2\/posts\/15211","targetHints":{"allow":["GET"]}}],"collection":[{"href":"https:\/\/www.justiceinfo.net\/fr\/wp-json\/wp\/v2\/posts"}],"about":[{"href":"https:\/\/www.justiceinfo.net\/fr\/wp-json\/wp\/v2\/types\/post"}],"author":[{"embeddable":true,"href":"https:\/\/www.justiceinfo.net\/fr\/wp-json\/wp\/v2\/users\/59"}],"replies":[{"embeddable":true,"href":"https:\/\/www.justiceinfo.net\/fr\/wp-json\/wp\/v2\/comments?post=15211"}],"version-history":[{"count":0,"href":"https:\/\/www.justiceinfo.net\/fr\/wp-json\/wp\/v2\/posts\/15211\/revisions"}],"wp:attachment":[{"href":"https:\/\/www.justiceinfo.net\/fr\/wp-json\/wp\/v2\/media?parent=15211"}],"wp:term":[{"taxonomy":"category","embeddable":true,"href":"https:\/\/www.justiceinfo.net\/fr\/wp-json\/wp\/v2\/categories?post=15211"},{"taxonomy":"post_tag","embeddable":true,"href":"https:\/\/www.justiceinfo.net\/fr\/wp-json\/wp\/v2\/tags?post=15211"},{"taxonomy":"ji_location","embeddable":true,"href":"https:\/\/www.justiceinfo.net\/fr\/wp-json\/wp\/v2\/ji_location?post=15211"}],"curies":[{"name":"wp","href":"https:\/\/api.w.org\/{rel}","templated":true}]}}