{"id":152210,"date":"2025-11-13T16:43:02","date_gmt":"2025-11-13T15:43:02","guid":{"rendered":"https:\/\/www.justiceinfo.net\/152210-premiere-condamnation-en-belgique-dans-un-proces-pour-le-genocide-des-yazidis.html"},"modified":"2025-11-13T16:43:02","modified_gmt":"2025-11-13T15:43:02","slug":"premiere-condamnation-en-belgique-dans-un-proces-pour-le-genocide-des-yazidis","status":"publish","type":"post","link":"https:\/\/www.justiceinfo.net\/fr\/152210-premiere-condamnation-en-belgique-dans-un-proces-pour-le-genocide-des-yazidis.html","title":{"rendered":"Premi\u00e8re condamnation en Belgique dans un proc\u00e8s pour le g\u00e9nocide des Yazidis"},"content":{"rendered":"<p>\n             Un jihadiste belge, jug\u00e9 par d\u00e9faut et pr\u00e9sum\u00e9 mort en Syrie, a \u00e9t\u00e9 reconnu coupable de \"crime de g\u00e9nocide\" contre la minorit\u00e9 des Yazidis, jeudi \u00e0 Bruxelles, dans le premier proc\u00e8s tenu en Belgique sur cette entreprise d'extermination men\u00e9e par le groupe Etat islamique.\n<\/p>\n<p>\n            Sammy Djedou, combattant de cette organisation jihadiste, d\u00e9j\u00e0 condamn\u00e9 pour terrorisme en Belgique en 2021, \u00e9tait \u00e0 nouveau jug\u00e9 en son absence et est pr\u00e9sum\u00e9 mort en zone de guerre.\n<\/p>\n<p>\n            Le Pentagone avait annonc\u00e9 son d\u00e9c\u00e8s en d\u00e9cembre 2016 lors d'une frappe a\u00e9rienne \u00e0 Raqqa (Syrie), mais les autorit\u00e9s belges n'en ont jamais eu de preuve formelle et ont d\u00e9cid\u00e9 de le poursuivre.\n<\/p>\n<p>\n            Avant la Belgique, trois autres pays europ\u00e9ens - l'Allemagne, les Pays-Bas et la Su\u00e8de - avaient traduit en justice et fait condamner des jihadistes pour leur participation aux crimes perp\u00e9tr\u00e9s par l'EI contre cette petite minorit\u00e9 ethnoreligieuse kurdophone\n<\/p>\n<p>\n            Le Belge Sammy Djedou a \u00e9t\u00e9 reconnu coupable de \"crime de g\u00e9nocide\" contre cette minorit\u00e9, en Irak et en Syrie, ainsi que de \"crimes contre l'humanit\u00e9\" pour avoir s\u00e9questr\u00e9, frapp\u00e9, viol\u00e9 et contraint \u00e0 l'esclavage sexuel trois femmes yazidies entre fin 2014 et fin 2016.\n<\/p>\n<p>\n            Dans ses motivations la cour a d\u00e9nonc\u00e9 l'\"attaque g\u00e9n\u00e9ralis\u00e9e et syst\u00e9matique\" des Yazidis par l'organisation Etat islamique (EI), notamment dans ses fiefs de Raqqa (Syrie) et Mossoul (Irak).\n<\/p>\n<p>\n            \"Avec une brutalit\u00e9 et une violence extr\u00eame\" auxquelles l'accus\u00e9 a particip\u00e9, souligne le verdict lue par la pr\u00e9sidente.\n<\/p>\n<p>\n            Cette enqu\u00eate de la justice antiterroriste belge s'est appuy\u00e9e sur des t\u00e9moignages recueillis par des ONG et des journalistes en zone de guerre apr\u00e8s la chute du dernier bastion de l'EI \u00e0 Baghouz (Syrie) en 2019. Elle a permis d'identifier trois femmes yazidies ayant \u00e9t\u00e9 victimes de Djedou.\n<\/p>\n<p>\n            \"C'est historique pour la Belgique\", a salu\u00e9 aupr\u00e8s de l'AFP l'avocate Olivia Venet qui d\u00e9fendait deux de ces femmes s'\u00e9tant port\u00e9es parties civiles.\n<\/p>\n<p>\n            Selon elle la justice belge a une responsabilit\u00e9 particuli\u00e8re car la Belgique est en proportion de sa population \"le pays qui a fourni le plus de combattants \u00e9trangers \u00e0 l'Etat islamique\".\n<\/p>\n<p>\n            - Mis en cause dans le dossier du 13-Novembre -\n<\/p>\n<p>\n            Les Yazidis sont une minorit\u00e9 kurdophone, adepte d'une religion pr\u00e9-islamique, qui \u00e9tait implant\u00e9e principalement dans le nord de l'Irak avant de subir les assauts et pers\u00e9cutions des jihadistes de l'EI \u00e0 partir d'ao\u00fbt 2014, et de fuir en masse.\n<\/p>\n<p>\n            Selon l'ONU, des milliers de femmes et adolescentes ont alors subi viols, enl\u00e8vements et traitements inhumains, dont l'esclavage. Des hommes yazidis ont \u00e9t\u00e9 tu\u00e9s par centaines.\n<\/p>\n<p>\n            Dans ce proc\u00e8s, Sammy Djedou encourt une peine de r\u00e9clusion \u00e0 perp\u00e9tuit\u00e9. La cour d'assises doit proc\u00e9der \u00e0 une seconde d\u00e9lib\u00e9ration vendredi pour fixer la peine.\n<\/p>\n<p>\n            N\u00e9 en ao\u00fbt 1989 d'une m\u00e8re belge et d'un p\u00e8re ivoirien, converti \u00e0 l'islam \u00e0 15 ans, ce Bruxellois \u00e9tait parti rejoindre les rangs de l'EI en 2012. Il \u00e9tait devenu en Syrie, aux c\u00f4t\u00e9s d'autres combattants \u00e9trangers, un cadre de la cellule des op\u00e9rations ext\u00e9rieures de l'organisation jihadiste charg\u00e9e de pr\u00e9parer des attentats en Europe.\n<\/p>\n<p>\n            Il a \u00e9t\u00e9 cit\u00e9 dans la proc\u00e9dure dite \"Paris bis\", jug\u00e9e \u00e0 Bruxelles en 2022, ciblant diverses complicit\u00e9s dont ont b\u00e9n\u00e9fici\u00e9 les auteurs des attentats du 13 novembre 2015 en France (130 morts).\n<\/p>\n<p>\n            Dans le dernier jugement en date en Europe concernant les Yazidis, une Su\u00e9doise d'origine irakienne a \u00e9t\u00e9 condamn\u00e9e en f\u00e9vrier 2025 \u00e0 12 ans de prison par un tribunal de Stockholm pour avoir r\u00e9duit en esclavage des femmes et des enfants de cette minorit\u00e9 en Syrie pendant cinq mois en 2015.\n<\/p>\n<p>\n            Le premier proc\u00e8s europ\u00e9en s'\u00e9tait tenu en Allemagne, avec la condamnation fin 2021 \u00e0 la prison \u00e0 vie d'un jihadiste irakien reconnu coupable d'avoir laiss\u00e9 mourir de soif une fillette yazidie r\u00e9duite en esclavage avec sa m\u00e8re, en Irak.\n<\/p>\n<p>\n            Un autre proc\u00e8s est pr\u00e9vu \u00e0 Paris en mars 2026, le premier en France concernant le g\u00e9nocide des Yazidis, ciblant aussi un jihadiste pr\u00e9sum\u00e9 mort.<\/p>\n","protected":false},"excerpt":{"rendered":"<p>Un jihadiste belge, jug\u00e9 par d\u00e9faut et pr\u00e9sum\u00e9 mort en Syrie, a \u00e9t\u00e9 reconnu coupable de \"crime de g\u00e9nocide\" contre la minorit\u00e9 des Yazidis, jeudi \u00e0 Bruxelles, dans le premier proc\u00e8s tenu en Belgique sur cette entreprise d'extermination men\u00e9e par le groupe Etat islamique. Sammy Djedou, combattant de cette organisation jihadiste, d\u00e9j\u00e0 condamn\u00e9 pour terrorisme [&hellip;]<\/p>\n","protected":false},"author":60,"featured_media":0,"comment_status":"open","ping_status":"closed","sticky":false,"template":"","format":"standard","meta":{"_acf_changed":false,"footnotes":""},"categories":[2576],"tags":[],"ji_location":[],"class_list":["post-152210","post","type-post","status-publish","format-standard","hentry","category-fil-d-actualite"],"acf":[],"yoast_head":"<!-- This site is optimized with the Yoast SEO Premium plugin v25.3.1 (Yoast SEO v25.3.1) - https:\/\/yoast.com\/wordpress\/plugins\/seo\/ -->\n<title>Premi\u00e8re condamnation en Belgique dans un proc\u00e8s pour le g\u00e9nocide des Yazidis - JusticeInfo.net<\/title>\n<meta name=\"robots\" content=\"index, follow, max-snippet:-1, max-image-preview:large, max-video-preview:-1\" \/>\n<link rel=\"canonical\" href=\"https:\/\/www.justiceinfo.net\/fr\/152210-premiere-condamnation-en-belgique-dans-un-proces-pour-le-genocide-des-yazidis.html\" \/>\n<meta property=\"og:locale\" content=\"fr_FR\" \/>\n<meta property=\"og:type\" content=\"article\" \/>\n<meta property=\"og:title\" content=\"Premi\u00e8re condamnation en Belgique dans un proc\u00e8s pour le g\u00e9nocide des Yazidis\" \/>\n<meta property=\"og:description\" content=\"Un jihadiste belge, jug\u00e9 par d\u00e9faut et pr\u00e9sum\u00e9 mort en Syrie, a \u00e9t\u00e9 reconnu coupable de &quot;crime de g\u00e9nocide&quot; contre la minorit\u00e9 des Yazidis, jeudi \u00e0 Bruxelles, dans le premier proc\u00e8s tenu en Belgique sur cette entreprise d&#039;extermination men\u00e9e par le groupe Etat islamique. Sammy Djedou, combattant de cette organisation jihadiste, d\u00e9j\u00e0 condamn\u00e9 pour terrorisme [&hellip;]\" \/>\n<meta property=\"og:url\" content=\"https:\/\/www.justiceinfo.net\/fr\/152210-premiere-condamnation-en-belgique-dans-un-proces-pour-le-genocide-des-yazidis.html\" \/>\n<meta property=\"og:site_name\" content=\"JusticeInfo.net\" \/>\n<meta property=\"article:publisher\" content=\"https:\/\/www.facebook.com\/JusticeInfo\/\" \/>\n<meta property=\"article:published_time\" content=\"2025-11-13T15:43:02+00:00\" \/>\n<meta property=\"og:image\" content=\"https:\/\/www.justiceinfo.net\/wp-content\/uploads\/JusticeInfoNet_logo_1200x630px.jpg\" \/>\n\t<meta property=\"og:image:width\" content=\"1200\" \/>\n\t<meta property=\"og:image:height\" content=\"630\" \/>\n\t<meta property=\"og:image:type\" content=\"image\/jpeg\" \/>\n<meta name=\"author\" content=\"afp\" \/>\n<meta name=\"twitter:card\" content=\"summary_large_image\" \/>\n<meta name=\"twitter:creator\" content=\"@justiceinfonet\" \/>\n<meta name=\"twitter:site\" content=\"@justiceinfonet\" \/>\n<meta name=\"twitter:label1\" content=\"\u00c9crit par\" \/>\n\t<meta name=\"twitter:data1\" content=\"afp\" \/>\n\t<meta name=\"twitter:label2\" content=\"Dur\u00e9e de lecture estim\u00e9e\" \/>\n\t<meta name=\"twitter:data2\" content=\"3 minutes\" \/>\n<script type=\"application\/ld+json\" class=\"yoast-schema-graph\">{\"@context\":\"https:\/\/schema.org\",\"@graph\":[{\"@type\":\"NewsArticle\",\"@id\":\"https:\/\/www.justiceinfo.net\/fr\/152210-premiere-condamnation-en-belgique-dans-un-proces-pour-le-genocide-des-yazidis.html#article\",\"isPartOf\":{\"@id\":\"https:\/\/www.justiceinfo.net\/fr\/152210-premiere-condamnation-en-belgique-dans-un-proces-pour-le-genocide-des-yazidis.html\"},\"author\":{\"name\":\"afp\",\"@id\":\"https:\/\/www.justiceinfo.net\/fr#\/schema\/person\/713d340ef5f218fc36ce9b4244364a7f\"},\"headline\":\"Premi\u00e8re condamnation en Belgique dans un proc\u00e8s pour le g\u00e9nocide des Yazidis\",\"datePublished\":\"2025-11-13T15:43:02+00:00\",\"mainEntityOfPage\":{\"@id\":\"https:\/\/www.justiceinfo.net\/fr\/152210-premiere-condamnation-en-belgique-dans-un-proces-pour-le-genocide-des-yazidis.html\"},\"wordCount\":731,\"commentCount\":0,\"publisher\":{\"@id\":\"https:\/\/www.justiceinfo.net\/fr#organization\"},\"articleSection\":[\"Fil d'info AFP\"],\"inLanguage\":\"fr-FR\",\"potentialAction\":[{\"@type\":\"CommentAction\",\"name\":\"Comment\",\"target\":[\"https:\/\/www.justiceinfo.net\/fr\/152210-premiere-condamnation-en-belgique-dans-un-proces-pour-le-genocide-des-yazidis.html#respond\"]}]},{\"@type\":\"WebPage\",\"@id\":\"https:\/\/www.justiceinfo.net\/fr\/152210-premiere-condamnation-en-belgique-dans-un-proces-pour-le-genocide-des-yazidis.html\",\"url\":\"https:\/\/www.justiceinfo.net\/fr\/152210-premiere-condamnation-en-belgique-dans-un-proces-pour-le-genocide-des-yazidis.html\",\"name\":\"Premi\u00e8re condamnation en Belgique dans un proc\u00e8s pour le g\u00e9nocide des Yazidis - JusticeInfo.net\",\"isPartOf\":{\"@id\":\"https:\/\/www.justiceinfo.net\/fr#website\"},\"datePublished\":\"2025-11-13T15:43:02+00:00\",\"breadcrumb\":{\"@id\":\"https:\/\/www.justiceinfo.net\/fr\/152210-premiere-condamnation-en-belgique-dans-un-proces-pour-le-genocide-des-yazidis.html#breadcrumb\"},\"inLanguage\":\"fr-FR\",\"potentialAction\":[{\"@type\":\"ReadAction\",\"target\":[\"https:\/\/www.justiceinfo.net\/fr\/152210-premiere-condamnation-en-belgique-dans-un-proces-pour-le-genocide-des-yazidis.html\"]}]},{\"@type\":\"BreadcrumbList\",\"@id\":\"https:\/\/www.justiceinfo.net\/fr\/152210-premiere-condamnation-en-belgique-dans-un-proces-pour-le-genocide-des-yazidis.html#breadcrumb\",\"itemListElement\":[{\"@type\":\"ListItem\",\"position\":1,\"name\":\"Home\",\"item\":\"https:\/\/www.justiceinfo.net\/fr\"},{\"@type\":\"ListItem\",\"position\":2,\"name\":\"Premi\u00e8re condamnation en Belgique dans un proc\u00e8s pour le g\u00e9nocide des Yazidis\"}]},{\"@type\":\"WebSite\",\"@id\":\"https:\/\/www.justiceinfo.net\/fr#website\",\"url\":\"https:\/\/www.justiceinfo.net\/fr\",\"name\":\"JusticeInfo.net\",\"description\":\"La justice doit \u00eatre vue pour \u00eatre rendue\",\"publisher\":{\"@id\":\"https:\/\/www.justiceinfo.net\/fr#organization\"},\"potentialAction\":[{\"@type\":\"SearchAction\",\"target\":{\"@type\":\"EntryPoint\",\"urlTemplate\":\"https:\/\/www.justiceinfo.net\/fr?s={search_term_string}\"},\"query-input\":{\"@type\":\"PropertyValueSpecification\",\"valueRequired\":true,\"valueName\":\"search_term_string\"}}],\"inLanguage\":\"fr-FR\"},{\"@type\":\"Organization\",\"@id\":\"https:\/\/www.justiceinfo.net\/fr#organization\",\"name\":\"Justice Info\",\"url\":\"https:\/\/www.justiceinfo.net\/fr\",\"logo\":{\"@type\":\"ImageObject\",\"inLanguage\":\"fr-FR\",\"@id\":\"https:\/\/www.justiceinfo.net\/fr#\/schema\/logo\/image\/\",\"url\":\"https:\/\/www.justiceinfo.net\/wp-content\/uploads\/justiceinfo_logo-trans_1200x1200px.png\",\"contentUrl\":\"https:\/\/www.justiceinfo.net\/wp-content\/uploads\/justiceinfo_logo-trans_1200x1200px.png\",\"width\":1199,\"height\":1200,\"caption\":\"Justice Info\"},\"image\":{\"@id\":\"https:\/\/www.justiceinfo.net\/fr#\/schema\/logo\/image\/\"},\"sameAs\":[\"https:\/\/www.facebook.com\/JusticeInfo\/\",\"https:\/\/x.com\/justiceinfonet\",\"https:\/\/www.linkedin.com\/company\/justice-info\",\"https:\/\/www.youtube.com\/channel\/UCyCEsARodyuWtkWyhn-e7pA\"]},{\"@type\":\"Person\",\"name\":\"afp\",\"url\":\"\/fr\/?s=afp\"}]}<\/script>\n<!-- \/ Yoast SEO Premium plugin. -->","yoast_head_json":{"title":"Premi\u00e8re condamnation en Belgique dans un proc\u00e8s pour le g\u00e9nocide des Yazidis - JusticeInfo.net","robots":{"index":"index","follow":"follow","max-snippet":"max-snippet:-1","max-image-preview":"max-image-preview:large","max-video-preview":"max-video-preview:-1"},"canonical":"https:\/\/www.justiceinfo.net\/fr\/152210-premiere-condamnation-en-belgique-dans-un-proces-pour-le-genocide-des-yazidis.html","og_locale":"fr_FR","og_type":"article","og_title":"Premi\u00e8re condamnation en Belgique dans un proc\u00e8s pour le g\u00e9nocide des Yazidis","og_description":"Un jihadiste belge, jug\u00e9 par d\u00e9faut et pr\u00e9sum\u00e9 mort en Syrie, a \u00e9t\u00e9 reconnu coupable de \"crime de g\u00e9nocide\" contre la minorit\u00e9 des Yazidis, jeudi \u00e0 Bruxelles, dans le premier proc\u00e8s tenu en Belgique sur cette entreprise d'extermination men\u00e9e par le groupe Etat islamique. Sammy Djedou, combattant de cette organisation jihadiste, d\u00e9j\u00e0 condamn\u00e9 pour terrorisme [&hellip;]","og_url":"https:\/\/www.justiceinfo.net\/fr\/152210-premiere-condamnation-en-belgique-dans-un-proces-pour-le-genocide-des-yazidis.html","og_site_name":"JusticeInfo.net","article_publisher":"https:\/\/www.facebook.com\/JusticeInfo\/","article_published_time":"2025-11-13T15:43:02+00:00","og_image":[{"width":1200,"height":630,"url":"https:\/\/www.justiceinfo.net\/wp-content\/uploads\/JusticeInfoNet_logo_1200x630px.jpg","type":"image\/jpeg"}],"author":"afp","twitter_card":"summary_large_image","twitter_creator":"@justiceinfonet","twitter_site":"@justiceinfonet","twitter_misc":{"\u00c9crit par":"afp","Dur\u00e9e de lecture estim\u00e9e":"3 minutes"},"schema":{"@context":"https:\/\/schema.org","@graph":[{"@type":"NewsArticle","@id":"https:\/\/www.justiceinfo.net\/fr\/152210-premiere-condamnation-en-belgique-dans-un-proces-pour-le-genocide-des-yazidis.html#article","isPartOf":{"@id":"https:\/\/www.justiceinfo.net\/fr\/152210-premiere-condamnation-en-belgique-dans-un-proces-pour-le-genocide-des-yazidis.html"},"author":{"name":"afp","@id":"https:\/\/www.justiceinfo.net\/fr#\/schema\/person\/713d340ef5f218fc36ce9b4244364a7f"},"headline":"Premi\u00e8re condamnation en Belgique dans un proc\u00e8s pour le g\u00e9nocide des Yazidis","datePublished":"2025-11-13T15:43:02+00:00","mainEntityOfPage":{"@id":"https:\/\/www.justiceinfo.net\/fr\/152210-premiere-condamnation-en-belgique-dans-un-proces-pour-le-genocide-des-yazidis.html"},"wordCount":731,"commentCount":0,"publisher":{"@id":"https:\/\/www.justiceinfo.net\/fr#organization"},"articleSection":["Fil d'info AFP"],"inLanguage":"fr-FR","potentialAction":[{"@type":"CommentAction","name":"Comment","target":["https:\/\/www.justiceinfo.net\/fr\/152210-premiere-condamnation-en-belgique-dans-un-proces-pour-le-genocide-des-yazidis.html#respond"]}]},{"@type":"WebPage","@id":"https:\/\/www.justiceinfo.net\/fr\/152210-premiere-condamnation-en-belgique-dans-un-proces-pour-le-genocide-des-yazidis.html","url":"https:\/\/www.justiceinfo.net\/fr\/152210-premiere-condamnation-en-belgique-dans-un-proces-pour-le-genocide-des-yazidis.html","name":"Premi\u00e8re condamnation en Belgique dans un proc\u00e8s pour le g\u00e9nocide des Yazidis - JusticeInfo.net","isPartOf":{"@id":"https:\/\/www.justiceinfo.net\/fr#website"},"datePublished":"2025-11-13T15:43:02+00:00","breadcrumb":{"@id":"https:\/\/www.justiceinfo.net\/fr\/152210-premiere-condamnation-en-belgique-dans-un-proces-pour-le-genocide-des-yazidis.html#breadcrumb"},"inLanguage":"fr-FR","potentialAction":[{"@type":"ReadAction","target":["https:\/\/www.justiceinfo.net\/fr\/152210-premiere-condamnation-en-belgique-dans-un-proces-pour-le-genocide-des-yazidis.html"]}]},{"@type":"BreadcrumbList","@id":"https:\/\/www.justiceinfo.net\/fr\/152210-premiere-condamnation-en-belgique-dans-un-proces-pour-le-genocide-des-yazidis.html#breadcrumb","itemListElement":[{"@type":"ListItem","position":1,"name":"Home","item":"https:\/\/www.justiceinfo.net\/fr"},{"@type":"ListItem","position":2,"name":"Premi\u00e8re condamnation en Belgique dans un proc\u00e8s pour le g\u00e9nocide des Yazidis"}]},{"@type":"WebSite","@id":"https:\/\/www.justiceinfo.net\/fr#website","url":"https:\/\/www.justiceinfo.net\/fr","name":"JusticeInfo.net","description":"La justice doit \u00eatre vue pour \u00eatre rendue","publisher":{"@id":"https:\/\/www.justiceinfo.net\/fr#organization"},"potentialAction":[{"@type":"SearchAction","target":{"@type":"EntryPoint","urlTemplate":"https:\/\/www.justiceinfo.net\/fr?s={search_term_string}"},"query-input":{"@type":"PropertyValueSpecification","valueRequired":true,"valueName":"search_term_string"}}],"inLanguage":"fr-FR"},{"@type":"Organization","@id":"https:\/\/www.justiceinfo.net\/fr#organization","name":"Justice Info","url":"https:\/\/www.justiceinfo.net\/fr","logo":{"@type":"ImageObject","inLanguage":"fr-FR","@id":"https:\/\/www.justiceinfo.net\/fr#\/schema\/logo\/image\/","url":"https:\/\/www.justiceinfo.net\/wp-content\/uploads\/justiceinfo_logo-trans_1200x1200px.png","contentUrl":"https:\/\/www.justiceinfo.net\/wp-content\/uploads\/justiceinfo_logo-trans_1200x1200px.png","width":1199,"height":1200,"caption":"Justice Info"},"image":{"@id":"https:\/\/www.justiceinfo.net\/fr#\/schema\/logo\/image\/"},"sameAs":["https:\/\/www.facebook.com\/JusticeInfo\/","https:\/\/x.com\/justiceinfonet","https:\/\/www.linkedin.com\/company\/justice-info","https:\/\/www.youtube.com\/channel\/UCyCEsARodyuWtkWyhn-e7pA"]},{"@type":"Person","name":"afp","url":"\/fr\/?s=afp"}]}},"_links":{"self":[{"href":"https:\/\/www.justiceinfo.net\/fr\/wp-json\/wp\/v2\/posts\/152210","targetHints":{"allow":["GET"]}}],"collection":[{"href":"https:\/\/www.justiceinfo.net\/fr\/wp-json\/wp\/v2\/posts"}],"about":[{"href":"https:\/\/www.justiceinfo.net\/fr\/wp-json\/wp\/v2\/types\/post"}],"author":[{"embeddable":true,"href":"https:\/\/www.justiceinfo.net\/fr\/wp-json\/wp\/v2\/users\/60"}],"replies":[{"embeddable":true,"href":"https:\/\/www.justiceinfo.net\/fr\/wp-json\/wp\/v2\/comments?post=152210"}],"version-history":[{"count":0,"href":"https:\/\/www.justiceinfo.net\/fr\/wp-json\/wp\/v2\/posts\/152210\/revisions"}],"wp:attachment":[{"href":"https:\/\/www.justiceinfo.net\/fr\/wp-json\/wp\/v2\/media?parent=152210"}],"wp:term":[{"taxonomy":"category","embeddable":true,"href":"https:\/\/www.justiceinfo.net\/fr\/wp-json\/wp\/v2\/categories?post=152210"},{"taxonomy":"post_tag","embeddable":true,"href":"https:\/\/www.justiceinfo.net\/fr\/wp-json\/wp\/v2\/tags?post=152210"},{"taxonomy":"ji_location","embeddable":true,"href":"https:\/\/www.justiceinfo.net\/fr\/wp-json\/wp\/v2\/ji_location?post=152210"}],"curies":[{"name":"wp","href":"https:\/\/api.w.org\/{rel}","templated":true}]}}