{"id":15226,"date":"2014-08-28T14:42:12","date_gmt":"2014-08-28T12:42:12","guid":{"rendered":"https:\/\/www.justiceinfo.net\/15226-280814-rdc-senegal-affaire-chebeya-la-justice-senegalaise-interroge-lun-des-principaux-suspects.html"},"modified":"2014-08-28T14:42:12","modified_gmt":"2014-08-28T12:42:12","slug":"280814-rdc-senegal-affaire-chebeya-la-justice-senegalaise-interroge-lun-des-principaux-suspects","status":"publish","type":"post","link":"https:\/\/www.justiceinfo.net\/fr\/15226-280814-rdc-senegal-affaire-chebeya-la-justice-senegalaise-interroge-lun-des-principaux-suspects.html","title":{"rendered":"28.08.14 - RDC \/S\u00c9N\u00c9GAL - AFFAIRE CHEBEYA : LA JUSTICE S\u00c9N\u00c9GALAISE INTERROGE L'UN DES PRINCIPAUX SUSPECTS"},"content":{"rendered":"<p>Arusha, 28 ao\u00fbt 2014 (FH) \u2013 Apr\u00e8s avoir entendu mardi les parties civiles dans le dossier concernant l'assassinat du d\u00e9fenseur des droits de l'Homme congolais Floribert Chebeya, la justice s\u00e9n\u00e9galaise a auditionn\u00e9 mercredi Paul Milambwe, l'un des principaux suspects,\u00a0 rapporte jeudi Radio Okapi.<\/p>\n<p><!--more--><\/p>\n<p>Cette radio congolaise g\u00e9r\u00e9e par la Fondation Hirondelle en partenariat avec les Nations unies indique tenir l'information du secr\u00e9taire ex\u00e9cutif de la F\u00e9d\u00e9ration internationale des ligues des droits de l'homme (FIDH), Paul Nsapu.La FIDH et les familles des victimes avaient d\u00e9pos\u00e9, le 2 juin dernier, devant la justice s\u00e9n\u00e9galaise, une plainte \u00e0 l'encontre de Paul Mwilambwe, l'un des responsables pr\u00e9sum\u00e9s de l'assassinat, en 2010, de Floribert Chebeya et de son collaborateur Fid\u00e8le Bazana.\u00abPaul Milambwe est consid\u00e9r\u00e9 comme une pi\u00e8ce ma\u00eetresse qui a assist\u00e9, d'apr\u00e8s son t\u00e9moignage, \u00e0 l'assassinat de Chebeya et Bazana dans les locaux de la police nationale congolaise\u00bb, a soulign\u00e9 Paul Nsapu, dont les propos sont repris par Radio Okapi sur son site internet.La plainte de la FIDH et des familles\u00a0 avait \u00e9t\u00e9 d\u00e9pos\u00e9e \u00e0 Dakar sur le fondement de la comp\u00e9tence universelle, en s'appuyant notamment sur le fait que le suspect vit sur le territoire s\u00e9n\u00e9galais.La justice s\u00e9n\u00e9galaise s'est dot\u00e9e d'une loi de comp\u00e9tence extra-territoriale qui lui a permis d'ouvrir des poursuites contre l'ex-pr\u00e9sident tchadien Hiss\u00e8ne Habr\u00e9, actuellement d\u00e9tenu \u00e0 Dakar.Major de la Police nationale congolaise (PNC), Paul Mwilambwe \u00e9tait charg\u00e9 de la s\u00e9curit\u00e9 du bureau du g\u00e9n\u00e9ral John Numbi, le chef de la PNC au moment des faits. Or, selon plusieurs organisations des droits de l'Homme, c'est dans les locaux du g\u00e9n\u00e9ral Numbi que les deux d\u00e9fenseurs ont \u00e9t\u00e9 tu\u00e9s apr\u00e8s avoir \u00e9t\u00e9 tortur\u00e9s.Apr\u00e8s les faits, Paul Mwilambwe avait fui la RDC pour finalement se retrouver au S\u00e9n\u00e9gal.Dans sa cavale, il avait t\u00e9moign\u00e9 devant France 24 et d\u00e9nonc\u00e9, outre sa participation, le r\u00f4le et l'implication de hauts grad\u00e9s de la police congolaise, dont le g\u00e9n\u00e9ral John Numbi.Le 2 juin 2010, Floribert Chebeya, directeur ex\u00e9cutif de l'ONG la Voix des sans voix (VSV), avait \u00e9t\u00e9 retrouv\u00e9 mort dans sa voiture dans un faubourg de Kinshasa, la capitale de la RDC, tandis que Fid\u00e8le Bazana, son proche collaborateur \u00e9tait port\u00e9 disparu.La veille, les deux hommes s'\u00e9taient pr\u00e9sent\u00e9s \u00e0 la direction de la PNC pour y rencontrer son directeur, le g\u00e9n\u00e9ral John Numbi.La communaut\u00e9 internationale estime que les poursuites men\u00e9es par la justice congolaise dans le cadre de cette affaire hautement sensible n'ont \u00e9t\u00e9 ni compl\u00e8tes ni ind\u00e9pendantes.ER<\/p>\n","protected":false},"excerpt":{"rendered":"<p>Arusha, 28 ao\u00fbt 2014 (FH) \u2013 Apr\u00e8s avoir entendu mardi les parties civiles dans le dossier concernant l'assassinat du d\u00e9fenseur des droits de l'Homme congolais Floribert Chebeya, la justice s\u00e9n\u00e9galaise a auditionn\u00e9 mercredi Paul Milambwe, l'un des principaux suspects,\u00a0 rapporte jeudi Radio Okapi.<\/p>\n","protected":false},"author":59,"featured_media":0,"comment_status":"open","ping_status":"closed","sticky":false,"template":"","format":"standard","meta":{"_acf_changed":false,"footnotes":""},"categories":[554],"tags":[],"ji_location":[],"class_list":["post-15226","post","type-post","status-publish","format-standard","hentry","category-hirondellenews"],"acf":[],"yoast_head":"<!-- This site is optimized with the Yoast SEO Premium plugin v25.3.1 (Yoast SEO v25.3.1) - https:\/\/yoast.com\/wordpress\/plugins\/seo\/ -->\n<title>28.08.14 - RDC \/S\u00c9N\u00c9GAL - AFFAIRE CHEBEYA : LA JUSTICE S\u00c9N\u00c9GALAISE INTERROGE L&#039;UN DES PRINCIPAUX SUSPECTS - JusticeInfo.net<\/title>\n<meta name=\"robots\" content=\"index, follow, max-snippet:-1, max-image-preview:large, max-video-preview:-1\" \/>\n<link rel=\"canonical\" href=\"https:\/\/www.justiceinfo.net\/fr\/15226-280814-rdc-senegal-affaire-chebeya-la-justice-senegalaise-interroge-lun-des-principaux-suspects.html\" \/>\n<meta property=\"og:locale\" content=\"fr_FR\" \/>\n<meta property=\"og:type\" content=\"article\" \/>\n<meta property=\"og:title\" content=\"28.08.14 - RDC \/S\u00c9N\u00c9GAL - AFFAIRE CHEBEYA : LA JUSTICE S\u00c9N\u00c9GALAISE INTERROGE L&#039;UN DES PRINCIPAUX SUSPECTS\" \/>\n<meta property=\"og:description\" content=\"Arusha, 28 ao\u00fbt 2014 (FH) \u2013 Apr\u00e8s avoir entendu mardi les parties civiles dans le dossier concernant l&#039;assassinat du d\u00e9fenseur des droits de l&#039;Homme congolais Floribert Chebeya, la justice s\u00e9n\u00e9galaise a auditionn\u00e9 mercredi Paul Milambwe, l&#039;un des principaux suspects,\u00a0 rapporte jeudi Radio Okapi.\" \/>\n<meta property=\"og:url\" content=\"https:\/\/www.justiceinfo.net\/fr\/15226-280814-rdc-senegal-affaire-chebeya-la-justice-senegalaise-interroge-lun-des-principaux-suspects.html\" \/>\n<meta property=\"og:site_name\" content=\"JusticeInfo.net\" \/>\n<meta property=\"article:publisher\" content=\"https:\/\/www.facebook.com\/JusticeInfo\/\" \/>\n<meta property=\"article:author\" content=\"https:\/\/www.facebook.com\/rugiririza.ephrem.1\" \/>\n<meta property=\"article:published_time\" content=\"2014-08-28T12:42:12+00:00\" \/>\n<meta property=\"og:image\" content=\"https:\/\/www.justiceinfo.net\/wp-content\/uploads\/JusticeInfoNet_logo_1200x630px.jpg\" \/>\n\t<meta property=\"og:image:width\" content=\"1200\" \/>\n\t<meta property=\"og:image:height\" content=\"630\" \/>\n\t<meta property=\"og:image:type\" content=\"image\/jpeg\" \/>\n<meta name=\"author\" content=\"Ephrem Rugiririza\" \/>\n<meta name=\"twitter:card\" content=\"summary_large_image\" \/>\n<meta name=\"twitter:creator\" content=\"@ER72777667\" \/>\n<meta name=\"twitter:site\" content=\"@justiceinfonet\" \/>\n<meta name=\"twitter:label1\" content=\"\u00c9crit par\" \/>\n\t<meta name=\"twitter:data1\" content=\"Ephrem Rugiririza\" \/>\n\t<meta name=\"twitter:label2\" content=\"Dur\u00e9e de lecture estim\u00e9e\" \/>\n\t<meta name=\"twitter:data2\" content=\"2 minutes\" \/>\n<script type=\"application\/ld+json\" class=\"yoast-schema-graph\">{\"@context\":\"https:\/\/schema.org\",\"@graph\":[{\"@type\":\"NewsArticle\",\"@id\":\"https:\/\/www.justiceinfo.net\/fr\/15226-280814-rdc-senegal-affaire-chebeya-la-justice-senegalaise-interroge-lun-des-principaux-suspects.html#article\",\"isPartOf\":{\"@id\":\"https:\/\/www.justiceinfo.net\/fr\/15226-280814-rdc-senegal-affaire-chebeya-la-justice-senegalaise-interroge-lun-des-principaux-suspects.html\"},\"author\":{\"name\":\"erugiririza\",\"@id\":\"https:\/\/www.justiceinfo.net\/fr#\/schema\/person\/3c444bdbf3536fdebfdc6b3a06b2fc4a\"},\"headline\":\"28.08.14 - RDC \/S\u00c9N\u00c9GAL - AFFAIRE CHEBEYA : LA JUSTICE S\u00c9N\u00c9GALAISE INTERROGE L'UN DES PRINCIPAUX SUSPECTS\",\"datePublished\":\"2014-08-28T12:42:12+00:00\",\"mainEntityOfPage\":{\"@id\":\"https:\/\/www.justiceinfo.net\/fr\/15226-280814-rdc-senegal-affaire-chebeya-la-justice-senegalaise-interroge-lun-des-principaux-suspects.html\"},\"wordCount\":501,\"commentCount\":0,\"publisher\":{\"@id\":\"https:\/\/www.justiceinfo.net\/fr#organization\"},\"articleSection\":[\"Hirondelle News\"],\"inLanguage\":\"fr-FR\",\"potentialAction\":[{\"@type\":\"CommentAction\",\"name\":\"Comment\",\"target\":[\"https:\/\/www.justiceinfo.net\/fr\/15226-280814-rdc-senegal-affaire-chebeya-la-justice-senegalaise-interroge-lun-des-principaux-suspects.html#respond\"]}]},{\"@type\":\"WebPage\",\"@id\":\"https:\/\/www.justiceinfo.net\/fr\/15226-280814-rdc-senegal-affaire-chebeya-la-justice-senegalaise-interroge-lun-des-principaux-suspects.html\",\"url\":\"https:\/\/www.justiceinfo.net\/fr\/15226-280814-rdc-senegal-affaire-chebeya-la-justice-senegalaise-interroge-lun-des-principaux-suspects.html\",\"name\":\"28.08.14 - RDC \/S\u00c9N\u00c9GAL - AFFAIRE CHEBEYA : LA JUSTICE S\u00c9N\u00c9GALAISE INTERROGE L'UN DES PRINCIPAUX SUSPECTS - JusticeInfo.net\",\"isPartOf\":{\"@id\":\"https:\/\/www.justiceinfo.net\/fr#website\"},\"datePublished\":\"2014-08-28T12:42:12+00:00\",\"breadcrumb\":{\"@id\":\"https:\/\/www.justiceinfo.net\/fr\/15226-280814-rdc-senegal-affaire-chebeya-la-justice-senegalaise-interroge-lun-des-principaux-suspects.html#breadcrumb\"},\"inLanguage\":\"fr-FR\",\"potentialAction\":[{\"@type\":\"ReadAction\",\"target\":[\"https:\/\/www.justiceinfo.net\/fr\/15226-280814-rdc-senegal-affaire-chebeya-la-justice-senegalaise-interroge-lun-des-principaux-suspects.html\"]}]},{\"@type\":\"BreadcrumbList\",\"@id\":\"https:\/\/www.justiceinfo.net\/fr\/15226-280814-rdc-senegal-affaire-chebeya-la-justice-senegalaise-interroge-lun-des-principaux-suspects.html#breadcrumb\",\"itemListElement\":[{\"@type\":\"ListItem\",\"position\":1,\"name\":\"Home\",\"item\":\"https:\/\/www.justiceinfo.net\/fr\"},{\"@type\":\"ListItem\",\"position\":2,\"name\":\"28.08.14 - RDC \/S\u00c9N\u00c9GAL - AFFAIRE CHEBEYA : LA JUSTICE S\u00c9N\u00c9GALAISE INTERROGE L'UN DES PRINCIPAUX SUSPECTS\"}]},{\"@type\":\"WebSite\",\"@id\":\"https:\/\/www.justiceinfo.net\/fr#website\",\"url\":\"https:\/\/www.justiceinfo.net\/fr\",\"name\":\"JusticeInfo.net\",\"description\":\"La justice doit \u00eatre vue pour \u00eatre rendue\",\"publisher\":{\"@id\":\"https:\/\/www.justiceinfo.net\/fr#organization\"},\"potentialAction\":[{\"@type\":\"SearchAction\",\"target\":{\"@type\":\"EntryPoint\",\"urlTemplate\":\"https:\/\/www.justiceinfo.net\/fr?s={search_term_string}\"},\"query-input\":{\"@type\":\"PropertyValueSpecification\",\"valueRequired\":true,\"valueName\":\"search_term_string\"}}],\"inLanguage\":\"fr-FR\"},{\"@type\":\"Organization\",\"@id\":\"https:\/\/www.justiceinfo.net\/fr#organization\",\"name\":\"Justice Info\",\"url\":\"https:\/\/www.justiceinfo.net\/fr\",\"logo\":{\"@type\":\"ImageObject\",\"inLanguage\":\"fr-FR\",\"@id\":\"https:\/\/www.justiceinfo.net\/fr#\/schema\/logo\/image\/\",\"url\":\"https:\/\/www.justiceinfo.net\/wp-content\/uploads\/justiceinfo_logo-trans_1200x1200px.png\",\"contentUrl\":\"https:\/\/www.justiceinfo.net\/wp-content\/uploads\/justiceinfo_logo-trans_1200x1200px.png\",\"width\":1199,\"height\":1200,\"caption\":\"Justice Info\"},\"image\":{\"@id\":\"https:\/\/www.justiceinfo.net\/fr#\/schema\/logo\/image\/\"},\"sameAs\":[\"https:\/\/www.facebook.com\/JusticeInfo\/\",\"https:\/\/x.com\/justiceinfonet\",\"https:\/\/www.linkedin.com\/company\/justice-info\",\"https:\/\/www.youtube.com\/channel\/UCyCEsARodyuWtkWyhn-e7pA\"]},{\"@type\":\"Person\",\"name\":\"Ephrem Rugiririza\",\"sameAs\":[\"https:\/\/www.facebook.com\/rugiririza.ephrem.1\",\"https:\/\/x.com\/ER72777667\"],\"url\":\"https:\/\/www.justiceinfo.net\/fr\/auteur\/erugiririza\"}]}<\/script>\n<!-- \/ Yoast SEO Premium plugin. -->","yoast_head_json":{"title":"28.08.14 - RDC \/S\u00c9N\u00c9GAL - AFFAIRE CHEBEYA : LA JUSTICE S\u00c9N\u00c9GALAISE INTERROGE L'UN DES PRINCIPAUX SUSPECTS - JusticeInfo.net","robots":{"index":"index","follow":"follow","max-snippet":"max-snippet:-1","max-image-preview":"max-image-preview:large","max-video-preview":"max-video-preview:-1"},"canonical":"https:\/\/www.justiceinfo.net\/fr\/15226-280814-rdc-senegal-affaire-chebeya-la-justice-senegalaise-interroge-lun-des-principaux-suspects.html","og_locale":"fr_FR","og_type":"article","og_title":"28.08.14 - RDC \/S\u00c9N\u00c9GAL - AFFAIRE CHEBEYA : LA JUSTICE S\u00c9N\u00c9GALAISE INTERROGE L'UN DES PRINCIPAUX SUSPECTS","og_description":"Arusha, 28 ao\u00fbt 2014 (FH) \u2013 Apr\u00e8s avoir entendu mardi les parties civiles dans le dossier concernant l'assassinat du d\u00e9fenseur des droits de l'Homme congolais Floribert Chebeya, la justice s\u00e9n\u00e9galaise a auditionn\u00e9 mercredi Paul Milambwe, l'un des principaux suspects,\u00a0 rapporte jeudi Radio Okapi.","og_url":"https:\/\/www.justiceinfo.net\/fr\/15226-280814-rdc-senegal-affaire-chebeya-la-justice-senegalaise-interroge-lun-des-principaux-suspects.html","og_site_name":"JusticeInfo.net","article_publisher":"https:\/\/www.facebook.com\/JusticeInfo\/","article_author":"https:\/\/www.facebook.com\/rugiririza.ephrem.1","article_published_time":"2014-08-28T12:42:12+00:00","og_image":[{"width":1200,"height":630,"url":"https:\/\/www.justiceinfo.net\/wp-content\/uploads\/JusticeInfoNet_logo_1200x630px.jpg","type":"image\/jpeg"}],"author":"Ephrem Rugiririza","twitter_card":"summary_large_image","twitter_creator":"@ER72777667","twitter_site":"@justiceinfonet","twitter_misc":{"\u00c9crit par":"Ephrem Rugiririza","Dur\u00e9e de lecture estim\u00e9e":"2 minutes"},"schema":{"@context":"https:\/\/schema.org","@graph":[{"@type":"NewsArticle","@id":"https:\/\/www.justiceinfo.net\/fr\/15226-280814-rdc-senegal-affaire-chebeya-la-justice-senegalaise-interroge-lun-des-principaux-suspects.html#article","isPartOf":{"@id":"https:\/\/www.justiceinfo.net\/fr\/15226-280814-rdc-senegal-affaire-chebeya-la-justice-senegalaise-interroge-lun-des-principaux-suspects.html"},"author":{"name":"erugiririza","@id":"https:\/\/www.justiceinfo.net\/fr#\/schema\/person\/3c444bdbf3536fdebfdc6b3a06b2fc4a"},"headline":"28.08.14 - RDC \/S\u00c9N\u00c9GAL - AFFAIRE CHEBEYA : LA JUSTICE S\u00c9N\u00c9GALAISE INTERROGE L'UN DES PRINCIPAUX SUSPECTS","datePublished":"2014-08-28T12:42:12+00:00","mainEntityOfPage":{"@id":"https:\/\/www.justiceinfo.net\/fr\/15226-280814-rdc-senegal-affaire-chebeya-la-justice-senegalaise-interroge-lun-des-principaux-suspects.html"},"wordCount":501,"commentCount":0,"publisher":{"@id":"https:\/\/www.justiceinfo.net\/fr#organization"},"articleSection":["Hirondelle News"],"inLanguage":"fr-FR","potentialAction":[{"@type":"CommentAction","name":"Comment","target":["https:\/\/www.justiceinfo.net\/fr\/15226-280814-rdc-senegal-affaire-chebeya-la-justice-senegalaise-interroge-lun-des-principaux-suspects.html#respond"]}]},{"@type":"WebPage","@id":"https:\/\/www.justiceinfo.net\/fr\/15226-280814-rdc-senegal-affaire-chebeya-la-justice-senegalaise-interroge-lun-des-principaux-suspects.html","url":"https:\/\/www.justiceinfo.net\/fr\/15226-280814-rdc-senegal-affaire-chebeya-la-justice-senegalaise-interroge-lun-des-principaux-suspects.html","name":"28.08.14 - RDC \/S\u00c9N\u00c9GAL - AFFAIRE CHEBEYA : LA JUSTICE S\u00c9N\u00c9GALAISE INTERROGE L'UN DES PRINCIPAUX SUSPECTS - JusticeInfo.net","isPartOf":{"@id":"https:\/\/www.justiceinfo.net\/fr#website"},"datePublished":"2014-08-28T12:42:12+00:00","breadcrumb":{"@id":"https:\/\/www.justiceinfo.net\/fr\/15226-280814-rdc-senegal-affaire-chebeya-la-justice-senegalaise-interroge-lun-des-principaux-suspects.html#breadcrumb"},"inLanguage":"fr-FR","potentialAction":[{"@type":"ReadAction","target":["https:\/\/www.justiceinfo.net\/fr\/15226-280814-rdc-senegal-affaire-chebeya-la-justice-senegalaise-interroge-lun-des-principaux-suspects.html"]}]},{"@type":"BreadcrumbList","@id":"https:\/\/www.justiceinfo.net\/fr\/15226-280814-rdc-senegal-affaire-chebeya-la-justice-senegalaise-interroge-lun-des-principaux-suspects.html#breadcrumb","itemListElement":[{"@type":"ListItem","position":1,"name":"Home","item":"https:\/\/www.justiceinfo.net\/fr"},{"@type":"ListItem","position":2,"name":"28.08.14 - RDC \/S\u00c9N\u00c9GAL - AFFAIRE CHEBEYA : LA JUSTICE S\u00c9N\u00c9GALAISE INTERROGE L'UN DES PRINCIPAUX SUSPECTS"}]},{"@type":"WebSite","@id":"https:\/\/www.justiceinfo.net\/fr#website","url":"https:\/\/www.justiceinfo.net\/fr","name":"JusticeInfo.net","description":"La justice doit \u00eatre vue pour \u00eatre rendue","publisher":{"@id":"https:\/\/www.justiceinfo.net\/fr#organization"},"potentialAction":[{"@type":"SearchAction","target":{"@type":"EntryPoint","urlTemplate":"https:\/\/www.justiceinfo.net\/fr?s={search_term_string}"},"query-input":{"@type":"PropertyValueSpecification","valueRequired":true,"valueName":"search_term_string"}}],"inLanguage":"fr-FR"},{"@type":"Organization","@id":"https:\/\/www.justiceinfo.net\/fr#organization","name":"Justice Info","url":"https:\/\/www.justiceinfo.net\/fr","logo":{"@type":"ImageObject","inLanguage":"fr-FR","@id":"https:\/\/www.justiceinfo.net\/fr#\/schema\/logo\/image\/","url":"https:\/\/www.justiceinfo.net\/wp-content\/uploads\/justiceinfo_logo-trans_1200x1200px.png","contentUrl":"https:\/\/www.justiceinfo.net\/wp-content\/uploads\/justiceinfo_logo-trans_1200x1200px.png","width":1199,"height":1200,"caption":"Justice Info"},"image":{"@id":"https:\/\/www.justiceinfo.net\/fr#\/schema\/logo\/image\/"},"sameAs":["https:\/\/www.facebook.com\/JusticeInfo\/","https:\/\/x.com\/justiceinfonet","https:\/\/www.linkedin.com\/company\/justice-info","https:\/\/www.youtube.com\/channel\/UCyCEsARodyuWtkWyhn-e7pA"]},{"@type":"Person","name":"Ephrem Rugiririza","sameAs":["https:\/\/www.facebook.com\/rugiririza.ephrem.1","https:\/\/x.com\/ER72777667"],"url":"https:\/\/www.justiceinfo.net\/fr\/auteur\/erugiririza"}]}},"_links":{"self":[{"href":"https:\/\/www.justiceinfo.net\/fr\/wp-json\/wp\/v2\/posts\/15226","targetHints":{"allow":["GET"]}}],"collection":[{"href":"https:\/\/www.justiceinfo.net\/fr\/wp-json\/wp\/v2\/posts"}],"about":[{"href":"https:\/\/www.justiceinfo.net\/fr\/wp-json\/wp\/v2\/types\/post"}],"author":[{"embeddable":true,"href":"https:\/\/www.justiceinfo.net\/fr\/wp-json\/wp\/v2\/users\/59"}],"replies":[{"embeddable":true,"href":"https:\/\/www.justiceinfo.net\/fr\/wp-json\/wp\/v2\/comments?post=15226"}],"version-history":[{"count":0,"href":"https:\/\/www.justiceinfo.net\/fr\/wp-json\/wp\/v2\/posts\/15226\/revisions"}],"wp:attachment":[{"href":"https:\/\/www.justiceinfo.net\/fr\/wp-json\/wp\/v2\/media?parent=15226"}],"wp:term":[{"taxonomy":"category","embeddable":true,"href":"https:\/\/www.justiceinfo.net\/fr\/wp-json\/wp\/v2\/categories?post=15226"},{"taxonomy":"post_tag","embeddable":true,"href":"https:\/\/www.justiceinfo.net\/fr\/wp-json\/wp\/v2\/tags?post=15226"},{"taxonomy":"ji_location","embeddable":true,"href":"https:\/\/www.justiceinfo.net\/fr\/wp-json\/wp\/v2\/ji_location?post=15226"}],"curies":[{"name":"wp","href":"https:\/\/api.w.org\/{rel}","templated":true}]}}