{"id":15234,"date":"2014-09-03T08:10:10","date_gmt":"2014-09-03T06:10:10","guid":{"rendered":"https:\/\/www.justiceinfo.net\/15234-030914-cpipalestine-crimes-a-gaza-bensouda-se-defend-deviter-systematiquement-une-enquete.html"},"modified":"2014-09-03T08:10:10","modified_gmt":"2014-09-03T06:10:10","slug":"030914-cpipalestine-crimes-a-gaza-bensouda-se-defend-deviter-systematiquement-une-enquete","status":"publish","type":"post","link":"https:\/\/www.justiceinfo.net\/fr\/15234-030914-cpipalestine-crimes-a-gaza-bensouda-se-defend-deviter-systematiquement-une-enquete.html","title":{"rendered":"03.09.14 - CPI\/PALESTINE - CRIMES A GAZA : BENSOUDA SE D\u00c9FEND D\u2019\u00c9VITER SYST\u00c9MATIQUEMENT UNE ENQU\u00caTE"},"content":{"rendered":"<p>Arusha, 03 septembre 2014 (FH) \u2013 La procureure de la Cour p\u00e9nale internationale (CPI) Fatou Bensouda rejette les critiques selon lesquelles elle \u00e9viterait syst\u00e9matiquement d\u2019ouvrir une enqu\u00eate sur les crimes de guerre pr\u00e9sum\u00e9s commis dans la bande de Gaza.<\/p>\n<p><!--more--><\/p>\n<p>Plusieurs organisations internationales accusent l\u2019arm\u00e9e isra\u00e9lienne et le Hamas de commettre des violations du droit international \u00e0 Gaza.Dans une d\u00e9claration publi\u00e9e mardi en fran\u00e7ais, en anglais et en arabe, Fatou Bensouda rappelle que la CPI n\u2019est pas comp\u00e9tente pour la situation \u00e0 Gaza.\u00ab Le bureau du procureur de la CPI n\u2019a jamais \u00e9t\u00e9 en mesure d\u2019ouvrir une telle enqu\u00eate car la Cour n\u2019\u00e9tait pas comp\u00e9tente. Nous avons maintes fois expliqu\u00e9 publiquement les motifs de cette situation avec la plus grande clart\u00e9 \u00bb, se d\u00e9fend-elle.\u00a0\u00ab Les \u00c9tats sont libres d\u2019adh\u00e9rer au Statut de Rome, le trait\u00e9 fondateur de la CPI. En tant que procureur, je peux enqu\u00eater et engager des poursuites uniquement sur des crimes commis sur le territoire ou par des ressortissants d\u2019\u00c9tats parties au Statut de la CPI ou ayant accept\u00e9 express\u00e9ment la comp\u00e9tence de la Cour par voie de d\u00e9claration \u00e0 cet effet en application de l\u2019article 12?3 du Statut \u00bb, explique-t-elle.En 2009, l\u2019Autorit\u00e9 palestinienne avait d\u00e9j\u00e0 fait part de son intention de reconna\u00eetre la comp\u00e9tence de la CPI.Mais apr\u00e8s avoir analys\u00e9 les arguments pr\u00e9sent\u00e9s, le bureau du procureur \u00e0 la CPI a conclu en avril 2012 que \u00ab statut d\u2019entit\u00e9 observatrice \u00bb qu\u2019avait alors la Palestine \u00e0 l\u2019ONU ne lui permettait pas de ratifier Statut de Rome.L\u2019adh\u00e9sion au Statut de Rome se fait par l\u2019interm\u00e9diaire du secr\u00e9taire g\u00e9n\u00e9ral de l\u2019ONU, qui agit en tant que d\u00e9positaire des trait\u00e9s.Le 29 novembre 2012, l\u2019Assembl\u00e9e g\u00e9n\u00e9rale de l\u2019ONU a accord\u00e9 \u00e0 la Palestine le statut \u00ab d\u2019\u00c9tat non membre observateur \u00bb.Apr\u00e8s cette \u00e9volution, indique Bensouda, le bureau du procureur \u00e0 la CPI estime que la Palestine peut d\u00e9sormais rejoindre le syst\u00e8me \u00e9tabli par le Statut de Rome.Mais, fait-elle remarquer, la Palestine qui a sign\u00e9 plusieurs trait\u00e9s internationaux apr\u00e8s l\u2019obtention du nouveau statut, n\u2019a pas encore ratifi\u00e9 le texte fondateur de la CPI ni sign\u00e9 une d\u00e9claration reconnaissant la comp\u00e9tence de la Cour.Fatou Bensouda a re\u00e7u en ao\u00fbt dernier le ministre palestinien des Affaires \u00e9trang\u00e8res, Riad al-Malki venu, selon un communiqu\u00e9 de la Cour, \u00ab demander des \u00e9claircissements concernant les diff\u00e9rents m\u00e9canismes permettant \u00e0 un Etat d'accepter la comp\u00e9tence de la CPI et, de mani\u00e8re plus g\u00e9n\u00e9rale, sur le cadre juridique du\u00a0 Statut de Rome\u00bb.ER<\/p>\n","protected":false},"excerpt":{"rendered":"<p>Arusha, 03 septembre 2014 (FH) \u2013 La procureure de la Cour p\u00e9nale internationale (CPI) Fatou Bensouda rejette les critiques selon lesquelles elle \u00e9viterait syst\u00e9matiquement d\u2019ouvrir une enqu\u00eate sur les crimes de guerre pr\u00e9sum\u00e9s commis dans la bande de Gaza.<\/p>\n","protected":false},"author":59,"featured_media":0,"comment_status":"open","ping_status":"closed","sticky":false,"template":"","format":"standard","meta":{"_acf_changed":false,"footnotes":""},"categories":[554],"tags":[],"ji_location":[],"class_list":["post-15234","post","type-post","status-publish","format-standard","hentry","category-hirondellenews"],"acf":[],"yoast_head":"<!-- This site is optimized with the Yoast SEO Premium plugin v25.3.1 (Yoast SEO v25.3.1) - https:\/\/yoast.com\/wordpress\/plugins\/seo\/ -->\n<title>03.09.14 - CPI\/PALESTINE - CRIMES A GAZA : BENSOUDA SE D\u00c9FEND D\u2019\u00c9VITER SYST\u00c9MATIQUEMENT UNE ENQU\u00caTE - JusticeInfo.net<\/title>\n<meta name=\"robots\" content=\"index, follow, max-snippet:-1, max-image-preview:large, max-video-preview:-1\" \/>\n<link rel=\"canonical\" href=\"https:\/\/www.justiceinfo.net\/fr\/15234-030914-cpipalestine-crimes-a-gaza-bensouda-se-defend-deviter-systematiquement-une-enquete.html\" \/>\n<meta property=\"og:locale\" content=\"fr_FR\" \/>\n<meta property=\"og:type\" content=\"article\" \/>\n<meta property=\"og:title\" content=\"03.09.14 - CPI\/PALESTINE - CRIMES A GAZA : BENSOUDA SE D\u00c9FEND D\u2019\u00c9VITER SYST\u00c9MATIQUEMENT UNE ENQU\u00caTE\" \/>\n<meta property=\"og:description\" content=\"Arusha, 03 septembre 2014 (FH) \u2013 La procureure de la Cour p\u00e9nale internationale (CPI) Fatou Bensouda rejette les critiques selon lesquelles elle \u00e9viterait syst\u00e9matiquement d\u2019ouvrir une enqu\u00eate sur les crimes de guerre pr\u00e9sum\u00e9s commis dans la bande de Gaza.\" \/>\n<meta property=\"og:url\" content=\"https:\/\/www.justiceinfo.net\/fr\/15234-030914-cpipalestine-crimes-a-gaza-bensouda-se-defend-deviter-systematiquement-une-enquete.html\" \/>\n<meta property=\"og:site_name\" content=\"JusticeInfo.net\" \/>\n<meta property=\"article:publisher\" content=\"https:\/\/www.facebook.com\/JusticeInfo\/\" \/>\n<meta property=\"article:author\" content=\"https:\/\/www.facebook.com\/rugiririza.ephrem.1\" \/>\n<meta property=\"article:published_time\" content=\"2014-09-03T06:10:10+00:00\" \/>\n<meta property=\"og:image\" content=\"https:\/\/www.justiceinfo.net\/wp-content\/uploads\/JusticeInfoNet_logo_1200x630px.jpg\" \/>\n\t<meta property=\"og:image:width\" content=\"1200\" \/>\n\t<meta property=\"og:image:height\" content=\"630\" \/>\n\t<meta property=\"og:image:type\" content=\"image\/jpeg\" \/>\n<meta name=\"author\" content=\"Ephrem Rugiririza\" \/>\n<meta name=\"twitter:card\" content=\"summary_large_image\" \/>\n<meta name=\"twitter:creator\" content=\"@ER72777667\" \/>\n<meta name=\"twitter:site\" content=\"@justiceinfonet\" \/>\n<meta name=\"twitter:label1\" content=\"\u00c9crit par\" \/>\n\t<meta name=\"twitter:data1\" content=\"Ephrem Rugiririza\" \/>\n\t<meta name=\"twitter:label2\" content=\"Dur\u00e9e de lecture estim\u00e9e\" \/>\n\t<meta name=\"twitter:data2\" content=\"2 minutes\" \/>\n<script type=\"application\/ld+json\" class=\"yoast-schema-graph\">{\"@context\":\"https:\/\/schema.org\",\"@graph\":[{\"@type\":\"NewsArticle\",\"@id\":\"https:\/\/www.justiceinfo.net\/fr\/15234-030914-cpipalestine-crimes-a-gaza-bensouda-se-defend-deviter-systematiquement-une-enquete.html#article\",\"isPartOf\":{\"@id\":\"https:\/\/www.justiceinfo.net\/fr\/15234-030914-cpipalestine-crimes-a-gaza-bensouda-se-defend-deviter-systematiquement-une-enquete.html\"},\"author\":{\"name\":\"erugiririza\",\"@id\":\"https:\/\/www.justiceinfo.net\/fr#\/schema\/person\/3c444bdbf3536fdebfdc6b3a06b2fc4a\"},\"headline\":\"03.09.14 - CPI\/PALESTINE - CRIMES A GAZA : BENSOUDA SE D\u00c9FEND D\u2019\u00c9VITER SYST\u00c9MATIQUEMENT UNE ENQU\u00caTE\",\"datePublished\":\"2014-09-03T06:10:10+00:00\",\"mainEntityOfPage\":{\"@id\":\"https:\/\/www.justiceinfo.net\/fr\/15234-030914-cpipalestine-crimes-a-gaza-bensouda-se-defend-deviter-systematiquement-une-enquete.html\"},\"wordCount\":480,\"commentCount\":0,\"publisher\":{\"@id\":\"https:\/\/www.justiceinfo.net\/fr#organization\"},\"articleSection\":[\"Hirondelle News\"],\"inLanguage\":\"fr-FR\",\"potentialAction\":[{\"@type\":\"CommentAction\",\"name\":\"Comment\",\"target\":[\"https:\/\/www.justiceinfo.net\/fr\/15234-030914-cpipalestine-crimes-a-gaza-bensouda-se-defend-deviter-systematiquement-une-enquete.html#respond\"]}]},{\"@type\":\"WebPage\",\"@id\":\"https:\/\/www.justiceinfo.net\/fr\/15234-030914-cpipalestine-crimes-a-gaza-bensouda-se-defend-deviter-systematiquement-une-enquete.html\",\"url\":\"https:\/\/www.justiceinfo.net\/fr\/15234-030914-cpipalestine-crimes-a-gaza-bensouda-se-defend-deviter-systematiquement-une-enquete.html\",\"name\":\"03.09.14 - CPI\/PALESTINE - CRIMES A GAZA : BENSOUDA SE D\u00c9FEND D\u2019\u00c9VITER SYST\u00c9MATIQUEMENT UNE ENQU\u00caTE - JusticeInfo.net\",\"isPartOf\":{\"@id\":\"https:\/\/www.justiceinfo.net\/fr#website\"},\"datePublished\":\"2014-09-03T06:10:10+00:00\",\"breadcrumb\":{\"@id\":\"https:\/\/www.justiceinfo.net\/fr\/15234-030914-cpipalestine-crimes-a-gaza-bensouda-se-defend-deviter-systematiquement-une-enquete.html#breadcrumb\"},\"inLanguage\":\"fr-FR\",\"potentialAction\":[{\"@type\":\"ReadAction\",\"target\":[\"https:\/\/www.justiceinfo.net\/fr\/15234-030914-cpipalestine-crimes-a-gaza-bensouda-se-defend-deviter-systematiquement-une-enquete.html\"]}]},{\"@type\":\"BreadcrumbList\",\"@id\":\"https:\/\/www.justiceinfo.net\/fr\/15234-030914-cpipalestine-crimes-a-gaza-bensouda-se-defend-deviter-systematiquement-une-enquete.html#breadcrumb\",\"itemListElement\":[{\"@type\":\"ListItem\",\"position\":1,\"name\":\"Home\",\"item\":\"https:\/\/www.justiceinfo.net\/fr\"},{\"@type\":\"ListItem\",\"position\":2,\"name\":\"03.09.14 - CPI\/PALESTINE - CRIMES A GAZA : BENSOUDA SE D\u00c9FEND D\u2019\u00c9VITER SYST\u00c9MATIQUEMENT UNE ENQU\u00caTE\"}]},{\"@type\":\"WebSite\",\"@id\":\"https:\/\/www.justiceinfo.net\/fr#website\",\"url\":\"https:\/\/www.justiceinfo.net\/fr\",\"name\":\"JusticeInfo.net\",\"description\":\"La justice doit \u00eatre vue pour \u00eatre rendue\",\"publisher\":{\"@id\":\"https:\/\/www.justiceinfo.net\/fr#organization\"},\"potentialAction\":[{\"@type\":\"SearchAction\",\"target\":{\"@type\":\"EntryPoint\",\"urlTemplate\":\"https:\/\/www.justiceinfo.net\/fr?s={search_term_string}\"},\"query-input\":{\"@type\":\"PropertyValueSpecification\",\"valueRequired\":true,\"valueName\":\"search_term_string\"}}],\"inLanguage\":\"fr-FR\"},{\"@type\":\"Organization\",\"@id\":\"https:\/\/www.justiceinfo.net\/fr#organization\",\"name\":\"Justice Info\",\"url\":\"https:\/\/www.justiceinfo.net\/fr\",\"logo\":{\"@type\":\"ImageObject\",\"inLanguage\":\"fr-FR\",\"@id\":\"https:\/\/www.justiceinfo.net\/fr#\/schema\/logo\/image\/\",\"url\":\"https:\/\/www.justiceinfo.net\/wp-content\/uploads\/justiceinfo_logo-trans_1200x1200px.png\",\"contentUrl\":\"https:\/\/www.justiceinfo.net\/wp-content\/uploads\/justiceinfo_logo-trans_1200x1200px.png\",\"width\":1199,\"height\":1200,\"caption\":\"Justice Info\"},\"image\":{\"@id\":\"https:\/\/www.justiceinfo.net\/fr#\/schema\/logo\/image\/\"},\"sameAs\":[\"https:\/\/www.facebook.com\/JusticeInfo\/\",\"https:\/\/x.com\/justiceinfonet\",\"https:\/\/www.linkedin.com\/company\/justice-info\",\"https:\/\/www.youtube.com\/channel\/UCyCEsARodyuWtkWyhn-e7pA\"]},{\"@type\":\"Person\",\"name\":\"Ephrem Rugiririza\",\"sameAs\":[\"https:\/\/www.facebook.com\/rugiririza.ephrem.1\",\"https:\/\/x.com\/ER72777667\"],\"url\":\"https:\/\/www.justiceinfo.net\/fr\/auteur\/erugiririza\"}]}<\/script>\n<!-- \/ Yoast SEO Premium plugin. -->","yoast_head_json":{"title":"03.09.14 - CPI\/PALESTINE - CRIMES A GAZA : BENSOUDA SE D\u00c9FEND D\u2019\u00c9VITER SYST\u00c9MATIQUEMENT UNE ENQU\u00caTE - JusticeInfo.net","robots":{"index":"index","follow":"follow","max-snippet":"max-snippet:-1","max-image-preview":"max-image-preview:large","max-video-preview":"max-video-preview:-1"},"canonical":"https:\/\/www.justiceinfo.net\/fr\/15234-030914-cpipalestine-crimes-a-gaza-bensouda-se-defend-deviter-systematiquement-une-enquete.html","og_locale":"fr_FR","og_type":"article","og_title":"03.09.14 - CPI\/PALESTINE - CRIMES A GAZA : BENSOUDA SE D\u00c9FEND D\u2019\u00c9VITER SYST\u00c9MATIQUEMENT UNE ENQU\u00caTE","og_description":"Arusha, 03 septembre 2014 (FH) \u2013 La procureure de la Cour p\u00e9nale internationale (CPI) Fatou Bensouda rejette les critiques selon lesquelles elle \u00e9viterait syst\u00e9matiquement d\u2019ouvrir une enqu\u00eate sur les crimes de guerre pr\u00e9sum\u00e9s commis dans la bande de Gaza.","og_url":"https:\/\/www.justiceinfo.net\/fr\/15234-030914-cpipalestine-crimes-a-gaza-bensouda-se-defend-deviter-systematiquement-une-enquete.html","og_site_name":"JusticeInfo.net","article_publisher":"https:\/\/www.facebook.com\/JusticeInfo\/","article_author":"https:\/\/www.facebook.com\/rugiririza.ephrem.1","article_published_time":"2014-09-03T06:10:10+00:00","og_image":[{"width":1200,"height":630,"url":"https:\/\/www.justiceinfo.net\/wp-content\/uploads\/JusticeInfoNet_logo_1200x630px.jpg","type":"image\/jpeg"}],"author":"Ephrem Rugiririza","twitter_card":"summary_large_image","twitter_creator":"@ER72777667","twitter_site":"@justiceinfonet","twitter_misc":{"\u00c9crit par":"Ephrem Rugiririza","Dur\u00e9e de lecture estim\u00e9e":"2 minutes"},"schema":{"@context":"https:\/\/schema.org","@graph":[{"@type":"NewsArticle","@id":"https:\/\/www.justiceinfo.net\/fr\/15234-030914-cpipalestine-crimes-a-gaza-bensouda-se-defend-deviter-systematiquement-une-enquete.html#article","isPartOf":{"@id":"https:\/\/www.justiceinfo.net\/fr\/15234-030914-cpipalestine-crimes-a-gaza-bensouda-se-defend-deviter-systematiquement-une-enquete.html"},"author":{"name":"erugiririza","@id":"https:\/\/www.justiceinfo.net\/fr#\/schema\/person\/3c444bdbf3536fdebfdc6b3a06b2fc4a"},"headline":"03.09.14 - CPI\/PALESTINE - CRIMES A GAZA : BENSOUDA SE D\u00c9FEND D\u2019\u00c9VITER SYST\u00c9MATIQUEMENT UNE ENQU\u00caTE","datePublished":"2014-09-03T06:10:10+00:00","mainEntityOfPage":{"@id":"https:\/\/www.justiceinfo.net\/fr\/15234-030914-cpipalestine-crimes-a-gaza-bensouda-se-defend-deviter-systematiquement-une-enquete.html"},"wordCount":480,"commentCount":0,"publisher":{"@id":"https:\/\/www.justiceinfo.net\/fr#organization"},"articleSection":["Hirondelle News"],"inLanguage":"fr-FR","potentialAction":[{"@type":"CommentAction","name":"Comment","target":["https:\/\/www.justiceinfo.net\/fr\/15234-030914-cpipalestine-crimes-a-gaza-bensouda-se-defend-deviter-systematiquement-une-enquete.html#respond"]}]},{"@type":"WebPage","@id":"https:\/\/www.justiceinfo.net\/fr\/15234-030914-cpipalestine-crimes-a-gaza-bensouda-se-defend-deviter-systematiquement-une-enquete.html","url":"https:\/\/www.justiceinfo.net\/fr\/15234-030914-cpipalestine-crimes-a-gaza-bensouda-se-defend-deviter-systematiquement-une-enquete.html","name":"03.09.14 - CPI\/PALESTINE - CRIMES A GAZA : BENSOUDA SE D\u00c9FEND D\u2019\u00c9VITER SYST\u00c9MATIQUEMENT UNE ENQU\u00caTE - JusticeInfo.net","isPartOf":{"@id":"https:\/\/www.justiceinfo.net\/fr#website"},"datePublished":"2014-09-03T06:10:10+00:00","breadcrumb":{"@id":"https:\/\/www.justiceinfo.net\/fr\/15234-030914-cpipalestine-crimes-a-gaza-bensouda-se-defend-deviter-systematiquement-une-enquete.html#breadcrumb"},"inLanguage":"fr-FR","potentialAction":[{"@type":"ReadAction","target":["https:\/\/www.justiceinfo.net\/fr\/15234-030914-cpipalestine-crimes-a-gaza-bensouda-se-defend-deviter-systematiquement-une-enquete.html"]}]},{"@type":"BreadcrumbList","@id":"https:\/\/www.justiceinfo.net\/fr\/15234-030914-cpipalestine-crimes-a-gaza-bensouda-se-defend-deviter-systematiquement-une-enquete.html#breadcrumb","itemListElement":[{"@type":"ListItem","position":1,"name":"Home","item":"https:\/\/www.justiceinfo.net\/fr"},{"@type":"ListItem","position":2,"name":"03.09.14 - CPI\/PALESTINE - CRIMES A GAZA : BENSOUDA SE D\u00c9FEND D\u2019\u00c9VITER SYST\u00c9MATIQUEMENT UNE ENQU\u00caTE"}]},{"@type":"WebSite","@id":"https:\/\/www.justiceinfo.net\/fr#website","url":"https:\/\/www.justiceinfo.net\/fr","name":"JusticeInfo.net","description":"La justice doit \u00eatre vue pour \u00eatre rendue","publisher":{"@id":"https:\/\/www.justiceinfo.net\/fr#organization"},"potentialAction":[{"@type":"SearchAction","target":{"@type":"EntryPoint","urlTemplate":"https:\/\/www.justiceinfo.net\/fr?s={search_term_string}"},"query-input":{"@type":"PropertyValueSpecification","valueRequired":true,"valueName":"search_term_string"}}],"inLanguage":"fr-FR"},{"@type":"Organization","@id":"https:\/\/www.justiceinfo.net\/fr#organization","name":"Justice Info","url":"https:\/\/www.justiceinfo.net\/fr","logo":{"@type":"ImageObject","inLanguage":"fr-FR","@id":"https:\/\/www.justiceinfo.net\/fr#\/schema\/logo\/image\/","url":"https:\/\/www.justiceinfo.net\/wp-content\/uploads\/justiceinfo_logo-trans_1200x1200px.png","contentUrl":"https:\/\/www.justiceinfo.net\/wp-content\/uploads\/justiceinfo_logo-trans_1200x1200px.png","width":1199,"height":1200,"caption":"Justice Info"},"image":{"@id":"https:\/\/www.justiceinfo.net\/fr#\/schema\/logo\/image\/"},"sameAs":["https:\/\/www.facebook.com\/JusticeInfo\/","https:\/\/x.com\/justiceinfonet","https:\/\/www.linkedin.com\/company\/justice-info","https:\/\/www.youtube.com\/channel\/UCyCEsARodyuWtkWyhn-e7pA"]},{"@type":"Person","name":"Ephrem Rugiririza","sameAs":["https:\/\/www.facebook.com\/rugiririza.ephrem.1","https:\/\/x.com\/ER72777667"],"url":"https:\/\/www.justiceinfo.net\/fr\/auteur\/erugiririza"}]}},"_links":{"self":[{"href":"https:\/\/www.justiceinfo.net\/fr\/wp-json\/wp\/v2\/posts\/15234","targetHints":{"allow":["GET"]}}],"collection":[{"href":"https:\/\/www.justiceinfo.net\/fr\/wp-json\/wp\/v2\/posts"}],"about":[{"href":"https:\/\/www.justiceinfo.net\/fr\/wp-json\/wp\/v2\/types\/post"}],"author":[{"embeddable":true,"href":"https:\/\/www.justiceinfo.net\/fr\/wp-json\/wp\/v2\/users\/59"}],"replies":[{"embeddable":true,"href":"https:\/\/www.justiceinfo.net\/fr\/wp-json\/wp\/v2\/comments?post=15234"}],"version-history":[{"count":0,"href":"https:\/\/www.justiceinfo.net\/fr\/wp-json\/wp\/v2\/posts\/15234\/revisions"}],"wp:attachment":[{"href":"https:\/\/www.justiceinfo.net\/fr\/wp-json\/wp\/v2\/media?parent=15234"}],"wp:term":[{"taxonomy":"category","embeddable":true,"href":"https:\/\/www.justiceinfo.net\/fr\/wp-json\/wp\/v2\/categories?post=15234"},{"taxonomy":"post_tag","embeddable":true,"href":"https:\/\/www.justiceinfo.net\/fr\/wp-json\/wp\/v2\/tags?post=15234"},{"taxonomy":"ji_location","embeddable":true,"href":"https:\/\/www.justiceinfo.net\/fr\/wp-json\/wp\/v2\/ji_location?post=15234"}],"curies":[{"name":"wp","href":"https:\/\/api.w.org\/{rel}","templated":true}]}}