{"id":15270,"date":"2014-10-06T11:51:22","date_gmt":"2014-10-06T09:51:22","guid":{"rendered":"https:\/\/www.justiceinfo.net\/15270-061014-haitiduvalier-la-mort-de-duvalier-ne-doit-pas-clore-les-poursuites-contre-ses-acolytes-selon-la-fidh.html"},"modified":"2014-10-06T11:51:22","modified_gmt":"2014-10-06T09:51:22","slug":"061014-haitiduvalier-la-mort-de-duvalier-ne-doit-pas-clore-les-poursuites-contre-ses-acolytes-selon-la-fidh","status":"publish","type":"post","link":"https:\/\/www.justiceinfo.net\/fr\/15270-061014-haitiduvalier-la-mort-de-duvalier-ne-doit-pas-clore-les-poursuites-contre-ses-acolytes-selon-la-fidh.html","title":{"rendered":"06.10.14 - HAITI\/DUVALIER - LA MORT DE DUVALIER NE DOIT PAS CLORE LES POURSUITES CONTRE SES ACOLYTES, SELON LA FIDH"},"content":{"rendered":"<p>Arusha, 06 octobre 2014 (FH) - La mort de l\u2019ancien dictateur ha\u00eftien Jean-Claude Duvalier ne doit pas mettre fin aux poursuites contre ses acolytes pour les crimes perp\u00e9tr\u00e9s durant son r\u00e9gime, demandent, dans un communiqu\u00e9 conjoint, la F\u00e9d\u00e9ration internationale des ligues des droits de l\u2019Homme (FIDH) et ses organisations membres \u00e0 Ha\u00efti.<\/p>\n<p><!--more--><\/p>\n<p>Jean-Claude Duvalier, qui r\u00e9gna sans partage sur Ha\u00efti de 1971 \u00e0 1986, est mort samedi d\u2019une crique cardiaque \u00e0 l\u2019\u00e2ge de 63 ans. Apr\u00e8s avoir, dans un premier temps jug\u00e9 les faits prescrits, la justice de Port-au-Prince avait\u00a0 d\u00e9cid\u00e9, en f\u00e9vrier dernier, de r\u00e9tablir les accusations de crimes contre l\u2019humanit\u00e9 contre l\u2019ex-dictateur et d\u2019ordonner un suppl\u00e9ment d\u2019instruction sur ces crimes.\u00ab La mort de Jean Claude Duvalier ne met pas fin aux poursuites entam\u00e9es devant la justice contre son r\u00e9gime, les victimes du r\u00e9gime Duvalier ayant \u00e9galement port\u00e9 plainte contre les acolytes de l\u2019ex-dictateur \u00bb, a d\u00e9clar\u00e9 Pierre Esp\u00e9rance, directeur ex\u00e9cutif du R\u00e9seau national (ha\u00eftien) de d\u00e9fense des droits humains (RNDDH) et secr\u00e9taire g\u00e9n\u00e9ral de la FIDH.\u00ab Si Duvalier est mort sans \u00eatre jug\u00e9, il \u00e9tait en revanche poursuivi pour des disparitions forc\u00e9es, des ex\u00e9cutions extrajudiciaires et des tortures qu\u2019il avait ordonn\u00e9es. Il a certes \u00e9chapp\u00e9 \u00e0 la condamnation mais pas \u00e0 la justice, ni \u00e0 l\u2019oubli \u00bb, a rappel\u00e9 Karim Lahidji, pr\u00e9sident de la FIDH.Alors qu\u2019il \u00e9tait exil\u00e9 en France depuis 25 ans, Duvalier \u00e9tait retourn\u00e9 \u00e0 Ha\u00efti en janvier 2011 apr\u00e8s le d\u00e9sastreux tremblement de terre qui venait de secouer le pays.Duvalier, qui s\u2019\u00e9tait autoproclam\u00e9 pr\u00e9sident \u00e0 vie, \u00e9tait arriv\u00e9 au pouvoir en 1971 \u00e0 l\u2019\u00e2ge de 19 ans, apr\u00e8s le d\u00e9c\u00e8s de son p\u00e8re, perp\u00e9tuant une longue dictature dans ce pays qui compte parmi les plus pauvres du monde.Son p\u00e8re, Fran\u00e7ois Duvalier, surnomm\u00e9 \u00ab Papa Doc \u00bb, avait cr\u00e9\u00e9 une milice, les \u00ab tontons macoutes \u00bb, qui faisait r\u00e9gner la terreur. En bon h\u00e9ritier, \u00ab B\u00e9b\u00e9 Doc \u00bb avait march\u00e9 sur les traces de son p\u00e8re.Plusieurs milliers d'opposants furent ainsi assassin\u00e9s, tortur\u00e9s ou contraints \u00e0 l'exil durant la dictature duvali\u00e9riste.ER<\/p>\n","protected":false},"excerpt":{"rendered":"<p>Arusha, 06 octobre 2014 (FH) - La mort de l\u2019ancien dictateur ha\u00eftien Jean-Claude Duvalier ne doit pas mettre fin aux poursuites contre ses acolytes pour les crimes perp\u00e9tr\u00e9s durant son r\u00e9gime, demandent, dans un communiqu\u00e9 conjoint, la F\u00e9d\u00e9ration internationale des ligues des droits de l\u2019Homme (FIDH) et ses organisations membres \u00e0 Ha\u00efti.<\/p>\n","protected":false},"author":59,"featured_media":0,"comment_status":"open","ping_status":"closed","sticky":false,"template":"","format":"standard","meta":{"_acf_changed":false,"footnotes":""},"categories":[554],"tags":[],"ji_location":[],"class_list":["post-15270","post","type-post","status-publish","format-standard","hentry","category-hirondellenews"],"acf":[],"yoast_head":"<!-- This site is optimized with the Yoast SEO Premium plugin v25.3.1 (Yoast SEO v25.3.1) - https:\/\/yoast.com\/wordpress\/plugins\/seo\/ -->\n<title>06.10.14 - HAITI\/DUVALIER - LA MORT DE DUVALIER NE DOIT PAS CLORE LES POURSUITES CONTRE SES ACOLYTES, SELON LA FIDH - JusticeInfo.net<\/title>\n<meta name=\"robots\" content=\"index, follow, max-snippet:-1, max-image-preview:large, max-video-preview:-1\" \/>\n<link rel=\"canonical\" href=\"https:\/\/www.justiceinfo.net\/fr\/15270-061014-haitiduvalier-la-mort-de-duvalier-ne-doit-pas-clore-les-poursuites-contre-ses-acolytes-selon-la-fidh.html\" \/>\n<meta property=\"og:locale\" content=\"fr_FR\" \/>\n<meta property=\"og:type\" content=\"article\" \/>\n<meta property=\"og:title\" content=\"06.10.14 - HAITI\/DUVALIER - LA MORT DE DUVALIER NE DOIT PAS CLORE LES POURSUITES CONTRE SES ACOLYTES, SELON LA FIDH\" \/>\n<meta property=\"og:description\" content=\"Arusha, 06 octobre 2014 (FH) - La mort de l\u2019ancien dictateur ha\u00eftien Jean-Claude Duvalier ne doit pas mettre fin aux poursuites contre ses acolytes pour les crimes perp\u00e9tr\u00e9s durant son r\u00e9gime, demandent, dans un communiqu\u00e9 conjoint, la F\u00e9d\u00e9ration internationale des ligues des droits de l\u2019Homme (FIDH) et ses organisations membres \u00e0 Ha\u00efti.\" \/>\n<meta property=\"og:url\" content=\"https:\/\/www.justiceinfo.net\/fr\/15270-061014-haitiduvalier-la-mort-de-duvalier-ne-doit-pas-clore-les-poursuites-contre-ses-acolytes-selon-la-fidh.html\" \/>\n<meta property=\"og:site_name\" content=\"JusticeInfo.net\" \/>\n<meta property=\"article:publisher\" content=\"https:\/\/www.facebook.com\/JusticeInfo\/\" \/>\n<meta property=\"article:author\" content=\"https:\/\/www.facebook.com\/rugiririza.ephrem.1\" \/>\n<meta property=\"article:published_time\" content=\"2014-10-06T09:51:22+00:00\" \/>\n<meta property=\"og:image\" content=\"https:\/\/www.justiceinfo.net\/wp-content\/uploads\/JusticeInfoNet_logo_1200x630px.jpg\" \/>\n\t<meta property=\"og:image:width\" content=\"1200\" \/>\n\t<meta property=\"og:image:height\" content=\"630\" \/>\n\t<meta property=\"og:image:type\" content=\"image\/jpeg\" \/>\n<meta name=\"author\" content=\"Ephrem Rugiririza\" \/>\n<meta name=\"twitter:card\" content=\"summary_large_image\" \/>\n<meta name=\"twitter:creator\" content=\"@ER72777667\" \/>\n<meta name=\"twitter:site\" content=\"@justiceinfonet\" \/>\n<meta name=\"twitter:label1\" content=\"\u00c9crit par\" \/>\n\t<meta name=\"twitter:data1\" content=\"Ephrem Rugiririza\" \/>\n\t<meta name=\"twitter:label2\" content=\"Dur\u00e9e de lecture estim\u00e9e\" \/>\n\t<meta name=\"twitter:data2\" content=\"2 minutes\" \/>\n<script type=\"application\/ld+json\" class=\"yoast-schema-graph\">{\"@context\":\"https:\/\/schema.org\",\"@graph\":[{\"@type\":\"NewsArticle\",\"@id\":\"https:\/\/www.justiceinfo.net\/fr\/15270-061014-haitiduvalier-la-mort-de-duvalier-ne-doit-pas-clore-les-poursuites-contre-ses-acolytes-selon-la-fidh.html#article\",\"isPartOf\":{\"@id\":\"https:\/\/www.justiceinfo.net\/fr\/15270-061014-haitiduvalier-la-mort-de-duvalier-ne-doit-pas-clore-les-poursuites-contre-ses-acolytes-selon-la-fidh.html\"},\"author\":{\"name\":\"erugiririza\",\"@id\":\"https:\/\/www.justiceinfo.net\/fr#\/schema\/person\/3c444bdbf3536fdebfdc6b3a06b2fc4a\"},\"headline\":\"06.10.14 - HAITI\/DUVALIER - LA MORT DE DUVALIER NE DOIT PAS CLORE LES POURSUITES CONTRE SES ACOLYTES, SELON LA FIDH\",\"datePublished\":\"2014-10-06T09:51:22+00:00\",\"mainEntityOfPage\":{\"@id\":\"https:\/\/www.justiceinfo.net\/fr\/15270-061014-haitiduvalier-la-mort-de-duvalier-ne-doit-pas-clore-les-poursuites-contre-ses-acolytes-selon-la-fidh.html\"},\"wordCount\":396,\"commentCount\":0,\"publisher\":{\"@id\":\"https:\/\/www.justiceinfo.net\/fr#organization\"},\"articleSection\":[\"Hirondelle News\"],\"inLanguage\":\"fr-FR\",\"potentialAction\":[{\"@type\":\"CommentAction\",\"name\":\"Comment\",\"target\":[\"https:\/\/www.justiceinfo.net\/fr\/15270-061014-haitiduvalier-la-mort-de-duvalier-ne-doit-pas-clore-les-poursuites-contre-ses-acolytes-selon-la-fidh.html#respond\"]}]},{\"@type\":\"WebPage\",\"@id\":\"https:\/\/www.justiceinfo.net\/fr\/15270-061014-haitiduvalier-la-mort-de-duvalier-ne-doit-pas-clore-les-poursuites-contre-ses-acolytes-selon-la-fidh.html\",\"url\":\"https:\/\/www.justiceinfo.net\/fr\/15270-061014-haitiduvalier-la-mort-de-duvalier-ne-doit-pas-clore-les-poursuites-contre-ses-acolytes-selon-la-fidh.html\",\"name\":\"06.10.14 - HAITI\/DUVALIER - LA MORT DE DUVALIER NE DOIT PAS CLORE LES POURSUITES CONTRE SES ACOLYTES, SELON LA FIDH - JusticeInfo.net\",\"isPartOf\":{\"@id\":\"https:\/\/www.justiceinfo.net\/fr#website\"},\"datePublished\":\"2014-10-06T09:51:22+00:00\",\"breadcrumb\":{\"@id\":\"https:\/\/www.justiceinfo.net\/fr\/15270-061014-haitiduvalier-la-mort-de-duvalier-ne-doit-pas-clore-les-poursuites-contre-ses-acolytes-selon-la-fidh.html#breadcrumb\"},\"inLanguage\":\"fr-FR\",\"potentialAction\":[{\"@type\":\"ReadAction\",\"target\":[\"https:\/\/www.justiceinfo.net\/fr\/15270-061014-haitiduvalier-la-mort-de-duvalier-ne-doit-pas-clore-les-poursuites-contre-ses-acolytes-selon-la-fidh.html\"]}]},{\"@type\":\"BreadcrumbList\",\"@id\":\"https:\/\/www.justiceinfo.net\/fr\/15270-061014-haitiduvalier-la-mort-de-duvalier-ne-doit-pas-clore-les-poursuites-contre-ses-acolytes-selon-la-fidh.html#breadcrumb\",\"itemListElement\":[{\"@type\":\"ListItem\",\"position\":1,\"name\":\"Home\",\"item\":\"https:\/\/www.justiceinfo.net\/fr\"},{\"@type\":\"ListItem\",\"position\":2,\"name\":\"06.10.14 - HAITI\/DUVALIER - LA MORT DE DUVALIER NE DOIT PAS CLORE LES POURSUITES CONTRE SES ACOLYTES, SELON LA FIDH\"}]},{\"@type\":\"WebSite\",\"@id\":\"https:\/\/www.justiceinfo.net\/fr#website\",\"url\":\"https:\/\/www.justiceinfo.net\/fr\",\"name\":\"JusticeInfo.net\",\"description\":\"La justice doit \u00eatre vue pour \u00eatre rendue\",\"publisher\":{\"@id\":\"https:\/\/www.justiceinfo.net\/fr#organization\"},\"potentialAction\":[{\"@type\":\"SearchAction\",\"target\":{\"@type\":\"EntryPoint\",\"urlTemplate\":\"https:\/\/www.justiceinfo.net\/fr?s={search_term_string}\"},\"query-input\":{\"@type\":\"PropertyValueSpecification\",\"valueRequired\":true,\"valueName\":\"search_term_string\"}}],\"inLanguage\":\"fr-FR\"},{\"@type\":\"Organization\",\"@id\":\"https:\/\/www.justiceinfo.net\/fr#organization\",\"name\":\"Justice Info\",\"url\":\"https:\/\/www.justiceinfo.net\/fr\",\"logo\":{\"@type\":\"ImageObject\",\"inLanguage\":\"fr-FR\",\"@id\":\"https:\/\/www.justiceinfo.net\/fr#\/schema\/logo\/image\/\",\"url\":\"https:\/\/www.justiceinfo.net\/wp-content\/uploads\/justiceinfo_logo-trans_1200x1200px.png\",\"contentUrl\":\"https:\/\/www.justiceinfo.net\/wp-content\/uploads\/justiceinfo_logo-trans_1200x1200px.png\",\"width\":1199,\"height\":1200,\"caption\":\"Justice Info\"},\"image\":{\"@id\":\"https:\/\/www.justiceinfo.net\/fr#\/schema\/logo\/image\/\"},\"sameAs\":[\"https:\/\/www.facebook.com\/JusticeInfo\/\",\"https:\/\/x.com\/justiceinfonet\",\"https:\/\/www.linkedin.com\/company\/justice-info\",\"https:\/\/www.youtube.com\/channel\/UCyCEsARodyuWtkWyhn-e7pA\"]},{\"@type\":\"Person\",\"name\":\"Ephrem Rugiririza\",\"sameAs\":[\"https:\/\/www.facebook.com\/rugiririza.ephrem.1\",\"https:\/\/x.com\/ER72777667\"],\"url\":\"https:\/\/www.justiceinfo.net\/fr\/auteur\/erugiririza\"}]}<\/script>\n<!-- \/ Yoast SEO Premium plugin. -->","yoast_head_json":{"title":"06.10.14 - HAITI\/DUVALIER - LA MORT DE DUVALIER NE DOIT PAS CLORE LES POURSUITES CONTRE SES ACOLYTES, SELON LA FIDH - JusticeInfo.net","robots":{"index":"index","follow":"follow","max-snippet":"max-snippet:-1","max-image-preview":"max-image-preview:large","max-video-preview":"max-video-preview:-1"},"canonical":"https:\/\/www.justiceinfo.net\/fr\/15270-061014-haitiduvalier-la-mort-de-duvalier-ne-doit-pas-clore-les-poursuites-contre-ses-acolytes-selon-la-fidh.html","og_locale":"fr_FR","og_type":"article","og_title":"06.10.14 - HAITI\/DUVALIER - LA MORT DE DUVALIER NE DOIT PAS CLORE LES POURSUITES CONTRE SES ACOLYTES, SELON LA FIDH","og_description":"Arusha, 06 octobre 2014 (FH) - La mort de l\u2019ancien dictateur ha\u00eftien Jean-Claude Duvalier ne doit pas mettre fin aux poursuites contre ses acolytes pour les crimes perp\u00e9tr\u00e9s durant son r\u00e9gime, demandent, dans un communiqu\u00e9 conjoint, la F\u00e9d\u00e9ration internationale des ligues des droits de l\u2019Homme (FIDH) et ses organisations membres \u00e0 Ha\u00efti.","og_url":"https:\/\/www.justiceinfo.net\/fr\/15270-061014-haitiduvalier-la-mort-de-duvalier-ne-doit-pas-clore-les-poursuites-contre-ses-acolytes-selon-la-fidh.html","og_site_name":"JusticeInfo.net","article_publisher":"https:\/\/www.facebook.com\/JusticeInfo\/","article_author":"https:\/\/www.facebook.com\/rugiririza.ephrem.1","article_published_time":"2014-10-06T09:51:22+00:00","og_image":[{"width":1200,"height":630,"url":"https:\/\/www.justiceinfo.net\/wp-content\/uploads\/JusticeInfoNet_logo_1200x630px.jpg","type":"image\/jpeg"}],"author":"Ephrem Rugiririza","twitter_card":"summary_large_image","twitter_creator":"@ER72777667","twitter_site":"@justiceinfonet","twitter_misc":{"\u00c9crit par":"Ephrem Rugiririza","Dur\u00e9e de lecture estim\u00e9e":"2 minutes"},"schema":{"@context":"https:\/\/schema.org","@graph":[{"@type":"NewsArticle","@id":"https:\/\/www.justiceinfo.net\/fr\/15270-061014-haitiduvalier-la-mort-de-duvalier-ne-doit-pas-clore-les-poursuites-contre-ses-acolytes-selon-la-fidh.html#article","isPartOf":{"@id":"https:\/\/www.justiceinfo.net\/fr\/15270-061014-haitiduvalier-la-mort-de-duvalier-ne-doit-pas-clore-les-poursuites-contre-ses-acolytes-selon-la-fidh.html"},"author":{"name":"erugiririza","@id":"https:\/\/www.justiceinfo.net\/fr#\/schema\/person\/3c444bdbf3536fdebfdc6b3a06b2fc4a"},"headline":"06.10.14 - HAITI\/DUVALIER - LA MORT DE DUVALIER NE DOIT PAS CLORE LES POURSUITES CONTRE SES ACOLYTES, SELON LA FIDH","datePublished":"2014-10-06T09:51:22+00:00","mainEntityOfPage":{"@id":"https:\/\/www.justiceinfo.net\/fr\/15270-061014-haitiduvalier-la-mort-de-duvalier-ne-doit-pas-clore-les-poursuites-contre-ses-acolytes-selon-la-fidh.html"},"wordCount":396,"commentCount":0,"publisher":{"@id":"https:\/\/www.justiceinfo.net\/fr#organization"},"articleSection":["Hirondelle News"],"inLanguage":"fr-FR","potentialAction":[{"@type":"CommentAction","name":"Comment","target":["https:\/\/www.justiceinfo.net\/fr\/15270-061014-haitiduvalier-la-mort-de-duvalier-ne-doit-pas-clore-les-poursuites-contre-ses-acolytes-selon-la-fidh.html#respond"]}]},{"@type":"WebPage","@id":"https:\/\/www.justiceinfo.net\/fr\/15270-061014-haitiduvalier-la-mort-de-duvalier-ne-doit-pas-clore-les-poursuites-contre-ses-acolytes-selon-la-fidh.html","url":"https:\/\/www.justiceinfo.net\/fr\/15270-061014-haitiduvalier-la-mort-de-duvalier-ne-doit-pas-clore-les-poursuites-contre-ses-acolytes-selon-la-fidh.html","name":"06.10.14 - HAITI\/DUVALIER - LA MORT DE DUVALIER NE DOIT PAS CLORE LES POURSUITES CONTRE SES ACOLYTES, SELON LA FIDH - JusticeInfo.net","isPartOf":{"@id":"https:\/\/www.justiceinfo.net\/fr#website"},"datePublished":"2014-10-06T09:51:22+00:00","breadcrumb":{"@id":"https:\/\/www.justiceinfo.net\/fr\/15270-061014-haitiduvalier-la-mort-de-duvalier-ne-doit-pas-clore-les-poursuites-contre-ses-acolytes-selon-la-fidh.html#breadcrumb"},"inLanguage":"fr-FR","potentialAction":[{"@type":"ReadAction","target":["https:\/\/www.justiceinfo.net\/fr\/15270-061014-haitiduvalier-la-mort-de-duvalier-ne-doit-pas-clore-les-poursuites-contre-ses-acolytes-selon-la-fidh.html"]}]},{"@type":"BreadcrumbList","@id":"https:\/\/www.justiceinfo.net\/fr\/15270-061014-haitiduvalier-la-mort-de-duvalier-ne-doit-pas-clore-les-poursuites-contre-ses-acolytes-selon-la-fidh.html#breadcrumb","itemListElement":[{"@type":"ListItem","position":1,"name":"Home","item":"https:\/\/www.justiceinfo.net\/fr"},{"@type":"ListItem","position":2,"name":"06.10.14 - HAITI\/DUVALIER - LA MORT DE DUVALIER NE DOIT PAS CLORE LES POURSUITES CONTRE SES ACOLYTES, SELON LA FIDH"}]},{"@type":"WebSite","@id":"https:\/\/www.justiceinfo.net\/fr#website","url":"https:\/\/www.justiceinfo.net\/fr","name":"JusticeInfo.net","description":"La justice doit \u00eatre vue pour \u00eatre rendue","publisher":{"@id":"https:\/\/www.justiceinfo.net\/fr#organization"},"potentialAction":[{"@type":"SearchAction","target":{"@type":"EntryPoint","urlTemplate":"https:\/\/www.justiceinfo.net\/fr?s={search_term_string}"},"query-input":{"@type":"PropertyValueSpecification","valueRequired":true,"valueName":"search_term_string"}}],"inLanguage":"fr-FR"},{"@type":"Organization","@id":"https:\/\/www.justiceinfo.net\/fr#organization","name":"Justice Info","url":"https:\/\/www.justiceinfo.net\/fr","logo":{"@type":"ImageObject","inLanguage":"fr-FR","@id":"https:\/\/www.justiceinfo.net\/fr#\/schema\/logo\/image\/","url":"https:\/\/www.justiceinfo.net\/wp-content\/uploads\/justiceinfo_logo-trans_1200x1200px.png","contentUrl":"https:\/\/www.justiceinfo.net\/wp-content\/uploads\/justiceinfo_logo-trans_1200x1200px.png","width":1199,"height":1200,"caption":"Justice Info"},"image":{"@id":"https:\/\/www.justiceinfo.net\/fr#\/schema\/logo\/image\/"},"sameAs":["https:\/\/www.facebook.com\/JusticeInfo\/","https:\/\/x.com\/justiceinfonet","https:\/\/www.linkedin.com\/company\/justice-info","https:\/\/www.youtube.com\/channel\/UCyCEsARodyuWtkWyhn-e7pA"]},{"@type":"Person","name":"Ephrem Rugiririza","sameAs":["https:\/\/www.facebook.com\/rugiririza.ephrem.1","https:\/\/x.com\/ER72777667"],"url":"https:\/\/www.justiceinfo.net\/fr\/auteur\/erugiririza"}]}},"_links":{"self":[{"href":"https:\/\/www.justiceinfo.net\/fr\/wp-json\/wp\/v2\/posts\/15270","targetHints":{"allow":["GET"]}}],"collection":[{"href":"https:\/\/www.justiceinfo.net\/fr\/wp-json\/wp\/v2\/posts"}],"about":[{"href":"https:\/\/www.justiceinfo.net\/fr\/wp-json\/wp\/v2\/types\/post"}],"author":[{"embeddable":true,"href":"https:\/\/www.justiceinfo.net\/fr\/wp-json\/wp\/v2\/users\/59"}],"replies":[{"embeddable":true,"href":"https:\/\/www.justiceinfo.net\/fr\/wp-json\/wp\/v2\/comments?post=15270"}],"version-history":[{"count":0,"href":"https:\/\/www.justiceinfo.net\/fr\/wp-json\/wp\/v2\/posts\/15270\/revisions"}],"wp:attachment":[{"href":"https:\/\/www.justiceinfo.net\/fr\/wp-json\/wp\/v2\/media?parent=15270"}],"wp:term":[{"taxonomy":"category","embeddable":true,"href":"https:\/\/www.justiceinfo.net\/fr\/wp-json\/wp\/v2\/categories?post=15270"},{"taxonomy":"post_tag","embeddable":true,"href":"https:\/\/www.justiceinfo.net\/fr\/wp-json\/wp\/v2\/tags?post=15270"},{"taxonomy":"ji_location","embeddable":true,"href":"https:\/\/www.justiceinfo.net\/fr\/wp-json\/wp\/v2\/ji_location?post=15270"}],"curies":[{"name":"wp","href":"https:\/\/api.w.org\/{rel}","templated":true}]}}