{"id":15287,"date":"2014-10-22T07:06:46","date_gmt":"2014-10-22T05:06:46","guid":{"rendered":"https:\/\/www.justiceinfo.net\/15287-221014-cpingudjolo-cpi-lex-chef-de-milice-congolais-mathieu-ngudjolo-reaffirme-son-innocence.html"},"modified":"2014-10-22T07:06:46","modified_gmt":"2014-10-22T05:06:46","slug":"221014-cpingudjolo-cpi-lex-chef-de-milice-congolais-mathieu-ngudjolo-reaffirme-son-innocence","status":"publish","type":"post","link":"https:\/\/www.justiceinfo.net\/fr\/15287-221014-cpingudjolo-cpi-lex-chef-de-milice-congolais-mathieu-ngudjolo-reaffirme-son-innocence.html","title":{"rendered":"22.10.14 - CPI\/NGUDJOLO - CPI : L\u2019EX-CHEF DE MILICE CONGOLAIS MATHIEU NGUDJOLO R\u00c9AFFIRME SON INNOCENCE"},"content":{"rendered":"<p>Arusha, 22 octobre 2014 (FH) \u2013 L\u2019ancien chef de milice congolais Mathieu Ngudjolo acquitt\u00e9 en premi\u00e8re instance par la Cour p\u00e9nale internationale (CPI) a r\u00e9affirm\u00e9 mardi son innocence \u00e0 l\u2019audience d\u2019appel.<\/p>\n<p><!--more--><\/p>\n<p>Ngudjolo \u00e9tait poursuivi pour crimes contre l\u2019humanit\u00e9 et crimes de guerre pour avoir, selon l\u2019accusation, jou\u00e9 un r\u00f4le central dans le massacre, le 24 f\u00e9vrier 2003, de Bogoro, un villlage de l\u2019Ituri, dans le nord-est de la R\u00e9publique d\u00e9mocratique du Congo (RDC). Il avait \u00e9t\u00e9 acquitt\u00e9 le 18 d\u00e9cembre 2012, dans le deuxi\u00e8me jugement de l\u2019histoire de la CPI. Le procureur avait fait appel.\u00ab Depuis le d\u00e9but, j'ai plaid\u00e9 non coupable, je n'ai jamais planifi\u00e9 l'attaque sur le village de Bogoro, j'\u00e9tais infirmier \u00bb, a plaid\u00e9 Mathieu Ngudjolo surnomm\u00e9 Chui ou L\u00e9opard, en swahili.Pour sa part, le repr\u00e9sentant du procureur, Fabricio Guariglia, a soutenu que les juges de premi\u00e8re instance avaient fait une mauvaise \u00e9valuation des \u00e9l\u00e9ments de preuve qui leur avaient \u00e9t\u00e9 pr\u00e9sent\u00e9s par les parties. La chambre de premi\u00e8re instance avait \u00e9cart\u00e9 les d\u00e9clarations de trois t\u00e9moins \u00ab cl\u00e9s \u00bb de l\u2019accusation qui avaient t\u00e9moign\u00e9, sous pseudonyme, de la pr\u00e9sence de Mathieu Ngudjolo sur les lieux des crimes. Les juges avaient relev\u00e9 de graves contradictions dans ces t\u00e9moignages. Lors de sa d\u00e9position, Mathieu Ngudjolo avait affirm\u00e9 qu\u2019il ne se trouvait pas \u00e0 Bogoro, mais qu\u2019il proc\u00e9dait \u00e0 un accouchement \u00e0 Kabutso, une autre localit\u00e9 de l\u2019Ituri. Certes, avaient poursuivi les juges, le milicien \u00ab avait une certaine importance au sein du groupement Bedu-Ezekere \u00bb, un groupe de combattants qui \u00e9taient en mesure de lancer des attaques. Cependant, avaient-ils conclu, les preuves du r\u00f4le de Ngudjolo sont absentes du dossier. \u00ab Le L\u00e9opard \u00bb avait comparu au d\u00e9part avec un autre milicien congolais Germain Katanga, mais une disjonction d\u2019affaires avait \u00e9t\u00e9 d\u00e9cid\u00e9e par les juges en novembre 2012. Katanga a finalement \u00e9t\u00e9 condamn\u00e9 \u00e0\u00a0 12 ans de prison apr\u00e8s avoir \u00e9t\u00e9 reconnu coupable de crimes de guerre.ER<\/p>\n","protected":false},"excerpt":{"rendered":"<p>Arusha, 22 octobre 2014 (FH) \u2013 L\u2019ancien chef de milice congolais Mathieu Ngudjolo acquitt\u00e9 en premi\u00e8re instance par la Cour p\u00e9nale internationale (CPI) a r\u00e9affirm\u00e9 mardi son innocence \u00e0 l\u2019audience d\u2019appel.<\/p>\n","protected":false},"author":59,"featured_media":0,"comment_status":"open","ping_status":"closed","sticky":false,"template":"","format":"standard","meta":{"_acf_changed":false,"footnotes":""},"categories":[554],"tags":[],"ji_location":[],"class_list":["post-15287","post","type-post","status-publish","format-standard","hentry","category-hirondellenews"],"acf":[],"yoast_head":"<!-- This site is optimized with the Yoast SEO Premium plugin v25.3.1 (Yoast SEO v25.3.1) - https:\/\/yoast.com\/wordpress\/plugins\/seo\/ -->\n<title>22.10.14 - CPI\/NGUDJOLO - CPI : L\u2019EX-CHEF DE MILICE CONGOLAIS MATHIEU NGUDJOLO R\u00c9AFFIRME SON INNOCENCE - JusticeInfo.net<\/title>\n<meta name=\"robots\" content=\"index, follow, max-snippet:-1, max-image-preview:large, max-video-preview:-1\" \/>\n<link rel=\"canonical\" href=\"https:\/\/www.justiceinfo.net\/fr\/15287-221014-cpingudjolo-cpi-lex-chef-de-milice-congolais-mathieu-ngudjolo-reaffirme-son-innocence.html\" \/>\n<meta property=\"og:locale\" content=\"fr_FR\" \/>\n<meta property=\"og:type\" content=\"article\" \/>\n<meta property=\"og:title\" content=\"22.10.14 - CPI\/NGUDJOLO - CPI : L\u2019EX-CHEF DE MILICE CONGOLAIS MATHIEU NGUDJOLO R\u00c9AFFIRME SON INNOCENCE\" \/>\n<meta property=\"og:description\" content=\"Arusha, 22 octobre 2014 (FH) \u2013 L\u2019ancien chef de milice congolais Mathieu Ngudjolo acquitt\u00e9 en premi\u00e8re instance par la Cour p\u00e9nale internationale (CPI) a r\u00e9affirm\u00e9 mardi son innocence \u00e0 l\u2019audience d\u2019appel.\" \/>\n<meta property=\"og:url\" content=\"https:\/\/www.justiceinfo.net\/fr\/15287-221014-cpingudjolo-cpi-lex-chef-de-milice-congolais-mathieu-ngudjolo-reaffirme-son-innocence.html\" \/>\n<meta property=\"og:site_name\" content=\"JusticeInfo.net\" \/>\n<meta property=\"article:publisher\" content=\"https:\/\/www.facebook.com\/JusticeInfo\/\" \/>\n<meta property=\"article:author\" content=\"https:\/\/www.facebook.com\/rugiririza.ephrem.1\" \/>\n<meta property=\"article:published_time\" content=\"2014-10-22T05:06:46+00:00\" \/>\n<meta property=\"og:image\" content=\"https:\/\/www.justiceinfo.net\/wp-content\/uploads\/JusticeInfoNet_logo_1200x630px.jpg\" \/>\n\t<meta property=\"og:image:width\" content=\"1200\" \/>\n\t<meta property=\"og:image:height\" content=\"630\" \/>\n\t<meta property=\"og:image:type\" content=\"image\/jpeg\" \/>\n<meta name=\"author\" content=\"Ephrem Rugiririza\" \/>\n<meta name=\"twitter:card\" content=\"summary_large_image\" \/>\n<meta name=\"twitter:creator\" content=\"@ER72777667\" \/>\n<meta name=\"twitter:site\" content=\"@justiceinfonet\" \/>\n<meta name=\"twitter:label1\" content=\"\u00c9crit par\" \/>\n\t<meta name=\"twitter:data1\" content=\"Ephrem Rugiririza\" \/>\n\t<meta name=\"twitter:label2\" content=\"Dur\u00e9e de lecture estim\u00e9e\" \/>\n\t<meta name=\"twitter:data2\" content=\"2 minutes\" \/>\n<script type=\"application\/ld+json\" class=\"yoast-schema-graph\">{\"@context\":\"https:\/\/schema.org\",\"@graph\":[{\"@type\":\"NewsArticle\",\"@id\":\"https:\/\/www.justiceinfo.net\/fr\/15287-221014-cpingudjolo-cpi-lex-chef-de-milice-congolais-mathieu-ngudjolo-reaffirme-son-innocence.html#article\",\"isPartOf\":{\"@id\":\"https:\/\/www.justiceinfo.net\/fr\/15287-221014-cpingudjolo-cpi-lex-chef-de-milice-congolais-mathieu-ngudjolo-reaffirme-son-innocence.html\"},\"author\":{\"name\":\"erugiririza\",\"@id\":\"https:\/\/www.justiceinfo.net\/fr#\/schema\/person\/3c444bdbf3536fdebfdc6b3a06b2fc4a\"},\"headline\":\"22.10.14 - CPI\/NGUDJOLO - CPI : L\u2019EX-CHEF DE MILICE CONGOLAIS MATHIEU NGUDJOLO R\u00c9AFFIRME SON INNOCENCE\",\"datePublished\":\"2014-10-22T05:06:46+00:00\",\"mainEntityOfPage\":{\"@id\":\"https:\/\/www.justiceinfo.net\/fr\/15287-221014-cpingudjolo-cpi-lex-chef-de-milice-congolais-mathieu-ngudjolo-reaffirme-son-innocence.html\"},\"wordCount\":363,\"commentCount\":0,\"publisher\":{\"@id\":\"https:\/\/www.justiceinfo.net\/fr#organization\"},\"articleSection\":[\"Hirondelle News\"],\"inLanguage\":\"fr-FR\",\"potentialAction\":[{\"@type\":\"CommentAction\",\"name\":\"Comment\",\"target\":[\"https:\/\/www.justiceinfo.net\/fr\/15287-221014-cpingudjolo-cpi-lex-chef-de-milice-congolais-mathieu-ngudjolo-reaffirme-son-innocence.html#respond\"]}]},{\"@type\":\"WebPage\",\"@id\":\"https:\/\/www.justiceinfo.net\/fr\/15287-221014-cpingudjolo-cpi-lex-chef-de-milice-congolais-mathieu-ngudjolo-reaffirme-son-innocence.html\",\"url\":\"https:\/\/www.justiceinfo.net\/fr\/15287-221014-cpingudjolo-cpi-lex-chef-de-milice-congolais-mathieu-ngudjolo-reaffirme-son-innocence.html\",\"name\":\"22.10.14 - CPI\/NGUDJOLO - CPI : L\u2019EX-CHEF DE MILICE CONGOLAIS MATHIEU NGUDJOLO R\u00c9AFFIRME SON INNOCENCE - JusticeInfo.net\",\"isPartOf\":{\"@id\":\"https:\/\/www.justiceinfo.net\/fr#website\"},\"datePublished\":\"2014-10-22T05:06:46+00:00\",\"breadcrumb\":{\"@id\":\"https:\/\/www.justiceinfo.net\/fr\/15287-221014-cpingudjolo-cpi-lex-chef-de-milice-congolais-mathieu-ngudjolo-reaffirme-son-innocence.html#breadcrumb\"},\"inLanguage\":\"fr-FR\",\"potentialAction\":[{\"@type\":\"ReadAction\",\"target\":[\"https:\/\/www.justiceinfo.net\/fr\/15287-221014-cpingudjolo-cpi-lex-chef-de-milice-congolais-mathieu-ngudjolo-reaffirme-son-innocence.html\"]}]},{\"@type\":\"BreadcrumbList\",\"@id\":\"https:\/\/www.justiceinfo.net\/fr\/15287-221014-cpingudjolo-cpi-lex-chef-de-milice-congolais-mathieu-ngudjolo-reaffirme-son-innocence.html#breadcrumb\",\"itemListElement\":[{\"@type\":\"ListItem\",\"position\":1,\"name\":\"Home\",\"item\":\"https:\/\/www.justiceinfo.net\/fr\"},{\"@type\":\"ListItem\",\"position\":2,\"name\":\"22.10.14 - CPI\/NGUDJOLO - CPI : L\u2019EX-CHEF DE MILICE CONGOLAIS MATHIEU NGUDJOLO R\u00c9AFFIRME SON INNOCENCE\"}]},{\"@type\":\"WebSite\",\"@id\":\"https:\/\/www.justiceinfo.net\/fr#website\",\"url\":\"https:\/\/www.justiceinfo.net\/fr\",\"name\":\"JusticeInfo.net\",\"description\":\"La justice doit \u00eatre vue pour \u00eatre rendue\",\"publisher\":{\"@id\":\"https:\/\/www.justiceinfo.net\/fr#organization\"},\"potentialAction\":[{\"@type\":\"SearchAction\",\"target\":{\"@type\":\"EntryPoint\",\"urlTemplate\":\"https:\/\/www.justiceinfo.net\/fr?s={search_term_string}\"},\"query-input\":{\"@type\":\"PropertyValueSpecification\",\"valueRequired\":true,\"valueName\":\"search_term_string\"}}],\"inLanguage\":\"fr-FR\"},{\"@type\":\"Organization\",\"@id\":\"https:\/\/www.justiceinfo.net\/fr#organization\",\"name\":\"Justice Info\",\"url\":\"https:\/\/www.justiceinfo.net\/fr\",\"logo\":{\"@type\":\"ImageObject\",\"inLanguage\":\"fr-FR\",\"@id\":\"https:\/\/www.justiceinfo.net\/fr#\/schema\/logo\/image\/\",\"url\":\"https:\/\/www.justiceinfo.net\/wp-content\/uploads\/justiceinfo_logo-trans_1200x1200px.png\",\"contentUrl\":\"https:\/\/www.justiceinfo.net\/wp-content\/uploads\/justiceinfo_logo-trans_1200x1200px.png\",\"width\":1199,\"height\":1200,\"caption\":\"Justice Info\"},\"image\":{\"@id\":\"https:\/\/www.justiceinfo.net\/fr#\/schema\/logo\/image\/\"},\"sameAs\":[\"https:\/\/www.facebook.com\/JusticeInfo\/\",\"https:\/\/x.com\/justiceinfonet\",\"https:\/\/www.linkedin.com\/company\/justice-info\",\"https:\/\/www.youtube.com\/channel\/UCyCEsARodyuWtkWyhn-e7pA\"]},{\"@type\":\"Person\",\"name\":\"Ephrem Rugiririza\",\"sameAs\":[\"https:\/\/www.facebook.com\/rugiririza.ephrem.1\",\"https:\/\/x.com\/ER72777667\"],\"url\":\"https:\/\/www.justiceinfo.net\/fr\/auteur\/erugiririza\"}]}<\/script>\n<!-- \/ Yoast SEO Premium plugin. -->","yoast_head_json":{"title":"22.10.14 - CPI\/NGUDJOLO - CPI : L\u2019EX-CHEF DE MILICE CONGOLAIS MATHIEU NGUDJOLO R\u00c9AFFIRME SON INNOCENCE - JusticeInfo.net","robots":{"index":"index","follow":"follow","max-snippet":"max-snippet:-1","max-image-preview":"max-image-preview:large","max-video-preview":"max-video-preview:-1"},"canonical":"https:\/\/www.justiceinfo.net\/fr\/15287-221014-cpingudjolo-cpi-lex-chef-de-milice-congolais-mathieu-ngudjolo-reaffirme-son-innocence.html","og_locale":"fr_FR","og_type":"article","og_title":"22.10.14 - CPI\/NGUDJOLO - CPI : L\u2019EX-CHEF DE MILICE CONGOLAIS MATHIEU NGUDJOLO R\u00c9AFFIRME SON INNOCENCE","og_description":"Arusha, 22 octobre 2014 (FH) \u2013 L\u2019ancien chef de milice congolais Mathieu Ngudjolo acquitt\u00e9 en premi\u00e8re instance par la Cour p\u00e9nale internationale (CPI) a r\u00e9affirm\u00e9 mardi son innocence \u00e0 l\u2019audience d\u2019appel.","og_url":"https:\/\/www.justiceinfo.net\/fr\/15287-221014-cpingudjolo-cpi-lex-chef-de-milice-congolais-mathieu-ngudjolo-reaffirme-son-innocence.html","og_site_name":"JusticeInfo.net","article_publisher":"https:\/\/www.facebook.com\/JusticeInfo\/","article_author":"https:\/\/www.facebook.com\/rugiririza.ephrem.1","article_published_time":"2014-10-22T05:06:46+00:00","og_image":[{"width":1200,"height":630,"url":"https:\/\/www.justiceinfo.net\/wp-content\/uploads\/JusticeInfoNet_logo_1200x630px.jpg","type":"image\/jpeg"}],"author":"Ephrem Rugiririza","twitter_card":"summary_large_image","twitter_creator":"@ER72777667","twitter_site":"@justiceinfonet","twitter_misc":{"\u00c9crit par":"Ephrem Rugiririza","Dur\u00e9e de lecture estim\u00e9e":"2 minutes"},"schema":{"@context":"https:\/\/schema.org","@graph":[{"@type":"NewsArticle","@id":"https:\/\/www.justiceinfo.net\/fr\/15287-221014-cpingudjolo-cpi-lex-chef-de-milice-congolais-mathieu-ngudjolo-reaffirme-son-innocence.html#article","isPartOf":{"@id":"https:\/\/www.justiceinfo.net\/fr\/15287-221014-cpingudjolo-cpi-lex-chef-de-milice-congolais-mathieu-ngudjolo-reaffirme-son-innocence.html"},"author":{"name":"erugiririza","@id":"https:\/\/www.justiceinfo.net\/fr#\/schema\/person\/3c444bdbf3536fdebfdc6b3a06b2fc4a"},"headline":"22.10.14 - CPI\/NGUDJOLO - CPI : L\u2019EX-CHEF DE MILICE CONGOLAIS MATHIEU NGUDJOLO R\u00c9AFFIRME SON INNOCENCE","datePublished":"2014-10-22T05:06:46+00:00","mainEntityOfPage":{"@id":"https:\/\/www.justiceinfo.net\/fr\/15287-221014-cpingudjolo-cpi-lex-chef-de-milice-congolais-mathieu-ngudjolo-reaffirme-son-innocence.html"},"wordCount":363,"commentCount":0,"publisher":{"@id":"https:\/\/www.justiceinfo.net\/fr#organization"},"articleSection":["Hirondelle News"],"inLanguage":"fr-FR","potentialAction":[{"@type":"CommentAction","name":"Comment","target":["https:\/\/www.justiceinfo.net\/fr\/15287-221014-cpingudjolo-cpi-lex-chef-de-milice-congolais-mathieu-ngudjolo-reaffirme-son-innocence.html#respond"]}]},{"@type":"WebPage","@id":"https:\/\/www.justiceinfo.net\/fr\/15287-221014-cpingudjolo-cpi-lex-chef-de-milice-congolais-mathieu-ngudjolo-reaffirme-son-innocence.html","url":"https:\/\/www.justiceinfo.net\/fr\/15287-221014-cpingudjolo-cpi-lex-chef-de-milice-congolais-mathieu-ngudjolo-reaffirme-son-innocence.html","name":"22.10.14 - CPI\/NGUDJOLO - CPI : L\u2019EX-CHEF DE MILICE CONGOLAIS MATHIEU NGUDJOLO R\u00c9AFFIRME SON INNOCENCE - JusticeInfo.net","isPartOf":{"@id":"https:\/\/www.justiceinfo.net\/fr#website"},"datePublished":"2014-10-22T05:06:46+00:00","breadcrumb":{"@id":"https:\/\/www.justiceinfo.net\/fr\/15287-221014-cpingudjolo-cpi-lex-chef-de-milice-congolais-mathieu-ngudjolo-reaffirme-son-innocence.html#breadcrumb"},"inLanguage":"fr-FR","potentialAction":[{"@type":"ReadAction","target":["https:\/\/www.justiceinfo.net\/fr\/15287-221014-cpingudjolo-cpi-lex-chef-de-milice-congolais-mathieu-ngudjolo-reaffirme-son-innocence.html"]}]},{"@type":"BreadcrumbList","@id":"https:\/\/www.justiceinfo.net\/fr\/15287-221014-cpingudjolo-cpi-lex-chef-de-milice-congolais-mathieu-ngudjolo-reaffirme-son-innocence.html#breadcrumb","itemListElement":[{"@type":"ListItem","position":1,"name":"Home","item":"https:\/\/www.justiceinfo.net\/fr"},{"@type":"ListItem","position":2,"name":"22.10.14 - CPI\/NGUDJOLO - CPI : L\u2019EX-CHEF DE MILICE CONGOLAIS MATHIEU NGUDJOLO R\u00c9AFFIRME SON INNOCENCE"}]},{"@type":"WebSite","@id":"https:\/\/www.justiceinfo.net\/fr#website","url":"https:\/\/www.justiceinfo.net\/fr","name":"JusticeInfo.net","description":"La justice doit \u00eatre vue pour \u00eatre rendue","publisher":{"@id":"https:\/\/www.justiceinfo.net\/fr#organization"},"potentialAction":[{"@type":"SearchAction","target":{"@type":"EntryPoint","urlTemplate":"https:\/\/www.justiceinfo.net\/fr?s={search_term_string}"},"query-input":{"@type":"PropertyValueSpecification","valueRequired":true,"valueName":"search_term_string"}}],"inLanguage":"fr-FR"},{"@type":"Organization","@id":"https:\/\/www.justiceinfo.net\/fr#organization","name":"Justice Info","url":"https:\/\/www.justiceinfo.net\/fr","logo":{"@type":"ImageObject","inLanguage":"fr-FR","@id":"https:\/\/www.justiceinfo.net\/fr#\/schema\/logo\/image\/","url":"https:\/\/www.justiceinfo.net\/wp-content\/uploads\/justiceinfo_logo-trans_1200x1200px.png","contentUrl":"https:\/\/www.justiceinfo.net\/wp-content\/uploads\/justiceinfo_logo-trans_1200x1200px.png","width":1199,"height":1200,"caption":"Justice Info"},"image":{"@id":"https:\/\/www.justiceinfo.net\/fr#\/schema\/logo\/image\/"},"sameAs":["https:\/\/www.facebook.com\/JusticeInfo\/","https:\/\/x.com\/justiceinfonet","https:\/\/www.linkedin.com\/company\/justice-info","https:\/\/www.youtube.com\/channel\/UCyCEsARodyuWtkWyhn-e7pA"]},{"@type":"Person","name":"Ephrem Rugiririza","sameAs":["https:\/\/www.facebook.com\/rugiririza.ephrem.1","https:\/\/x.com\/ER72777667"],"url":"https:\/\/www.justiceinfo.net\/fr\/auteur\/erugiririza"}]}},"_links":{"self":[{"href":"https:\/\/www.justiceinfo.net\/fr\/wp-json\/wp\/v2\/posts\/15287","targetHints":{"allow":["GET"]}}],"collection":[{"href":"https:\/\/www.justiceinfo.net\/fr\/wp-json\/wp\/v2\/posts"}],"about":[{"href":"https:\/\/www.justiceinfo.net\/fr\/wp-json\/wp\/v2\/types\/post"}],"author":[{"embeddable":true,"href":"https:\/\/www.justiceinfo.net\/fr\/wp-json\/wp\/v2\/users\/59"}],"replies":[{"embeddable":true,"href":"https:\/\/www.justiceinfo.net\/fr\/wp-json\/wp\/v2\/comments?post=15287"}],"version-history":[{"count":0,"href":"https:\/\/www.justiceinfo.net\/fr\/wp-json\/wp\/v2\/posts\/15287\/revisions"}],"wp:attachment":[{"href":"https:\/\/www.justiceinfo.net\/fr\/wp-json\/wp\/v2\/media?parent=15287"}],"wp:term":[{"taxonomy":"category","embeddable":true,"href":"https:\/\/www.justiceinfo.net\/fr\/wp-json\/wp\/v2\/categories?post=15287"},{"taxonomy":"post_tag","embeddable":true,"href":"https:\/\/www.justiceinfo.net\/fr\/wp-json\/wp\/v2\/tags?post=15287"},{"taxonomy":"ji_location","embeddable":true,"href":"https:\/\/www.justiceinfo.net\/fr\/wp-json\/wp\/v2\/ji_location?post=15287"}],"curies":[{"name":"wp","href":"https:\/\/api.w.org\/{rel}","templated":true}]}}