{"id":15305,"date":"2014-12-01T18:05:34","date_gmt":"2014-12-01T17:05:34","guid":{"rendered":"https:\/\/www.justiceinfo.net\/15305-011214-cpilubanga-peine-de-14-ans-demprisonnement-confirmee-pour-thomas-lubanga.html"},"modified":"2014-12-01T18:05:34","modified_gmt":"2014-12-01T17:05:34","slug":"011214-cpilubanga-peine-de-14-ans-demprisonnement-confirmee-pour-thomas-lubanga","status":"publish","type":"post","link":"https:\/\/www.justiceinfo.net\/fr\/15305-011214-cpilubanga-peine-de-14-ans-demprisonnement-confirmee-pour-thomas-lubanga.html","title":{"rendered":"01.12.14 \u2013 CPI\/LUBANGA \u2013 PEINE DE 14 ANS D\u2019EMPRISONNEMENT CONFIRMEE POUR THOMAS LUBANGA"},"content":{"rendered":"<p>La Haye, 1 d\u00e9cembre 2014 (FH) \u2013 La Chambre d\u2019Appel de la Cour P\u00e9nale Internationale (CPI) a confirm\u00e9 lundi la condamnation du Congolais Thomas Lubanga \u00e0 14 ans d\u2019emprisonnement pour avoir enr\u00f4l\u00e9 des enfants de moins de 15 ans dans ses troupes et les avoir fait participer activement \u00e0 des combats entre le 1er septembre 2002 et le 13 ao\u00fbt 2003, dans l\u2019Ituri, un district du nord-est de la R\u00e9publique d\u00e9mocratique du Congo (RDC).<\/p>\n<p><!--more--><\/p>\n<p>\u201cLa Chambre d\u2019Appel confirme la sentence et rejette les appels,\u201d a dit le pr\u00e9sident de la Chambre, le juge finlandais Erkki Kouroula.\u00a0 Lubanga et le procureur avaient tous\u00a0 deux fait appel, le procureur plaidant pour\u00a0 une peine plus lourde.<\/p>\n<p>La d\u00e9cision a \u00e9t\u00e9 prise \u00e0 la majorit\u00e9 des cinq juges, le juge Anita Usacka de la Latvie marquant son d\u00e9saccord tant sur la condamnation que sur la peine. Le juge kor\u00e9en Sang-Hyun Song a \u00e9mis de son c\u00f4t\u00e9 quelques d\u00e9saccords d\u2019ordre technique.<\/p>\n<p>\u00ab\u00a0 J\u2019aurais voulu inverser la condamnation du fait que les preuves pr\u00e9sent\u00e9es n\u2019\u00e9taient pas suffisamment pr\u00e9cises et qu\u2019il n\u2019\u00e9tait pas prouv\u00e9 au-del\u00e0 du doute raisonnable que les enfants enr\u00f4l\u00e9s avaient moins de 15 ans, \u00bb a expliqu\u00e9 le juge Usacka.<\/p>\n<p>Lubanga est la premi\u00e8re personne jug\u00e9e par la CPI.<\/p>\n<p>Lors du proc\u00e8s en appel en mai dernier, l\u2019ancien chef de milice a d\u00e9clar\u00e9 qu\u2019il trouvait sa condamnation \u00ab incompr\u00e9hensible \u00bb. Il a ni\u00e9 avoir jamais enr\u00f4l\u00e9 des enfants au sein de la branche arm\u00e9e de l\u2019Union des patriotes congolais (UPC) qu\u2019il pr\u00e9sidait.<\/p>\n<p>A l\u2019appui de sa d\u00e9n\u00e9gation, il a cit\u00e9 deux t\u00e9moins qui ont \u00e9t\u00e9 entendus par la chambre d\u2019appel avant les plaidoiries des parties.<\/p>\n<p>Les deux hommes, tous anciens membres de la garde de Thomas Lubanga, ont indiqu\u00e9 qu\u2019ils \u00e9taient \u00e2g\u00e9s respectivement de 18 et 19 ans au moment de leur recrutement.<\/p>\n<p>Mais le banc du procureur a r\u00e9torqu\u00e9 que ces t\u00e9moignages \u00e9taient peu fiables et \u00e9taient insuffisants\u00a0 pour infirmer les conclusions de la chambre de premi\u00e8re instance.<\/p>\n<p>D\u2019abord incarc\u00e9r\u00e9 \u00e0 Kinshasa, Thomas Lubanga a \u00e9t\u00e9 transf\u00e9r\u00e9 \u00e0 La Haye en mars 2006.<\/p>\n<p>JC\/YL<\/p>\n<p>\u00a0<\/p>\n","protected":false},"excerpt":{"rendered":"<p>La Haye, 1 d\u00e9cembre 2014 (FH) \u2013 La Chambre d\u2019Appel de la Cour P\u00e9nale Internationale (CPI) a confirm\u00e9 lundi la condamnation du Congolais Thomas Lubanga \u00e0 14 ans d\u2019emprisonnement pour avoir enr\u00f4l\u00e9 des enfants de moins de 15 ans dans ses troupes et les avoir fait participer activement \u00e0 des combats entre le 1er septembre [&hellip;]<\/p>\n","protected":false},"author":64,"featured_media":0,"comment_status":"open","ping_status":"closed","sticky":false,"template":"","format":"standard","meta":{"_acf_changed":false,"footnotes":""},"categories":[554],"tags":[],"ji_location":[],"class_list":["post-15305","post","type-post","status-publish","format-standard","hentry","category-hirondellenews"],"acf":[],"yoast_head":"<!-- This site is optimized with the Yoast SEO Premium plugin v25.3.1 (Yoast SEO v25.3.1) - https:\/\/yoast.com\/wordpress\/plugins\/seo\/ -->\n<title>01.12.14 \u2013 CPI\/LUBANGA \u2013 PEINE DE 14 ANS D\u2019EMPRISONNEMENT CONFIRMEE POUR THOMAS LUBANGA - JusticeInfo.net<\/title>\n<meta name=\"robots\" content=\"index, follow, max-snippet:-1, max-image-preview:large, max-video-preview:-1\" \/>\n<link rel=\"canonical\" href=\"https:\/\/www.justiceinfo.net\/fr\/15305-011214-cpilubanga-peine-de-14-ans-demprisonnement-confirmee-pour-thomas-lubanga.html\" \/>\n<meta property=\"og:locale\" content=\"fr_FR\" \/>\n<meta property=\"og:type\" content=\"article\" \/>\n<meta property=\"og:title\" content=\"01.12.14 \u2013 CPI\/LUBANGA \u2013 PEINE DE 14 ANS D\u2019EMPRISONNEMENT CONFIRMEE POUR THOMAS LUBANGA\" \/>\n<meta property=\"og:description\" content=\"La Haye, 1 d\u00e9cembre 2014 (FH) \u2013 La Chambre d\u2019Appel de la Cour P\u00e9nale Internationale (CPI) a confirm\u00e9 lundi la condamnation du Congolais Thomas Lubanga \u00e0 14 ans d\u2019emprisonnement pour avoir enr\u00f4l\u00e9 des enfants de moins de 15 ans dans ses troupes et les avoir fait participer activement \u00e0 des combats entre le 1er septembre [&hellip;]\" \/>\n<meta property=\"og:url\" content=\"https:\/\/www.justiceinfo.net\/fr\/15305-011214-cpilubanga-peine-de-14-ans-demprisonnement-confirmee-pour-thomas-lubanga.html\" \/>\n<meta property=\"og:site_name\" content=\"JusticeInfo.net\" \/>\n<meta property=\"article:publisher\" content=\"https:\/\/www.facebook.com\/JusticeInfo\/\" \/>\n<meta property=\"article:published_time\" content=\"2014-12-01T17:05:34+00:00\" \/>\n<meta property=\"og:image\" content=\"https:\/\/www.justiceinfo.net\/wp-content\/uploads\/JusticeInfoNet_logo_1200x630px.jpg\" \/>\n\t<meta property=\"og:image:width\" content=\"1200\" \/>\n\t<meta property=\"og:image:height\" content=\"630\" \/>\n\t<meta property=\"og:image:type\" content=\"image\/jpeg\" \/>\n<meta name=\"author\" content=\"solivri\" \/>\n<meta name=\"twitter:card\" content=\"summary_large_image\" \/>\n<meta name=\"twitter:creator\" content=\"@justiceinfonet\" \/>\n<meta name=\"twitter:site\" content=\"@justiceinfonet\" \/>\n<meta name=\"twitter:label1\" content=\"\u00c9crit par\" \/>\n\t<meta name=\"twitter:data1\" content=\"solivri\" \/>\n\t<meta name=\"twitter:label2\" content=\"Dur\u00e9e de lecture estim\u00e9e\" \/>\n\t<meta name=\"twitter:data2\" content=\"2 minutes\" \/>\n<script type=\"application\/ld+json\" class=\"yoast-schema-graph\">{\"@context\":\"https:\/\/schema.org\",\"@graph\":[{\"@type\":\"NewsArticle\",\"@id\":\"https:\/\/www.justiceinfo.net\/fr\/15305-011214-cpilubanga-peine-de-14-ans-demprisonnement-confirmee-pour-thomas-lubanga.html#article\",\"isPartOf\":{\"@id\":\"https:\/\/www.justiceinfo.net\/fr\/15305-011214-cpilubanga-peine-de-14-ans-demprisonnement-confirmee-pour-thomas-lubanga.html\"},\"author\":{\"name\":\"solivri\",\"@id\":\"https:\/\/www.justiceinfo.net\/fr#\/schema\/person\/6e53cba1629e2e66f3fc1821d3091865\"},\"headline\":\"01.12.14 \u2013 CPI\/LUBANGA \u2013 PEINE DE 14 ANS D\u2019EMPRISONNEMENT CONFIRMEE POUR THOMAS LUBANGA\",\"datePublished\":\"2014-12-01T17:05:34+00:00\",\"mainEntityOfPage\":{\"@id\":\"https:\/\/www.justiceinfo.net\/fr\/15305-011214-cpilubanga-peine-de-14-ans-demprisonnement-confirmee-pour-thomas-lubanga.html\"},\"wordCount\":383,\"commentCount\":0,\"publisher\":{\"@id\":\"https:\/\/www.justiceinfo.net\/fr#organization\"},\"articleSection\":[\"Hirondelle News\"],\"inLanguage\":\"fr-FR\",\"potentialAction\":[{\"@type\":\"CommentAction\",\"name\":\"Comment\",\"target\":[\"https:\/\/www.justiceinfo.net\/fr\/15305-011214-cpilubanga-peine-de-14-ans-demprisonnement-confirmee-pour-thomas-lubanga.html#respond\"]}]},{\"@type\":\"WebPage\",\"@id\":\"https:\/\/www.justiceinfo.net\/fr\/15305-011214-cpilubanga-peine-de-14-ans-demprisonnement-confirmee-pour-thomas-lubanga.html\",\"url\":\"https:\/\/www.justiceinfo.net\/fr\/15305-011214-cpilubanga-peine-de-14-ans-demprisonnement-confirmee-pour-thomas-lubanga.html\",\"name\":\"01.12.14 \u2013 CPI\/LUBANGA \u2013 PEINE DE 14 ANS D\u2019EMPRISONNEMENT CONFIRMEE POUR THOMAS LUBANGA - JusticeInfo.net\",\"isPartOf\":{\"@id\":\"https:\/\/www.justiceinfo.net\/fr#website\"},\"datePublished\":\"2014-12-01T17:05:34+00:00\",\"breadcrumb\":{\"@id\":\"https:\/\/www.justiceinfo.net\/fr\/15305-011214-cpilubanga-peine-de-14-ans-demprisonnement-confirmee-pour-thomas-lubanga.html#breadcrumb\"},\"inLanguage\":\"fr-FR\",\"potentialAction\":[{\"@type\":\"ReadAction\",\"target\":[\"https:\/\/www.justiceinfo.net\/fr\/15305-011214-cpilubanga-peine-de-14-ans-demprisonnement-confirmee-pour-thomas-lubanga.html\"]}]},{\"@type\":\"BreadcrumbList\",\"@id\":\"https:\/\/www.justiceinfo.net\/fr\/15305-011214-cpilubanga-peine-de-14-ans-demprisonnement-confirmee-pour-thomas-lubanga.html#breadcrumb\",\"itemListElement\":[{\"@type\":\"ListItem\",\"position\":1,\"name\":\"Home\",\"item\":\"https:\/\/www.justiceinfo.net\/fr\"},{\"@type\":\"ListItem\",\"position\":2,\"name\":\"01.12.14 \u2013 CPI\/LUBANGA \u2013 PEINE DE 14 ANS D\u2019EMPRISONNEMENT CONFIRMEE POUR THOMAS LUBANGA\"}]},{\"@type\":\"WebSite\",\"@id\":\"https:\/\/www.justiceinfo.net\/fr#website\",\"url\":\"https:\/\/www.justiceinfo.net\/fr\",\"name\":\"JusticeInfo.net\",\"description\":\"La justice doit \u00eatre vue pour \u00eatre rendue\",\"publisher\":{\"@id\":\"https:\/\/www.justiceinfo.net\/fr#organization\"},\"potentialAction\":[{\"@type\":\"SearchAction\",\"target\":{\"@type\":\"EntryPoint\",\"urlTemplate\":\"https:\/\/www.justiceinfo.net\/fr?s={search_term_string}\"},\"query-input\":{\"@type\":\"PropertyValueSpecification\",\"valueRequired\":true,\"valueName\":\"search_term_string\"}}],\"inLanguage\":\"fr-FR\"},{\"@type\":\"Organization\",\"@id\":\"https:\/\/www.justiceinfo.net\/fr#organization\",\"name\":\"Justice Info\",\"url\":\"https:\/\/www.justiceinfo.net\/fr\",\"logo\":{\"@type\":\"ImageObject\",\"inLanguage\":\"fr-FR\",\"@id\":\"https:\/\/www.justiceinfo.net\/fr#\/schema\/logo\/image\/\",\"url\":\"https:\/\/www.justiceinfo.net\/wp-content\/uploads\/justiceinfo_logo-trans_1200x1200px.png\",\"contentUrl\":\"https:\/\/www.justiceinfo.net\/wp-content\/uploads\/justiceinfo_logo-trans_1200x1200px.png\",\"width\":1199,\"height\":1200,\"caption\":\"Justice Info\"},\"image\":{\"@id\":\"https:\/\/www.justiceinfo.net\/fr#\/schema\/logo\/image\/\"},\"sameAs\":[\"https:\/\/www.facebook.com\/JusticeInfo\/\",\"https:\/\/x.com\/justiceinfonet\",\"https:\/\/www.linkedin.com\/company\/justice-info\",\"https:\/\/www.youtube.com\/channel\/UCyCEsARodyuWtkWyhn-e7pA\"]},{\"@type\":\"Person\",\"name\":\"solivri\",\"url\":\"\/fr\/?s=solivri\"}]}<\/script>\n<!-- \/ Yoast SEO Premium plugin. -->","yoast_head_json":{"title":"01.12.14 \u2013 CPI\/LUBANGA \u2013 PEINE DE 14 ANS D\u2019EMPRISONNEMENT CONFIRMEE POUR THOMAS LUBANGA - JusticeInfo.net","robots":{"index":"index","follow":"follow","max-snippet":"max-snippet:-1","max-image-preview":"max-image-preview:large","max-video-preview":"max-video-preview:-1"},"canonical":"https:\/\/www.justiceinfo.net\/fr\/15305-011214-cpilubanga-peine-de-14-ans-demprisonnement-confirmee-pour-thomas-lubanga.html","og_locale":"fr_FR","og_type":"article","og_title":"01.12.14 \u2013 CPI\/LUBANGA \u2013 PEINE DE 14 ANS D\u2019EMPRISONNEMENT CONFIRMEE POUR THOMAS LUBANGA","og_description":"La Haye, 1 d\u00e9cembre 2014 (FH) \u2013 La Chambre d\u2019Appel de la Cour P\u00e9nale Internationale (CPI) a confirm\u00e9 lundi la condamnation du Congolais Thomas Lubanga \u00e0 14 ans d\u2019emprisonnement pour avoir enr\u00f4l\u00e9 des enfants de moins de 15 ans dans ses troupes et les avoir fait participer activement \u00e0 des combats entre le 1er septembre [&hellip;]","og_url":"https:\/\/www.justiceinfo.net\/fr\/15305-011214-cpilubanga-peine-de-14-ans-demprisonnement-confirmee-pour-thomas-lubanga.html","og_site_name":"JusticeInfo.net","article_publisher":"https:\/\/www.facebook.com\/JusticeInfo\/","article_published_time":"2014-12-01T17:05:34+00:00","og_image":[{"width":1200,"height":630,"url":"https:\/\/www.justiceinfo.net\/wp-content\/uploads\/JusticeInfoNet_logo_1200x630px.jpg","type":"image\/jpeg"}],"author":"solivri","twitter_card":"summary_large_image","twitter_creator":"@justiceinfonet","twitter_site":"@justiceinfonet","twitter_misc":{"\u00c9crit par":"solivri","Dur\u00e9e de lecture estim\u00e9e":"2 minutes"},"schema":{"@context":"https:\/\/schema.org","@graph":[{"@type":"NewsArticle","@id":"https:\/\/www.justiceinfo.net\/fr\/15305-011214-cpilubanga-peine-de-14-ans-demprisonnement-confirmee-pour-thomas-lubanga.html#article","isPartOf":{"@id":"https:\/\/www.justiceinfo.net\/fr\/15305-011214-cpilubanga-peine-de-14-ans-demprisonnement-confirmee-pour-thomas-lubanga.html"},"author":{"name":"solivri","@id":"https:\/\/www.justiceinfo.net\/fr#\/schema\/person\/6e53cba1629e2e66f3fc1821d3091865"},"headline":"01.12.14 \u2013 CPI\/LUBANGA \u2013 PEINE DE 14 ANS D\u2019EMPRISONNEMENT CONFIRMEE POUR THOMAS LUBANGA","datePublished":"2014-12-01T17:05:34+00:00","mainEntityOfPage":{"@id":"https:\/\/www.justiceinfo.net\/fr\/15305-011214-cpilubanga-peine-de-14-ans-demprisonnement-confirmee-pour-thomas-lubanga.html"},"wordCount":383,"commentCount":0,"publisher":{"@id":"https:\/\/www.justiceinfo.net\/fr#organization"},"articleSection":["Hirondelle News"],"inLanguage":"fr-FR","potentialAction":[{"@type":"CommentAction","name":"Comment","target":["https:\/\/www.justiceinfo.net\/fr\/15305-011214-cpilubanga-peine-de-14-ans-demprisonnement-confirmee-pour-thomas-lubanga.html#respond"]}]},{"@type":"WebPage","@id":"https:\/\/www.justiceinfo.net\/fr\/15305-011214-cpilubanga-peine-de-14-ans-demprisonnement-confirmee-pour-thomas-lubanga.html","url":"https:\/\/www.justiceinfo.net\/fr\/15305-011214-cpilubanga-peine-de-14-ans-demprisonnement-confirmee-pour-thomas-lubanga.html","name":"01.12.14 \u2013 CPI\/LUBANGA \u2013 PEINE DE 14 ANS D\u2019EMPRISONNEMENT CONFIRMEE POUR THOMAS LUBANGA - JusticeInfo.net","isPartOf":{"@id":"https:\/\/www.justiceinfo.net\/fr#website"},"datePublished":"2014-12-01T17:05:34+00:00","breadcrumb":{"@id":"https:\/\/www.justiceinfo.net\/fr\/15305-011214-cpilubanga-peine-de-14-ans-demprisonnement-confirmee-pour-thomas-lubanga.html#breadcrumb"},"inLanguage":"fr-FR","potentialAction":[{"@type":"ReadAction","target":["https:\/\/www.justiceinfo.net\/fr\/15305-011214-cpilubanga-peine-de-14-ans-demprisonnement-confirmee-pour-thomas-lubanga.html"]}]},{"@type":"BreadcrumbList","@id":"https:\/\/www.justiceinfo.net\/fr\/15305-011214-cpilubanga-peine-de-14-ans-demprisonnement-confirmee-pour-thomas-lubanga.html#breadcrumb","itemListElement":[{"@type":"ListItem","position":1,"name":"Home","item":"https:\/\/www.justiceinfo.net\/fr"},{"@type":"ListItem","position":2,"name":"01.12.14 \u2013 CPI\/LUBANGA \u2013 PEINE DE 14 ANS D\u2019EMPRISONNEMENT CONFIRMEE POUR THOMAS LUBANGA"}]},{"@type":"WebSite","@id":"https:\/\/www.justiceinfo.net\/fr#website","url":"https:\/\/www.justiceinfo.net\/fr","name":"JusticeInfo.net","description":"La justice doit \u00eatre vue pour \u00eatre rendue","publisher":{"@id":"https:\/\/www.justiceinfo.net\/fr#organization"},"potentialAction":[{"@type":"SearchAction","target":{"@type":"EntryPoint","urlTemplate":"https:\/\/www.justiceinfo.net\/fr?s={search_term_string}"},"query-input":{"@type":"PropertyValueSpecification","valueRequired":true,"valueName":"search_term_string"}}],"inLanguage":"fr-FR"},{"@type":"Organization","@id":"https:\/\/www.justiceinfo.net\/fr#organization","name":"Justice Info","url":"https:\/\/www.justiceinfo.net\/fr","logo":{"@type":"ImageObject","inLanguage":"fr-FR","@id":"https:\/\/www.justiceinfo.net\/fr#\/schema\/logo\/image\/","url":"https:\/\/www.justiceinfo.net\/wp-content\/uploads\/justiceinfo_logo-trans_1200x1200px.png","contentUrl":"https:\/\/www.justiceinfo.net\/wp-content\/uploads\/justiceinfo_logo-trans_1200x1200px.png","width":1199,"height":1200,"caption":"Justice Info"},"image":{"@id":"https:\/\/www.justiceinfo.net\/fr#\/schema\/logo\/image\/"},"sameAs":["https:\/\/www.facebook.com\/JusticeInfo\/","https:\/\/x.com\/justiceinfonet","https:\/\/www.linkedin.com\/company\/justice-info","https:\/\/www.youtube.com\/channel\/UCyCEsARodyuWtkWyhn-e7pA"]},{"@type":"Person","name":"solivri","url":"\/fr\/?s=solivri"}]}},"_links":{"self":[{"href":"https:\/\/www.justiceinfo.net\/fr\/wp-json\/wp\/v2\/posts\/15305","targetHints":{"allow":["GET"]}}],"collection":[{"href":"https:\/\/www.justiceinfo.net\/fr\/wp-json\/wp\/v2\/posts"}],"about":[{"href":"https:\/\/www.justiceinfo.net\/fr\/wp-json\/wp\/v2\/types\/post"}],"author":[{"embeddable":true,"href":"https:\/\/www.justiceinfo.net\/fr\/wp-json\/wp\/v2\/users\/64"}],"replies":[{"embeddable":true,"href":"https:\/\/www.justiceinfo.net\/fr\/wp-json\/wp\/v2\/comments?post=15305"}],"version-history":[{"count":0,"href":"https:\/\/www.justiceinfo.net\/fr\/wp-json\/wp\/v2\/posts\/15305\/revisions"}],"wp:attachment":[{"href":"https:\/\/www.justiceinfo.net\/fr\/wp-json\/wp\/v2\/media?parent=15305"}],"wp:term":[{"taxonomy":"category","embeddable":true,"href":"https:\/\/www.justiceinfo.net\/fr\/wp-json\/wp\/v2\/categories?post=15305"},{"taxonomy":"post_tag","embeddable":true,"href":"https:\/\/www.justiceinfo.net\/fr\/wp-json\/wp\/v2\/tags?post=15305"},{"taxonomy":"ji_location","embeddable":true,"href":"https:\/\/www.justiceinfo.net\/fr\/wp-json\/wp\/v2\/ji_location?post=15305"}],"curies":[{"name":"wp","href":"https:\/\/api.w.org\/{rel}","templated":true}]}}