{"id":158426,"date":"2026-04-25T11:08:02","date_gmt":"2026-04-25T09:08:02","guid":{"rendered":"https:\/\/www.justiceinfo.net\/158426-bosnie-des-associations-de-victimes-contre-un-eventuel-transfert-de-ratko-mladic-en-serbie.html"},"modified":"2026-04-25T11:08:02","modified_gmt":"2026-04-25T09:08:02","slug":"bosnie-des-associations-de-victimes-contre-un-eventuel-transfert-de-ratko-mladic-en-serbie","status":"publish","type":"post","link":"https:\/\/www.justiceinfo.net\/fr\/158426-bosnie-des-associations-de-victimes-contre-un-eventuel-transfert-de-ratko-mladic-en-serbie.html","title":{"rendered":"Bosnie : des associations de victimes contre un \u00e9ventuel transfert de Ratko Mladic en Serbie"},"content":{"rendered":"<p>\n             Plusieurs associations de victimes bosniaques de la guerre des ann\u00e9es 1990 ont demand\u00e9 samedi \u00e0 la justice internationale \u00e0 ne pas autoriser le transfert vers la Serbie de l'ancien chef militaire serbe bosnien, Ratko Mladic, condamn\u00e9 pour g\u00e9nocide, pour y \u00eatre soign\u00e9.\n<\/p>\n<p>\n            Le g\u00e9n\u00e9ral Mladic, condamn\u00e9 d\u00e9finitivement \u00e0 la prison \u00e0 perp\u00e9tuit\u00e9 en 2021 et qui purge sa peine dans le centre de d\u00e9tention d'un tribunal de l'ONU \u00e0 la Haye, serait dans un \u00e9tat \"dramatiquement mauvais\", selon sa famille, apr\u00e8s avoir subi le 10 avril un accident vasculaire c\u00e9r\u00e9bral.\n<\/p>\n<p>\n            Son avocat a formellement demand\u00e9 vendredi au M\u00e9canisme pour les tribunaux p\u00e9naux internationaux (MTPI) \u00e0 la Haye d'autoriser sa mise en libert\u00e9 provisoire, afin qu'il soit soign\u00e9 dans un h\u00f4pital \u00e0 Belgrade, a d\u00e9clar\u00e9 aux m\u00e9dias son fils Darko Mladic.\n<\/p>\n<p>\n            Se disant \"profond\u00e9ment pr\u00e9occup\u00e9es par les r\u00e9centes demandes de mise en libert\u00e9 provisoire d'un criminel de guerre condamn\u00e9\", cinq associations de victimes bosniaques (musulmanes) ont demand\u00e9 samedi \u00e0 la pr\u00e9sidente du (MTPI), Graciela Gatti Santana de rejeter cette requ\u00eate, soutenue par le gouvernement serbe.\n<\/p>\n<p>\n            \"Pour les familles des victimes (...), une \u00e9ventuelle sortie de Ratko Mladic en dehors du syst\u00e8me de surveillance international constituerait une profonde injustice et un traumatisme suppl\u00e9mentaire\", \u00e9crivent les repr\u00e9sentants de ces associations, dont celle des m\u00e8res de Srebrenica.\n<\/p>\n<p>\n            \"Un tel acte serait per\u00e7u comme une humiliation pour les victimes et une atteinte \u00e0 la cr\u00e9dibilit\u00e9 de la justice internationale\", affirment les signataires, ajoutant que Ratko Mladic a \u00e9chapp\u00e9 \"pendant des ann\u00e9es \u00e0 la justice avec justement le soutien des autorit\u00e9s de l'Etat vers lequel son transfert est demand\u00e9\".\n<\/p>\n<p>\n            Ag\u00e9 de 84 ans, d'apr\u00e8s des documents judiciaires de l'ONU, Ratko Mladic a \u00e9t\u00e9 arr\u00eat\u00e9 en Serbie en 2011 apr\u00e8s seize ans de cavale.\n<\/p>\n<p>\n            Il a \u00e9t\u00e9 condamn\u00e9 en 2017 \u00e0 la perp\u00e9tuit\u00e9 pour g\u00e9nocide, crimes de guerre et crimes contre l'humanit\u00e9 pendant la guerre de Bosnie, qui a fait pr\u00e8s de 100.000 morts entre 1992 et 1995, verdict confirm\u00e9 en appel en 2021.\n<\/p>\n<p>\n            Parmi ces crimes, le massacre en juillet 1995 d'environ 8.000 hommes et adolescents bosniaques dans la r\u00e9gion de Srebrenica (est).\n<\/p>\n<p>\n            Il souffre ces derni\u00e8res ann\u00e9es de plusieurs maladies, notamment cardiovasculaires et de probl\u00e8mes r\u00e9naux, et ses avocats avaient d\u00e9j\u00e0 plusieurs fois essay\u00e9 de convaincre le MTPI \u00e0 autoriser son transfert vers la Serbie.<\/p>\n","protected":false},"excerpt":{"rendered":"<p>Plusieurs associations de victimes bosniaques de la guerre des ann\u00e9es 1990 ont demand\u00e9 samedi \u00e0 la justice internationale \u00e0 ne pas autoriser le transfert vers la Serbie de l'ancien chef militaire serbe bosnien, Ratko Mladic, condamn\u00e9 pour g\u00e9nocide, pour y \u00eatre soign\u00e9. Le g\u00e9n\u00e9ral Mladic, condamn\u00e9 d\u00e9finitivement \u00e0 la prison \u00e0 perp\u00e9tuit\u00e9 en 2021 et [&hellip;]<\/p>\n","protected":false},"author":60,"featured_media":0,"comment_status":"open","ping_status":"closed","sticky":false,"template":"","format":"standard","meta":{"_acf_changed":false,"footnotes":""},"categories":[2576],"tags":[],"ji_location":[],"class_list":["post-158426","post","type-post","status-publish","format-standard","hentry","category-fil-d-actualite"],"acf":[],"yoast_head":"<!-- This site is optimized with the Yoast SEO Premium plugin v25.3.1 (Yoast SEO v25.3.1) - https:\/\/yoast.com\/wordpress\/plugins\/seo\/ -->\n<title>Bosnie : des associations de victimes contre un \u00e9ventuel transfert de Ratko Mladic en Serbie - JusticeInfo.net<\/title>\n<meta name=\"robots\" content=\"index, follow, max-snippet:-1, max-image-preview:large, max-video-preview:-1\" \/>\n<link rel=\"canonical\" href=\"https:\/\/www.justiceinfo.net\/fr\/158426-bosnie-des-associations-de-victimes-contre-un-eventuel-transfert-de-ratko-mladic-en-serbie.html\" \/>\n<meta property=\"og:locale\" content=\"fr_FR\" \/>\n<meta property=\"og:type\" content=\"article\" \/>\n<meta property=\"og:title\" content=\"Bosnie : des associations de victimes contre un \u00e9ventuel transfert de Ratko Mladic en Serbie\" \/>\n<meta property=\"og:description\" content=\"Plusieurs associations de victimes bosniaques de la guerre des ann\u00e9es 1990 ont demand\u00e9 samedi \u00e0 la justice internationale \u00e0 ne pas autoriser le transfert vers la Serbie de l&#039;ancien chef militaire serbe bosnien, Ratko Mladic, condamn\u00e9 pour g\u00e9nocide, pour y \u00eatre soign\u00e9. Le g\u00e9n\u00e9ral Mladic, condamn\u00e9 d\u00e9finitivement \u00e0 la prison \u00e0 perp\u00e9tuit\u00e9 en 2021 et [&hellip;]\" \/>\n<meta property=\"og:url\" content=\"https:\/\/www.justiceinfo.net\/fr\/158426-bosnie-des-associations-de-victimes-contre-un-eventuel-transfert-de-ratko-mladic-en-serbie.html\" \/>\n<meta property=\"og:site_name\" content=\"JusticeInfo.net\" \/>\n<meta property=\"article:publisher\" content=\"https:\/\/www.facebook.com\/JusticeInfo\/\" \/>\n<meta property=\"article:published_time\" content=\"2026-04-25T09:08:02+00:00\" \/>\n<meta property=\"og:image\" content=\"https:\/\/www.justiceinfo.net\/wp-content\/uploads\/JusticeInfoNet_logo_1200x630px.jpg\" \/>\n\t<meta property=\"og:image:width\" content=\"1200\" \/>\n\t<meta property=\"og:image:height\" content=\"630\" \/>\n\t<meta property=\"og:image:type\" content=\"image\/jpeg\" \/>\n<meta name=\"author\" content=\"afp\" \/>\n<meta name=\"twitter:card\" content=\"summary_large_image\" \/>\n<meta name=\"twitter:creator\" content=\"@justiceinfonet\" \/>\n<meta name=\"twitter:site\" content=\"@justiceinfonet\" \/>\n<meta name=\"twitter:label1\" content=\"\u00c9crit par\" \/>\n\t<meta name=\"twitter:data1\" content=\"afp\" \/>\n\t<meta name=\"twitter:label2\" content=\"Dur\u00e9e de lecture estim\u00e9e\" \/>\n\t<meta name=\"twitter:data2\" content=\"2 minutes\" \/>\n<script type=\"application\/ld+json\" class=\"yoast-schema-graph\">{\"@context\":\"https:\/\/schema.org\",\"@graph\":[{\"@type\":\"NewsArticle\",\"@id\":\"https:\/\/www.justiceinfo.net\/fr\/158426-bosnie-des-associations-de-victimes-contre-un-eventuel-transfert-de-ratko-mladic-en-serbie.html#article\",\"isPartOf\":{\"@id\":\"https:\/\/www.justiceinfo.net\/fr\/158426-bosnie-des-associations-de-victimes-contre-un-eventuel-transfert-de-ratko-mladic-en-serbie.html\"},\"author\":{\"name\":\"afp\",\"@id\":\"https:\/\/www.justiceinfo.net\/fr#\/schema\/person\/713d340ef5f218fc36ce9b4244364a7f\"},\"headline\":\"Bosnie : des associations de victimes contre un \u00e9ventuel transfert de Ratko Mladic en Serbie\",\"datePublished\":\"2026-04-25T09:08:02+00:00\",\"mainEntityOfPage\":{\"@id\":\"https:\/\/www.justiceinfo.net\/fr\/158426-bosnie-des-associations-de-victimes-contre-un-eventuel-transfert-de-ratko-mladic-en-serbie.html\"},\"wordCount\":421,\"commentCount\":0,\"publisher\":{\"@id\":\"https:\/\/www.justiceinfo.net\/fr#organization\"},\"articleSection\":[\"Fil d'info AFP\"],\"inLanguage\":\"fr-FR\",\"potentialAction\":[{\"@type\":\"CommentAction\",\"name\":\"Comment\",\"target\":[\"https:\/\/www.justiceinfo.net\/fr\/158426-bosnie-des-associations-de-victimes-contre-un-eventuel-transfert-de-ratko-mladic-en-serbie.html#respond\"]}]},{\"@type\":\"WebPage\",\"@id\":\"https:\/\/www.justiceinfo.net\/fr\/158426-bosnie-des-associations-de-victimes-contre-un-eventuel-transfert-de-ratko-mladic-en-serbie.html\",\"url\":\"https:\/\/www.justiceinfo.net\/fr\/158426-bosnie-des-associations-de-victimes-contre-un-eventuel-transfert-de-ratko-mladic-en-serbie.html\",\"name\":\"Bosnie : des associations de victimes contre un \u00e9ventuel transfert de Ratko Mladic en Serbie - JusticeInfo.net\",\"isPartOf\":{\"@id\":\"https:\/\/www.justiceinfo.net\/fr#website\"},\"datePublished\":\"2026-04-25T09:08:02+00:00\",\"breadcrumb\":{\"@id\":\"https:\/\/www.justiceinfo.net\/fr\/158426-bosnie-des-associations-de-victimes-contre-un-eventuel-transfert-de-ratko-mladic-en-serbie.html#breadcrumb\"},\"inLanguage\":\"fr-FR\",\"potentialAction\":[{\"@type\":\"ReadAction\",\"target\":[\"https:\/\/www.justiceinfo.net\/fr\/158426-bosnie-des-associations-de-victimes-contre-un-eventuel-transfert-de-ratko-mladic-en-serbie.html\"]}]},{\"@type\":\"BreadcrumbList\",\"@id\":\"https:\/\/www.justiceinfo.net\/fr\/158426-bosnie-des-associations-de-victimes-contre-un-eventuel-transfert-de-ratko-mladic-en-serbie.html#breadcrumb\",\"itemListElement\":[{\"@type\":\"ListItem\",\"position\":1,\"name\":\"Home\",\"item\":\"https:\/\/www.justiceinfo.net\/fr\"},{\"@type\":\"ListItem\",\"position\":2,\"name\":\"Bosnie : des associations de victimes contre un \u00e9ventuel transfert de Ratko Mladic en Serbie\"}]},{\"@type\":\"WebSite\",\"@id\":\"https:\/\/www.justiceinfo.net\/fr#website\",\"url\":\"https:\/\/www.justiceinfo.net\/fr\",\"name\":\"JusticeInfo.net\",\"description\":\"La justice doit \u00eatre vue pour \u00eatre rendue\",\"publisher\":{\"@id\":\"https:\/\/www.justiceinfo.net\/fr#organization\"},\"potentialAction\":[{\"@type\":\"SearchAction\",\"target\":{\"@type\":\"EntryPoint\",\"urlTemplate\":\"https:\/\/www.justiceinfo.net\/fr?s={search_term_string}\"},\"query-input\":{\"@type\":\"PropertyValueSpecification\",\"valueRequired\":true,\"valueName\":\"search_term_string\"}}],\"inLanguage\":\"fr-FR\"},{\"@type\":\"Organization\",\"@id\":\"https:\/\/www.justiceinfo.net\/fr#organization\",\"name\":\"Justice Info\",\"url\":\"https:\/\/www.justiceinfo.net\/fr\",\"logo\":{\"@type\":\"ImageObject\",\"inLanguage\":\"fr-FR\",\"@id\":\"https:\/\/www.justiceinfo.net\/fr#\/schema\/logo\/image\/\",\"url\":\"https:\/\/www.justiceinfo.net\/wp-content\/uploads\/justiceinfo_logo-trans_1200x1200px.png\",\"contentUrl\":\"https:\/\/www.justiceinfo.net\/wp-content\/uploads\/justiceinfo_logo-trans_1200x1200px.png\",\"width\":1199,\"height\":1200,\"caption\":\"Justice Info\"},\"image\":{\"@id\":\"https:\/\/www.justiceinfo.net\/fr#\/schema\/logo\/image\/\"},\"sameAs\":[\"https:\/\/www.facebook.com\/JusticeInfo\/\",\"https:\/\/x.com\/justiceinfonet\",\"https:\/\/www.linkedin.com\/company\/justice-info\",\"https:\/\/www.youtube.com\/channel\/UCyCEsARodyuWtkWyhn-e7pA\"]},{\"@type\":\"Person\",\"name\":\"afp\",\"url\":\"\/fr\/?s=afp\"}]}<\/script>\n<!-- \/ Yoast SEO Premium plugin. -->","yoast_head_json":{"title":"Bosnie : des associations de victimes contre un \u00e9ventuel transfert de Ratko Mladic en Serbie - JusticeInfo.net","robots":{"index":"index","follow":"follow","max-snippet":"max-snippet:-1","max-image-preview":"max-image-preview:large","max-video-preview":"max-video-preview:-1"},"canonical":"https:\/\/www.justiceinfo.net\/fr\/158426-bosnie-des-associations-de-victimes-contre-un-eventuel-transfert-de-ratko-mladic-en-serbie.html","og_locale":"fr_FR","og_type":"article","og_title":"Bosnie : des associations de victimes contre un \u00e9ventuel transfert de Ratko Mladic en Serbie","og_description":"Plusieurs associations de victimes bosniaques de la guerre des ann\u00e9es 1990 ont demand\u00e9 samedi \u00e0 la justice internationale \u00e0 ne pas autoriser le transfert vers la Serbie de l'ancien chef militaire serbe bosnien, Ratko Mladic, condamn\u00e9 pour g\u00e9nocide, pour y \u00eatre soign\u00e9. Le g\u00e9n\u00e9ral Mladic, condamn\u00e9 d\u00e9finitivement \u00e0 la prison \u00e0 perp\u00e9tuit\u00e9 en 2021 et [&hellip;]","og_url":"https:\/\/www.justiceinfo.net\/fr\/158426-bosnie-des-associations-de-victimes-contre-un-eventuel-transfert-de-ratko-mladic-en-serbie.html","og_site_name":"JusticeInfo.net","article_publisher":"https:\/\/www.facebook.com\/JusticeInfo\/","article_published_time":"2026-04-25T09:08:02+00:00","og_image":[{"width":1200,"height":630,"url":"https:\/\/www.justiceinfo.net\/wp-content\/uploads\/JusticeInfoNet_logo_1200x630px.jpg","type":"image\/jpeg"}],"author":"afp","twitter_card":"summary_large_image","twitter_creator":"@justiceinfonet","twitter_site":"@justiceinfonet","twitter_misc":{"\u00c9crit par":"afp","Dur\u00e9e de lecture estim\u00e9e":"2 minutes"},"schema":{"@context":"https:\/\/schema.org","@graph":[{"@type":"NewsArticle","@id":"https:\/\/www.justiceinfo.net\/fr\/158426-bosnie-des-associations-de-victimes-contre-un-eventuel-transfert-de-ratko-mladic-en-serbie.html#article","isPartOf":{"@id":"https:\/\/www.justiceinfo.net\/fr\/158426-bosnie-des-associations-de-victimes-contre-un-eventuel-transfert-de-ratko-mladic-en-serbie.html"},"author":{"name":"afp","@id":"https:\/\/www.justiceinfo.net\/fr#\/schema\/person\/713d340ef5f218fc36ce9b4244364a7f"},"headline":"Bosnie : des associations de victimes contre un \u00e9ventuel transfert de Ratko Mladic en Serbie","datePublished":"2026-04-25T09:08:02+00:00","mainEntityOfPage":{"@id":"https:\/\/www.justiceinfo.net\/fr\/158426-bosnie-des-associations-de-victimes-contre-un-eventuel-transfert-de-ratko-mladic-en-serbie.html"},"wordCount":421,"commentCount":0,"publisher":{"@id":"https:\/\/www.justiceinfo.net\/fr#organization"},"articleSection":["Fil d'info AFP"],"inLanguage":"fr-FR","potentialAction":[{"@type":"CommentAction","name":"Comment","target":["https:\/\/www.justiceinfo.net\/fr\/158426-bosnie-des-associations-de-victimes-contre-un-eventuel-transfert-de-ratko-mladic-en-serbie.html#respond"]}]},{"@type":"WebPage","@id":"https:\/\/www.justiceinfo.net\/fr\/158426-bosnie-des-associations-de-victimes-contre-un-eventuel-transfert-de-ratko-mladic-en-serbie.html","url":"https:\/\/www.justiceinfo.net\/fr\/158426-bosnie-des-associations-de-victimes-contre-un-eventuel-transfert-de-ratko-mladic-en-serbie.html","name":"Bosnie : des associations de victimes contre un \u00e9ventuel transfert de Ratko Mladic en Serbie - JusticeInfo.net","isPartOf":{"@id":"https:\/\/www.justiceinfo.net\/fr#website"},"datePublished":"2026-04-25T09:08:02+00:00","breadcrumb":{"@id":"https:\/\/www.justiceinfo.net\/fr\/158426-bosnie-des-associations-de-victimes-contre-un-eventuel-transfert-de-ratko-mladic-en-serbie.html#breadcrumb"},"inLanguage":"fr-FR","potentialAction":[{"@type":"ReadAction","target":["https:\/\/www.justiceinfo.net\/fr\/158426-bosnie-des-associations-de-victimes-contre-un-eventuel-transfert-de-ratko-mladic-en-serbie.html"]}]},{"@type":"BreadcrumbList","@id":"https:\/\/www.justiceinfo.net\/fr\/158426-bosnie-des-associations-de-victimes-contre-un-eventuel-transfert-de-ratko-mladic-en-serbie.html#breadcrumb","itemListElement":[{"@type":"ListItem","position":1,"name":"Home","item":"https:\/\/www.justiceinfo.net\/fr"},{"@type":"ListItem","position":2,"name":"Bosnie : des associations de victimes contre un \u00e9ventuel transfert de Ratko Mladic en Serbie"}]},{"@type":"WebSite","@id":"https:\/\/www.justiceinfo.net\/fr#website","url":"https:\/\/www.justiceinfo.net\/fr","name":"JusticeInfo.net","description":"La justice doit \u00eatre vue pour \u00eatre rendue","publisher":{"@id":"https:\/\/www.justiceinfo.net\/fr#organization"},"potentialAction":[{"@type":"SearchAction","target":{"@type":"EntryPoint","urlTemplate":"https:\/\/www.justiceinfo.net\/fr?s={search_term_string}"},"query-input":{"@type":"PropertyValueSpecification","valueRequired":true,"valueName":"search_term_string"}}],"inLanguage":"fr-FR"},{"@type":"Organization","@id":"https:\/\/www.justiceinfo.net\/fr#organization","name":"Justice Info","url":"https:\/\/www.justiceinfo.net\/fr","logo":{"@type":"ImageObject","inLanguage":"fr-FR","@id":"https:\/\/www.justiceinfo.net\/fr#\/schema\/logo\/image\/","url":"https:\/\/www.justiceinfo.net\/wp-content\/uploads\/justiceinfo_logo-trans_1200x1200px.png","contentUrl":"https:\/\/www.justiceinfo.net\/wp-content\/uploads\/justiceinfo_logo-trans_1200x1200px.png","width":1199,"height":1200,"caption":"Justice Info"},"image":{"@id":"https:\/\/www.justiceinfo.net\/fr#\/schema\/logo\/image\/"},"sameAs":["https:\/\/www.facebook.com\/JusticeInfo\/","https:\/\/x.com\/justiceinfonet","https:\/\/www.linkedin.com\/company\/justice-info","https:\/\/www.youtube.com\/channel\/UCyCEsARodyuWtkWyhn-e7pA"]},{"@type":"Person","name":"afp","url":"\/fr\/?s=afp"}]}},"_links":{"self":[{"href":"https:\/\/www.justiceinfo.net\/fr\/wp-json\/wp\/v2\/posts\/158426","targetHints":{"allow":["GET"]}}],"collection":[{"href":"https:\/\/www.justiceinfo.net\/fr\/wp-json\/wp\/v2\/posts"}],"about":[{"href":"https:\/\/www.justiceinfo.net\/fr\/wp-json\/wp\/v2\/types\/post"}],"author":[{"embeddable":true,"href":"https:\/\/www.justiceinfo.net\/fr\/wp-json\/wp\/v2\/users\/60"}],"replies":[{"embeddable":true,"href":"https:\/\/www.justiceinfo.net\/fr\/wp-json\/wp\/v2\/comments?post=158426"}],"version-history":[{"count":0,"href":"https:\/\/www.justiceinfo.net\/fr\/wp-json\/wp\/v2\/posts\/158426\/revisions"}],"wp:attachment":[{"href":"https:\/\/www.justiceinfo.net\/fr\/wp-json\/wp\/v2\/media?parent=158426"}],"wp:term":[{"taxonomy":"category","embeddable":true,"href":"https:\/\/www.justiceinfo.net\/fr\/wp-json\/wp\/v2\/categories?post=158426"},{"taxonomy":"post_tag","embeddable":true,"href":"https:\/\/www.justiceinfo.net\/fr\/wp-json\/wp\/v2\/tags?post=158426"},{"taxonomy":"ji_location","embeddable":true,"href":"https:\/\/www.justiceinfo.net\/fr\/wp-json\/wp\/v2\/ji_location?post=158426"}],"curies":[{"name":"wp","href":"https:\/\/api.w.org\/{rel}","templated":true}]}}