{"id":158434,"date":"2026-04-26T09:18:02","date_gmt":"2026-04-25T23:03:01","guid":{"rendered":"https:\/\/www.justiceinfo.net\/158434-a-jerusalem-est-langoisse-dun-quartier-palestinien-menace-dexpulsion.html"},"modified":"2026-04-26T13:20:02","modified_gmt":"2026-04-26T11:20:02","slug":"a-jerusalem-est-langoisse-dun-quartier-palestinien-menace-dexpulsion","status":"publish","type":"post","link":"https:\/\/www.justiceinfo.net\/fr\/158434-a-jerusalem-est-langoisse-dun-quartier-palestinien-menace-dexpulsion.html","title":{"rendered":"A J\u00e9rusalem-Est, l'angoisse d'un quartier palestinien menac\u00e9 d'expulsion"},"content":{"rendered":"<p>\n             Yousra Qwaider, Palestinienne de 97 ans, est d\u00e9sempar\u00e9e: d'ici quelques jours, la maison dans laquelle elle vit depuis 50 ans pr\u00e8s de la Vieille Ville de J\u00e9rusalem doit \u00eatre d\u00e9molie, pour faire place \u00e0 l'extension d'un site arch\u00e9ologique touristique.\n<\/p>\n<p>\n            \"Je ne sais pas quoi faire (...) Je veux rester dans ma maison\", supplie cette dame alit\u00e9e qui vit avec 12 proches.\n<\/p>\n<p>\n            Mme Qwaider habite al-Boustan (\"Le Jardin\" en arabe), quartier de Silwan, faubourg de J\u00e9rusalem-Est qui s'\u00e9tend au pied de la muraille sud de la Vieille Ville, dans un secteur o\u00f9 la colonisation isra\u00e9lienne ne cesse de s'intensifier.\n<\/p>\n<p>\n            Des dizaines d'habitations palestiniennes y ont d\u00e9j\u00e0 \u00e9t\u00e9 d\u00e9truites par la municipalit\u00e9 de J\u00e9rusalem apr\u00e8s que leur construction a \u00e9t\u00e9 d\u00e9clar\u00e9e ill\u00e9gale au regard de la loi isra\u00e9lienne.\n<\/p>\n<p>\n            Dans un communiqu\u00e9 transmis \u00e0 l'AFP, la municipalit\u00e9 a indiqu\u00e9 que le quartier al-Boustan \u00e9tait class\u00e9 \"en zone de parc public\" et n'avait \"jamais \u00e9t\u00e9 destin\u00e9 \u00e0 un usage r\u00e9sidentiel\".\n<\/p>\n<p>\n            \"Pendant des ann\u00e9es, la municipalit\u00e9 a tent\u00e9 de trouver une solution pour les habitants, incluant une solution de relogement alternative, mais ceux-ci n'ont pas manifest\u00e9 d'intentions s\u00e9rieuses pour parvenir \u00e0 un accord\", a-t-elle ajout\u00e9.\n<\/p>\n<p>\n            L'annexion de J\u00e9rusalem-Est dans la foul\u00e9e de sa conqu\u00eate par Isra\u00ebl en juin 1967 lors de la troisi\u00e8me guerre isra\u00e9lo-arabe est jug\u00e9e illicite par l'ONU, qui condamne r\u00e9guli\u00e8rement comme ill\u00e9gales au regard du droit international les mesures isra\u00e9liennes visant \u00e0 modifier la composition d\u00e9mographique de la partie orientale, majoritairement palestinienne, de la Ville sainte.\n<\/p>\n<p>\n            J\u00e9rusalem est un enjeu central du conflit isra\u00e9lo-palestinien. Pour Isra\u00ebl, la ville est sa capitale \"\u00e9ternelle\" et \"indivisible\". Les Palestiniens, qui l'appellent al-Quds (\"La Sainte\" en arabe), veulent en faire la capitale de l'Etat ind\u00e9pendant et souverain auquel ils aspirent.\n<\/p>\n<p>\n            \"Quand la maison a \u00e9t\u00e9 construite en 1970, il n'y avait pas de permis de construire. Nous avons tout essay\u00e9 pour r\u00e9gulariser la situation\", se d\u00e9sole Mohammed Qwaider, le fils de la vieille dame.\n<\/p>\n<p>\n            Selon l'ONG pacifiste isra\u00e9lienne Ir Amim, les d\u00e9molitions ont augment\u00e9 \"de fa\u00e7on spectaculaire\" \u00e0 al-Boustan depuis les massacres du 7 octobre 2023 commis par le mouvement islamiste palestinien Hamas dans le sud d'Isra\u00ebl, et menacent d\u00e9sormais \"la grande majorit\u00e9\" des 115 maisons ou immeubles d'habitation du quartier.\n<\/p>\n<p>\n            - \"D\u00e9cision politique\" -\n<\/p>\n<p>\n            Depuis le 7-Octobre, 54 d'entre elles ont d\u00e9j\u00e0 \u00e9t\u00e9 ras\u00e9es, selon l'organisation.\n<\/p>\n<p>\n            Selon Fakhri Abou Diab, \u00e0 la t\u00eate du comit\u00e9 des habitants, la municipalit\u00e9 compte d\u00e9molir le reste \"d'ici octobre\".\n<\/p>\n<p>\n            \"Nous vous demandons d'emp\u00eacher cela, de nous laisser rester dans nos maisons. C'est une d\u00e9cision politique (...) Vous devez faire quelque chose\", a-t-il implor\u00e9 au milieu de gravats lors d'une visite organis\u00e9e pour des diplomates le 23 avril.\n<\/p>\n<p>\n            \"D\u00e9truire des maisons et nous d\u00e9placer, c'est un crime de guerre. Nous n'avons nulle part o\u00f9 aller\", ajoute cet homme de 64 ans, dont la maison a \u00e9t\u00e9 d\u00e9molie en 2024.\n<\/p>\n<p>\n            Des milliers de maisons \u00e0 J\u00e9rusalem-Est sont construites sans permis de construire, quasi impossibles \u00e0 obtenir pour les Palestiniens.\n<\/p>\n<p>\n            Les d\u00e9molitions doivent permettre de faire de la place pour le \"Jardin du Roi\", projet d'extension du complexe arch\u00e9ologique et touristique de la Cit\u00e9 de David, g\u00e9r\u00e9 par l'association Elad, organisation nationaliste vou\u00e9e \u00e0 renforcer la pr\u00e9sence juive dans les quartiers arabes de J\u00e9rusalem-Est.\n<\/p>\n<p>\n            L'importance et l'int\u00e9r\u00eat de ce site arch\u00e9ologique sont av\u00e9r\u00e9s, mais Elad affirme qu'il est situ\u00e9 sur l'ancienne cit\u00e9 du roi David, ce qui est loin de faire l'objet d'un consensus parmi les arch\u00e9ologues.\n<\/p>\n<p>\n            \"Il y a tr\u00e8s peu de d\u00e9couvertes arch\u00e9ologiques \u00e0 al-Boustan donc\" les membres d'Elad se servent de passages bibliques mentionnant un jardin du roi \u00e0 J\u00e9rusalem pour dire \"qu'il se trouvait probablement l\u00e0 o\u00f9 se situe al-Boustan aujourd'hui\", dit Yonatan Mizrahi, de l'ONG isra\u00e9lienne anti-colonisation La Paix Maintenant.\n<\/p>\n<p>\n            Pour le d\u00e9put\u00e9 arabe isra\u00e9lien Ahmed Tibi, l'objectif est une \"juda\u00efsation de Silwan\". Apr\u00e8s le 7-Octobre, les autorit\u00e9s isra\u00e9liennes \"ont estim\u00e9 qu'elles pouvaient tout se permettre\", a-t-il dit \u00e0 l'AFP.\n<\/p>\n<p>\n            - \"Pour nous, c'est interdit\" -\n<\/p>\n<p>\n            Plus de 2.000 Palestiniens risquent ainsi d'\u00eatre d\u00e9plac\u00e9s dans ce qui s'apparenterait \u00e0 \"l'une des plus importantes vagues d'expulsions \u00e0 J\u00e9rusalem-Est depuis 1967\", met en garde Ir Amim.\n<\/p>\n<p>\n            Pour Laura Wharton, \u00e9lue de l'opposition de gauche au conseil municipal de J\u00e9rusalem, \"l'habitant moyen de Silwan ne voit pas sa maison reconnue, n'a pas de permis de construire, pas d'endroit o\u00f9 se garer et les principaux services qu'il re\u00e7oit sont ceux pour la d\u00e9molition.\"\n<\/p>\n<p>\n            En revanche, \"en 20 \u00e0 30 ans de d\u00e9molitions ici, aucune maison de colon n'a jamais \u00e9t\u00e9 d\u00e9molie\", dit-elle.\n<\/p>\n<p>\n            \"Cet Isra\u00e9lien a le droit de construire regardez, il est \u00e0 50 m\u00e8tres, personne ne l'en emp\u00eache. Mais pour nous, c'est interdit\", lance, amer, Omar Abou Rajab en montrant un chantier.\n<\/p>\n<p>\n            Cet homme de 60 ans est en train de raser lui-m\u00eame sa maison pour \u00e9viter les co\u00fbts exorbitants qu'entra\u00eenerait l'intervention de la municipalit\u00e9.<\/p>\n","protected":false},"excerpt":{"rendered":"<p>Yousra Qwaider, Palestinienne de 97 ans, est d\u00e9sempar\u00e9e: d'ici quelques jours, la maison dans laquelle elle vit depuis 50 ans pr\u00e8s de la Vieille Ville de J\u00e9rusalem doit \u00eatre d\u00e9molie, pour faire place \u00e0 l'extension d'un site arch\u00e9ologique touristique. \"Je ne sais pas quoi faire (...) Je veux rester dans ma maison\", supplie cette dame [&hellip;]<\/p>\n","protected":false},"author":60,"featured_media":0,"comment_status":"open","ping_status":"closed","sticky":false,"template":"","format":"standard","meta":{"_acf_changed":false,"footnotes":""},"categories":[2576],"tags":[],"ji_location":[],"class_list":["post-158434","post","type-post","status-publish","format-standard","hentry","category-fil-d-actualite"],"acf":[],"yoast_head":"<!-- This site is optimized with the Yoast SEO Premium plugin v25.3.1 (Yoast SEO v25.3.1) - https:\/\/yoast.com\/wordpress\/plugins\/seo\/ -->\n<title>A J\u00e9rusalem-Est, l&#039;angoisse d&#039;un quartier palestinien menac\u00e9 d&#039;expulsion - JusticeInfo.net<\/title>\n<meta name=\"robots\" content=\"index, follow, max-snippet:-1, max-image-preview:large, max-video-preview:-1\" \/>\n<link rel=\"canonical\" href=\"https:\/\/www.justiceinfo.net\/fr\/158434-a-jerusalem-est-langoisse-dun-quartier-palestinien-menace-dexpulsion.html\" \/>\n<meta property=\"og:locale\" content=\"fr_FR\" \/>\n<meta property=\"og:type\" content=\"article\" \/>\n<meta property=\"og:title\" content=\"A J\u00e9rusalem-Est, l&#039;angoisse d&#039;un quartier palestinien menac\u00e9 d&#039;expulsion\" \/>\n<meta property=\"og:description\" content=\"Yousra Qwaider, Palestinienne de 97 ans, est d\u00e9sempar\u00e9e: d&#039;ici quelques jours, la maison dans laquelle elle vit depuis 50 ans pr\u00e8s de la Vieille Ville de J\u00e9rusalem doit \u00eatre d\u00e9molie, pour faire place \u00e0 l&#039;extension d&#039;un site arch\u00e9ologique touristique. &quot;Je ne sais pas quoi faire (...) Je veux rester dans ma maison&quot;, supplie cette dame [&hellip;]\" \/>\n<meta property=\"og:url\" content=\"https:\/\/www.justiceinfo.net\/fr\/158434-a-jerusalem-est-langoisse-dun-quartier-palestinien-menace-dexpulsion.html\" \/>\n<meta property=\"og:site_name\" content=\"JusticeInfo.net\" \/>\n<meta property=\"article:publisher\" content=\"https:\/\/www.facebook.com\/JusticeInfo\/\" \/>\n<meta property=\"article:published_time\" content=\"2026-04-25T23:03:01+00:00\" \/>\n<meta property=\"article:modified_time\" content=\"2026-04-26T11:20:02+00:00\" \/>\n<meta property=\"og:image\" content=\"https:\/\/www.justiceinfo.net\/wp-content\/uploads\/JusticeInfoNet_logo_1200x630px.jpg\" \/>\n\t<meta property=\"og:image:width\" content=\"1200\" \/>\n\t<meta property=\"og:image:height\" content=\"630\" \/>\n\t<meta property=\"og:image:type\" content=\"image\/jpeg\" \/>\n<meta name=\"author\" content=\"afp\" \/>\n<meta name=\"twitter:card\" content=\"summary_large_image\" \/>\n<meta name=\"twitter:creator\" content=\"@justiceinfonet\" \/>\n<meta name=\"twitter:site\" content=\"@justiceinfonet\" \/>\n<meta name=\"twitter:label1\" content=\"\u00c9crit par\" \/>\n\t<meta name=\"twitter:data1\" content=\"afp\" \/>\n\t<meta name=\"twitter:label2\" content=\"Dur\u00e9e de lecture estim\u00e9e\" \/>\n\t<meta name=\"twitter:data2\" content=\"4 minutes\" \/>\n<script type=\"application\/ld+json\" class=\"yoast-schema-graph\">{\"@context\":\"https:\/\/schema.org\",\"@graph\":[{\"@type\":\"NewsArticle\",\"@id\":\"https:\/\/www.justiceinfo.net\/fr\/158434-a-jerusalem-est-langoisse-dun-quartier-palestinien-menace-dexpulsion.html#article\",\"isPartOf\":{\"@id\":\"https:\/\/www.justiceinfo.net\/fr\/158434-a-jerusalem-est-langoisse-dun-quartier-palestinien-menace-dexpulsion.html\"},\"author\":{\"name\":\"afp\",\"@id\":\"https:\/\/www.justiceinfo.net\/fr#\/schema\/person\/713d340ef5f218fc36ce9b4244364a7f\"},\"headline\":\"A J\u00e9rusalem-Est, l'angoisse d'un quartier palestinien menac\u00e9 d'expulsion\",\"datePublished\":\"2026-04-25T23:03:01+00:00\",\"dateModified\":\"2026-04-26T11:20:02+00:00\",\"mainEntityOfPage\":{\"@id\":\"https:\/\/www.justiceinfo.net\/fr\/158434-a-jerusalem-est-langoisse-dun-quartier-palestinien-menace-dexpulsion.html\"},\"wordCount\":918,\"commentCount\":0,\"publisher\":{\"@id\":\"https:\/\/www.justiceinfo.net\/fr#organization\"},\"articleSection\":[\"Fil d'info AFP\"],\"inLanguage\":\"fr-FR\",\"potentialAction\":[{\"@type\":\"CommentAction\",\"name\":\"Comment\",\"target\":[\"https:\/\/www.justiceinfo.net\/fr\/158434-a-jerusalem-est-langoisse-dun-quartier-palestinien-menace-dexpulsion.html#respond\"]}]},{\"@type\":\"WebPage\",\"@id\":\"https:\/\/www.justiceinfo.net\/fr\/158434-a-jerusalem-est-langoisse-dun-quartier-palestinien-menace-dexpulsion.html\",\"url\":\"https:\/\/www.justiceinfo.net\/fr\/158434-a-jerusalem-est-langoisse-dun-quartier-palestinien-menace-dexpulsion.html\",\"name\":\"A J\u00e9rusalem-Est, l'angoisse d'un quartier palestinien menac\u00e9 d'expulsion - JusticeInfo.net\",\"isPartOf\":{\"@id\":\"https:\/\/www.justiceinfo.net\/fr#website\"},\"datePublished\":\"2026-04-25T23:03:01+00:00\",\"dateModified\":\"2026-04-26T11:20:02+00:00\",\"breadcrumb\":{\"@id\":\"https:\/\/www.justiceinfo.net\/fr\/158434-a-jerusalem-est-langoisse-dun-quartier-palestinien-menace-dexpulsion.html#breadcrumb\"},\"inLanguage\":\"fr-FR\",\"potentialAction\":[{\"@type\":\"ReadAction\",\"target\":[\"https:\/\/www.justiceinfo.net\/fr\/158434-a-jerusalem-est-langoisse-dun-quartier-palestinien-menace-dexpulsion.html\"]}]},{\"@type\":\"BreadcrumbList\",\"@id\":\"https:\/\/www.justiceinfo.net\/fr\/158434-a-jerusalem-est-langoisse-dun-quartier-palestinien-menace-dexpulsion.html#breadcrumb\",\"itemListElement\":[{\"@type\":\"ListItem\",\"position\":1,\"name\":\"Home\",\"item\":\"https:\/\/www.justiceinfo.net\/fr\"},{\"@type\":\"ListItem\",\"position\":2,\"name\":\"A J\u00e9rusalem-Est, l'angoisse d'un quartier palestinien menac\u00e9 d'expulsion\"}]},{\"@type\":\"WebSite\",\"@id\":\"https:\/\/www.justiceinfo.net\/fr#website\",\"url\":\"https:\/\/www.justiceinfo.net\/fr\",\"name\":\"JusticeInfo.net\",\"description\":\"La justice doit \u00eatre vue pour \u00eatre rendue\",\"publisher\":{\"@id\":\"https:\/\/www.justiceinfo.net\/fr#organization\"},\"potentialAction\":[{\"@type\":\"SearchAction\",\"target\":{\"@type\":\"EntryPoint\",\"urlTemplate\":\"https:\/\/www.justiceinfo.net\/fr?s={search_term_string}\"},\"query-input\":{\"@type\":\"PropertyValueSpecification\",\"valueRequired\":true,\"valueName\":\"search_term_string\"}}],\"inLanguage\":\"fr-FR\"},{\"@type\":\"Organization\",\"@id\":\"https:\/\/www.justiceinfo.net\/fr#organization\",\"name\":\"Justice Info\",\"url\":\"https:\/\/www.justiceinfo.net\/fr\",\"logo\":{\"@type\":\"ImageObject\",\"inLanguage\":\"fr-FR\",\"@id\":\"https:\/\/www.justiceinfo.net\/fr#\/schema\/logo\/image\/\",\"url\":\"https:\/\/www.justiceinfo.net\/wp-content\/uploads\/justiceinfo_logo-trans_1200x1200px.png\",\"contentUrl\":\"https:\/\/www.justiceinfo.net\/wp-content\/uploads\/justiceinfo_logo-trans_1200x1200px.png\",\"width\":1199,\"height\":1200,\"caption\":\"Justice Info\"},\"image\":{\"@id\":\"https:\/\/www.justiceinfo.net\/fr#\/schema\/logo\/image\/\"},\"sameAs\":[\"https:\/\/www.facebook.com\/JusticeInfo\/\",\"https:\/\/x.com\/justiceinfonet\",\"https:\/\/www.linkedin.com\/company\/justice-info\",\"https:\/\/www.youtube.com\/channel\/UCyCEsARodyuWtkWyhn-e7pA\"]},{\"@type\":\"Person\",\"name\":\"afp\",\"url\":\"\/fr\/?s=afp\"}]}<\/script>\n<!-- \/ Yoast SEO Premium plugin. -->","yoast_head_json":{"title":"A J\u00e9rusalem-Est, l'angoisse d'un quartier palestinien menac\u00e9 d'expulsion - JusticeInfo.net","robots":{"index":"index","follow":"follow","max-snippet":"max-snippet:-1","max-image-preview":"max-image-preview:large","max-video-preview":"max-video-preview:-1"},"canonical":"https:\/\/www.justiceinfo.net\/fr\/158434-a-jerusalem-est-langoisse-dun-quartier-palestinien-menace-dexpulsion.html","og_locale":"fr_FR","og_type":"article","og_title":"A J\u00e9rusalem-Est, l'angoisse d'un quartier palestinien menac\u00e9 d'expulsion","og_description":"Yousra Qwaider, Palestinienne de 97 ans, est d\u00e9sempar\u00e9e: d'ici quelques jours, la maison dans laquelle elle vit depuis 50 ans pr\u00e8s de la Vieille Ville de J\u00e9rusalem doit \u00eatre d\u00e9molie, pour faire place \u00e0 l'extension d'un site arch\u00e9ologique touristique. \"Je ne sais pas quoi faire (...) Je veux rester dans ma maison\", supplie cette dame [&hellip;]","og_url":"https:\/\/www.justiceinfo.net\/fr\/158434-a-jerusalem-est-langoisse-dun-quartier-palestinien-menace-dexpulsion.html","og_site_name":"JusticeInfo.net","article_publisher":"https:\/\/www.facebook.com\/JusticeInfo\/","article_published_time":"2026-04-25T23:03:01+00:00","article_modified_time":"2026-04-26T11:20:02+00:00","og_image":[{"width":1200,"height":630,"url":"https:\/\/www.justiceinfo.net\/wp-content\/uploads\/JusticeInfoNet_logo_1200x630px.jpg","type":"image\/jpeg"}],"author":"afp","twitter_card":"summary_large_image","twitter_creator":"@justiceinfonet","twitter_site":"@justiceinfonet","twitter_misc":{"\u00c9crit par":"afp","Dur\u00e9e de lecture estim\u00e9e":"4 minutes"},"schema":{"@context":"https:\/\/schema.org","@graph":[{"@type":"NewsArticle","@id":"https:\/\/www.justiceinfo.net\/fr\/158434-a-jerusalem-est-langoisse-dun-quartier-palestinien-menace-dexpulsion.html#article","isPartOf":{"@id":"https:\/\/www.justiceinfo.net\/fr\/158434-a-jerusalem-est-langoisse-dun-quartier-palestinien-menace-dexpulsion.html"},"author":{"name":"afp","@id":"https:\/\/www.justiceinfo.net\/fr#\/schema\/person\/713d340ef5f218fc36ce9b4244364a7f"},"headline":"A J\u00e9rusalem-Est, l'angoisse d'un quartier palestinien menac\u00e9 d'expulsion","datePublished":"2026-04-25T23:03:01+00:00","dateModified":"2026-04-26T11:20:02+00:00","mainEntityOfPage":{"@id":"https:\/\/www.justiceinfo.net\/fr\/158434-a-jerusalem-est-langoisse-dun-quartier-palestinien-menace-dexpulsion.html"},"wordCount":918,"commentCount":0,"publisher":{"@id":"https:\/\/www.justiceinfo.net\/fr#organization"},"articleSection":["Fil d'info AFP"],"inLanguage":"fr-FR","potentialAction":[{"@type":"CommentAction","name":"Comment","target":["https:\/\/www.justiceinfo.net\/fr\/158434-a-jerusalem-est-langoisse-dun-quartier-palestinien-menace-dexpulsion.html#respond"]}]},{"@type":"WebPage","@id":"https:\/\/www.justiceinfo.net\/fr\/158434-a-jerusalem-est-langoisse-dun-quartier-palestinien-menace-dexpulsion.html","url":"https:\/\/www.justiceinfo.net\/fr\/158434-a-jerusalem-est-langoisse-dun-quartier-palestinien-menace-dexpulsion.html","name":"A J\u00e9rusalem-Est, l'angoisse d'un quartier palestinien menac\u00e9 d'expulsion - JusticeInfo.net","isPartOf":{"@id":"https:\/\/www.justiceinfo.net\/fr#website"},"datePublished":"2026-04-25T23:03:01+00:00","dateModified":"2026-04-26T11:20:02+00:00","breadcrumb":{"@id":"https:\/\/www.justiceinfo.net\/fr\/158434-a-jerusalem-est-langoisse-dun-quartier-palestinien-menace-dexpulsion.html#breadcrumb"},"inLanguage":"fr-FR","potentialAction":[{"@type":"ReadAction","target":["https:\/\/www.justiceinfo.net\/fr\/158434-a-jerusalem-est-langoisse-dun-quartier-palestinien-menace-dexpulsion.html"]}]},{"@type":"BreadcrumbList","@id":"https:\/\/www.justiceinfo.net\/fr\/158434-a-jerusalem-est-langoisse-dun-quartier-palestinien-menace-dexpulsion.html#breadcrumb","itemListElement":[{"@type":"ListItem","position":1,"name":"Home","item":"https:\/\/www.justiceinfo.net\/fr"},{"@type":"ListItem","position":2,"name":"A J\u00e9rusalem-Est, l'angoisse d'un quartier palestinien menac\u00e9 d'expulsion"}]},{"@type":"WebSite","@id":"https:\/\/www.justiceinfo.net\/fr#website","url":"https:\/\/www.justiceinfo.net\/fr","name":"JusticeInfo.net","description":"La justice doit \u00eatre vue pour \u00eatre rendue","publisher":{"@id":"https:\/\/www.justiceinfo.net\/fr#organization"},"potentialAction":[{"@type":"SearchAction","target":{"@type":"EntryPoint","urlTemplate":"https:\/\/www.justiceinfo.net\/fr?s={search_term_string}"},"query-input":{"@type":"PropertyValueSpecification","valueRequired":true,"valueName":"search_term_string"}}],"inLanguage":"fr-FR"},{"@type":"Organization","@id":"https:\/\/www.justiceinfo.net\/fr#organization","name":"Justice Info","url":"https:\/\/www.justiceinfo.net\/fr","logo":{"@type":"ImageObject","inLanguage":"fr-FR","@id":"https:\/\/www.justiceinfo.net\/fr#\/schema\/logo\/image\/","url":"https:\/\/www.justiceinfo.net\/wp-content\/uploads\/justiceinfo_logo-trans_1200x1200px.png","contentUrl":"https:\/\/www.justiceinfo.net\/wp-content\/uploads\/justiceinfo_logo-trans_1200x1200px.png","width":1199,"height":1200,"caption":"Justice Info"},"image":{"@id":"https:\/\/www.justiceinfo.net\/fr#\/schema\/logo\/image\/"},"sameAs":["https:\/\/www.facebook.com\/JusticeInfo\/","https:\/\/x.com\/justiceinfonet","https:\/\/www.linkedin.com\/company\/justice-info","https:\/\/www.youtube.com\/channel\/UCyCEsARodyuWtkWyhn-e7pA"]},{"@type":"Person","name":"afp","url":"\/fr\/?s=afp"}]}},"_links":{"self":[{"href":"https:\/\/www.justiceinfo.net\/fr\/wp-json\/wp\/v2\/posts\/158434","targetHints":{"allow":["GET"]}}],"collection":[{"href":"https:\/\/www.justiceinfo.net\/fr\/wp-json\/wp\/v2\/posts"}],"about":[{"href":"https:\/\/www.justiceinfo.net\/fr\/wp-json\/wp\/v2\/types\/post"}],"author":[{"embeddable":true,"href":"https:\/\/www.justiceinfo.net\/fr\/wp-json\/wp\/v2\/users\/60"}],"replies":[{"embeddable":true,"href":"https:\/\/www.justiceinfo.net\/fr\/wp-json\/wp\/v2\/comments?post=158434"}],"version-history":[{"count":1,"href":"https:\/\/www.justiceinfo.net\/fr\/wp-json\/wp\/v2\/posts\/158434\/revisions"}],"predecessor-version":[{"id":158437,"href":"https:\/\/www.justiceinfo.net\/fr\/wp-json\/wp\/v2\/posts\/158434\/revisions\/158437"}],"wp:attachment":[{"href":"https:\/\/www.justiceinfo.net\/fr\/wp-json\/wp\/v2\/media?parent=158434"}],"wp:term":[{"taxonomy":"category","embeddable":true,"href":"https:\/\/www.justiceinfo.net\/fr\/wp-json\/wp\/v2\/categories?post=158434"},{"taxonomy":"post_tag","embeddable":true,"href":"https:\/\/www.justiceinfo.net\/fr\/wp-json\/wp\/v2\/tags?post=158434"},{"taxonomy":"ji_location","embeddable":true,"href":"https:\/\/www.justiceinfo.net\/fr\/wp-json\/wp\/v2\/ji_location?post=158434"}],"curies":[{"name":"wp","href":"https:\/\/api.w.org\/{rel}","templated":true}]}}