{"id":158441,"date":"2026-04-26T12:33:02","date_gmt":"2026-04-26T07:33:02","guid":{"rendered":"https:\/\/www.justiceinfo.net\/158441-burundi-le-chef-de-letat-designe-candidat-pour-la-presidentielle-de-2027.html"},"modified":"2026-04-26T16:35:02","modified_gmt":"2026-04-26T14:35:02","slug":"burundi-le-chef-de-letat-designe-candidat-pour-la-presidentielle-de-2027","status":"publish","type":"post","link":"https:\/\/www.justiceinfo.net\/fr\/158441-burundi-le-chef-de-letat-designe-candidat-pour-la-presidentielle-de-2027.html","title":{"rendered":"Burundi: le chef de l'\u00c9tat d\u00e9sign\u00e9 candidat pour la pr\u00e9sidentielle de 2027"},"content":{"rendered":"<p>\n             Le chef de l'\u00c9tat du Burundi, \u00c9variste Ndayishimiye, a \u00e9t\u00e9 d\u00e9sign\u00e9 dimanche sans surprise candidat par le parti au pouvoir pour la pr\u00e9sidentielle de 2027, pour laquelle il fait d'ores et d\u00e9j\u00e0 figure de grandissime favori.\n<\/p>\n<p>\n            M. Ndayishimiye, 57 ans, avait pris les r\u00eanes du Burundi en juin 2020 apr\u00e8s le d\u00e9c\u00e8s de son pr\u00e9d\u00e9cesseur Pierre Nkurunziza, dont il fut un homme-cl\u00e9 du r\u00e9gime et qui avait tenu le pays d'une main de fer durant 15 ans. Le nouveau pr\u00e9sident a montr\u00e9 dans les premiers temps des signes d'ouverture, marqu\u00e9e notamment par la lib\u00e9ration de journalistes, avant d'\u00eatre accus\u00e9 de r\u00e9primer les voix dissidentes.\n<\/p>\n<p>\n            A la suite d'un congr\u00e8s extraordinaire du parti organis\u00e9 \u00e0 Gitega, la capitale du Burundi, le chef de l'\u00c9tat \"a \u00e9t\u00e9 \u00e9lu comme candidat du parti\" CNDD-FDD dimanche pour la pr\u00e9sidentielle de 2027, dont la date exacte n'est pas encore connue, a \u00e9crit le parti sur X.\n<\/p>\n<p>\n            \"Je remercie les militants du parti qui m'ont fait confiance\", a r\u00e9agi sur X le pr\u00e9sident, avant de poursuivre: \"Je vous promets de continuer le travail en cours, avec vous tous, pour que tout Burundais s'enrichisse dans la qui\u00e9tude\".\n<\/p>\n<p>\n            Le chef de l'\u00c9tat, ancien secr\u00e9taire g\u00e9n\u00e9ral du CNDD-FDD, parti au pouvoir depuis 2005, fait d'ores et d\u00e9j\u00e0 figure de grandissime favori pour un nouveau mandat de sept ans.\n<\/p>\n<p>\n            Il avait \u00e9t\u00e9 \u00e9lu en mai 2020 lors d'une pr\u00e9sidentielle marqu\u00e9e par des accusations de fraudes et apr\u00e8s l'invalidation de la candidature de son principal opposant.\n<\/p>\n<p>\n            Depuis son accession au pouvoir, \u00c9variste Ndayishimiye, fervent catholique, oscille entre signes d'ouverture du r\u00e9gime, qui reste sous l'emprise de puissants g\u00e9n\u00e9raux, et ferme contr\u00f4le du pouvoir, marqu\u00e9 par des atteintes aux droits humains d\u00e9nonc\u00e9es par des ONG et l'ONU.\n<\/p>\n<p>\n            - \"Parti-\u00c9tat\" -\n<\/p>\n<p>\n            L'ONG Reporters sans fronti\u00e8res classe le Burundi au 125e rang sur 180 pays en mati\u00e8re de libert\u00e9 de la presse, affirmant que le parti au pouvoir \"fait figure de parti-\u00c9tat ne tol\u00e9rant aucune voix discordante\".\n<\/p>\n<p>\n            Lors des \u00e9lections l\u00e9gislatives de juin 2025, le CNDD-FDD avait remport\u00e9 l'int\u00e9gralit\u00e9 des si\u00e8ges. L'opposition avait d\u00e9nonc\u00e9 un scrutin \"truqu\u00e9\".\n<\/p>\n<p>\n            La candidature du pr\u00e9sident \"est un non-\u00e9v\u00e9nement, cela ne sera pas une \u00e9lection selon les standards internationaux\", a r\u00e9agi Epitace Nshimirimana, porte-parole d'un des principaux parti d'opposition, le Mouvement pour la solidarit\u00e9 et le d\u00e9veloppement (MSD), dont le leader est en exil. \"Ndayishimiye a d\u00e9j\u00e0 pass\u00e9 plus de cinq ans sans fournir de carburant, de devises ni les biens essentiels dont la population a besoin. Cela signifie qu'on lui accorde encore sept ann\u00e9es pour continuer \u00e0 appauvrir et \u00e0 d\u00e9truire le pays\".\n<\/p>\n<p>\n            Ancienne colonie belge ind\u00e9pendante depuis 1963, le Burundi, pays africain enclav\u00e9 de la r\u00e9gion des Grands lacs d'environ 15 millions d'habitants, est le pays le plus pauvre du monde, selon un classement de la Banque mondiale de 2024. Il est \u00e9galement r\u00e9guli\u00e8rement confront\u00e9 \u00e0 des p\u00e9nuries.\n<\/p>\n<p>\n            M. Ndayishimiye venait d'entrer \u00e0 l'universit\u00e9 du Burundi lorsque la guerre civile \u00e9clata en 1993. Il \u00e9tait en deuxi\u00e8me ann\u00e9e de droit quand fut perp\u00e9tr\u00e9 le massacre de dizaines d'\u00e9tudiants hutu par des extr\u00e9mistes tutsi en 1995, un \u00e9pisode dont il r\u00e9chappa par miracle et qui le convainquit de prendre les armes.\n<\/p>\n<p>\n            Il fut le principal n\u00e9gociateur du CNDD-FDD lors de la signature en 2003 de l'accord de cessez-le-feu de la guerre civile, qui fit au moins 300.000 morts, et occupa ensuite plusieurs postes de haut niveau au sein du gouvernement, notamment comme ministre de l'Int\u00e9rieur et de la S\u00e9curit\u00e9 publique, s'affirmant alors comme un homme de consensus.\n<\/p>\n<p>\n            Le Burundi avait \u00e9t\u00e9 secou\u00e9 par une grave crise politique en 2015 apr\u00e8s l'annonce de la candidature \u00e0 un troisi\u00e8me mandat de Pierre Nkurunziza.\n<\/p>\n<p>\n            La contestation qui avait suivi avait \u00e9t\u00e9 violemment r\u00e9prim\u00e9e, avec des ex\u00e9cutions sommaires, disparitions, d\u00e9tentions arbitraires, torture et violences sexuelles contre toute voix dissidente. Cette crise a fait au moins 1.200 morts et pouss\u00e9 quelque 400.000 Burundais \u00e0 l'exil, selon des estimations de la Cour p\u00e9nale internationale.\n<\/p>\n<p>\n            L'actuel pr\u00e9sident \"est un homme plut\u00f4t ouvert, d'abord facile, qui aime blaguer et rire avec ses amis\", a confi\u00e9 \u00e0 l'AFP, sous couvert d'anonymat, un de ses amis apr\u00e8s son \u00e9lection. \"Mais contrairement \u00e0 Nkurunziza, qui (\u00e9tait) un animal \u00e0 sang froid et tr\u00e8s sobre (...), \u00c9variste Ndayishimiye est plut\u00f4t col\u00e9rique, s'emporte tr\u00e8s facilement au risque de s'enflammer.\"\n<\/p>\n<p>\n            str-dyg\/cn\/mba\n<\/p>\n<p>\n            X<\/p>\n","protected":false},"excerpt":{"rendered":"<p>Le chef de l'\u00c9tat du Burundi, \u00c9variste Ndayishimiye, a \u00e9t\u00e9 d\u00e9sign\u00e9 dimanche sans surprise candidat par le parti au pouvoir pour la pr\u00e9sidentielle de 2027, pour laquelle il fait d'ores et d\u00e9j\u00e0 figure de grandissime favori. M. Ndayishimiye, 57 ans, avait pris les r\u00eanes du Burundi en juin 2020 apr\u00e8s le d\u00e9c\u00e8s de son pr\u00e9d\u00e9cesseur [&hellip;]<\/p>\n","protected":false},"author":60,"featured_media":0,"comment_status":"open","ping_status":"closed","sticky":false,"template":"","format":"standard","meta":{"_acf_changed":false,"footnotes":""},"categories":[2576],"tags":[],"ji_location":[],"class_list":["post-158441","post","type-post","status-publish","format-standard","hentry","category-fil-d-actualite"],"acf":[],"yoast_head":"<!-- This site is optimized with the Yoast SEO Premium plugin v25.3.1 (Yoast SEO v25.3.1) - https:\/\/yoast.com\/wordpress\/plugins\/seo\/ -->\n<title>Burundi: le chef de l&#039;\u00c9tat d\u00e9sign\u00e9 candidat pour la pr\u00e9sidentielle de 2027 - JusticeInfo.net<\/title>\n<meta name=\"robots\" content=\"index, follow, max-snippet:-1, max-image-preview:large, max-video-preview:-1\" \/>\n<link rel=\"canonical\" href=\"https:\/\/www.justiceinfo.net\/fr\/158441-burundi-le-chef-de-letat-designe-candidat-pour-la-presidentielle-de-2027.html\" \/>\n<meta property=\"og:locale\" content=\"fr_FR\" \/>\n<meta property=\"og:type\" content=\"article\" \/>\n<meta property=\"og:title\" content=\"Burundi: le chef de l&#039;\u00c9tat d\u00e9sign\u00e9 candidat pour la pr\u00e9sidentielle de 2027\" \/>\n<meta property=\"og:description\" content=\"Le chef de l&#039;\u00c9tat du Burundi, \u00c9variste Ndayishimiye, a \u00e9t\u00e9 d\u00e9sign\u00e9 dimanche sans surprise candidat par le parti au pouvoir pour la pr\u00e9sidentielle de 2027, pour laquelle il fait d&#039;ores et d\u00e9j\u00e0 figure de grandissime favori. M. Ndayishimiye, 57 ans, avait pris les r\u00eanes du Burundi en juin 2020 apr\u00e8s le d\u00e9c\u00e8s de son pr\u00e9d\u00e9cesseur [&hellip;]\" \/>\n<meta property=\"og:url\" content=\"https:\/\/www.justiceinfo.net\/fr\/158441-burundi-le-chef-de-letat-designe-candidat-pour-la-presidentielle-de-2027.html\" \/>\n<meta property=\"og:site_name\" content=\"JusticeInfo.net\" \/>\n<meta property=\"article:publisher\" content=\"https:\/\/www.facebook.com\/JusticeInfo\/\" \/>\n<meta property=\"article:published_time\" content=\"2026-04-26T07:33:02+00:00\" \/>\n<meta property=\"article:modified_time\" content=\"2026-04-26T14:35:02+00:00\" \/>\n<meta property=\"og:image\" content=\"https:\/\/www.justiceinfo.net\/wp-content\/uploads\/JusticeInfoNet_logo_1200x630px.jpg\" \/>\n\t<meta property=\"og:image:width\" content=\"1200\" \/>\n\t<meta property=\"og:image:height\" content=\"630\" \/>\n\t<meta property=\"og:image:type\" content=\"image\/jpeg\" \/>\n<meta name=\"author\" content=\"afp\" \/>\n<meta name=\"twitter:card\" content=\"summary_large_image\" \/>\n<meta name=\"twitter:creator\" content=\"@justiceinfonet\" \/>\n<meta name=\"twitter:site\" content=\"@justiceinfonet\" \/>\n<meta name=\"twitter:label1\" content=\"\u00c9crit par\" \/>\n\t<meta name=\"twitter:data1\" content=\"afp\" \/>\n\t<meta name=\"twitter:label2\" content=\"Dur\u00e9e de lecture estim\u00e9e\" \/>\n\t<meta name=\"twitter:data2\" content=\"4 minutes\" \/>\n<script type=\"application\/ld+json\" class=\"yoast-schema-graph\">{\"@context\":\"https:\/\/schema.org\",\"@graph\":[{\"@type\":\"NewsArticle\",\"@id\":\"https:\/\/www.justiceinfo.net\/fr\/158441-burundi-le-chef-de-letat-designe-candidat-pour-la-presidentielle-de-2027.html#article\",\"isPartOf\":{\"@id\":\"https:\/\/www.justiceinfo.net\/fr\/158441-burundi-le-chef-de-letat-designe-candidat-pour-la-presidentielle-de-2027.html\"},\"author\":{\"name\":\"afp\",\"@id\":\"https:\/\/www.justiceinfo.net\/fr#\/schema\/person\/713d340ef5f218fc36ce9b4244364a7f\"},\"headline\":\"Burundi: le chef de l'\u00c9tat d\u00e9sign\u00e9 candidat pour la pr\u00e9sidentielle de 2027\",\"datePublished\":\"2026-04-26T07:33:02+00:00\",\"dateModified\":\"2026-04-26T14:35:02+00:00\",\"mainEntityOfPage\":{\"@id\":\"https:\/\/www.justiceinfo.net\/fr\/158441-burundi-le-chef-de-letat-designe-candidat-pour-la-presidentielle-de-2027.html\"},\"wordCount\":811,\"commentCount\":0,\"publisher\":{\"@id\":\"https:\/\/www.justiceinfo.net\/fr#organization\"},\"articleSection\":[\"Fil d'info AFP\"],\"inLanguage\":\"fr-FR\",\"potentialAction\":[{\"@type\":\"CommentAction\",\"name\":\"Comment\",\"target\":[\"https:\/\/www.justiceinfo.net\/fr\/158441-burundi-le-chef-de-letat-designe-candidat-pour-la-presidentielle-de-2027.html#respond\"]}]},{\"@type\":\"WebPage\",\"@id\":\"https:\/\/www.justiceinfo.net\/fr\/158441-burundi-le-chef-de-letat-designe-candidat-pour-la-presidentielle-de-2027.html\",\"url\":\"https:\/\/www.justiceinfo.net\/fr\/158441-burundi-le-chef-de-letat-designe-candidat-pour-la-presidentielle-de-2027.html\",\"name\":\"Burundi: le chef de l'\u00c9tat d\u00e9sign\u00e9 candidat pour la pr\u00e9sidentielle de 2027 - JusticeInfo.net\",\"isPartOf\":{\"@id\":\"https:\/\/www.justiceinfo.net\/fr#website\"},\"datePublished\":\"2026-04-26T07:33:02+00:00\",\"dateModified\":\"2026-04-26T14:35:02+00:00\",\"breadcrumb\":{\"@id\":\"https:\/\/www.justiceinfo.net\/fr\/158441-burundi-le-chef-de-letat-designe-candidat-pour-la-presidentielle-de-2027.html#breadcrumb\"},\"inLanguage\":\"fr-FR\",\"potentialAction\":[{\"@type\":\"ReadAction\",\"target\":[\"https:\/\/www.justiceinfo.net\/fr\/158441-burundi-le-chef-de-letat-designe-candidat-pour-la-presidentielle-de-2027.html\"]}]},{\"@type\":\"BreadcrumbList\",\"@id\":\"https:\/\/www.justiceinfo.net\/fr\/158441-burundi-le-chef-de-letat-designe-candidat-pour-la-presidentielle-de-2027.html#breadcrumb\",\"itemListElement\":[{\"@type\":\"ListItem\",\"position\":1,\"name\":\"Home\",\"item\":\"https:\/\/www.justiceinfo.net\/fr\"},{\"@type\":\"ListItem\",\"position\":2,\"name\":\"Burundi: le chef de l'\u00c9tat d\u00e9sign\u00e9 candidat pour la pr\u00e9sidentielle de 2027\"}]},{\"@type\":\"WebSite\",\"@id\":\"https:\/\/www.justiceinfo.net\/fr#website\",\"url\":\"https:\/\/www.justiceinfo.net\/fr\",\"name\":\"JusticeInfo.net\",\"description\":\"La justice doit \u00eatre vue pour \u00eatre rendue\",\"publisher\":{\"@id\":\"https:\/\/www.justiceinfo.net\/fr#organization\"},\"potentialAction\":[{\"@type\":\"SearchAction\",\"target\":{\"@type\":\"EntryPoint\",\"urlTemplate\":\"https:\/\/www.justiceinfo.net\/fr?s={search_term_string}\"},\"query-input\":{\"@type\":\"PropertyValueSpecification\",\"valueRequired\":true,\"valueName\":\"search_term_string\"}}],\"inLanguage\":\"fr-FR\"},{\"@type\":\"Organization\",\"@id\":\"https:\/\/www.justiceinfo.net\/fr#organization\",\"name\":\"Justice Info\",\"url\":\"https:\/\/www.justiceinfo.net\/fr\",\"logo\":{\"@type\":\"ImageObject\",\"inLanguage\":\"fr-FR\",\"@id\":\"https:\/\/www.justiceinfo.net\/fr#\/schema\/logo\/image\/\",\"url\":\"https:\/\/www.justiceinfo.net\/wp-content\/uploads\/justiceinfo_logo-trans_1200x1200px.png\",\"contentUrl\":\"https:\/\/www.justiceinfo.net\/wp-content\/uploads\/justiceinfo_logo-trans_1200x1200px.png\",\"width\":1199,\"height\":1200,\"caption\":\"Justice Info\"},\"image\":{\"@id\":\"https:\/\/www.justiceinfo.net\/fr#\/schema\/logo\/image\/\"},\"sameAs\":[\"https:\/\/www.facebook.com\/JusticeInfo\/\",\"https:\/\/x.com\/justiceinfonet\",\"https:\/\/www.linkedin.com\/company\/justice-info\",\"https:\/\/www.youtube.com\/channel\/UCyCEsARodyuWtkWyhn-e7pA\"]},{\"@type\":\"Person\",\"name\":\"afp\",\"url\":\"\/fr\/?s=afp\"}]}<\/script>\n<!-- \/ Yoast SEO Premium plugin. -->","yoast_head_json":{"title":"Burundi: le chef de l'\u00c9tat d\u00e9sign\u00e9 candidat pour la pr\u00e9sidentielle de 2027 - JusticeInfo.net","robots":{"index":"index","follow":"follow","max-snippet":"max-snippet:-1","max-image-preview":"max-image-preview:large","max-video-preview":"max-video-preview:-1"},"canonical":"https:\/\/www.justiceinfo.net\/fr\/158441-burundi-le-chef-de-letat-designe-candidat-pour-la-presidentielle-de-2027.html","og_locale":"fr_FR","og_type":"article","og_title":"Burundi: le chef de l'\u00c9tat d\u00e9sign\u00e9 candidat pour la pr\u00e9sidentielle de 2027","og_description":"Le chef de l'\u00c9tat du Burundi, \u00c9variste Ndayishimiye, a \u00e9t\u00e9 d\u00e9sign\u00e9 dimanche sans surprise candidat par le parti au pouvoir pour la pr\u00e9sidentielle de 2027, pour laquelle il fait d'ores et d\u00e9j\u00e0 figure de grandissime favori. M. Ndayishimiye, 57 ans, avait pris les r\u00eanes du Burundi en juin 2020 apr\u00e8s le d\u00e9c\u00e8s de son pr\u00e9d\u00e9cesseur [&hellip;]","og_url":"https:\/\/www.justiceinfo.net\/fr\/158441-burundi-le-chef-de-letat-designe-candidat-pour-la-presidentielle-de-2027.html","og_site_name":"JusticeInfo.net","article_publisher":"https:\/\/www.facebook.com\/JusticeInfo\/","article_published_time":"2026-04-26T07:33:02+00:00","article_modified_time":"2026-04-26T14:35:02+00:00","og_image":[{"width":1200,"height":630,"url":"https:\/\/www.justiceinfo.net\/wp-content\/uploads\/JusticeInfoNet_logo_1200x630px.jpg","type":"image\/jpeg"}],"author":"afp","twitter_card":"summary_large_image","twitter_creator":"@justiceinfonet","twitter_site":"@justiceinfonet","twitter_misc":{"\u00c9crit par":"afp","Dur\u00e9e de lecture estim\u00e9e":"4 minutes"},"schema":{"@context":"https:\/\/schema.org","@graph":[{"@type":"NewsArticle","@id":"https:\/\/www.justiceinfo.net\/fr\/158441-burundi-le-chef-de-letat-designe-candidat-pour-la-presidentielle-de-2027.html#article","isPartOf":{"@id":"https:\/\/www.justiceinfo.net\/fr\/158441-burundi-le-chef-de-letat-designe-candidat-pour-la-presidentielle-de-2027.html"},"author":{"name":"afp","@id":"https:\/\/www.justiceinfo.net\/fr#\/schema\/person\/713d340ef5f218fc36ce9b4244364a7f"},"headline":"Burundi: le chef de l'\u00c9tat d\u00e9sign\u00e9 candidat pour la pr\u00e9sidentielle de 2027","datePublished":"2026-04-26T07:33:02+00:00","dateModified":"2026-04-26T14:35:02+00:00","mainEntityOfPage":{"@id":"https:\/\/www.justiceinfo.net\/fr\/158441-burundi-le-chef-de-letat-designe-candidat-pour-la-presidentielle-de-2027.html"},"wordCount":811,"commentCount":0,"publisher":{"@id":"https:\/\/www.justiceinfo.net\/fr#organization"},"articleSection":["Fil d'info AFP"],"inLanguage":"fr-FR","potentialAction":[{"@type":"CommentAction","name":"Comment","target":["https:\/\/www.justiceinfo.net\/fr\/158441-burundi-le-chef-de-letat-designe-candidat-pour-la-presidentielle-de-2027.html#respond"]}]},{"@type":"WebPage","@id":"https:\/\/www.justiceinfo.net\/fr\/158441-burundi-le-chef-de-letat-designe-candidat-pour-la-presidentielle-de-2027.html","url":"https:\/\/www.justiceinfo.net\/fr\/158441-burundi-le-chef-de-letat-designe-candidat-pour-la-presidentielle-de-2027.html","name":"Burundi: le chef de l'\u00c9tat d\u00e9sign\u00e9 candidat pour la pr\u00e9sidentielle de 2027 - JusticeInfo.net","isPartOf":{"@id":"https:\/\/www.justiceinfo.net\/fr#website"},"datePublished":"2026-04-26T07:33:02+00:00","dateModified":"2026-04-26T14:35:02+00:00","breadcrumb":{"@id":"https:\/\/www.justiceinfo.net\/fr\/158441-burundi-le-chef-de-letat-designe-candidat-pour-la-presidentielle-de-2027.html#breadcrumb"},"inLanguage":"fr-FR","potentialAction":[{"@type":"ReadAction","target":["https:\/\/www.justiceinfo.net\/fr\/158441-burundi-le-chef-de-letat-designe-candidat-pour-la-presidentielle-de-2027.html"]}]},{"@type":"BreadcrumbList","@id":"https:\/\/www.justiceinfo.net\/fr\/158441-burundi-le-chef-de-letat-designe-candidat-pour-la-presidentielle-de-2027.html#breadcrumb","itemListElement":[{"@type":"ListItem","position":1,"name":"Home","item":"https:\/\/www.justiceinfo.net\/fr"},{"@type":"ListItem","position":2,"name":"Burundi: le chef de l'\u00c9tat d\u00e9sign\u00e9 candidat pour la pr\u00e9sidentielle de 2027"}]},{"@type":"WebSite","@id":"https:\/\/www.justiceinfo.net\/fr#website","url":"https:\/\/www.justiceinfo.net\/fr","name":"JusticeInfo.net","description":"La justice doit \u00eatre vue pour \u00eatre rendue","publisher":{"@id":"https:\/\/www.justiceinfo.net\/fr#organization"},"potentialAction":[{"@type":"SearchAction","target":{"@type":"EntryPoint","urlTemplate":"https:\/\/www.justiceinfo.net\/fr?s={search_term_string}"},"query-input":{"@type":"PropertyValueSpecification","valueRequired":true,"valueName":"search_term_string"}}],"inLanguage":"fr-FR"},{"@type":"Organization","@id":"https:\/\/www.justiceinfo.net\/fr#organization","name":"Justice Info","url":"https:\/\/www.justiceinfo.net\/fr","logo":{"@type":"ImageObject","inLanguage":"fr-FR","@id":"https:\/\/www.justiceinfo.net\/fr#\/schema\/logo\/image\/","url":"https:\/\/www.justiceinfo.net\/wp-content\/uploads\/justiceinfo_logo-trans_1200x1200px.png","contentUrl":"https:\/\/www.justiceinfo.net\/wp-content\/uploads\/justiceinfo_logo-trans_1200x1200px.png","width":1199,"height":1200,"caption":"Justice Info"},"image":{"@id":"https:\/\/www.justiceinfo.net\/fr#\/schema\/logo\/image\/"},"sameAs":["https:\/\/www.facebook.com\/JusticeInfo\/","https:\/\/x.com\/justiceinfonet","https:\/\/www.linkedin.com\/company\/justice-info","https:\/\/www.youtube.com\/channel\/UCyCEsARodyuWtkWyhn-e7pA"]},{"@type":"Person","name":"afp","url":"\/fr\/?s=afp"}]}},"_links":{"self":[{"href":"https:\/\/www.justiceinfo.net\/fr\/wp-json\/wp\/v2\/posts\/158441","targetHints":{"allow":["GET"]}}],"collection":[{"href":"https:\/\/www.justiceinfo.net\/fr\/wp-json\/wp\/v2\/posts"}],"about":[{"href":"https:\/\/www.justiceinfo.net\/fr\/wp-json\/wp\/v2\/types\/post"}],"author":[{"embeddable":true,"href":"https:\/\/www.justiceinfo.net\/fr\/wp-json\/wp\/v2\/users\/60"}],"replies":[{"embeddable":true,"href":"https:\/\/www.justiceinfo.net\/fr\/wp-json\/wp\/v2\/comments?post=158441"}],"version-history":[{"count":2,"href":"https:\/\/www.justiceinfo.net\/fr\/wp-json\/wp\/v2\/posts\/158441\/revisions"}],"predecessor-version":[{"id":158443,"href":"https:\/\/www.justiceinfo.net\/fr\/wp-json\/wp\/v2\/posts\/158441\/revisions\/158443"}],"wp:attachment":[{"href":"https:\/\/www.justiceinfo.net\/fr\/wp-json\/wp\/v2\/media?parent=158441"}],"wp:term":[{"taxonomy":"category","embeddable":true,"href":"https:\/\/www.justiceinfo.net\/fr\/wp-json\/wp\/v2\/categories?post=158441"},{"taxonomy":"post_tag","embeddable":true,"href":"https:\/\/www.justiceinfo.net\/fr\/wp-json\/wp\/v2\/tags?post=158441"},{"taxonomy":"ji_location","embeddable":true,"href":"https:\/\/www.justiceinfo.net\/fr\/wp-json\/wp\/v2\/ji_location?post=158441"}],"curies":[{"name":"wp","href":"https:\/\/api.w.org\/{rel}","templated":true}]}}