{"id":158452,"date":"2026-04-27T10:40:09","date_gmt":"2026-04-27T08:40:09","guid":{"rendered":"https:\/\/www.justiceinfo.net\/?p=158452"},"modified":"2026-04-27T10:40:11","modified_gmt":"2026-04-27T08:40:11","slug":"ia-droit-international-test-minab","status":"publish","type":"post","link":"https:\/\/www.justiceinfo.net\/fr\/158452-ia-droit-international-test-minab.html","title":{"rendered":"L\u2019IA, le droit international, et le test de Minab"},"content":{"rendered":"\n<p>La guerre en Iran illustre la d\u00e9pendance des arm\u00e9es am\u00e9ricaine et isra\u00e9lienne \u00e0 l\u2019intelligence artificielle militaire. Pourtant, le bombardement d\u2019une \u00e9cole \u00e0 Minab, qui a caus\u00e9 la mort de 170\u00a0civils, n\u2019a pas sonn\u00e9 l\u2019alarme.<\/p>\n\n\n\n<!--more-->\n\n\n\n<p>Le conflit arm\u00e9 contre l\u2019Iran, lanc\u00e9 le 28&nbsp;f\u00e9vrier dernier par Washington et Tel-Aviv, a \u00e9t\u00e9 rapidement qualifi\u00e9 de <a href=\"https:\/\/www.forbes.com\/sites\/mikebrown\/2026\/03\/30\/the-first-ai-war-how-the-iran-conflict-is-reshaping-warfare\/\">\u00ab&nbsp;premi\u00e8re guerre de l\u2019IA&nbsp;\u00bb<\/a>. Une assertion en r\u00e9alit\u00e9 trompeuse \u00e0 divers \u00e9gards. Non seulement l\u2019IA a-t-elle d\u00e9j\u00e0 \u00e9t\u00e9 utilis\u00e9e de fa\u00e7on intensive dans des conflits r\u00e9cents, notamment <a href=\"https:\/\/www.972mag.com\/lavender-ai-israeli-army-gaza\/\">par Isra\u00ebl \u00e0 Gaza<\/a>, mais, plus largement, l\u2019IA, en tant que moyen num\u00e9rique de traitement et d\u2019analyse de donn\u00e9es, entretient une longue histoire avec les conflits arm\u00e9s, dont les fondements techniques <a href=\"https:\/\/militaryembedded.com\/ai\/machine-learning\/artificial-intelligence-timeline\">remontent \u00e0 la Seconde Guerre mondiale<\/a>.<\/p>\n\n\n\n<p>Certes, la situation iranienne se distingue par le niveau de sophistication sans pr\u00e9c\u00e9dent de ces moyens et par la d\u00e9pendance in\u00e9dite des arm\u00e9es \u00e0 leur \u00e9gard. Elle diff\u00e8re \u00e9galement du conflit \u00e0 Gaza en ce que, cette fois, l\u2019IA a \u00e9t\u00e9 d\u00e9ploy\u00e9e contre un adversaire \u00e9tatique dans le cadre d\u2019une guerre de haute intensit\u00e9. Enfin, jamais les \u00c9tats n\u2019avaient aussi <a href=\"https:\/\/www.nbcnews.com\/tech\/tech-news\/us-military-using-ai-help-plan-iran-air-attacks-sources-say-lawmakers-rcna262150\">ouvertement communiqu\u00e9 sur leur recours \u00e0 ces syst\u00e8mes<\/a>. C\u2019est cette communication conjugu\u00e9e aux cons\u00e9quences dramatiques de certaines frappes qui invite \u00e0 s\u2019interroger sur la compatibilit\u00e9 de ces pratiques avec le droit international.<\/p>\n\n\n\n<h2 class=\"wp-block-heading\" id=\"h-l-utilisation-de-l-ia-dans-la-guerre-en-iran\">L\u2019utilisation de l\u2019IA dans la guerre en\u00a0Iran<\/h2>\n\n\n\n<p>L\u2019utilisation de l\u2019IA par Isra\u00ebl dans sa guerre contre le Hamas avait \u00e9t\u00e9 <a href=\"https:\/\/www.972mag.com\/lavender-ai-israeli-army-gaza\/\">r\u00e9v\u00e9l\u00e9e par le journal <em>+972<\/em><\/a>. Ce m\u00e9dia avait expos\u00e9 ce que bon nombre de sp\u00e9cialistes soup\u00e7onnaient depuis quelques ann\u00e9es. Dans le cadre du conflit en Iran, en revanche, ce sont les autorit\u00e9s am\u00e9ricaines elles-m\u00eames qui <a href=\"https:\/\/cset.georgetown.edu\/article\/us-military-confirms-use-of-advanced-ai-tools-in-iran-conflict-says-humans-make-final-calls\/\">ont annonc\u00e9<\/a> leur emploi de l\u2019IA.<\/p>\n\n\n\n<p>Effectivement, les forces militaires am\u00e9ricaines ont admis avoir recouru \u00e0 des syst\u00e8mes d\u2019IA pour \u00e9tablir et trier la liste des objectifs \u00e0 une vitesse fulgurante. Ce proc\u00e9d\u00e9 aurait entra\u00een\u00e9 <a href=\"https:\/\/www.nytimes.com\/2026\/03\/25\/us\/politics\/iran-us-bases.html\">plus de 1.000&nbsp;frappes<\/a>, qualifi\u00e9es de tr\u00e8s pr\u00e9cises, durant les vingt-quatre premi\u00e8res heures du conflit. Elles se seraient notamment servies du syst\u00e8me <a href=\"https:\/\/www.lalibre.be\/economie\/entreprises-start-up\/2026\/03\/16\/cerveau-des-operations-et-kill-chain-le-role-critique-de-palantir-dans-les-frappes-americaines-en-iran-T3L3UPPBJFFL7L46UD64ENKBVQ\/\">Maven Smart System<\/a>, un projet conjoint utilisant un logiciel d\u2019IA de surveillance et de collecte de donn\u00e9es de Palantir, coupl\u00e9 au syst\u00e8me d\u2019IA g\u00e9n\u00e9rative Claude, d\u00e9velopp\u00e9 par Anthropic.<\/p>\n\n\n\n<p>Cependant, lors du premier jour de guerre, l\u2019une des frappes am\u00e9ricaines <a href=\"https:\/\/www.theguardian.com\/global-development\/2026\/mar\/03\/minab-school-bombing-how-the-worst-mass-casualty-event-of-the-iran-war-unfolded-a-visual-guide\">a vis\u00e9 une \u00e9cole de Minab<\/a>, causant la mort d\u2019environ 170 victimes civiles, principalement des enfants. Les \u00c9tats-Unis ont <a href=\"https:\/\/www.liberation.fr\/checknews\/iran-lenquete-du-pentagone-reconnait-la-responsabilite-des-etats-unis-dans-la-frappe-sur-lecole-de-minab-20260311_76HLYK6MGNCHBJY7MD2LCC6XC4\/\">reconnu leur responsabilit\u00e9<\/a> dans cette frappe, pr\u00e9sent\u00e9e comme une erreur. L\u2019\u00e9cole \u00e9tait en effet situ\u00e9e \u00e0 proximit\u00e9 d\u2019une base navale des Gardiens de la r\u00e9volution. Elle faisait autrefois partie int\u00e9grante du m\u00eame complexe, avant d\u2019en \u00eatre s\u00e9par\u00e9e. C\u2019est donc une information non actualis\u00e9e qui aurait conduit \u00e0 autoriser la frappe.<\/p>\n\n\n\n<p>Une telle m\u00e9prise n\u2019est pas anodine. De nombreux <a href=\"https:\/\/www.france24.com\/en\/middle-east\/20260311-us-likely-responsible-for-deadly-iran-school-strike-after-targeting-error-report-says\">m\u00e9dias<\/a> et <a href=\"https:\/\/www.hrw.org\/fr\/news\/2026\/03\/12\/iran-lattaque-americaine-contre-une-ecole-demontre-le-besoin-de-reforme-et-de\">ONG<\/a> ont rapidement \u00e9tabli le lien entre l\u2019\u00e9cole et la base navale. Il a ainsi \u00e9t\u00e9 avanc\u00e9 que l\u2019arm\u00e9e am\u00e9ricaine aurait probablement cibl\u00e9 ce b\u00e2timent sur la base de donn\u00e9es obsol\u00e8tes en suivant aveugl\u00e9ment une <a href=\"https:\/\/www.theguardian.com\/news\/2026\/mar\/26\/ai-got-the-blame-for-the-iran-school-bombing-the-truth-is-far-more-worrying\">recommandation issue d\u2019un syst\u00e8me d\u2019IA<\/a> sans proc\u00e9der \u00e0 la v\u00e9rification qui s\u2019imposait.<\/p>\n\n\n\n<h2 class=\"wp-block-heading\" id=\"h-l-ia-dans-le-droit-des-conflits-armes\">L\u2019IA dans le droit des conflits arm\u00e9s<\/h2>\n\n\n\n<p>Dans quelle mesure l\u2019utilisation de l\u2019IA pour mener ces frappes, et l\u2019erreur commise, sont-elles licites au regard du droit international&nbsp;?<\/p>\n\n\n\n<p>Il convient d\u2019abord de pr\u00e9ciser que l\u2019IA n\u2019est pas interdite en tant que telle par le droit des conflits arm\u00e9s (DCA, \u00e9galement appel\u00e9 droit international humanitaire). Pour l\u2019heure, aucune r\u00e8gle juridique n\u2019envisage sp\u00e9cifiquement la question de sa lic\u00e9it\u00e9. Pour autant, la question n\u2019\u00e9volue pas dans un vide juridique. Les r\u00e8gles g\u00e9n\u00e9rales du DCA s\u2019appliquent \u00e0 la conduite des hostilit\u00e9s, quels que soient les moyens et m\u00e9thodes d\u00e9ploy\u00e9s.<\/p>\n\n\n\n<p>L\u2019une de ces r\u00e8gles est le <a href=\"https:\/\/ihl-databases.icrc.org\/fr\/customary-ihl\/v1\/rule7\">principe de distinction<\/a> selon lequel seules les cibles militaires peuvent faire l\u2019objet d\u2019attaques, les personnes civiles et les biens civils devant \u00eatre pr\u00e9serv\u00e9s. Viser directement une \u00e9cole, comme celle de Minab, en l\u2019absence de tout objectif militaire en son sein, constitue donc une violation manifeste de ce principe. Il est toutefois peu probable que l\u2019arm\u00e9e am\u00e9ricaine ait eu l\u2019intention d\u00e9lib\u00e9r\u00e9e de d\u00e9truire l\u2019\u00e9cole en tant que telle. Comme indiqu\u00e9, il s\u2019agit plus vraisemblablement d\u2019une erreur d\u2019identification de la cible, possiblement li\u00e9e \u00e0 un syst\u00e8me d\u2019IA entra\u00een\u00e9 sur des donn\u00e9es obsol\u00e8tes, datant de l\u2019\u00e9poque o\u00f9 le b\u00e2timent \u00e9tait encore rattach\u00e9 \u00e0 la base navale.<\/p>\n\n\n\n<p>En cons\u00e9quence, la violation est plut\u00f4t relative au principe de pr\u00e9caution. Ce dernier prescrit notamment que les parties au conflit doivent faire tout ce qui est pratiquement possible pour <a href=\"https:\/\/ihl-databases.icrc.org\/fr\/customary-ihl\/v1\/rule16\">v\u00e9rifier que les objectifs \u00e0 attaquer sont bien des objectifs militaires<\/a>. En l\u2019esp\u00e8ce, l\u2019arm\u00e9e am\u00e9ricaine ne semble pas avoir proc\u00e9d\u00e9 aux v\u00e9rifications n\u00e9cessaires pour s\u2019assurer que la cible \u00e9tait une \u00e9cole. Une v\u00e9rification \u00e9l\u00e9mentaire, comme celle effectu\u00e9e par certains m\u00e9dias, aurait pu rapidement dissiper le moindre doute.<\/p>\n\n\n\n<p>Il faut rappeler que, lors de la guerre \u00e0 Gaza, <a href=\"https:\/\/www.theguardian.com\/world\/2024\/apr\/03\/israel-gaza-ai-database-hamas-airstrikes\">il avait \u00e9t\u00e9 rapport\u00e9<\/a> que des soldats isra\u00e9liens ne disposaient parfois que de vingt&nbsp;secondes pour valider une cible, ce qui interroge sur la possibilit\u00e9 mat\u00e9rielle de respecter effectivement ce principe. Les pr\u00e9occupations relatives \u00e0 l\u2019IA militaire se cristallisent souvent autour de la question de l\u2019autonomie et du risque qu\u2019un syst\u00e8me d\u00e9signe et engage seul une cible&nbsp;; c\u2019est l\u2019enjeu des syst\u00e8mes d\u2019armes l\u00e9tales autonomes. Cet exemple d\u00e9montre toutefois qu\u2019un contr\u00f4le humain formellement maintenu peut n\u2019\u00eatre que fictif si l\u2019op\u00e9rateur ne dispose ni du temps ni de l\u2019esprit critique n\u00e9cessaires pour \u00e9valuer une recommandation algorithmique.<\/p>\n\n\n\n<p>Du c\u00f4t\u00e9 iranien, il y a lieu de relever que le principe de pr\u00e9caution n\u2019a pas davantage \u00e9t\u00e9 respect\u00e9. Ce principe impose non seulement des obligations \u00e0 l\u2019attaquant, mais requiert \u00e9galement de l\u2019attaqu\u00e9 qu\u2019il prenne certaines pr\u00e9cautions passives&nbsp;: les parties doivent notamment <a href=\"https:\/\/ihl-databases.icrc.org\/fr\/customary-ihl\/v1\/rule24\">\u00e9loigner les personnes civiles et les biens de caract\u00e8re civil des objectifs militaires<\/a>. En l\u2019esp\u00e8ce, transformer un b\u00e2timent d\u2019une base navale en \u00e9cole, tout en la maintenant \u00e0 proximit\u00e9 imm\u00e9diate du reste du complexe militaire, exposait d\u00e9lib\u00e9r\u00e9ment cette installation civile aux risques li\u00e9s \u00e0 la conduite des hostilit\u00e9s.<\/p>\n\n\n\t<div class=\"ArticleNewsletterCTA\">\r\n\t\t<div class=\"ArticleNewsletterCTATitle\">Vous trouvez cet article int\u00e9ressant ?<\/div>\r\n\t\t<div class=\"ArticleNewsletterCTAText\">\r\n\t\t\t<a href=\"\/fr\/newsletter\">Inscrivez-vous maintenant \u00e0 notre newsletter<\/a> (gratuite) pour \u00eatre certain de ne pas passer \u00e0 c\u00f4t\u00e9 d'autres publications de ce type.\t\t<\/div>\r\n\t<\/div>\r\n\t\n\n\n<h2 class=\"wp-block-heading\" id=\"h-quelles-responsabilites-juridiques-politiques-et-morales\">Quelles responsabilit\u00e9s juridiques, politiques et morales\u00a0?<\/h2>\n\n\n\n<h3 class=\"wp-block-heading\" id=\"h-responsabilite-individuelle-l-attaque-ne-constitue-pas-un-crime-de-guerre\">Responsabilit\u00e9 individuelle\u00a0: l\u2019attaque ne constitue pas un crime de guerre.<\/h3>\n\n\n\n<p>Si l\u2019attaque constitue une violation du DCA, il est probable qu\u2019aucun militaire am\u00e9ricain ne soit condamn\u00e9 pour de tels faits. Outre les questions de comp\u00e9tence juridictionnelle, le principal obstacle tient \u00e0 ce que ni la <a href=\"https:\/\/opiniojuris.org\/2026\/03\/30\/the-iranian-school-strike-excusable-a-violation-a-war-crime\/\">violation du principe de pr\u00e9caution<\/a> ni les <a href=\"https:\/\/www.ejiltalk.org\/ai-and-the-commission-and-facilitation-of-international-crimes-on-accountability-gaps-and-the-minab-school-strike\/\">erreurs<\/a> conduisant \u00e0 des violations du DCA ne constituent des crimes de guerre au sens du droit international p\u00e9nal.<\/p>\n\n\n\n<p>L\u2019acte mat\u00e9riel est bien caract\u00e9ris\u00e9, mais l\u2019\u00e9l\u00e9ment intentionnel, c\u2019est-\u00e0-dire la volont\u00e9 de commettre l\u2019infraction, fait d\u00e9faut. Le r\u00e9gime de responsabilit\u00e9 p\u00e9nale internationale actuel ne reconna\u00eet pas la responsabilit\u00e9 pour n\u00e9gligence dans ce contexte. Cette approche pragmatique pourrait n\u00e9anmoins \u00e9voluer. D\u2019une part, si les erreurs algorithmiques de ciblage se multiplient, le caract\u00e8re \u00ab&nbsp;raisonnable&nbsp;\u00bb de l\u2019erreur sera de plus en plus difficile \u00e0 invoquer et l\u2019utilisation consciente d\u2019un syst\u00e8me connu pour ses d\u00e9faillances pourrait induire une forme d\u2019intention indirecte de cibler des civils. D\u2019autre part, le droit pourrait \u00e0 l\u2019avenir se d\u00e9velopper pour sanctionner les militaires qui, par leur n\u00e9gligence, causent la mort de civils.<\/p>\n\n\n\n<h3 class=\"wp-block-heading\" id=\"h-la-responsabilite-des-entreprises-d-ia-un-bras-de-fer-entre-puissances-economique-et-politique\">La responsabilit\u00e9 des entreprises d\u2019IA\u00a0: un bras de fer entre puissances \u00e9conomique et politique.<\/h3>\n\n\n\n<p>Un autre point de vigilance tient au r\u00f4le des entreprises priv\u00e9es sp\u00e9cialis\u00e9es en IA qui d\u00e9tiennent aujourd\u2019hui la majeure partie des comp\u00e9tences technologiques mobilis\u00e9es sur le champ de bataille. Ces entreprises pourraient \u00eatre tenues responsables lorsqu\u2019elles d\u00e9veloppent des syst\u00e8mes d\u00e9faillants, mais, au-del\u00e0 de cette responsabilit\u00e9, une question morale et politique fondamentale se pose au regard de la vente de technologies d\u2019IA \u00e0 des fins militaires.<\/p>\n\n\n\n<p>Juste avant l\u2019entr\u00e9e en guerre des \u00c9tats-Unis, Anthropic, qui produit le syst\u00e8me Claude, s\u2019\u00e9tait <a href=\"https:\/\/www.courrierinternational.com\/article\/intelligence-artificielle-les-vrais-ressorts-du-clash-entre-anthropic-et-le-pentagone_241641\">oppos\u00e9 \u00e0 une coop\u00e9ration sans limite<\/a> avec le&nbsp;Pentagone, notamment sur les armes autonomes, en invoquant ses engagements \u00e9thiques et les limites de fiabilit\u00e9 technique de ses syst\u00e8mes pour les usages envisag\u00e9s. Le&nbsp;Pentagone avait alors accus\u00e9 Anthropic de <a href=\"https:\/\/www.theguardian.com\/technology\/2026\/mar\/09\/anthropic-artificial-intelligence-pentagon\">trahison<\/a>, bien que ses syst\u00e8mes continuent d\u2019\u00eatre utilis\u00e9s par l\u2019arm\u00e9e.<\/p>\n\n\n\n<p>D\u2019autres entreprises du secteur, comme OpenAI, Google, Amazon ou Microsoft, semblent, quant \u00e0 elles, collaborer sans r\u00e9serve avec les arm\u00e9es, s\u2019imposant <em>de facto<\/em> comme de v\u00e9ritables entreprises de d\u00e9fense. Il est int\u00e9ressant de noter que des entreprises, normalement guid\u00e9es par le profit, ont parfois plus d\u2019\u00e9tats d\u2019\u00e2me en la mati\u00e8re que certains \u00c9tats pourtant garants de l\u2019int\u00e9r\u00eat g\u00e9n\u00e9ral.<\/p>\n\n\n\n<h3 class=\"wp-block-heading\" id=\"h-la-responsabilite-etatique-repondre-de-ses-actes-et-prevenir-les-prochaines-violations\">La responsabilit\u00e9 \u00e9tatique\u00a0: r\u00e9pondre de ses actes et pr\u00e9venir les prochaines violations.<\/h3>\n\n\n\n<p>Les \u00c9tats qui d\u00e9veloppent et utilisent l\u2019IA militaire portent une responsabilit\u00e9 particuli\u00e8re. En l\u2019esp\u00e8ce, les \u00c9tats-Unis engagent leur responsabilit\u00e9 internationale pour la commission d\u2019un fait internationalement illicite. Cette responsabilit\u00e9 sera, certes, difficile \u00e0 mettre en \u0153uvre dans la pratique. Mais au-del\u00e0, il \u00e9merge une responsabilit\u00e9 tant juridique que politique. Aux termes de l\u2019article 1 commun aux conventions de Gen\u00e8ve, les \u00c9tats ont en effet l\u2019obligation de respecter et de faire respecter le DCA. Or, le d\u00e9veloppement de l\u2019IA militaire tend \u00e0 miner ce respect, voire \u00e0 favoriser et \u00e0 dissimuler les violations du droit.<\/p>\n\n\n\n<p>Divers m\u00e9canismes pourraient endiguer ce ph\u00e9nom\u00e8ne, comme la formation des militaires aux sp\u00e9cificit\u00e9s des syst\u00e8mes d\u2019IA, l\u2019\u00e9laboration de r\u00e8gles d\u2019engagement propres \u00e0 l\u2019IA, des garanties techniques de fiabilit\u00e9 et de transparence des syst\u00e8mes ainsi que des tests et \u00e9valuations r\u00e9guliers. Plusieurs initiatives internationales appellent \u00e0 int\u00e9grer de telles mesures au sein de nouveaux instruments juridiques. Pourtant, la volont\u00e9 politique fait d\u00e9faut, notamment chez les \u00c9tats \u00e0 l\u2019avant-garde du d\u00e9veloppement et de l\u2019utilisation de l\u2019IA militaire.<\/p>\n\n\n\n<p>Ainsi, Pete Hegseth, secr\u00e9taire \u00e0 la d\u00e9fense des \u00c9tats-Unis, semble en r\u00e9alit\u00e9 agir dans le sens contraire. Il a r\u00e9cemment limog\u00e9 des conseillers juridiques militaires qu\u2019il consid\u00e9rait comme des <a href=\"https:\/\/www.theatlantic.com\/national-security\/2026\/03\/hegseth-comes-lawyers\/686351\/\">entraves \u00e0 la bonne conduite des hostilit\u00e9s<\/a> et a <a href=\"https:\/\/www.hrw.org\/news\/2026\/03\/02\/us-defense-secretarys-media-remarks-on-rules-of-engagement\">qualifi\u00e9 les r\u00e8gles d\u2019engagement de stupides<\/a>. Plus largement, les \u00c9tats-Unis s\u2019opposent \u00e0 toute r\u00e9glementation juridique internationale de l\u2019IA militaire. L\u2019IA appara\u00eet ainsi comme \u00e0 la fois l\u2019un des moteurs et le r\u00e9v\u00e9lateur d\u2019une \u00e9rosion profonde du DCA.<\/p>\n\n\n\n<p>Jacques Lacan disait\u00a0: \u00ab\u00a0Le r\u00e9el, c\u2019est quand on se cogne.\u00a0\u00bb L\u2019accident de Minab constitue un \u00e9v\u00e8nement dramatique qui confirme les risques sur lesquels les experts en IA militaire alertent depuis plusieurs ann\u00e9es et qui aurait d\u00fb susciter bien davantage de r\u00e9actions.<\/p>\n\n\n\n<p>En r\u00e9alit\u00e9, cette information semble avoir \u00e9t\u00e9 \u00e9clips\u00e9e par d\u2019autres consid\u00e9rations per\u00e7ues comme plus urgentes et plus visibles dans le cadre de cette guerre, \u00e0 commencer par le <a href=\"https:\/\/information.tv5monde.com\/international\/bombe-nucleaire-cyberattaque-invasion-de-quoi-trump-menace-t-il-liran-2816764\">risque nucl\u00e9aire<\/a>. L\u2019accident de Minab n\u2019aura pas \u00e9t\u00e9 l\u2019\u00e9lectrochoc attendu pour inciter les \u00c9tats \u00e0 s\u2019entendre sur un cadre juridique sp\u00e9cifique applicable \u00e0 l\u2019IA militaire. Il reste \u00e0 savoir si un tel \u00e9lectrochoc est encore possible ou m\u00eame souhaitable.<\/p>\n\n\n\n<div style=\"height:5px\" aria-hidden=\"true\" class=\"wp-block-spacer\"><\/div>\n\n\n\n<hr class=\"wp-block-separator has-alpha-channel-opacity\"\/>\n\n\n\n<div style=\"height:15px\" aria-hidden=\"true\" class=\"wp-block-spacer\"><\/div>\n\n\n\n<p><em>Cet article, l\u00e9g\u00e8rement modifi\u00e9 par Justice Info, est republi\u00e9 \u00e0 partir de <a href=\"https:\/\/theconversation.com\/fr\" target=\"_blank\" rel=\"noreferrer noopener\">The Conversation France<\/a> sous licence Creative Commons. Lire <a href=\"https:\/\/theconversation.com\/lutilisation-de-lintelligence-artificielle-dans-la-guerre-en-iran-que-dit-le-droit-international-280562\" target=\"_blank\" rel=\"noreferrer noopener\">l\u2019article original<\/a>.<\/em><img loading=\"lazy\" decoding=\"async\" width=\"1\" height=\"1\" src=\"https:\/\/counter.theconversation.com\/content\/238018\/count.gif?distributor=republish-lightbox-basic\" alt=\"The Conversation\"><\/p>\n\n\n<div class=\"articleLink articleLink--editorRecommanded articleLink--textInImage articleLink--textTop\" style=\"\">\r\n\t\t\t\t\t\r\n\t\t\t<div class=\"articleLinkSurTitle\">Recommand\u00e9 par la r\u00e9daction<\/div>\r\n\t\t\t<a class=\"articleLinkImageLink\" href=\"https:\/\/www.justiceinfo.net\/fr\/158380-les-iraniens-pris-entre-deux-feux.html\"><div class=\"articleLinkImageContainer \"><img loading=\"lazy\" decoding=\"async\" width=\"540\" height=\"360\" src=\"https:\/\/www.justiceinfo.net\/wp-content\/uploads\/Iran_Minab-school-memory_@AFP-540x360.jpg\" class=\"articleLinkImage backgroundImageTag w-100 wp-post-image\" alt=\"En Iran, la population est \u00e0 la fois victime de l&#039;agression am\u00e9ricano-isra\u00e9lienne et victime de la r\u00e9pression du r\u00e9gime iranien. Quels espoirs de justice ? Photo : 2 iraniens passent devant une fresque murale en m\u00e9moire des \u00e9l\u00e8ves d&#039;une \u00e9cole de Minab qui auraient \u00e9t\u00e9 tu\u00e9s par un missile. Des tables et bancs d&#039;\u00e9coliers sont dispos\u00e9s \u00e0 m\u00eame le trottoir.\" srcset=\"https:\/\/www.justiceinfo.net\/wp-content\/uploads\/Iran_Minab-school-memory_@AFP-540x360.jpg 540w, https:\/\/www.justiceinfo.net\/wp-content\/uploads\/Iran_Minab-school-memory_@AFP-1000x667.jpg 1000w, https:\/\/www.justiceinfo.net\/wp-content\/uploads\/Iran_Minab-school-memory_@AFP-1110x740.jpg 1110w, https:\/\/www.justiceinfo.net\/wp-content\/uploads\/Iran_Minab-school-memory_@AFP.jpg 1200w\" sizes=\"auto, (max-width: 540px) 100vw, 540px\" \/><\/div><\/a>\r\n\t\t\t<a href=\"https:\/\/www.justiceinfo.net\/fr\/158380-les-iraniens-pris-entre-deux-feux.html\" class=\"articleLinkTitle articleLinkTitle--default\">\r\n\t\t\tLes Iraniens pris entre deux feux\r\n\t\t<\/a>\r\n\t\t\r\n\t\t\t\t<\/div>\n\n<div class=\"content-encadre\">\r\n\t<p><strong><img loading=\"lazy\" decoding=\"async\" class=\"alignleft wp-image-158468\" src=\"https:\/\/www.justiceinfo.net\/wp-content\/uploads\/Louis-Perez.jpg\" alt=\"Louis Perez\" width=\"200\" height=\"200\" srcset=\"https:\/\/www.justiceinfo.net\/wp-content\/uploads\/Louis-Perez.jpg 500w, https:\/\/www.justiceinfo.net\/wp-content\/uploads\/Louis-Perez-150x150.jpg 150w\" sizes=\"auto, (max-width: 200px) 100vw, 200px\" \/>LOUIS PEREZ<\/strong><\/p>\n<p>Louis Perez est docteur en droit public et chercheur post-doctorant au Centre Thucydide de l\u2019Universit\u00e9 Paris Panth\u00e9on-Assas. Il est l\u2019auteur d\u2019une th\u00e8se sur \u00ab\u00a0La r\u00e9gulation juridique internationale de l\u2019intelligence artificielle militaire\u00a0\u00bb.<\/p>\n<\/div>","protected":false},"excerpt":{"rendered":"<p>La guerre en Iran illustre la d\u00e9pendance des arm\u00e9es am\u00e9ricaine et isra\u00e9lienne \u00e0 l\u2019intelligence artificielle militaire. Pourtant, le bombardement d\u2019une \u00e9cole \u00e0 Minab, qui a caus\u00e9 la mort de 170\u00a0civils, n\u2019a pas sonn\u00e9 l\u2019alarme.<\/p>\n","protected":false},"author":210,"featured_media":158457,"comment_status":"open","ping_status":"closed","sticky":false,"template":"","format":"standard","meta":{"_acf_changed":false,"footnotes":""},"categories":[3049,575],"tags":[3618,2936],"ji_location":[2538,2276,2284],"class_list":["post-158452","post","type-post","status-publish","format-standard","has-post-thumbnail","hentry","category-impasses-justice-transitionnelle","category-opinions","tag-droit-international","tag-droit-international-humanitaire","ji_location-etats-unis-d-amer","ji_location-iran","ji_location-israel"],"acf":[],"yoast_head":"<!-- This site is optimized with the Yoast SEO Premium plugin v25.3.1 (Yoast SEO v25.3.1) - https:\/\/yoast.com\/wordpress\/plugins\/seo\/ -->\n<title>L\u2019IA, le droit international, et le test de Minab<\/title>\n<meta name=\"description\" content=\"La guerre en Iran illustre la d\u00e9pendance des arm\u00e9es am\u00e9ricaine et isra\u00e9lienne \u00e0 l\u2019intelligence artificielle militaire. Pourtant, le bombardement d\u2019une \u00e9cole \u00e0 Minab, qui a caus\u00e9 la mort de 170\u00a0civils, n\u2019a pas sonn\u00e9 l\u2019alarme.\" \/>\n<meta name=\"robots\" content=\"index, follow, max-snippet:-1, max-image-preview:large, max-video-preview:-1\" \/>\n<link rel=\"canonical\" href=\"https:\/\/www.justiceinfo.net\/fr\/158452-ia-droit-international-test-minab.html\" \/>\n<meta property=\"og:locale\" content=\"fr_FR\" \/>\n<meta property=\"og:type\" content=\"article\" \/>\n<meta property=\"og:title\" content=\"L\u2019IA, le droit international, et le test de Minab\" \/>\n<meta property=\"og:description\" content=\"La guerre en Iran illustre la d\u00e9pendance des arm\u00e9es am\u00e9ricaine et isra\u00e9lienne \u00e0 l\u2019intelligence artificielle militaire. Pourtant, le bombardement d\u2019une \u00e9cole \u00e0 Minab, qui a caus\u00e9 la mort de 170\u00a0civils, n\u2019a pas sonn\u00e9 l\u2019alarme.\" \/>\n<meta property=\"og:url\" content=\"https:\/\/www.justiceinfo.net\/fr\/158452-ia-droit-international-test-minab.html\" \/>\n<meta property=\"og:site_name\" content=\"JusticeInfo.net\" \/>\n<meta property=\"article:publisher\" content=\"https:\/\/www.facebook.com\/JusticeInfo\/\" \/>\n<meta property=\"article:published_time\" content=\"2026-04-27T08:40:09+00:00\" \/>\n<meta property=\"article:modified_time\" content=\"2026-04-27T08:40:11+00:00\" \/>\n<meta property=\"og:image\" content=\"https:\/\/www.justiceinfo.net\/wp-content\/uploads\/Iran_airstrike-victims-memorial-destruction_@AFP.jpg\" \/>\n\t<meta property=\"og:image:width\" content=\"1200\" \/>\n\t<meta property=\"og:image:height\" content=\"800\" \/>\n\t<meta property=\"og:image:type\" content=\"image\/jpeg\" \/>\n<meta name=\"author\" content=\"Louis Perez\" \/>\n<meta name=\"twitter:card\" content=\"summary_large_image\" \/>\n<meta name=\"twitter:title\" content=\"L\u2019IA, le droit international, et le test de Minab\" \/>\n<meta name=\"twitter:creator\" content=\"@justiceinfonet\" \/>\n<meta name=\"twitter:site\" content=\"@justiceinfonet\" \/>\n<meta name=\"twitter:label1\" content=\"\u00c9crit par\" \/>\n\t<meta name=\"twitter:data1\" content=\"Louis Perez\" \/>\n\t<meta name=\"twitter:label2\" content=\"Dur\u00e9e de lecture estim\u00e9e\" \/>\n\t<meta name=\"twitter:data2\" content=\"10 minutes\" \/>\n<script type=\"application\/ld+json\" class=\"yoast-schema-graph\">{\"@context\":\"https:\/\/schema.org\",\"@graph\":[{\"@type\":\"NewsArticle\",\"@id\":\"https:\/\/www.justiceinfo.net\/fr\/158452-ia-droit-international-test-minab.html#article\",\"isPartOf\":{\"@id\":\"https:\/\/www.justiceinfo.net\/fr\/158452-ia-droit-international-test-minab.html\"},\"author\":{\"name\":\"Louis Perez\",\"@id\":\"https:\/\/www.justiceinfo.net\/fr#\/schema\/person\/0a57bfca6809ddb97ad0d4e8c73f46ab\"},\"headline\":\"L\u2019IA, le droit international, et le test de Minab\",\"datePublished\":\"2026-04-27T08:40:09+00:00\",\"dateModified\":\"2026-04-27T08:40:11+00:00\",\"mainEntityOfPage\":{\"@id\":\"https:\/\/www.justiceinfo.net\/fr\/158452-ia-droit-international-test-minab.html\"},\"wordCount\":2058,\"commentCount\":0,\"publisher\":{\"@id\":\"https:\/\/www.justiceinfo.net\/fr#organization\"},\"image\":{\"@id\":\"https:\/\/www.justiceinfo.net\/fr\/158452-ia-droit-international-test-minab.html#primaryimage\"},\"thumbnailUrl\":\"https:\/\/www.justiceinfo.net\/wp-content\/uploads\/Iran_airstrike-victims-memorial-destruction_@AFP.jpg\",\"keywords\":[\"Droit international\",\"droit international humanitaire\"],\"articleSection\":[\"Impasses\",\"Opinions\"],\"inLanguage\":\"fr-FR\",\"potentialAction\":[{\"@type\":\"CommentAction\",\"name\":\"Comment\",\"target\":[\"https:\/\/www.justiceinfo.net\/fr\/158452-ia-droit-international-test-minab.html#respond\"]}]},{\"@type\":\"WebPage\",\"@id\":\"https:\/\/www.justiceinfo.net\/fr\/158452-ia-droit-international-test-minab.html\",\"url\":\"https:\/\/www.justiceinfo.net\/fr\/158452-ia-droit-international-test-minab.html\",\"name\":\"L\u2019IA, le droit international, et le test de Minab\",\"isPartOf\":{\"@id\":\"https:\/\/www.justiceinfo.net\/fr#website\"},\"primaryImageOfPage\":{\"@id\":\"https:\/\/www.justiceinfo.net\/fr\/158452-ia-droit-international-test-minab.html#primaryimage\"},\"image\":{\"@id\":\"https:\/\/www.justiceinfo.net\/fr\/158452-ia-droit-international-test-minab.html#primaryimage\"},\"thumbnailUrl\":\"https:\/\/www.justiceinfo.net\/wp-content\/uploads\/Iran_airstrike-victims-memorial-destruction_@AFP.jpg\",\"datePublished\":\"2026-04-27T08:40:09+00:00\",\"dateModified\":\"2026-04-27T08:40:11+00:00\",\"description\":\"La guerre en Iran illustre la d\u00e9pendance des arm\u00e9es am\u00e9ricaine et isra\u00e9lienne \u00e0 l\u2019intelligence artificielle militaire. Pourtant, le bombardement d\u2019une \u00e9cole \u00e0 Minab, qui a caus\u00e9 la mort de 170\u00a0civils, n\u2019a pas sonn\u00e9 l\u2019alarme.\",\"breadcrumb\":{\"@id\":\"https:\/\/www.justiceinfo.net\/fr\/158452-ia-droit-international-test-minab.html#breadcrumb\"},\"inLanguage\":\"fr-FR\",\"potentialAction\":[{\"@type\":\"ReadAction\",\"target\":[\"https:\/\/www.justiceinfo.net\/fr\/158452-ia-droit-international-test-minab.html\"]}]},{\"@type\":\"ImageObject\",\"inLanguage\":\"fr-FR\",\"@id\":\"https:\/\/www.justiceinfo.net\/fr\/158452-ia-droit-international-test-minab.html#primaryimage\",\"url\":\"https:\/\/www.justiceinfo.net\/wp-content\/uploads\/Iran_airstrike-victims-memorial-destruction_@AFP.jpg\",\"contentUrl\":\"https:\/\/www.justiceinfo.net\/wp-content\/uploads\/Iran_airstrike-victims-memorial-destruction_@AFP.jpg\",\"width\":1200,\"height\":800,\"caption\":\"Portraits de victimes qui auraient \u00e9t\u00e9 tu\u00e9es lors d\u2019une frappe a\u00e9rienne am\u00e9ricano-isra\u00e9lienne sur un immeuble r\u00e9sidentiel, \u00e0 T\u00e9h\u00e9ran, le 13 avril 2026. Photo : \u00a9 AFP\"},{\"@type\":\"BreadcrumbList\",\"@id\":\"https:\/\/www.justiceinfo.net\/fr\/158452-ia-droit-international-test-minab.html#breadcrumb\",\"itemListElement\":[{\"@type\":\"ListItem\",\"position\":1,\"name\":\"Home\",\"item\":\"https:\/\/www.justiceinfo.net\/fr\"},{\"@type\":\"ListItem\",\"position\":2,\"name\":\"L\u2019IA, le droit international, et le test de Minab\"}]},{\"@type\":\"WebSite\",\"@id\":\"https:\/\/www.justiceinfo.net\/fr#website\",\"url\":\"https:\/\/www.justiceinfo.net\/fr\",\"name\":\"JusticeInfo.net\",\"description\":\"La justice doit \u00eatre vue pour \u00eatre rendue\",\"publisher\":{\"@id\":\"https:\/\/www.justiceinfo.net\/fr#organization\"},\"potentialAction\":[{\"@type\":\"SearchAction\",\"target\":{\"@type\":\"EntryPoint\",\"urlTemplate\":\"https:\/\/www.justiceinfo.net\/fr?s={search_term_string}\"},\"query-input\":{\"@type\":\"PropertyValueSpecification\",\"valueRequired\":true,\"valueName\":\"search_term_string\"}}],\"inLanguage\":\"fr-FR\"},{\"@type\":\"Organization\",\"@id\":\"https:\/\/www.justiceinfo.net\/fr#organization\",\"name\":\"Justice Info\",\"url\":\"https:\/\/www.justiceinfo.net\/fr\",\"logo\":{\"@type\":\"ImageObject\",\"inLanguage\":\"fr-FR\",\"@id\":\"https:\/\/www.justiceinfo.net\/fr#\/schema\/logo\/image\/\",\"url\":\"https:\/\/www.justiceinfo.net\/wp-content\/uploads\/justiceinfo_logo-trans_1200x1200px.png\",\"contentUrl\":\"https:\/\/www.justiceinfo.net\/wp-content\/uploads\/justiceinfo_logo-trans_1200x1200px.png\",\"width\":1199,\"height\":1200,\"caption\":\"Justice Info\"},\"image\":{\"@id\":\"https:\/\/www.justiceinfo.net\/fr#\/schema\/logo\/image\/\"},\"sameAs\":[\"https:\/\/www.facebook.com\/JusticeInfo\/\",\"https:\/\/x.com\/justiceinfonet\",\"https:\/\/www.linkedin.com\/company\/justice-info\",\"https:\/\/www.youtube.com\/channel\/UCyCEsARodyuWtkWyhn-e7pA\"]},{\"@type\":\"Person\",\"name\":\"Louis Perez\",\"url\":\"\/fr\/?s=Louis Perez\"}]}<\/script>\n<!-- \/ Yoast SEO Premium plugin. -->","yoast_head_json":{"title":"L\u2019IA, le droit international, et le test de Minab","description":"La guerre en Iran illustre la d\u00e9pendance des arm\u00e9es am\u00e9ricaine et isra\u00e9lienne \u00e0 l\u2019intelligence artificielle militaire. Pourtant, le bombardement d\u2019une \u00e9cole \u00e0 Minab, qui a caus\u00e9 la mort de 170\u00a0civils, n\u2019a pas sonn\u00e9 l\u2019alarme.","robots":{"index":"index","follow":"follow","max-snippet":"max-snippet:-1","max-image-preview":"max-image-preview:large","max-video-preview":"max-video-preview:-1"},"canonical":"https:\/\/www.justiceinfo.net\/fr\/158452-ia-droit-international-test-minab.html","og_locale":"fr_FR","og_type":"article","og_title":"L\u2019IA, le droit international, et le test de Minab","og_description":"La guerre en Iran illustre la d\u00e9pendance des arm\u00e9es am\u00e9ricaine et isra\u00e9lienne \u00e0 l\u2019intelligence artificielle militaire. Pourtant, le bombardement d\u2019une \u00e9cole \u00e0 Minab, qui a caus\u00e9 la mort de 170\u00a0civils, n\u2019a pas sonn\u00e9 l\u2019alarme.","og_url":"https:\/\/www.justiceinfo.net\/fr\/158452-ia-droit-international-test-minab.html","og_site_name":"JusticeInfo.net","article_publisher":"https:\/\/www.facebook.com\/JusticeInfo\/","article_published_time":"2026-04-27T08:40:09+00:00","article_modified_time":"2026-04-27T08:40:11+00:00","og_image":[{"width":1200,"height":800,"url":"https:\/\/www.justiceinfo.net\/wp-content\/uploads\/Iran_airstrike-victims-memorial-destruction_@AFP.jpg","type":"image\/jpeg"}],"author":"Louis Perez","twitter_card":"summary_large_image","twitter_title":"L\u2019IA, le droit international, et le test de Minab","twitter_creator":"@justiceinfonet","twitter_site":"@justiceinfonet","twitter_misc":{"\u00c9crit par":"Louis Perez","Dur\u00e9e de lecture estim\u00e9e":"10 minutes"},"schema":{"@context":"https:\/\/schema.org","@graph":[{"@type":"NewsArticle","@id":"https:\/\/www.justiceinfo.net\/fr\/158452-ia-droit-international-test-minab.html#article","isPartOf":{"@id":"https:\/\/www.justiceinfo.net\/fr\/158452-ia-droit-international-test-minab.html"},"author":{"name":"Louis Perez","@id":"https:\/\/www.justiceinfo.net\/fr#\/schema\/person\/0a57bfca6809ddb97ad0d4e8c73f46ab"},"headline":"L\u2019IA, le droit international, et le test de Minab","datePublished":"2026-04-27T08:40:09+00:00","dateModified":"2026-04-27T08:40:11+00:00","mainEntityOfPage":{"@id":"https:\/\/www.justiceinfo.net\/fr\/158452-ia-droit-international-test-minab.html"},"wordCount":2058,"commentCount":0,"publisher":{"@id":"https:\/\/www.justiceinfo.net\/fr#organization"},"image":{"@id":"https:\/\/www.justiceinfo.net\/fr\/158452-ia-droit-international-test-minab.html#primaryimage"},"thumbnailUrl":"https:\/\/www.justiceinfo.net\/wp-content\/uploads\/Iran_airstrike-victims-memorial-destruction_@AFP.jpg","keywords":["Droit international","droit international humanitaire"],"articleSection":["Impasses","Opinions"],"inLanguage":"fr-FR","potentialAction":[{"@type":"CommentAction","name":"Comment","target":["https:\/\/www.justiceinfo.net\/fr\/158452-ia-droit-international-test-minab.html#respond"]}]},{"@type":"WebPage","@id":"https:\/\/www.justiceinfo.net\/fr\/158452-ia-droit-international-test-minab.html","url":"https:\/\/www.justiceinfo.net\/fr\/158452-ia-droit-international-test-minab.html","name":"L\u2019IA, le droit international, et le test de Minab","isPartOf":{"@id":"https:\/\/www.justiceinfo.net\/fr#website"},"primaryImageOfPage":{"@id":"https:\/\/www.justiceinfo.net\/fr\/158452-ia-droit-international-test-minab.html#primaryimage"},"image":{"@id":"https:\/\/www.justiceinfo.net\/fr\/158452-ia-droit-international-test-minab.html#primaryimage"},"thumbnailUrl":"https:\/\/www.justiceinfo.net\/wp-content\/uploads\/Iran_airstrike-victims-memorial-destruction_@AFP.jpg","datePublished":"2026-04-27T08:40:09+00:00","dateModified":"2026-04-27T08:40:11+00:00","description":"La guerre en Iran illustre la d\u00e9pendance des arm\u00e9es am\u00e9ricaine et isra\u00e9lienne \u00e0 l\u2019intelligence artificielle militaire. Pourtant, le bombardement d\u2019une \u00e9cole \u00e0 Minab, qui a caus\u00e9 la mort de 170\u00a0civils, n\u2019a pas sonn\u00e9 l\u2019alarme.","breadcrumb":{"@id":"https:\/\/www.justiceinfo.net\/fr\/158452-ia-droit-international-test-minab.html#breadcrumb"},"inLanguage":"fr-FR","potentialAction":[{"@type":"ReadAction","target":["https:\/\/www.justiceinfo.net\/fr\/158452-ia-droit-international-test-minab.html"]}]},{"@type":"ImageObject","inLanguage":"fr-FR","@id":"https:\/\/www.justiceinfo.net\/fr\/158452-ia-droit-international-test-minab.html#primaryimage","url":"https:\/\/www.justiceinfo.net\/wp-content\/uploads\/Iran_airstrike-victims-memorial-destruction_@AFP.jpg","contentUrl":"https:\/\/www.justiceinfo.net\/wp-content\/uploads\/Iran_airstrike-victims-memorial-destruction_@AFP.jpg","width":1200,"height":800,"caption":"Portraits de victimes qui auraient \u00e9t\u00e9 tu\u00e9es lors d\u2019une frappe a\u00e9rienne am\u00e9ricano-isra\u00e9lienne sur un immeuble r\u00e9sidentiel, \u00e0 T\u00e9h\u00e9ran, le 13 avril 2026. Photo : \u00a9 AFP"},{"@type":"BreadcrumbList","@id":"https:\/\/www.justiceinfo.net\/fr\/158452-ia-droit-international-test-minab.html#breadcrumb","itemListElement":[{"@type":"ListItem","position":1,"name":"Home","item":"https:\/\/www.justiceinfo.net\/fr"},{"@type":"ListItem","position":2,"name":"L\u2019IA, le droit international, et le test de Minab"}]},{"@type":"WebSite","@id":"https:\/\/www.justiceinfo.net\/fr#website","url":"https:\/\/www.justiceinfo.net\/fr","name":"JusticeInfo.net","description":"La justice doit \u00eatre vue pour \u00eatre rendue","publisher":{"@id":"https:\/\/www.justiceinfo.net\/fr#organization"},"potentialAction":[{"@type":"SearchAction","target":{"@type":"EntryPoint","urlTemplate":"https:\/\/www.justiceinfo.net\/fr?s={search_term_string}"},"query-input":{"@type":"PropertyValueSpecification","valueRequired":true,"valueName":"search_term_string"}}],"inLanguage":"fr-FR"},{"@type":"Organization","@id":"https:\/\/www.justiceinfo.net\/fr#organization","name":"Justice Info","url":"https:\/\/www.justiceinfo.net\/fr","logo":{"@type":"ImageObject","inLanguage":"fr-FR","@id":"https:\/\/www.justiceinfo.net\/fr#\/schema\/logo\/image\/","url":"https:\/\/www.justiceinfo.net\/wp-content\/uploads\/justiceinfo_logo-trans_1200x1200px.png","contentUrl":"https:\/\/www.justiceinfo.net\/wp-content\/uploads\/justiceinfo_logo-trans_1200x1200px.png","width":1199,"height":1200,"caption":"Justice Info"},"image":{"@id":"https:\/\/www.justiceinfo.net\/fr#\/schema\/logo\/image\/"},"sameAs":["https:\/\/www.facebook.com\/JusticeInfo\/","https:\/\/x.com\/justiceinfonet","https:\/\/www.linkedin.com\/company\/justice-info","https:\/\/www.youtube.com\/channel\/UCyCEsARodyuWtkWyhn-e7pA"]},{"@type":"Person","name":"Louis Perez","url":"\/fr\/?s=Louis Perez"}]}},"_links":{"self":[{"href":"https:\/\/www.justiceinfo.net\/fr\/wp-json\/wp\/v2\/posts\/158452","targetHints":{"allow":["GET"]}}],"collection":[{"href":"https:\/\/www.justiceinfo.net\/fr\/wp-json\/wp\/v2\/posts"}],"about":[{"href":"https:\/\/www.justiceinfo.net\/fr\/wp-json\/wp\/v2\/types\/post"}],"author":[{"embeddable":true,"href":"https:\/\/www.justiceinfo.net\/fr\/wp-json\/wp\/v2\/users\/210"}],"replies":[{"embeddable":true,"href":"https:\/\/www.justiceinfo.net\/fr\/wp-json\/wp\/v2\/comments?post=158452"}],"version-history":[{"count":4,"href":"https:\/\/www.justiceinfo.net\/fr\/wp-json\/wp\/v2\/posts\/158452\/revisions"}],"predecessor-version":[{"id":158473,"href":"https:\/\/www.justiceinfo.net\/fr\/wp-json\/wp\/v2\/posts\/158452\/revisions\/158473"}],"wp:featuredmedia":[{"embeddable":true,"href":"https:\/\/www.justiceinfo.net\/fr\/wp-json\/wp\/v2\/media\/158457"}],"wp:attachment":[{"href":"https:\/\/www.justiceinfo.net\/fr\/wp-json\/wp\/v2\/media?parent=158452"}],"wp:term":[{"taxonomy":"category","embeddable":true,"href":"https:\/\/www.justiceinfo.net\/fr\/wp-json\/wp\/v2\/categories?post=158452"},{"taxonomy":"post_tag","embeddable":true,"href":"https:\/\/www.justiceinfo.net\/fr\/wp-json\/wp\/v2\/tags?post=158452"},{"taxonomy":"ji_location","embeddable":true,"href":"https:\/\/www.justiceinfo.net\/fr\/wp-json\/wp\/v2\/ji_location?post=158452"}],"curies":[{"name":"wp","href":"https:\/\/api.w.org\/{rel}","templated":true}]}}