{"id":158481,"date":"2026-04-27T13:08:03","date_gmt":"2026-04-27T11:08:03","guid":{"rendered":"https:\/\/www.justiceinfo.net\/158481-colombie-21-civils-tues-dans-lattentat-a-la-bombe-31-attaques-recensees-au-cours-du-weekend.html"},"modified":"2026-04-27T13:08:03","modified_gmt":"2026-04-27T11:08:03","slug":"colombie-21-civils-tues-dans-lattentat-a-la-bombe-31-attaques-recensees-au-cours-du-weekend","status":"publish","type":"post","link":"https:\/\/www.justiceinfo.net\/fr\/158481-colombie-21-civils-tues-dans-lattentat-a-la-bombe-31-attaques-recensees-au-cours-du-weekend.html","title":{"rendered":"Colombie : 21 civils tu\u00e9s dans l'attentat \u00e0 la bombe, 31 attaques recens\u00e9es au cours du weekend"},"content":{"rendered":"<p>\n             L'attentat \u00e0 la bombe sur une route de Colombie a tu\u00e9 21 personnes, toutes des civils, selon le dernier bilan lundi des autorit\u00e9s, qui ont recens\u00e9 au moins 31 attaques men\u00e9es au cours du weekend par une gu\u00e9rilla dans le sud-ouest du pays.\n<\/p>\n<p>\n            Quelque 56 personnes ont \u00e9t\u00e9 bless\u00e9es dans cet attentat qui a vis\u00e9, de mani\u00e8re encore inexpliqu\u00e9e par les autorit\u00e9s, des v\u00e9hicules sur la route Panam\u00e9ricaine reliant les villes de Cali et Popayan, dans le d\u00e9partement de Cauca, a pr\u00e9cis\u00e9 le ministre de la D\u00e9fense Pedro Sanchez sur les radios locales.\n<\/p>\n<p>\n            Au total depuis vendredi, 31 actions de la gu\u00e9rilla ont \u00e9t\u00e9 enregistr\u00e9es dans trois d\u00e9partements limitrophes, a indiqu\u00e9 \u00e0 l'AFP une porte-parole des forces arm\u00e9es.\n<\/p>\n<p>\n            Ces attaques sont attribu\u00e9es \u00e0 la principale dissidence des Forces arm\u00e9es r\u00e9volutionnaires de Colombie (Farc), qui n'a pas adh\u00e9r\u00e9 \u00e0 l'accord de paix de 2016 et s\u00e8me la terreur dans le pays sous la direction d'Ivan Mordisco, le criminel le plus recherch\u00e9 de Colombie.\n<\/p>\n<p>\n            La \"vague terroriste\" est une r\u00e9ponse aux op\u00e9rations militaires dans la zone, a assur\u00e9 le ministre Sanchez, qualifiant \"crimes de guerre\" cette gu\u00e9rilla qui se finance principalement par le trafic de coca\u00efne.\n<\/p>\n<p>\n            Le Cauca, qui compte de vastes \u00e9tendues de cultures illicites de coca, est l'un des d\u00e9partements les plus vis\u00e9s par l'offensive de la gu\u00e9rilla \u00e0 l'approche des \u00e9lections g\u00e9n\u00e9rales du 31 mai.\n<\/p>\n<p>\n            Les fun\u00e9railles de 11 des 21 civils tu\u00e9s seront c\u00e9l\u00e9br\u00e9es lundi.<\/p>\n","protected":false},"excerpt":{"rendered":"<p>L'attentat \u00e0 la bombe sur une route de Colombie a tu\u00e9 21 personnes, toutes des civils, selon le dernier bilan lundi des autorit\u00e9s, qui ont recens\u00e9 au moins 31 attaques men\u00e9es au cours du weekend par une gu\u00e9rilla dans le sud-ouest du pays. Quelque 56 personnes ont \u00e9t\u00e9 bless\u00e9es dans cet attentat qui a vis\u00e9, [&hellip;]<\/p>\n","protected":false},"author":60,"featured_media":0,"comment_status":"open","ping_status":"closed","sticky":false,"template":"","format":"standard","meta":{"_acf_changed":false,"footnotes":""},"categories":[2576],"tags":[],"ji_location":[],"class_list":["post-158481","post","type-post","status-publish","format-standard","hentry","category-fil-d-actualite"],"acf":[],"yoast_head":"<!-- This site is optimized with the Yoast SEO Premium plugin v25.3.1 (Yoast SEO v25.3.1) - https:\/\/yoast.com\/wordpress\/plugins\/seo\/ -->\n<title>Colombie : 21 civils tu\u00e9s dans l&#039;attentat \u00e0 la bombe, 31 attaques recens\u00e9es au cours du weekend - JusticeInfo.net<\/title>\n<meta name=\"robots\" content=\"index, follow, max-snippet:-1, max-image-preview:large, max-video-preview:-1\" \/>\n<link rel=\"canonical\" href=\"https:\/\/www.justiceinfo.net\/fr\/158481-colombie-21-civils-tues-dans-lattentat-a-la-bombe-31-attaques-recensees-au-cours-du-weekend.html\" \/>\n<meta property=\"og:locale\" content=\"fr_FR\" \/>\n<meta property=\"og:type\" content=\"article\" \/>\n<meta property=\"og:title\" content=\"Colombie : 21 civils tu\u00e9s dans l&#039;attentat \u00e0 la bombe, 31 attaques recens\u00e9es au cours du weekend\" \/>\n<meta property=\"og:description\" content=\"L&#039;attentat \u00e0 la bombe sur une route de Colombie a tu\u00e9 21 personnes, toutes des civils, selon le dernier bilan lundi des autorit\u00e9s, qui ont recens\u00e9 au moins 31 attaques men\u00e9es au cours du weekend par une gu\u00e9rilla dans le sud-ouest du pays. Quelque 56 personnes ont \u00e9t\u00e9 bless\u00e9es dans cet attentat qui a vis\u00e9, [&hellip;]\" \/>\n<meta property=\"og:url\" content=\"https:\/\/www.justiceinfo.net\/fr\/158481-colombie-21-civils-tues-dans-lattentat-a-la-bombe-31-attaques-recensees-au-cours-du-weekend.html\" \/>\n<meta property=\"og:site_name\" content=\"JusticeInfo.net\" \/>\n<meta property=\"article:publisher\" content=\"https:\/\/www.facebook.com\/JusticeInfo\/\" \/>\n<meta property=\"article:published_time\" content=\"2026-04-27T11:08:03+00:00\" \/>\n<meta property=\"og:image\" content=\"https:\/\/www.justiceinfo.net\/wp-content\/uploads\/JusticeInfoNet_logo_1200x630px.jpg\" \/>\n\t<meta property=\"og:image:width\" content=\"1200\" \/>\n\t<meta property=\"og:image:height\" content=\"630\" \/>\n\t<meta property=\"og:image:type\" content=\"image\/jpeg\" \/>\n<meta name=\"author\" content=\"afp\" \/>\n<meta name=\"twitter:card\" content=\"summary_large_image\" \/>\n<meta name=\"twitter:creator\" content=\"@justiceinfonet\" \/>\n<meta name=\"twitter:site\" content=\"@justiceinfonet\" \/>\n<meta name=\"twitter:label1\" content=\"\u00c9crit par\" \/>\n\t<meta name=\"twitter:data1\" content=\"afp\" \/>\n\t<meta name=\"twitter:label2\" content=\"Dur\u00e9e de lecture estim\u00e9e\" \/>\n\t<meta name=\"twitter:data2\" content=\"1 minute\" \/>\n<script type=\"application\/ld+json\" class=\"yoast-schema-graph\">{\"@context\":\"https:\/\/schema.org\",\"@graph\":[{\"@type\":\"NewsArticle\",\"@id\":\"https:\/\/www.justiceinfo.net\/fr\/158481-colombie-21-civils-tues-dans-lattentat-a-la-bombe-31-attaques-recensees-au-cours-du-weekend.html#article\",\"isPartOf\":{\"@id\":\"https:\/\/www.justiceinfo.net\/fr\/158481-colombie-21-civils-tues-dans-lattentat-a-la-bombe-31-attaques-recensees-au-cours-du-weekend.html\"},\"author\":{\"name\":\"afp\",\"@id\":\"https:\/\/www.justiceinfo.net\/fr#\/schema\/person\/713d340ef5f218fc36ce9b4244364a7f\"},\"headline\":\"Colombie : 21 civils tu\u00e9s dans l'attentat \u00e0 la bombe, 31 attaques recens\u00e9es au cours du weekend\",\"datePublished\":\"2026-04-27T11:08:03+00:00\",\"mainEntityOfPage\":{\"@id\":\"https:\/\/www.justiceinfo.net\/fr\/158481-colombie-21-civils-tues-dans-lattentat-a-la-bombe-31-attaques-recensees-au-cours-du-weekend.html\"},\"wordCount\":283,\"commentCount\":0,\"publisher\":{\"@id\":\"https:\/\/www.justiceinfo.net\/fr#organization\"},\"articleSection\":[\"Fil d'info AFP\"],\"inLanguage\":\"fr-FR\",\"potentialAction\":[{\"@type\":\"CommentAction\",\"name\":\"Comment\",\"target\":[\"https:\/\/www.justiceinfo.net\/fr\/158481-colombie-21-civils-tues-dans-lattentat-a-la-bombe-31-attaques-recensees-au-cours-du-weekend.html#respond\"]}]},{\"@type\":\"WebPage\",\"@id\":\"https:\/\/www.justiceinfo.net\/fr\/158481-colombie-21-civils-tues-dans-lattentat-a-la-bombe-31-attaques-recensees-au-cours-du-weekend.html\",\"url\":\"https:\/\/www.justiceinfo.net\/fr\/158481-colombie-21-civils-tues-dans-lattentat-a-la-bombe-31-attaques-recensees-au-cours-du-weekend.html\",\"name\":\"Colombie : 21 civils tu\u00e9s dans l'attentat \u00e0 la bombe, 31 attaques recens\u00e9es au cours du weekend - JusticeInfo.net\",\"isPartOf\":{\"@id\":\"https:\/\/www.justiceinfo.net\/fr#website\"},\"datePublished\":\"2026-04-27T11:08:03+00:00\",\"breadcrumb\":{\"@id\":\"https:\/\/www.justiceinfo.net\/fr\/158481-colombie-21-civils-tues-dans-lattentat-a-la-bombe-31-attaques-recensees-au-cours-du-weekend.html#breadcrumb\"},\"inLanguage\":\"fr-FR\",\"potentialAction\":[{\"@type\":\"ReadAction\",\"target\":[\"https:\/\/www.justiceinfo.net\/fr\/158481-colombie-21-civils-tues-dans-lattentat-a-la-bombe-31-attaques-recensees-au-cours-du-weekend.html\"]}]},{\"@type\":\"BreadcrumbList\",\"@id\":\"https:\/\/www.justiceinfo.net\/fr\/158481-colombie-21-civils-tues-dans-lattentat-a-la-bombe-31-attaques-recensees-au-cours-du-weekend.html#breadcrumb\",\"itemListElement\":[{\"@type\":\"ListItem\",\"position\":1,\"name\":\"Home\",\"item\":\"https:\/\/www.justiceinfo.net\/fr\"},{\"@type\":\"ListItem\",\"position\":2,\"name\":\"Colombie : 21 civils tu\u00e9s dans l'attentat \u00e0 la bombe, 31 attaques recens\u00e9es au cours du weekend\"}]},{\"@type\":\"WebSite\",\"@id\":\"https:\/\/www.justiceinfo.net\/fr#website\",\"url\":\"https:\/\/www.justiceinfo.net\/fr\",\"name\":\"JusticeInfo.net\",\"description\":\"La justice doit \u00eatre vue pour \u00eatre rendue\",\"publisher\":{\"@id\":\"https:\/\/www.justiceinfo.net\/fr#organization\"},\"potentialAction\":[{\"@type\":\"SearchAction\",\"target\":{\"@type\":\"EntryPoint\",\"urlTemplate\":\"https:\/\/www.justiceinfo.net\/fr?s={search_term_string}\"},\"query-input\":{\"@type\":\"PropertyValueSpecification\",\"valueRequired\":true,\"valueName\":\"search_term_string\"}}],\"inLanguage\":\"fr-FR\"},{\"@type\":\"Organization\",\"@id\":\"https:\/\/www.justiceinfo.net\/fr#organization\",\"name\":\"Justice Info\",\"url\":\"https:\/\/www.justiceinfo.net\/fr\",\"logo\":{\"@type\":\"ImageObject\",\"inLanguage\":\"fr-FR\",\"@id\":\"https:\/\/www.justiceinfo.net\/fr#\/schema\/logo\/image\/\",\"url\":\"https:\/\/www.justiceinfo.net\/wp-content\/uploads\/justiceinfo_logo-trans_1200x1200px.png\",\"contentUrl\":\"https:\/\/www.justiceinfo.net\/wp-content\/uploads\/justiceinfo_logo-trans_1200x1200px.png\",\"width\":1199,\"height\":1200,\"caption\":\"Justice Info\"},\"image\":{\"@id\":\"https:\/\/www.justiceinfo.net\/fr#\/schema\/logo\/image\/\"},\"sameAs\":[\"https:\/\/www.facebook.com\/JusticeInfo\/\",\"https:\/\/x.com\/justiceinfonet\",\"https:\/\/www.linkedin.com\/company\/justice-info\",\"https:\/\/www.youtube.com\/channel\/UCyCEsARodyuWtkWyhn-e7pA\"]},{\"@type\":\"Person\",\"name\":\"afp\",\"url\":\"\/fr\/?s=afp\"}]}<\/script>\n<!-- \/ Yoast SEO Premium plugin. -->","yoast_head_json":{"title":"Colombie : 21 civils tu\u00e9s dans l'attentat \u00e0 la bombe, 31 attaques recens\u00e9es au cours du weekend - JusticeInfo.net","robots":{"index":"index","follow":"follow","max-snippet":"max-snippet:-1","max-image-preview":"max-image-preview:large","max-video-preview":"max-video-preview:-1"},"canonical":"https:\/\/www.justiceinfo.net\/fr\/158481-colombie-21-civils-tues-dans-lattentat-a-la-bombe-31-attaques-recensees-au-cours-du-weekend.html","og_locale":"fr_FR","og_type":"article","og_title":"Colombie : 21 civils tu\u00e9s dans l'attentat \u00e0 la bombe, 31 attaques recens\u00e9es au cours du weekend","og_description":"L'attentat \u00e0 la bombe sur une route de Colombie a tu\u00e9 21 personnes, toutes des civils, selon le dernier bilan lundi des autorit\u00e9s, qui ont recens\u00e9 au moins 31 attaques men\u00e9es au cours du weekend par une gu\u00e9rilla dans le sud-ouest du pays. Quelque 56 personnes ont \u00e9t\u00e9 bless\u00e9es dans cet attentat qui a vis\u00e9, [&hellip;]","og_url":"https:\/\/www.justiceinfo.net\/fr\/158481-colombie-21-civils-tues-dans-lattentat-a-la-bombe-31-attaques-recensees-au-cours-du-weekend.html","og_site_name":"JusticeInfo.net","article_publisher":"https:\/\/www.facebook.com\/JusticeInfo\/","article_published_time":"2026-04-27T11:08:03+00:00","og_image":[{"width":1200,"height":630,"url":"https:\/\/www.justiceinfo.net\/wp-content\/uploads\/JusticeInfoNet_logo_1200x630px.jpg","type":"image\/jpeg"}],"author":"afp","twitter_card":"summary_large_image","twitter_creator":"@justiceinfonet","twitter_site":"@justiceinfonet","twitter_misc":{"\u00c9crit par":"afp","Dur\u00e9e de lecture estim\u00e9e":"1 minute"},"schema":{"@context":"https:\/\/schema.org","@graph":[{"@type":"NewsArticle","@id":"https:\/\/www.justiceinfo.net\/fr\/158481-colombie-21-civils-tues-dans-lattentat-a-la-bombe-31-attaques-recensees-au-cours-du-weekend.html#article","isPartOf":{"@id":"https:\/\/www.justiceinfo.net\/fr\/158481-colombie-21-civils-tues-dans-lattentat-a-la-bombe-31-attaques-recensees-au-cours-du-weekend.html"},"author":{"name":"afp","@id":"https:\/\/www.justiceinfo.net\/fr#\/schema\/person\/713d340ef5f218fc36ce9b4244364a7f"},"headline":"Colombie : 21 civils tu\u00e9s dans l'attentat \u00e0 la bombe, 31 attaques recens\u00e9es au cours du weekend","datePublished":"2026-04-27T11:08:03+00:00","mainEntityOfPage":{"@id":"https:\/\/www.justiceinfo.net\/fr\/158481-colombie-21-civils-tues-dans-lattentat-a-la-bombe-31-attaques-recensees-au-cours-du-weekend.html"},"wordCount":283,"commentCount":0,"publisher":{"@id":"https:\/\/www.justiceinfo.net\/fr#organization"},"articleSection":["Fil d'info AFP"],"inLanguage":"fr-FR","potentialAction":[{"@type":"CommentAction","name":"Comment","target":["https:\/\/www.justiceinfo.net\/fr\/158481-colombie-21-civils-tues-dans-lattentat-a-la-bombe-31-attaques-recensees-au-cours-du-weekend.html#respond"]}]},{"@type":"WebPage","@id":"https:\/\/www.justiceinfo.net\/fr\/158481-colombie-21-civils-tues-dans-lattentat-a-la-bombe-31-attaques-recensees-au-cours-du-weekend.html","url":"https:\/\/www.justiceinfo.net\/fr\/158481-colombie-21-civils-tues-dans-lattentat-a-la-bombe-31-attaques-recensees-au-cours-du-weekend.html","name":"Colombie : 21 civils tu\u00e9s dans l'attentat \u00e0 la bombe, 31 attaques recens\u00e9es au cours du weekend - JusticeInfo.net","isPartOf":{"@id":"https:\/\/www.justiceinfo.net\/fr#website"},"datePublished":"2026-04-27T11:08:03+00:00","breadcrumb":{"@id":"https:\/\/www.justiceinfo.net\/fr\/158481-colombie-21-civils-tues-dans-lattentat-a-la-bombe-31-attaques-recensees-au-cours-du-weekend.html#breadcrumb"},"inLanguage":"fr-FR","potentialAction":[{"@type":"ReadAction","target":["https:\/\/www.justiceinfo.net\/fr\/158481-colombie-21-civils-tues-dans-lattentat-a-la-bombe-31-attaques-recensees-au-cours-du-weekend.html"]}]},{"@type":"BreadcrumbList","@id":"https:\/\/www.justiceinfo.net\/fr\/158481-colombie-21-civils-tues-dans-lattentat-a-la-bombe-31-attaques-recensees-au-cours-du-weekend.html#breadcrumb","itemListElement":[{"@type":"ListItem","position":1,"name":"Home","item":"https:\/\/www.justiceinfo.net\/fr"},{"@type":"ListItem","position":2,"name":"Colombie : 21 civils tu\u00e9s dans l'attentat \u00e0 la bombe, 31 attaques recens\u00e9es au cours du weekend"}]},{"@type":"WebSite","@id":"https:\/\/www.justiceinfo.net\/fr#website","url":"https:\/\/www.justiceinfo.net\/fr","name":"JusticeInfo.net","description":"La justice doit \u00eatre vue pour \u00eatre rendue","publisher":{"@id":"https:\/\/www.justiceinfo.net\/fr#organization"},"potentialAction":[{"@type":"SearchAction","target":{"@type":"EntryPoint","urlTemplate":"https:\/\/www.justiceinfo.net\/fr?s={search_term_string}"},"query-input":{"@type":"PropertyValueSpecification","valueRequired":true,"valueName":"search_term_string"}}],"inLanguage":"fr-FR"},{"@type":"Organization","@id":"https:\/\/www.justiceinfo.net\/fr#organization","name":"Justice Info","url":"https:\/\/www.justiceinfo.net\/fr","logo":{"@type":"ImageObject","inLanguage":"fr-FR","@id":"https:\/\/www.justiceinfo.net\/fr#\/schema\/logo\/image\/","url":"https:\/\/www.justiceinfo.net\/wp-content\/uploads\/justiceinfo_logo-trans_1200x1200px.png","contentUrl":"https:\/\/www.justiceinfo.net\/wp-content\/uploads\/justiceinfo_logo-trans_1200x1200px.png","width":1199,"height":1200,"caption":"Justice Info"},"image":{"@id":"https:\/\/www.justiceinfo.net\/fr#\/schema\/logo\/image\/"},"sameAs":["https:\/\/www.facebook.com\/JusticeInfo\/","https:\/\/x.com\/justiceinfonet","https:\/\/www.linkedin.com\/company\/justice-info","https:\/\/www.youtube.com\/channel\/UCyCEsARodyuWtkWyhn-e7pA"]},{"@type":"Person","name":"afp","url":"\/fr\/?s=afp"}]}},"_links":{"self":[{"href":"https:\/\/www.justiceinfo.net\/fr\/wp-json\/wp\/v2\/posts\/158481","targetHints":{"allow":["GET"]}}],"collection":[{"href":"https:\/\/www.justiceinfo.net\/fr\/wp-json\/wp\/v2\/posts"}],"about":[{"href":"https:\/\/www.justiceinfo.net\/fr\/wp-json\/wp\/v2\/types\/post"}],"author":[{"embeddable":true,"href":"https:\/\/www.justiceinfo.net\/fr\/wp-json\/wp\/v2\/users\/60"}],"replies":[{"embeddable":true,"href":"https:\/\/www.justiceinfo.net\/fr\/wp-json\/wp\/v2\/comments?post=158481"}],"version-history":[{"count":0,"href":"https:\/\/www.justiceinfo.net\/fr\/wp-json\/wp\/v2\/posts\/158481\/revisions"}],"wp:attachment":[{"href":"https:\/\/www.justiceinfo.net\/fr\/wp-json\/wp\/v2\/media?parent=158481"}],"wp:term":[{"taxonomy":"category","embeddable":true,"href":"https:\/\/www.justiceinfo.net\/fr\/wp-json\/wp\/v2\/categories?post=158481"},{"taxonomy":"post_tag","embeddable":true,"href":"https:\/\/www.justiceinfo.net\/fr\/wp-json\/wp\/v2\/tags?post=158481"},{"taxonomy":"ji_location","embeddable":true,"href":"https:\/\/www.justiceinfo.net\/fr\/wp-json\/wp\/v2\/ji_location?post=158481"}],"curies":[{"name":"wp","href":"https:\/\/api.w.org\/{rel}","templated":true}]}}