{"id":158495,"date":"2026-04-28T01:48:03","date_gmt":"2026-04-27T16:58:03","guid":{"rendered":"https:\/\/www.justiceinfo.net\/158495-colombie-assez-de-violence-assez-de-morts-exhortent-les-proches-des-21-civils-tues-dans-un-attentat.html"},"modified":"2026-04-28T05:50:03","modified_gmt":"2026-04-28T03:50:03","slug":"colombie-assez-de-violence-assez-de-morts-exhortent-les-proches-des-21-civils-tues-dans-un-attentat","status":"publish","type":"post","link":"https:\/\/www.justiceinfo.net\/fr\/158495-colombie-assez-de-violence-assez-de-morts-exhortent-les-proches-des-21-civils-tues-dans-un-attentat.html","title":{"rendered":"Colombie: \"Assez de violence, assez de morts\", exhortent les proches des 21 civils tu\u00e9s dans un attentat"},"content":{"rendered":"<p>\n             \"Assez de violence, assez de morts\", se lamente Joao Valencia, 42 ans, proche d'un des 21 civils tu\u00e9s samedi dans un attentat \u00e0 la bombe attribu\u00e9 \u00e0 une gu\u00e9rilla dans le sud-ouest de la Colombie, au cours de fun\u00e9railles c\u00e9l\u00e9br\u00e9es lundi \u00e0 Cajibio, proche du lieu de l'explosion.\n<\/p>\n<p>\n            Des centaines de personnes v\u00eatues de blanc, agitant des drapeaux ou des carr\u00e9s de papier immacul\u00e9s, se sont r\u00e9unies pour porter en terre six cercueils b\u00e9nis par un pr\u00eatre, a constat\u00e9 l'AFP.\n<\/p>\n<p>\n            L'une des banderoles brandies appelle au \"respect de la vie, du territoire et (au) droit \u00e0 vivre en paix\". \"Assez d'innocents tomb\u00e9s dans cette guerre si absurde\", clame une autre, tandis que des photos des d\u00e9funts, majoritairement des m\u00e8res de famille, \u00e9taient exhib\u00e9es par leurs proches \u00e9plor\u00e9s.\n<\/p>\n<p>\n            \"Je ne veux pas qu'on nous entra\u00eene dans ces guerres\", d\u00e9clare \u00e0 l'AFP, au bord des larmes, Angela Puliche, une habitante de la Pedregosa, petite ville d'o\u00f9 \u00e9taient originaires 12 des victimes. Son p\u00e8re \u00e9tait le chauffeur du bus qui a \u00e9t\u00e9 d\u00e9truit lors de l'attaque.\n<\/p>\n<p>\n            Ces victimes civiles ont \u00e9t\u00e9 frapp\u00e9es par une bombe de forte intensit\u00e9 pendant qu'elles circulaient sur la route Panam\u00e9ricaine reliant les villes de Cali et de Popayan, dans le d\u00e9partement du Cauca.\n<\/p>\n<p>\n            Les autorit\u00e9s attribuent l'attentat \u00e0 l'EMC (Etat-major central), la principale dissidence des Forces arm\u00e9es r\u00e9volutionnaires de Colombie (Farc), qui n'a pas adh\u00e9r\u00e9 \u00e0 l'accord de paix de 2016 et s\u00e8me la terreur en Colombie sous la direction d'Ivan Mordisco, le criminel le plus recherch\u00e9 de ce pays.\n<\/p>\n<p>\n            L'arm\u00e9e soup\u00e7onne les rebelles d'avoir mis en place un barrage routier pour attirer les forces de l'ordre et leur tendre une embuscade \u00e0 l'aide d'explosifs, a indiqu\u00e9 une source militaire \u00e0 l'AFP.\n<\/p>\n<p>\n            C'est l'attentat le plus mortel contre des civils depuis l'explosion de la voiture pi\u00e9g\u00e9e ayant fait 36 morts qui avait cibl\u00e9 en 2003 le club El Nogal, un lieu de rassemblement de la haute soci\u00e9t\u00e9 de Bogota, attribu\u00e9e aux Farc, aujourd'hui dissoutes.\n<\/p>\n<p>\n            - 31 attaques -\n<\/p>\n<p>\n            Quelque 56 personnes ont \u00e9t\u00e9 bless\u00e9es dans l'attentat de samedi et, depuis vendredi, 31 actions attribu\u00e9es \u00e0 la gu\u00e9rilla ont \u00e9t\u00e9 enregistr\u00e9es au total dans trois d\u00e9partements limitrophes, a dit \u00e0 l'AFP une porte-parole des forces arm\u00e9es.\n<\/p>\n<p>\n            La s\u00e9natrice Paloma Valencia, candidate du parti de l'ex-pr\u00e9sident de droite Alvaro Uribe (2002-2010), a d\u00e9nonc\u00e9 lundi un projet d'assassinat la visant ourdi par des dissidents d'Ivan Mordisco.\n<\/p>\n<p>\n            Le gouvernement a \"laiss\u00e9 la violence prosp\u00e9rer\", avait-elle plus t\u00f4t d\u00e9plor\u00e9.\n<\/p>\n<p>\n            \"Il ne s'agit pas d'actes isol\u00e9s mais d'une strat\u00e9gie visant \u00e0 d\u00e9stabiliser le gouvernement de Petro\", avait de son c\u00f4t\u00e9 jug\u00e9 l'avocat et candidat d'extr\u00eame droite \u00e0 la pr\u00e9sidentielle Abelardo de la Espriella.\n<\/p>\n<p>\n            Tous deux talonnent l'h\u00e9ritier politique de Gustavo Petro et favori des sondages, Ivan Cepeda, qui pointe des \u00e9v\u00e9nements g\u00e9n\u00e9rant \"un climat de peur favorisant les int\u00e9r\u00eats de secteurs d'extr\u00eame droite\".\n<\/p>\n<p>\n            Cette \"vague terroriste\", \u00e0 l'approche de l'\u00e9lection pr\u00e9sidentielle du 31 mai, est une r\u00e9ponse aux op\u00e9rations militaires dans la zone, a assur\u00e9 le ministre de la D\u00e9fense Pedro Sanchez, accusant de \"crimes de guerre\" l'EMC, qui se finance principalement par le trafic de coca\u00efne.\n<\/p>\n<p>\n            L'offensive s'est poursuivie lundi. A Jamundi, dans le d\u00e9partement de Valle del Cauca, des militaires ont retrouv\u00e9 un camion charg\u00e9 de poulets enti\u00e8rement calcin\u00e9, a constat\u00e9 un journaliste de l'AFP. A l'aube, dans une zone de culture de coca du Cauca voisin, une camionnette charg\u00e9e d'explosifs a saut\u00e9 sans faire de victimes, selon des m\u00e9dias locaux.\n<\/p>\n<p>\n            - \"Terroristes\" -\n<\/p>\n<p>\n            Le Cauca est l'un des d\u00e9partements les plus vis\u00e9s par les attaques de la gu\u00e9rilla \u00e0 l'approche du scrutin.\n<\/p>\n<p>\n            Pour Laura Bonilla, directrice adjointe de la Fondation Paix et R\u00e9conciliation, ces attaques s'inscrivent dans une strat\u00e9gie \"d'ins\u00e9curit\u00e9 et de d\u00e9stabilisation\" destin\u00e9e \u00e0 maintenir le \"contr\u00f4le sur la population civile\".\n<\/p>\n<p>\n            Le pr\u00e9sident Gustavo Petro a qualifi\u00e9 les rebelles de \"terroristes\" et ordonn\u00e9 une intensification des op\u00e9rations pour les neutraliser.\n<\/p>\n<p>\n            Depuis son investiture en 2022, le premier pr\u00e9sident de gauche de l'histoire de la Colombie a tent\u00e9, sans succ\u00e8s, de n\u00e9gocier la paix avec les principales organisations arm\u00e9es, qui se sont au contraire renforc\u00e9es.\n<\/p>\n<p>\n            Leurs effectifs ont doubl\u00e9 en dix ans pour atteindre 27.000 combattants, selon Gerson Arias, chercheur \u00e0 la Fondation Id\u00e9es pour la Paix.\n<\/p>\n<p>\n            Depuis l'accord de paix de 2016, divers groupes criminels se disputent les revenus du trafic de drogue, de l'extraction mini\u00e8re ill\u00e9gale et de l'extorsion, un ph\u00e9nom\u00e8ne que \"la paix totale (voulue par M. Petro) n'a pas r\u00e9ussi \u00e0 endiguer\", selon Elizabeth Dickinson, directrice pour l'Am\u00e9rique latine d'International Crisis Group.<\/p>\n","protected":false},"excerpt":{"rendered":"<p>\"Assez de violence, assez de morts\", se lamente Joao Valencia, 42 ans, proche d'un des 21 civils tu\u00e9s samedi dans un attentat \u00e0 la bombe attribu\u00e9 \u00e0 une gu\u00e9rilla dans le sud-ouest de la Colombie, au cours de fun\u00e9railles c\u00e9l\u00e9br\u00e9es lundi \u00e0 Cajibio, proche du lieu de l'explosion. Des centaines de personnes v\u00eatues de blanc, [&hellip;]<\/p>\n","protected":false},"author":60,"featured_media":0,"comment_status":"open","ping_status":"closed","sticky":false,"template":"","format":"standard","meta":{"_acf_changed":false,"footnotes":""},"categories":[2576],"tags":[],"ji_location":[],"class_list":["post-158495","post","type-post","status-publish","format-standard","hentry","category-fil-d-actualite"],"acf":[],"yoast_head":"<!-- This site is optimized with the Yoast SEO Premium plugin v25.3.1 (Yoast SEO v25.3.1) - https:\/\/yoast.com\/wordpress\/plugins\/seo\/ -->\n<title>Colombie: &quot;Assez de violence, assez de morts&quot;, exhortent les proches des 21 civils tu\u00e9s dans un attentat - JusticeInfo.net<\/title>\n<meta name=\"robots\" content=\"index, follow, max-snippet:-1, max-image-preview:large, max-video-preview:-1\" \/>\n<link rel=\"canonical\" href=\"https:\/\/www.justiceinfo.net\/fr\/158495-colombie-assez-de-violence-assez-de-morts-exhortent-les-proches-des-21-civils-tues-dans-un-attentat.html\" \/>\n<meta property=\"og:locale\" content=\"fr_FR\" \/>\n<meta property=\"og:type\" content=\"article\" \/>\n<meta property=\"og:title\" content=\"Colombie: &quot;Assez de violence, assez de morts&quot;, exhortent les proches des 21 civils tu\u00e9s dans un attentat\" \/>\n<meta property=\"og:description\" content=\"&quot;Assez de violence, assez de morts&quot;, se lamente Joao Valencia, 42 ans, proche d&#039;un des 21 civils tu\u00e9s samedi dans un attentat \u00e0 la bombe attribu\u00e9 \u00e0 une gu\u00e9rilla dans le sud-ouest de la Colombie, au cours de fun\u00e9railles c\u00e9l\u00e9br\u00e9es lundi \u00e0 Cajibio, proche du lieu de l&#039;explosion. Des centaines de personnes v\u00eatues de blanc, [&hellip;]\" \/>\n<meta property=\"og:url\" content=\"https:\/\/www.justiceinfo.net\/fr\/158495-colombie-assez-de-violence-assez-de-morts-exhortent-les-proches-des-21-civils-tues-dans-un-attentat.html\" \/>\n<meta property=\"og:site_name\" content=\"JusticeInfo.net\" \/>\n<meta property=\"article:publisher\" content=\"https:\/\/www.facebook.com\/JusticeInfo\/\" \/>\n<meta property=\"article:published_time\" content=\"2026-04-27T16:58:03+00:00\" \/>\n<meta property=\"article:modified_time\" content=\"2026-04-28T03:50:03+00:00\" \/>\n<meta property=\"og:image\" content=\"https:\/\/www.justiceinfo.net\/wp-content\/uploads\/JusticeInfoNet_logo_1200x630px.jpg\" \/>\n\t<meta property=\"og:image:width\" content=\"1200\" \/>\n\t<meta property=\"og:image:height\" content=\"630\" \/>\n\t<meta property=\"og:image:type\" content=\"image\/jpeg\" \/>\n<meta name=\"author\" content=\"afp\" \/>\n<meta name=\"twitter:card\" content=\"summary_large_image\" \/>\n<meta name=\"twitter:creator\" content=\"@justiceinfonet\" \/>\n<meta name=\"twitter:site\" content=\"@justiceinfonet\" \/>\n<meta name=\"twitter:label1\" content=\"\u00c9crit par\" \/>\n\t<meta name=\"twitter:data1\" content=\"afp\" \/>\n\t<meta name=\"twitter:label2\" content=\"Dur\u00e9e de lecture estim\u00e9e\" \/>\n\t<meta name=\"twitter:data2\" content=\"4 minutes\" \/>\n<script type=\"application\/ld+json\" class=\"yoast-schema-graph\">{\"@context\":\"https:\/\/schema.org\",\"@graph\":[{\"@type\":\"NewsArticle\",\"@id\":\"https:\/\/www.justiceinfo.net\/fr\/158495-colombie-assez-de-violence-assez-de-morts-exhortent-les-proches-des-21-civils-tues-dans-un-attentat.html#article\",\"isPartOf\":{\"@id\":\"https:\/\/www.justiceinfo.net\/fr\/158495-colombie-assez-de-violence-assez-de-morts-exhortent-les-proches-des-21-civils-tues-dans-un-attentat.html\"},\"author\":{\"name\":\"afp\",\"@id\":\"https:\/\/www.justiceinfo.net\/fr#\/schema\/person\/713d340ef5f218fc36ce9b4244364a7f\"},\"headline\":\"Colombie: \\\"Assez de violence, assez de morts\\\", exhortent les proches des 21 civils tu\u00e9s dans un attentat\",\"datePublished\":\"2026-04-27T16:58:03+00:00\",\"dateModified\":\"2026-04-28T03:50:03+00:00\",\"mainEntityOfPage\":{\"@id\":\"https:\/\/www.justiceinfo.net\/fr\/158495-colombie-assez-de-violence-assez-de-morts-exhortent-les-proches-des-21-civils-tues-dans-un-attentat.html\"},\"wordCount\":879,\"commentCount\":0,\"publisher\":{\"@id\":\"https:\/\/www.justiceinfo.net\/fr#organization\"},\"articleSection\":[\"Fil d'info AFP\"],\"inLanguage\":\"fr-FR\",\"potentialAction\":[{\"@type\":\"CommentAction\",\"name\":\"Comment\",\"target\":[\"https:\/\/www.justiceinfo.net\/fr\/158495-colombie-assez-de-violence-assez-de-morts-exhortent-les-proches-des-21-civils-tues-dans-un-attentat.html#respond\"]}]},{\"@type\":\"WebPage\",\"@id\":\"https:\/\/www.justiceinfo.net\/fr\/158495-colombie-assez-de-violence-assez-de-morts-exhortent-les-proches-des-21-civils-tues-dans-un-attentat.html\",\"url\":\"https:\/\/www.justiceinfo.net\/fr\/158495-colombie-assez-de-violence-assez-de-morts-exhortent-les-proches-des-21-civils-tues-dans-un-attentat.html\",\"name\":\"Colombie: \\\"Assez de violence, assez de morts\\\", exhortent les proches des 21 civils tu\u00e9s dans un attentat - JusticeInfo.net\",\"isPartOf\":{\"@id\":\"https:\/\/www.justiceinfo.net\/fr#website\"},\"datePublished\":\"2026-04-27T16:58:03+00:00\",\"dateModified\":\"2026-04-28T03:50:03+00:00\",\"breadcrumb\":{\"@id\":\"https:\/\/www.justiceinfo.net\/fr\/158495-colombie-assez-de-violence-assez-de-morts-exhortent-les-proches-des-21-civils-tues-dans-un-attentat.html#breadcrumb\"},\"inLanguage\":\"fr-FR\",\"potentialAction\":[{\"@type\":\"ReadAction\",\"target\":[\"https:\/\/www.justiceinfo.net\/fr\/158495-colombie-assez-de-violence-assez-de-morts-exhortent-les-proches-des-21-civils-tues-dans-un-attentat.html\"]}]},{\"@type\":\"BreadcrumbList\",\"@id\":\"https:\/\/www.justiceinfo.net\/fr\/158495-colombie-assez-de-violence-assez-de-morts-exhortent-les-proches-des-21-civils-tues-dans-un-attentat.html#breadcrumb\",\"itemListElement\":[{\"@type\":\"ListItem\",\"position\":1,\"name\":\"Home\",\"item\":\"https:\/\/www.justiceinfo.net\/fr\"},{\"@type\":\"ListItem\",\"position\":2,\"name\":\"Colombie: \\\"Assez de violence, assez de morts\\\", exhortent les proches des 21 civils tu\u00e9s dans un attentat\"}]},{\"@type\":\"WebSite\",\"@id\":\"https:\/\/www.justiceinfo.net\/fr#website\",\"url\":\"https:\/\/www.justiceinfo.net\/fr\",\"name\":\"JusticeInfo.net\",\"description\":\"La justice doit \u00eatre vue pour \u00eatre rendue\",\"publisher\":{\"@id\":\"https:\/\/www.justiceinfo.net\/fr#organization\"},\"potentialAction\":[{\"@type\":\"SearchAction\",\"target\":{\"@type\":\"EntryPoint\",\"urlTemplate\":\"https:\/\/www.justiceinfo.net\/fr?s={search_term_string}\"},\"query-input\":{\"@type\":\"PropertyValueSpecification\",\"valueRequired\":true,\"valueName\":\"search_term_string\"}}],\"inLanguage\":\"fr-FR\"},{\"@type\":\"Organization\",\"@id\":\"https:\/\/www.justiceinfo.net\/fr#organization\",\"name\":\"Justice Info\",\"url\":\"https:\/\/www.justiceinfo.net\/fr\",\"logo\":{\"@type\":\"ImageObject\",\"inLanguage\":\"fr-FR\",\"@id\":\"https:\/\/www.justiceinfo.net\/fr#\/schema\/logo\/image\/\",\"url\":\"https:\/\/www.justiceinfo.net\/wp-content\/uploads\/justiceinfo_logo-trans_1200x1200px.png\",\"contentUrl\":\"https:\/\/www.justiceinfo.net\/wp-content\/uploads\/justiceinfo_logo-trans_1200x1200px.png\",\"width\":1199,\"height\":1200,\"caption\":\"Justice Info\"},\"image\":{\"@id\":\"https:\/\/www.justiceinfo.net\/fr#\/schema\/logo\/image\/\"},\"sameAs\":[\"https:\/\/www.facebook.com\/JusticeInfo\/\",\"https:\/\/x.com\/justiceinfonet\",\"https:\/\/www.linkedin.com\/company\/justice-info\",\"https:\/\/www.youtube.com\/channel\/UCyCEsARodyuWtkWyhn-e7pA\"]},{\"@type\":\"Person\",\"name\":\"afp\",\"url\":\"\/fr\/?s=afp\"}]}<\/script>\n<!-- \/ Yoast SEO Premium plugin. -->","yoast_head_json":{"title":"Colombie: \"Assez de violence, assez de morts\", exhortent les proches des 21 civils tu\u00e9s dans un attentat - JusticeInfo.net","robots":{"index":"index","follow":"follow","max-snippet":"max-snippet:-1","max-image-preview":"max-image-preview:large","max-video-preview":"max-video-preview:-1"},"canonical":"https:\/\/www.justiceinfo.net\/fr\/158495-colombie-assez-de-violence-assez-de-morts-exhortent-les-proches-des-21-civils-tues-dans-un-attentat.html","og_locale":"fr_FR","og_type":"article","og_title":"Colombie: \"Assez de violence, assez de morts\", exhortent les proches des 21 civils tu\u00e9s dans un attentat","og_description":"\"Assez de violence, assez de morts\", se lamente Joao Valencia, 42 ans, proche d'un des 21 civils tu\u00e9s samedi dans un attentat \u00e0 la bombe attribu\u00e9 \u00e0 une gu\u00e9rilla dans le sud-ouest de la Colombie, au cours de fun\u00e9railles c\u00e9l\u00e9br\u00e9es lundi \u00e0 Cajibio, proche du lieu de l'explosion. Des centaines de personnes v\u00eatues de blanc, [&hellip;]","og_url":"https:\/\/www.justiceinfo.net\/fr\/158495-colombie-assez-de-violence-assez-de-morts-exhortent-les-proches-des-21-civils-tues-dans-un-attentat.html","og_site_name":"JusticeInfo.net","article_publisher":"https:\/\/www.facebook.com\/JusticeInfo\/","article_published_time":"2026-04-27T16:58:03+00:00","article_modified_time":"2026-04-28T03:50:03+00:00","og_image":[{"width":1200,"height":630,"url":"https:\/\/www.justiceinfo.net\/wp-content\/uploads\/JusticeInfoNet_logo_1200x630px.jpg","type":"image\/jpeg"}],"author":"afp","twitter_card":"summary_large_image","twitter_creator":"@justiceinfonet","twitter_site":"@justiceinfonet","twitter_misc":{"\u00c9crit par":"afp","Dur\u00e9e de lecture estim\u00e9e":"4 minutes"},"schema":{"@context":"https:\/\/schema.org","@graph":[{"@type":"NewsArticle","@id":"https:\/\/www.justiceinfo.net\/fr\/158495-colombie-assez-de-violence-assez-de-morts-exhortent-les-proches-des-21-civils-tues-dans-un-attentat.html#article","isPartOf":{"@id":"https:\/\/www.justiceinfo.net\/fr\/158495-colombie-assez-de-violence-assez-de-morts-exhortent-les-proches-des-21-civils-tues-dans-un-attentat.html"},"author":{"name":"afp","@id":"https:\/\/www.justiceinfo.net\/fr#\/schema\/person\/713d340ef5f218fc36ce9b4244364a7f"},"headline":"Colombie: \"Assez de violence, assez de morts\", exhortent les proches des 21 civils tu\u00e9s dans un attentat","datePublished":"2026-04-27T16:58:03+00:00","dateModified":"2026-04-28T03:50:03+00:00","mainEntityOfPage":{"@id":"https:\/\/www.justiceinfo.net\/fr\/158495-colombie-assez-de-violence-assez-de-morts-exhortent-les-proches-des-21-civils-tues-dans-un-attentat.html"},"wordCount":879,"commentCount":0,"publisher":{"@id":"https:\/\/www.justiceinfo.net\/fr#organization"},"articleSection":["Fil d'info AFP"],"inLanguage":"fr-FR","potentialAction":[{"@type":"CommentAction","name":"Comment","target":["https:\/\/www.justiceinfo.net\/fr\/158495-colombie-assez-de-violence-assez-de-morts-exhortent-les-proches-des-21-civils-tues-dans-un-attentat.html#respond"]}]},{"@type":"WebPage","@id":"https:\/\/www.justiceinfo.net\/fr\/158495-colombie-assez-de-violence-assez-de-morts-exhortent-les-proches-des-21-civils-tues-dans-un-attentat.html","url":"https:\/\/www.justiceinfo.net\/fr\/158495-colombie-assez-de-violence-assez-de-morts-exhortent-les-proches-des-21-civils-tues-dans-un-attentat.html","name":"Colombie: \"Assez de violence, assez de morts\", exhortent les proches des 21 civils tu\u00e9s dans un attentat - JusticeInfo.net","isPartOf":{"@id":"https:\/\/www.justiceinfo.net\/fr#website"},"datePublished":"2026-04-27T16:58:03+00:00","dateModified":"2026-04-28T03:50:03+00:00","breadcrumb":{"@id":"https:\/\/www.justiceinfo.net\/fr\/158495-colombie-assez-de-violence-assez-de-morts-exhortent-les-proches-des-21-civils-tues-dans-un-attentat.html#breadcrumb"},"inLanguage":"fr-FR","potentialAction":[{"@type":"ReadAction","target":["https:\/\/www.justiceinfo.net\/fr\/158495-colombie-assez-de-violence-assez-de-morts-exhortent-les-proches-des-21-civils-tues-dans-un-attentat.html"]}]},{"@type":"BreadcrumbList","@id":"https:\/\/www.justiceinfo.net\/fr\/158495-colombie-assez-de-violence-assez-de-morts-exhortent-les-proches-des-21-civils-tues-dans-un-attentat.html#breadcrumb","itemListElement":[{"@type":"ListItem","position":1,"name":"Home","item":"https:\/\/www.justiceinfo.net\/fr"},{"@type":"ListItem","position":2,"name":"Colombie: \"Assez de violence, assez de morts\", exhortent les proches des 21 civils tu\u00e9s dans un attentat"}]},{"@type":"WebSite","@id":"https:\/\/www.justiceinfo.net\/fr#website","url":"https:\/\/www.justiceinfo.net\/fr","name":"JusticeInfo.net","description":"La justice doit \u00eatre vue pour \u00eatre rendue","publisher":{"@id":"https:\/\/www.justiceinfo.net\/fr#organization"},"potentialAction":[{"@type":"SearchAction","target":{"@type":"EntryPoint","urlTemplate":"https:\/\/www.justiceinfo.net\/fr?s={search_term_string}"},"query-input":{"@type":"PropertyValueSpecification","valueRequired":true,"valueName":"search_term_string"}}],"inLanguage":"fr-FR"},{"@type":"Organization","@id":"https:\/\/www.justiceinfo.net\/fr#organization","name":"Justice Info","url":"https:\/\/www.justiceinfo.net\/fr","logo":{"@type":"ImageObject","inLanguage":"fr-FR","@id":"https:\/\/www.justiceinfo.net\/fr#\/schema\/logo\/image\/","url":"https:\/\/www.justiceinfo.net\/wp-content\/uploads\/justiceinfo_logo-trans_1200x1200px.png","contentUrl":"https:\/\/www.justiceinfo.net\/wp-content\/uploads\/justiceinfo_logo-trans_1200x1200px.png","width":1199,"height":1200,"caption":"Justice Info"},"image":{"@id":"https:\/\/www.justiceinfo.net\/fr#\/schema\/logo\/image\/"},"sameAs":["https:\/\/www.facebook.com\/JusticeInfo\/","https:\/\/x.com\/justiceinfonet","https:\/\/www.linkedin.com\/company\/justice-info","https:\/\/www.youtube.com\/channel\/UCyCEsARodyuWtkWyhn-e7pA"]},{"@type":"Person","name":"afp","url":"\/fr\/?s=afp"}]}},"_links":{"self":[{"href":"https:\/\/www.justiceinfo.net\/fr\/wp-json\/wp\/v2\/posts\/158495","targetHints":{"allow":["GET"]}}],"collection":[{"href":"https:\/\/www.justiceinfo.net\/fr\/wp-json\/wp\/v2\/posts"}],"about":[{"href":"https:\/\/www.justiceinfo.net\/fr\/wp-json\/wp\/v2\/types\/post"}],"author":[{"embeddable":true,"href":"https:\/\/www.justiceinfo.net\/fr\/wp-json\/wp\/v2\/users\/60"}],"replies":[{"embeddable":true,"href":"https:\/\/www.justiceinfo.net\/fr\/wp-json\/wp\/v2\/comments?post=158495"}],"version-history":[{"count":1,"href":"https:\/\/www.justiceinfo.net\/fr\/wp-json\/wp\/v2\/posts\/158495\/revisions"}],"predecessor-version":[{"id":158502,"href":"https:\/\/www.justiceinfo.net\/fr\/wp-json\/wp\/v2\/posts\/158495\/revisions\/158502"}],"wp:attachment":[{"href":"https:\/\/www.justiceinfo.net\/fr\/wp-json\/wp\/v2\/media?parent=158495"}],"wp:term":[{"taxonomy":"category","embeddable":true,"href":"https:\/\/www.justiceinfo.net\/fr\/wp-json\/wp\/v2\/categories?post=158495"},{"taxonomy":"post_tag","embeddable":true,"href":"https:\/\/www.justiceinfo.net\/fr\/wp-json\/wp\/v2\/tags?post=158495"},{"taxonomy":"ji_location","embeddable":true,"href":"https:\/\/www.justiceinfo.net\/fr\/wp-json\/wp\/v2\/ji_location?post=158495"}],"curies":[{"name":"wp","href":"https:\/\/api.w.org\/{rel}","templated":true}]}}