{"id":158507,"date":"2026-04-28T10:47:35","date_gmt":"2026-04-28T08:47:35","guid":{"rendered":"https:\/\/www.justiceinfo.net\/?p=158507"},"modified":"2026-04-28T10:47:38","modified_gmt":"2026-04-28T08:47:38","slug":"aujourdhui-debut-premier-proces-justice-transitionnelle-syrie","status":"publish","type":"post","link":"https:\/\/www.justiceinfo.net\/fr\/158507-aujourdhui-debut-premier-proces-justice-transitionnelle-syrie.html","title":{"rendered":"\u00ab\u00a0Aujourd\u2019hui marque le d\u00e9but du premier proc\u00e8s de justice transitionnelle en Syrie\u00a0\u00bb"},"content":{"rendered":"\n<p>Le 27 avril, le g\u00e9n\u00e9ral de division Atef Najib, ancien chef d\u2019une branche de la S\u00e9curit\u00e9 politique sous le r\u00e9gime d\u2019Assad, a comparu pour la premi\u00e8re fois devant ses juges \u00e0 Damas. Un moment historique, charg\u00e9 de col\u00e8re et d\u2019incertitude.<\/p>\n\n\n\n<!--more-->\n\n\n\n<p>\u00ab Mon fils n\u2019est pas un terroriste ! \u00bb crie Om Eyhab, tandis que la salle d\u2019audience bond\u00e9e retient son souffle et \u00e9coute. \u00ab Je suis Om Eyhab Al-Mhamid\u00a0\u00bb, ajoute cette femme. \u00ab\u00a0Vous l\u2019avez tu\u00e9 pendant le ramadan, le 15 ao\u00fbt 2012, parce qu\u2019il distribuait du pain. Et les m\u00e9dias syriens ont d\u00e9clar\u00e9 que le terroriste Eyhab Awwad Al-Mhamid avait \u00e9t\u00e9 neutralis\u00e9. Je vais vous poursuivre en justice, la Radio syrienne, le pilote qui a bombard\u00e9 notre maison, l\u2019officier qui a donn\u00e9 l\u2019ordre, et Bachar el-Assad !\u00a0\u00bb<\/p>\n\n\n\n<p>Om Eyhab jette cette adresse au seul prisonnier dans le box des accus\u00e9s, v\u00eatu d\u2019un uniforme ray\u00e9. \u00c0 la fin de son intervention, les voix de plus d\u2019une dizaine d\u2019hommes s\u2019\u00e9l\u00e8vent : \u00ab&nbsp;Allahu Akbar ! Allahu Akbar !&nbsp;\u00bb, m\u00eal\u00e9es aux cliquetis des appareils photo et aux ululations des femmes.<\/p>\n\n\n\n<p>Ces hommes et ces femmes sont des proches des victimes du r\u00e9gime d\u2019Assad, d\u2019anciens d\u00e9tenus, des voisins et des parents d\u2019enfants arr\u00eat\u00e9s et tortur\u00e9s au d\u00e9but de la r\u00e9volution syrienne, en 2011. Et ce 27 avril 2026, ils se sont rassembl\u00e9s devant l\u2019ancien tribunal d\u00e9labr\u00e9 de Damas, connu des Syriens sous le nom de \u00ab Palais de la Justice \u00bb. Des forces de s\u00e9curit\u00e9 en uniforme noir et \u00e9quip\u00e9es de boucliers en plastique ont pris position \u00e0 l\u2019ext\u00e9rieur du b\u00e2timent de quatre \u00e9tages, situ\u00e9 pr\u00e8s de la Citadelle de Damas et du souk historique al-Hamidiyya. Des dizaines de personnes se pressent \u00e0 son entr\u00e9e, leurs voix fortes de leur col\u00e8re, tandis que les forces de s\u00e9curit\u00e9 luttent pour les retenir.<\/p>\n\n\n\n<p>\u00c0 l\u2019int\u00e9rieur, le b\u00e2timent n\u2019a pas l\u2019aspect glorieux que l\u2019on attendrait d\u2019un palais. Les pi\u00e8ces sont grises et poussi\u00e9reuses, la peinture \u00e9caill\u00e9e et les vestiges de travaux inachev\u00e9s tra\u00eenent un peu partout, en fort contraste avec sa fa\u00e7ade imposante. Au troisi\u00e8me \u00e9tage, une salle se distingue des autres. Elle a \u00e9t\u00e9 fra\u00eechement repeinte et d\u00e9cor\u00e9e dans des tons vert, blanc et or.<\/p>\n\n\n\n<p>Cette salle d\u2019audience est bond\u00e9e, bien au-del\u00e0 de sa capacit\u00e9. Tous les si\u00e8ges sont occup\u00e9s ; m\u00eame les all\u00e9es sont remplies de familles de victimes, de journalistes et d\u2019\u00e9quipes de t\u00e9l\u00e9vision en direct, ne laissant aucun espace pour se d\u00e9placer. Sur la droite se trouve un grand banc des accus\u00e9s en m\u00e9tal, entour\u00e9 de gardes. \u00c0 l\u2019int\u00e9rieur est assis un accus\u00e9 d\u2019une soixantaine d\u2019ann\u00e9es, l\u2019attitude calme, l\u2019expression sto\u00efque. Il ne r\u00e9agit pas aux insultes, aux accusations, aux cris ou aux pleurs qui lui sont adress\u00e9s. Il semble d\u00e9tach\u00e9, comme s\u2019il \u00e9tait compl\u00e8tement absent de la salle. Ce n\u2019est que lorsque le garde rappelle \u00e0 l\u2019ordre qu\u2019il se l\u00e8ve, bri\u00e8vement, par respect pour la cour, \u00e0 l\u2019entr\u00e9e du juge.<\/p>\n\n\n\n<p>Cet homme est le g\u00e9n\u00e9ral de division Atef Najib, cousin de l\u2019ancien dictateur <a href=\"https:\/\/www.justiceinfo.net\/fr\/tag\/bachar-el-assad\">Bachar el-Assad<\/a> et ancien chef de la branche de la s\u00e9curit\u00e9 politique \u00e0 Deraa, une ville du sud de la Syrie, pr\u00e8s de la fronti\u00e8re avec la Jordanie, consid\u00e9r\u00e9e comme le berceau de la r\u00e9volution de 2011.<\/p>\n\n\n\n<figure class=\"wp-block-image alignwide size-full\"><img loading=\"lazy\" decoding=\"async\" width=\"1500\" height=\"998\" src=\"https:\/\/www.justiceinfo.net\/wp-content\/uploads\/Syria_Atif-Najib-trial-transitional-justice-victims-crowd_big_@Karam-Amer-Justice-Info.jpg\" alt=\"Au premier jour d'audience dans le proc\u00e8s d'Atef Najib, des plaignants crient et l\u00e8vent leurs bras en l'air dans la salle d\u2019audience du palais de justice de Damas (Syrie).\" class=\"wp-image-158522\" srcset=\"https:\/\/www.justiceinfo.net\/wp-content\/uploads\/Syria_Atif-Najib-trial-transitional-justice-victims-crowd_big_@Karam-Amer-Justice-Info.jpg 1500w, https:\/\/www.justiceinfo.net\/wp-content\/uploads\/Syria_Atif-Najib-trial-transitional-justice-victims-crowd_big_@Karam-Amer-Justice-Info-540x360.jpg 540w, https:\/\/www.justiceinfo.net\/wp-content\/uploads\/Syria_Atif-Najib-trial-transitional-justice-victims-crowd_big_@Karam-Amer-Justice-Info-1000x665.jpg 1000w, https:\/\/www.justiceinfo.net\/wp-content\/uploads\/Syria_Atif-Najib-trial-transitional-justice-victims-crowd_big_@Karam-Amer-Justice-Info-1110x739.jpg 1110w\" sizes=\"auto, (max-width: 1500px) 100vw, 1500px\" \/><figcaption class=\"wp-element-caption\">Des plaignants l\u00e2chent leur col\u00e8re au sein de la salle d\u2019audience du palais de justice de Damas, le 27 avril 2026. Photo : \u00a9 Karam Amer \/ Justice Info<\/figcaption><\/figure>\n\n\n\n<h2 class=\"wp-block-heading\" id=\"h-les-absents\">Les absents<\/h2>\n\n\n\n<p>Le juge Fakhir al-Din al-Arian ouvre la s\u00e9ance : \u00ab\u00a0Aujourd\u2019hui marque le d\u00e9but du premier proc\u00e8s de <a href=\"https:\/\/www.justiceinfo.net\/fr\/justice-transitionnelle\">justice transitionnelle<\/a> en Syrie, avec un accus\u00e9 pr\u00e9sent au banc des accus\u00e9s, ainsi que d\u2019autres qui restent en fuite.\u00a0\u00bb Il lit les noms des autres accus\u00e9s, tous absents : Bachar Hafez el-Assad ; son fr\u00e8re, le g\u00e9n\u00e9ral de division Maher Hafez el-Assad, ancien commandant de la quatri\u00e8me division ; le g\u00e9n\u00e9ral de corps d\u2019arm\u00e9e Fahd Jassim al-Freij, ancien ministre de la D\u00e9fense ; le g\u00e9n\u00e9ral de brigade Mohammed Ayman Ayoush ; le g\u00e9n\u00e9ral de brigade Louai Ali al-Ali, ancien chef de la branche de la s\u00e9curit\u00e9 militaire \u00e0 Deraa ; le g\u00e9n\u00e9ral de brigade Qusay Ibrahim Mahyoub, des renseignements \u00e0 l\u2019arm\u00e9e de l\u2019air ; le g\u00e9n\u00e9ral de division Wafiq Saleh Nasser, ancien chef de la branche de la s\u00e9curit\u00e9 militaire \u00e0 Deraa ; et le g\u00e9n\u00e9ral de brigade Talal Fares al-Asimi.<\/p>\n\n\n\n<p>Apr\u00e8s que le juge a prononc\u00e9 chaque nom, le greffier le r\u00e9p\u00e8te, et le public pr\u00e9sent dans la salle d\u2019audience murmure des jurons entre leurs dents. Le juge lit ensuite les noms des plaignants. La plupart d\u2019entre eux sont originaires de la province de Deraa, plus pr\u00e9cis\u00e9ment de Deraa al-Balad, o\u00f9 la population a souffert sous l\u2019oppression des forces de s\u00e9curit\u00e9 de l\u2019ancien r\u00e9gime, en particulier de la branche des renseignements politiques dirig\u00e9e par Atef Najib. Ce sont eux qui ont port\u00e9 plainte contre les accus\u00e9s, les tenant pour responsables de leurs souffrances, de la perte de membres de leur famille et de leur d\u00e9placement. Parmi eux se trouve Om Eyhab, qui retient ses sanglots de rage apr\u00e8s avoir \u00e9voqu\u00e9 le meurtre de son fils. \u00ab&nbsp;Mon fils a\u00een\u00e9 est parti le premier ; ils l\u2019ont tu\u00e9 pendant le ramadan alors qu\u2019il distribuait du pain. Puis ma fille est partie, une roquette a frapp\u00e9 sa maison, et elle a laiss\u00e9 derri\u00e8re elle ses deux enfants. Notre maison a \u00e9t\u00e9 d\u00e9truite, nous avons \u00e9t\u00e9 d\u00e9plac\u00e9s et il ne nous reste plus rien&nbsp;\u00bb, rappelle-t-elle. \u00ab&nbsp;Mon fils n\u2019\u00e9tait pas un terroriste, et je tiendrai pour responsable tous ceux qui l\u2019ont qualifi\u00e9 ainsi.&nbsp;\u00bb<\/p>\n\n\n\n<p>Des r\u00e9cits tragiques fusent de tous les coins de la salle. Les plaignants t\u00e9moignent \u00e9galement devant les m\u00e9dias de leurs exp\u00e9riences de d\u00e9placement, de d\u00e9tention arbitraire, de torture d\u2019enfants et de violation des libert\u00e9s et des droits fondamentaux.<\/p>\n\n\n\n<p>Le juge explique que ces plaignants sont les seuls que le tribunal a pu localiser, et que toute partie ayant un int\u00e9r\u00eat dans l\u2019affaire a le droit de para\u00eetre lors des prochaines audiences. Il appelle ensuite une derni\u00e8re fois les accus\u00e9s absents \u00e0 la barre, et semble indiquer que, s\u2019ils ne se pr\u00e9sentent pas apr\u00e8s avoir \u00e9t\u00e9 d\u00fbment notifi\u00e9s, la Commission de justice transitionnelle rendra des d\u00e9cisions concernant leurs dossiers et supervisera leur ex\u00e9cution conform\u00e9ment \u00e0 la loi syrienne.<\/p>\n\n\n\n<p>La br\u00e8ve audience est ajourn\u00e9e jusqu\u2019au 10 mai. Des cris de \u00ab&nbsp;Allahu Akbar&nbsp;\u00bb retentissent dans la salle d\u2019audience.<\/p>\n\n\n\n<h2 class=\"wp-block-heading\" id=\"h-une-premiere-comparution-devant-un-nouveau-tribunal\">Une premi\u00e8re comparution devant un nouveau tribunal<\/h2>\n\n\n\n<p>Apr\u00e8s que les cris de joie et les chants de victoire ont envahi la salle d\u2019audience, les agents de s\u00e9curit\u00e9 escortent l\u2019accus\u00e9, qui \u00e9tait assist\u00e9 par un avocat, hors du palais de justice. Il se montre totalement docile et silencieux, comme dans un \u00e9tat de soumission qui semble plus proche de la perplexit\u00e9. Puis la confusion et l\u2019incertitude commencent \u00e0 se r\u00e9pandre parmi la foule : que va-t-il se passer ensuite&nbsp;?<\/p>\n\n\n\n<p>\u00ab&nbsp;Les gens sont d\u00e9sorient\u00e9s car ils s\u2019attendaient \u00e0 un verdict aujourd\u2019hui, mais la proc\u00e9dure judiciaire est encore longue avant qu\u2019une d\u00e9cision ne soit rendue \u00bb, explique l\u2019avocat Anas Skaf, ancien d\u00e9tenu et p\u00e9naliste fort de 27 ans de barreau. Il pr\u00e9cise que cette audience visait principalement \u00e0 \u00e9tablir quels accus\u00e9s \u00e9taient pr\u00e9sents ou absents, comment ils \u00e9taient repr\u00e9sent\u00e9s, comment les convocations \u00e9taient signifi\u00e9es, ainsi qu\u2019\u00e0 identifier les plaignants et leurs repr\u00e9sentants l\u00e9gaux \u2013 en somme, \u00e0 r\u00e9gler des formalit\u00e9s proc\u00e9durales en vue de la prochaine \u00e9tape, connue sous le nom de phase pr\u00e9liminaire. C\u2019est \u00e0 ce moment-l\u00e0 que le tribunal commencera \u00e0 entendre les t\u00e9moins et les parties, et \u00e0 interroger les accus\u00e9s.<\/p>\n\n\n\t<div class=\"ArticleNewsletterCTA\">\r\n\t\t<div class=\"ArticleNewsletterCTATitle\">Vous trouvez cet article int\u00e9ressant ?<\/div>\r\n\t\t<div class=\"ArticleNewsletterCTAText\">\r\n\t\t\t<a href=\"\/fr\/newsletter\">Inscrivez-vous maintenant \u00e0 notre newsletter<\/a> (gratuite) pour \u00eatre certain de ne pas passer \u00e0 c\u00f4t\u00e9 d'autres publications de ce type.\t\t<\/div>\r\n\t<\/div>\r\n\t\n\n\n<p>Le procureur g\u00e9n\u00e9ral de Damas, Husam Khattab, a d\u00e9clar\u00e9 que les chefs d\u2019accusation retenus contre Atef Najib comprennent le meurtre et l\u2019ordre de tirer sur des manifestants \u2013 des chefs d\u2019accusation passibles de la peine de mort en vertu de la loi syrienne. Il a soulign\u00e9 que le proc\u00e8s se d\u00e9roule actuellement conform\u00e9ment aux lois en vigueur, avec la possibilit\u00e9 de l\u2019int\u00e9grer dans une loi sur la justice transitionnelle qui doit encore \u00eatre approuv\u00e9e.<\/p>\n\n\n\n<p>Ce proc\u00e8s se tient devant une chambre nouvellement cr\u00e9\u00e9e, la quatri\u00e8me chambre criminelle, dans la capitale syrienne. Selon un avocat, \u00ab&nbsp;son personnel et ses juges n\u2019\u00e9taient pas pr\u00e9sents auparavant \u00e0 Damas&nbsp;\u00bb. Le personnel juridique du Palais de justice confie m\u00eame ne pas conna\u00eetre le nom du pr\u00e9sident de la chambre.<\/p>\n\n\n\n<h2 class=\"wp-block-heading\" id=\"h-de-chef-des-services-de-renseignement-a-accuse-du-couloir-de-la-mort-au-banc-des-accuses\">De chef des services de renseignement \u00e0 accus\u00e9, du couloir de la mort au banc des accus\u00e9s<\/h2>\n\n\n\n<p>Le calme d\u2019Atef Najib dans la salle d\u2019audience, sa d\u00e9f\u00e9rence et ses gestes mesur\u00e9s donnent l\u2019impression d\u2019un homme poli et r\u00e9serv\u00e9. Pourtant, il a autrefois dirig\u00e9 des branches cl\u00e9s des services de renseignement de l\u2019ancien r\u00e9gime, ciblant les opposants politiques. Il est accus\u00e9 d\u2019avoir supervis\u00e9 la disparition, la d\u00e9tention et la r\u00e9pression de centaines, voire de milliers, de militants des droits de l\u2019homme et d\u2019activistes politiques sous le r\u00e9gime d\u2019Assad. Il figure \u00e9galement sur les listes de sanctions am\u00e9ricaines et europ\u00e9ennes depuis fin 2011. Najib aurait ordonn\u00e9 les premiers tirs contre les manifestants \u00e0 Deraa, un moment d\u00e9sormais consid\u00e9r\u00e9 comme l\u2019\u00e9tincelle ayant d\u00e9clench\u00e9 le soul\u00e8vement qui allait remettre en question le r\u00e9gime qu\u2019il servait. La torture d\u2019enfants alors arr\u00eat\u00e9s a conduit \u00e0 la mort de Hamza al-Khatib, 13 ans, en mai 2011, qui est devenu un symbole de l\u2019oppression et un tournant dans le soul\u00e8vement syrien.<\/p>\n\n\n\n<p>Najib a \u00e9t\u00e9 arr\u00eat\u00e9 en janvier 2025 \u00e0 Lattaqui\u00e9, sur la c\u00f4te m\u00e9diterran\u00e9enne de la Syrie. Son pass\u00e9 notoire et son arrestation font de lui une figure tr\u00e8s connue en Syrie \u2013 tout le contraire du juge Fakhr al-Din al-Arian.<\/p>\n\n\n\n<p>Le juge pr\u00e9sidant le proc\u00e8s de Najib est un ancien dissident qui a \u00e9t\u00e9 condamn\u00e9 \u00e0 mort par le r\u00e9gime d\u2019Assad. Le 13 mars 2013, il \u00e9tait apparu dans une vid\u00e9o enregistr\u00e9e annon\u00e7ant sa d\u00e9fection des institutions du gouvernement d\u2019Assad, o\u00f9 il avait occup\u00e9 un poste de conseiller \u00e0 la Cour d\u2019appel civile d\u2019Idlib. En r\u00e9ponse, le r\u00e9gime avait rendu contre lui des jugements par contumace, dont une condamnation \u00e0 mort, la confiscation de ses biens et la mise aux ench\u00e8res d\u2019une partie de ceux-ci. Apr\u00e8s la chute du r\u00e9gime en d\u00e9cembre 2024, les charges retenues contre les juges transfuges ont \u00e9t\u00e9 abandonn\u00e9es, et Al-Arian a pris fonction au sein du minist\u00e8re de la Justice du gouvernement int\u00e9rimaire syrien, avant d\u2019\u00eatre nomm\u00e9 pr\u00e9sident de la quatri\u00e8me cour criminelle de Damas, en janvier dernier.<\/p>\n\n\n\n<p>Dans un message publi\u00e9 sur Facebook avant le proc\u00e8s, le juge s\u2019est adress\u00e9 au public syrien pour \u00e9voquer ce qu\u2019il a d\u00e9crit comme \u00ab une nouvelle phase de la justice&nbsp;\u00bb.<\/p>\n\n\n\n<figure class=\"wp-block-image alignwide size-full\"><img loading=\"lazy\" decoding=\"async\" width=\"1500\" height=\"998\" src=\"https:\/\/www.justiceinfo.net\/wp-content\/uploads\/Syria_Atif-Najib-trial-transitional-justice-demonstration-gallows_big_@Karam-Amer-Justice-Info.jpg\" alt=\"Devant le &quot;Palais de la justice&quot; de damas (Syrie) o\u00f9 s'est tenue la premi\u00e8re audience du proc\u00e8s d'Atef Najib, des manifestants ont dress\u00e9 une potence et l'un d'eux brandit un noeud coulant typique d'une ex\u00e9cution par pendaison.\" class=\"wp-image-158517\" srcset=\"https:\/\/www.justiceinfo.net\/wp-content\/uploads\/Syria_Atif-Najib-trial-transitional-justice-demonstration-gallows_big_@Karam-Amer-Justice-Info.jpg 1500w, https:\/\/www.justiceinfo.net\/wp-content\/uploads\/Syria_Atif-Najib-trial-transitional-justice-demonstration-gallows_big_@Karam-Amer-Justice-Info-540x360.jpg 540w, https:\/\/www.justiceinfo.net\/wp-content\/uploads\/Syria_Atif-Najib-trial-transitional-justice-demonstration-gallows_big_@Karam-Amer-Justice-Info-1000x665.jpg 1000w, https:\/\/www.justiceinfo.net\/wp-content\/uploads\/Syria_Atif-Najib-trial-transitional-justice-demonstration-gallows_big_@Karam-Amer-Justice-Info-1110x739.jpg 1110w\" sizes=\"auto, (max-width: 1500px) 100vw, 1500px\" \/><figcaption class=\"wp-element-caption\">A l\u2019issue de l\u2019audience du 27 avril 2026, des manifestants ont dress\u00e9 une potence pour demander l\u2019ex\u00e9cution des hauts dignitaires de l\u2019ancien r\u00e9gime syrien. Photo : \u00a9 Karam Amer \/ Justice Info<\/figcaption><\/figure>\n\n\n\n<h2 class=\"wp-block-heading\" id=\"h-une-potence-devant-le-palais-de-justice\">Une potence devant le palais de justice<\/h2>\n\n\n\n<p>\u00c0 l\u2019issue de l\u2019audience, la foule se d\u00e9verse en masse hors du palais de justice, envahissant les rues et bousculant les journalistes. Cette br\u00e8ve s\u00e9ance n\u2019a gu\u00e8re sembl\u00e9 apaiser des ann\u00e9es de col\u00e8re, de deuils et de chagrin accumul\u00e9s. \u00c0 l\u2019ext\u00e9rieur du b\u00e2timent, la foule se rassemble progressivement en une masse compacte, formant une manifestation devant le palais de justice. Les manifestants brandissent des banderoles appelant \u00e0 l\u2019ex\u00e9cution de Najib et exigeant qu\u2019aucune cl\u00e9mence ne soit accord\u00e9e \u00e0 lui ni \u00e0 d\u2019autres figures de l\u2019ancien r\u00e9gime.<\/p>\n\n\n\n<p>Un groupe de jeunes hommes arrive avec des poteaux en bois et une corde et commence \u00e0 construire une potence de fortune, pr\u00e9sent\u00e9e comme le symbole de la punition que, selon eux, les t\u00eates de l\u2019ancien r\u00e9gime devraient subir. \u00ab&nbsp;Nous n\u2019accepterons rien de moins que l\u2019ex\u00e9cution. Nous ne pardonnerons pas, nous n\u2019accorderons pas de gr\u00e2ce&nbsp;\u00bb, d\u00e9clare un jeune homme de la province de Deraa, tandis qu\u2019un autre tient une pancarte sur laquelle on peut lire&nbsp;: \u00ab&nbsp;Si vous ne l\u2019ex\u00e9cutez pas, faites-lui souhaiter l\u2019ex\u00e9cution.&nbsp;\u00bb<\/p>\n\n\n\n<p>Un autre manifestant brandit une pancarte qui dit : \u00ab Respecter les droits de l\u2019homme tout en demandant des comptes \u00e0 ces monstres inhumains est une insulte \u00e0 ces droits.\u00a0\u00bb Il ajoute\u00a0: \u00ab\u00a0Nous sommes tout \u00e0 fait capables de nous faire justice nous-m\u00eames, mais nous faisons confiance \u00e0 l\u2019\u00c9tat pour garantir nos droits. Cependant, nous n\u2019accepterons rien de moins que l\u2019ex\u00e9cution de personnes telles qu\u2019Atef Najib.\u00a0\u00bb<\/p>\n\n\n\n<p>Ces r\u00e9actions semblent refl\u00e9ter l\u2019intensit\u00e9 de l\u2019\u00e9motion suscit\u00e9e par ce dossier et les tensions plus g\u00e9n\u00e9rales autour des poursuites p\u00e9nales et de la justice transitionnelle en Syrie. Alors que le processus appara\u00eet encore long et incertain, ce moment met en \u00e9vidence \u00e0 quel point les premi\u00e8res \u00e9tapes de cette justice transitionnelle sont fragiles et charg\u00e9es d\u2019\u00e9motion.<\/p>\n\n\n<div class=\"articleLink articleLink--editorRecommanded articleLink--textInImage articleLink--textTop\" style=\"\">\r\n\t\t\t\t\t\r\n\t\t\t<div class=\"articleLinkSurTitle\">Recommand\u00e9 par la r\u00e9daction<\/div>\r\n\t\t\t<a class=\"articleLinkImageLink\" href=\"https:\/\/www.justiceinfo.net\/fr\/157638-proces-alep-test-avenir-justice-syrie.html\"><div class=\"articleLinkImageContainer \"><img loading=\"lazy\" decoding=\"async\" width=\"540\" height=\"360\" src=\"https:\/\/www.justiceinfo.net\/wp-content\/uploads\/TribAlebRecadre.pdf-1200-x-800-px-540x360.jpg\" class=\"articleLinkImage backgroundImageTag w-100 wp-post-image\" alt=\"Palais de justice d\u2019Alep, photographi\u00e9 en novembre 2025, avec des personnes entrant dans le b\u00e2timent lors de la premi\u00e8re audience du proc\u00e8s des violences qui ont frapp\u00e9 la c\u00f4te syrienne en mars 2025\" srcset=\"https:\/\/www.justiceinfo.net\/wp-content\/uploads\/TribAlebRecadre.pdf-1200-x-800-px-540x360.jpg 540w, https:\/\/www.justiceinfo.net\/wp-content\/uploads\/TribAlebRecadre.pdf-1200-x-800-px-1000x667.jpg 1000w, https:\/\/www.justiceinfo.net\/wp-content\/uploads\/TribAlebRecadre.pdf-1200-x-800-px-1110x740.jpg 1110w, https:\/\/www.justiceinfo.net\/wp-content\/uploads\/TribAlebRecadre.pdf-1200-x-800-px.jpg 1200w\" sizes=\"auto, (max-width: 540px) 100vw, 540px\" \/><\/div><\/a>\r\n\t\t\t<a href=\"https:\/\/www.justiceinfo.net\/fr\/157638-proces-alep-test-avenir-justice-syrie.html\" class=\"articleLinkTitle articleLinkTitle--default\">\r\n\t\t\tLe proc\u00e8s d\u2019Alep : un test pour l\u2019avenir de la justice en Syrie\r\n\t\t<\/a>\r\n\t\t\r\n\t\t\t\t<\/div>","protected":false},"excerpt":{"rendered":"<p>Le 27 avril, le g\u00e9n\u00e9ral de division Atef Najib, ancien chef d\u2019une branche de la S\u00e9curit\u00e9 politique sous le r\u00e9gime d\u2019Assad, a comparu pour la premi\u00e8re fois devant ses juges \u00e0 Damas. Un moment historique, charg\u00e9 de col\u00e8re et d\u2019incertitude.<\/p>\n","protected":false},"author":209,"featured_media":158512,"comment_status":"open","ping_status":"closed","sticky":false,"template":"","format":"standard","meta":{"_acf_changed":false,"footnotes":""},"categories":[3716,574],"tags":[2620],"ji_location":[2498],"class_list":["post-158507","post","type-post","status-publish","format-standard","has-post-thumbnail","hentry","category-reportages","category-tribunaux-nationaux","tag-victimes","ji_location-syrie"],"acf":[],"yoast_head":"<!-- This site is optimized with the Yoast SEO Premium plugin v25.3.1 (Yoast SEO v25.3.1) - https:\/\/yoast.com\/wordpress\/plugins\/seo\/ -->\n<title>\u00ab Aujourd\u2019hui marque le d\u00e9but du premier proc\u00e8s de justice transitionnelle en Syrie \u00bb<\/title>\n<meta name=\"description\" content=\"Le 27 avril, le g\u00e9n\u00e9ral de division Atef Najib, ancien chef d\u2019une branche de la S\u00e9curit\u00e9 politique sous le r\u00e9gime d\u2019Assad, a comparu pour la premi\u00e8re fois devant ses juges \u00e0 Damas. Un moment historique, charg\u00e9 de col\u00e8re et d\u2019incertitude.\" \/>\n<meta name=\"robots\" content=\"index, follow, max-snippet:-1, max-image-preview:large, max-video-preview:-1\" \/>\n<link rel=\"canonical\" href=\"https:\/\/www.justiceinfo.net\/fr\/158507-aujourdhui-debut-premier-proces-justice-transitionnelle-syrie.html\" \/>\n<meta property=\"og:locale\" content=\"fr_FR\" \/>\n<meta property=\"og:type\" content=\"article\" \/>\n<meta property=\"og:title\" content=\"\u00ab Aujourd\u2019hui marque le d\u00e9but du premier proc\u00e8s de justice transitionnelle en Syrie \u00bb\" \/>\n<meta property=\"og:description\" content=\"Le 27 avril, le g\u00e9n\u00e9ral de division Atef Najib, ancien chef d\u2019une branche de la S\u00e9curit\u00e9 politique sous le r\u00e9gime d\u2019Assad, a comparu pour la premi\u00e8re fois devant ses juges \u00e0 Damas. Un moment historique, charg\u00e9 de col\u00e8re et d\u2019incertitude.\" \/>\n<meta property=\"og:url\" content=\"https:\/\/www.justiceinfo.net\/fr\/158507-aujourdhui-debut-premier-proces-justice-transitionnelle-syrie.html\" \/>\n<meta property=\"og:site_name\" content=\"JusticeInfo.net\" \/>\n<meta property=\"article:publisher\" content=\"https:\/\/www.facebook.com\/JusticeInfo\/\" \/>\n<meta property=\"article:published_time\" content=\"2026-04-28T08:47:35+00:00\" \/>\n<meta property=\"article:modified_time\" content=\"2026-04-28T08:47:38+00:00\" \/>\n<meta property=\"og:image\" content=\"https:\/\/www.justiceinfo.net\/wp-content\/uploads\/Syria_Atif-Najib-trial-transitional-justice_big_@Karam-Amer-Justice-Info.jpg\" \/>\n\t<meta property=\"og:image:width\" content=\"1920\" \/>\n\t<meta property=\"og:image:height\" content=\"1278\" \/>\n\t<meta property=\"og:image:type\" content=\"image\/jpeg\" \/>\n<meta name=\"author\" content=\"Karam Amer\" \/>\n<meta name=\"twitter:card\" content=\"summary_large_image\" \/>\n<meta name=\"twitter:title\" content=\"\u00ab\u00a0Aujourd\u2019hui marque le d\u00e9but du premier proc\u00e8s de justice transitionnelle en Syrie\u00a0\u00bb\" \/>\n<meta name=\"twitter:creator\" content=\"@justiceinfonet\" \/>\n<meta name=\"twitter:site\" content=\"@justiceinfonet\" \/>\n<meta name=\"twitter:label1\" content=\"\u00c9crit par\" \/>\n\t<meta name=\"twitter:data1\" content=\"Karam Amer\" \/>\n\t<meta name=\"twitter:label2\" content=\"Dur\u00e9e de lecture estim\u00e9e\" \/>\n\t<meta name=\"twitter:data2\" content=\"11 minutes\" \/>\n<script type=\"application\/ld+json\" class=\"yoast-schema-graph\">{\"@context\":\"https:\/\/schema.org\",\"@graph\":[{\"@type\":\"ReportageNewsArticle\",\"@id\":\"https:\/\/www.justiceinfo.net\/fr\/158507-aujourdhui-debut-premier-proces-justice-transitionnelle-syrie.html#article\",\"isPartOf\":{\"@id\":\"https:\/\/www.justiceinfo.net\/fr\/158507-aujourdhui-debut-premier-proces-justice-transitionnelle-syrie.html\"},\"author\":{\"name\":\"Karam Amer\",\"@id\":\"https:\/\/www.justiceinfo.net\/fr#\/schema\/person\/134f882b751cce52fe534cade8590e25\"},\"headline\":\"\u00ab\u00a0Aujourd\u2019hui marque le d\u00e9but du premier proc\u00e8s de justice transitionnelle en Syrie\u00a0\u00bb\",\"datePublished\":\"2026-04-28T08:47:35+00:00\",\"dateModified\":\"2026-04-28T08:47:38+00:00\",\"mainEntityOfPage\":{\"@id\":\"https:\/\/www.justiceinfo.net\/fr\/158507-aujourdhui-debut-premier-proces-justice-transitionnelle-syrie.html\"},\"wordCount\":2361,\"commentCount\":0,\"publisher\":{\"@id\":\"https:\/\/www.justiceinfo.net\/fr#organization\"},\"image\":{\"@id\":\"https:\/\/www.justiceinfo.net\/fr\/158507-aujourdhui-debut-premier-proces-justice-transitionnelle-syrie.html#primaryimage\"},\"thumbnailUrl\":\"https:\/\/www.justiceinfo.net\/wp-content\/uploads\/Syria_Atif-Najib-trial-transitional-justice_big_@Karam-Amer-Justice-Info.jpg\",\"keywords\":[\"victimes\"],\"articleSection\":[\"Reportages\",\"Tribunaux nationaux\"],\"inLanguage\":\"fr-FR\",\"potentialAction\":[{\"@type\":\"CommentAction\",\"name\":\"Comment\",\"target\":[\"https:\/\/www.justiceinfo.net\/fr\/158507-aujourdhui-debut-premier-proces-justice-transitionnelle-syrie.html#respond\"]}]},{\"@type\":\"WebPage\",\"@id\":\"https:\/\/www.justiceinfo.net\/fr\/158507-aujourdhui-debut-premier-proces-justice-transitionnelle-syrie.html\",\"url\":\"https:\/\/www.justiceinfo.net\/fr\/158507-aujourdhui-debut-premier-proces-justice-transitionnelle-syrie.html\",\"name\":\"\u00ab Aujourd\u2019hui marque le d\u00e9but du premier proc\u00e8s de justice transitionnelle en Syrie \u00bb\",\"isPartOf\":{\"@id\":\"https:\/\/www.justiceinfo.net\/fr#website\"},\"primaryImageOfPage\":{\"@id\":\"https:\/\/www.justiceinfo.net\/fr\/158507-aujourdhui-debut-premier-proces-justice-transitionnelle-syrie.html#primaryimage\"},\"image\":{\"@id\":\"https:\/\/www.justiceinfo.net\/fr\/158507-aujourdhui-debut-premier-proces-justice-transitionnelle-syrie.html#primaryimage\"},\"thumbnailUrl\":\"https:\/\/www.justiceinfo.net\/wp-content\/uploads\/Syria_Atif-Najib-trial-transitional-justice_big_@Karam-Amer-Justice-Info.jpg\",\"datePublished\":\"2026-04-28T08:47:35+00:00\",\"dateModified\":\"2026-04-28T08:47:38+00:00\",\"description\":\"Le 27 avril, le g\u00e9n\u00e9ral de division Atef Najib, ancien chef d\u2019une branche de la S\u00e9curit\u00e9 politique sous le r\u00e9gime d\u2019Assad, a comparu pour la premi\u00e8re fois devant ses juges \u00e0 Damas. Un moment historique, charg\u00e9 de col\u00e8re et d\u2019incertitude.\",\"breadcrumb\":{\"@id\":\"https:\/\/www.justiceinfo.net\/fr\/158507-aujourdhui-debut-premier-proces-justice-transitionnelle-syrie.html#breadcrumb\"},\"inLanguage\":\"fr-FR\",\"potentialAction\":[{\"@type\":\"ReadAction\",\"target\":[\"https:\/\/www.justiceinfo.net\/fr\/158507-aujourdhui-debut-premier-proces-justice-transitionnelle-syrie.html\"]}]},{\"@type\":\"ImageObject\",\"inLanguage\":\"fr-FR\",\"@id\":\"https:\/\/www.justiceinfo.net\/fr\/158507-aujourdhui-debut-premier-proces-justice-transitionnelle-syrie.html#primaryimage\",\"url\":\"https:\/\/www.justiceinfo.net\/wp-content\/uploads\/Syria_Atif-Najib-trial-transitional-justice_big_@Karam-Amer-Justice-Info.jpg\",\"contentUrl\":\"https:\/\/www.justiceinfo.net\/wp-content\/uploads\/Syria_Atif-Najib-trial-transitional-justice_big_@Karam-Amer-Justice-Info.jpg\",\"width\":1920,\"height\":1278,\"caption\":\"Le proc\u00e8s d'Atef Najib, un ancien haut dignitaire du r\u00e9gime de Bachar al-Assad, a tenu sa premi\u00e8re audience, le 27 avril 2026, \u00e0 Damas. Photo : \u00a9 Karam Amer \/ Justice Info\"},{\"@type\":\"BreadcrumbList\",\"@id\":\"https:\/\/www.justiceinfo.net\/fr\/158507-aujourdhui-debut-premier-proces-justice-transitionnelle-syrie.html#breadcrumb\",\"itemListElement\":[{\"@type\":\"ListItem\",\"position\":1,\"name\":\"Home\",\"item\":\"https:\/\/www.justiceinfo.net\/fr\"},{\"@type\":\"ListItem\",\"position\":2,\"name\":\"\u00ab\u00a0Aujourd\u2019hui marque le d\u00e9but du premier proc\u00e8s de justice transitionnelle en Syrie\u00a0\u00bb\"}]},{\"@type\":\"WebSite\",\"@id\":\"https:\/\/www.justiceinfo.net\/fr#website\",\"url\":\"https:\/\/www.justiceinfo.net\/fr\",\"name\":\"JusticeInfo.net\",\"description\":\"La justice doit \u00eatre vue pour \u00eatre rendue\",\"publisher\":{\"@id\":\"https:\/\/www.justiceinfo.net\/fr#organization\"},\"potentialAction\":[{\"@type\":\"SearchAction\",\"target\":{\"@type\":\"EntryPoint\",\"urlTemplate\":\"https:\/\/www.justiceinfo.net\/fr?s={search_term_string}\"},\"query-input\":{\"@type\":\"PropertyValueSpecification\",\"valueRequired\":true,\"valueName\":\"search_term_string\"}}],\"inLanguage\":\"fr-FR\"},{\"@type\":\"Organization\",\"@id\":\"https:\/\/www.justiceinfo.net\/fr#organization\",\"name\":\"Justice Info\",\"url\":\"https:\/\/www.justiceinfo.net\/fr\",\"logo\":{\"@type\":\"ImageObject\",\"inLanguage\":\"fr-FR\",\"@id\":\"https:\/\/www.justiceinfo.net\/fr#\/schema\/logo\/image\/\",\"url\":\"https:\/\/www.justiceinfo.net\/wp-content\/uploads\/justiceinfo_logo-trans_1200x1200px.png\",\"contentUrl\":\"https:\/\/www.justiceinfo.net\/wp-content\/uploads\/justiceinfo_logo-trans_1200x1200px.png\",\"width\":1199,\"height\":1200,\"caption\":\"Justice Info\"},\"image\":{\"@id\":\"https:\/\/www.justiceinfo.net\/fr#\/schema\/logo\/image\/\"},\"sameAs\":[\"https:\/\/www.facebook.com\/JusticeInfo\/\",\"https:\/\/x.com\/justiceinfonet\",\"https:\/\/www.linkedin.com\/company\/justice-info\",\"https:\/\/www.youtube.com\/channel\/UCyCEsARodyuWtkWyhn-e7pA\"]},{\"@type\":\"Person\",\"name\":\"Karam Amer\",\"url\":\"\/fr\/?s=Karam Amer\"}]}<\/script>\n<!-- \/ Yoast SEO Premium plugin. -->","yoast_head_json":{"title":"\u00ab Aujourd\u2019hui marque le d\u00e9but du premier proc\u00e8s de justice transitionnelle en Syrie \u00bb","description":"Le 27 avril, le g\u00e9n\u00e9ral de division Atef Najib, ancien chef d\u2019une branche de la S\u00e9curit\u00e9 politique sous le r\u00e9gime d\u2019Assad, a comparu pour la premi\u00e8re fois devant ses juges \u00e0 Damas. Un moment historique, charg\u00e9 de col\u00e8re et d\u2019incertitude.","robots":{"index":"index","follow":"follow","max-snippet":"max-snippet:-1","max-image-preview":"max-image-preview:large","max-video-preview":"max-video-preview:-1"},"canonical":"https:\/\/www.justiceinfo.net\/fr\/158507-aujourdhui-debut-premier-proces-justice-transitionnelle-syrie.html","og_locale":"fr_FR","og_type":"article","og_title":"\u00ab Aujourd\u2019hui marque le d\u00e9but du premier proc\u00e8s de justice transitionnelle en Syrie \u00bb","og_description":"Le 27 avril, le g\u00e9n\u00e9ral de division Atef Najib, ancien chef d\u2019une branche de la S\u00e9curit\u00e9 politique sous le r\u00e9gime d\u2019Assad, a comparu pour la premi\u00e8re fois devant ses juges \u00e0 Damas. Un moment historique, charg\u00e9 de col\u00e8re et d\u2019incertitude.","og_url":"https:\/\/www.justiceinfo.net\/fr\/158507-aujourdhui-debut-premier-proces-justice-transitionnelle-syrie.html","og_site_name":"JusticeInfo.net","article_publisher":"https:\/\/www.facebook.com\/JusticeInfo\/","article_published_time":"2026-04-28T08:47:35+00:00","article_modified_time":"2026-04-28T08:47:38+00:00","og_image":[{"width":1920,"height":1278,"url":"https:\/\/www.justiceinfo.net\/wp-content\/uploads\/Syria_Atif-Najib-trial-transitional-justice_big_@Karam-Amer-Justice-Info.jpg","type":"image\/jpeg"}],"author":"Karam Amer","twitter_card":"summary_large_image","twitter_title":"\u00ab\u00a0Aujourd\u2019hui marque le d\u00e9but du premier proc\u00e8s de justice transitionnelle en Syrie\u00a0\u00bb","twitter_creator":"@justiceinfonet","twitter_site":"@justiceinfonet","twitter_misc":{"\u00c9crit par":"Karam Amer","Dur\u00e9e de lecture estim\u00e9e":"11 minutes"},"schema":{"@context":"https:\/\/schema.org","@graph":[{"@type":"ReportageNewsArticle","@id":"https:\/\/www.justiceinfo.net\/fr\/158507-aujourdhui-debut-premier-proces-justice-transitionnelle-syrie.html#article","isPartOf":{"@id":"https:\/\/www.justiceinfo.net\/fr\/158507-aujourdhui-debut-premier-proces-justice-transitionnelle-syrie.html"},"author":{"name":"Karam Amer","@id":"https:\/\/www.justiceinfo.net\/fr#\/schema\/person\/134f882b751cce52fe534cade8590e25"},"headline":"\u00ab\u00a0Aujourd\u2019hui marque le d\u00e9but du premier proc\u00e8s de justice transitionnelle en Syrie\u00a0\u00bb","datePublished":"2026-04-28T08:47:35+00:00","dateModified":"2026-04-28T08:47:38+00:00","mainEntityOfPage":{"@id":"https:\/\/www.justiceinfo.net\/fr\/158507-aujourdhui-debut-premier-proces-justice-transitionnelle-syrie.html"},"wordCount":2361,"commentCount":0,"publisher":{"@id":"https:\/\/www.justiceinfo.net\/fr#organization"},"image":{"@id":"https:\/\/www.justiceinfo.net\/fr\/158507-aujourdhui-debut-premier-proces-justice-transitionnelle-syrie.html#primaryimage"},"thumbnailUrl":"https:\/\/www.justiceinfo.net\/wp-content\/uploads\/Syria_Atif-Najib-trial-transitional-justice_big_@Karam-Amer-Justice-Info.jpg","keywords":["victimes"],"articleSection":["Reportages","Tribunaux nationaux"],"inLanguage":"fr-FR","potentialAction":[{"@type":"CommentAction","name":"Comment","target":["https:\/\/www.justiceinfo.net\/fr\/158507-aujourdhui-debut-premier-proces-justice-transitionnelle-syrie.html#respond"]}]},{"@type":"WebPage","@id":"https:\/\/www.justiceinfo.net\/fr\/158507-aujourdhui-debut-premier-proces-justice-transitionnelle-syrie.html","url":"https:\/\/www.justiceinfo.net\/fr\/158507-aujourdhui-debut-premier-proces-justice-transitionnelle-syrie.html","name":"\u00ab Aujourd\u2019hui marque le d\u00e9but du premier proc\u00e8s de justice transitionnelle en Syrie \u00bb","isPartOf":{"@id":"https:\/\/www.justiceinfo.net\/fr#website"},"primaryImageOfPage":{"@id":"https:\/\/www.justiceinfo.net\/fr\/158507-aujourdhui-debut-premier-proces-justice-transitionnelle-syrie.html#primaryimage"},"image":{"@id":"https:\/\/www.justiceinfo.net\/fr\/158507-aujourdhui-debut-premier-proces-justice-transitionnelle-syrie.html#primaryimage"},"thumbnailUrl":"https:\/\/www.justiceinfo.net\/wp-content\/uploads\/Syria_Atif-Najib-trial-transitional-justice_big_@Karam-Amer-Justice-Info.jpg","datePublished":"2026-04-28T08:47:35+00:00","dateModified":"2026-04-28T08:47:38+00:00","description":"Le 27 avril, le g\u00e9n\u00e9ral de division Atef Najib, ancien chef d\u2019une branche de la S\u00e9curit\u00e9 politique sous le r\u00e9gime d\u2019Assad, a comparu pour la premi\u00e8re fois devant ses juges \u00e0 Damas. Un moment historique, charg\u00e9 de col\u00e8re et d\u2019incertitude.","breadcrumb":{"@id":"https:\/\/www.justiceinfo.net\/fr\/158507-aujourdhui-debut-premier-proces-justice-transitionnelle-syrie.html#breadcrumb"},"inLanguage":"fr-FR","potentialAction":[{"@type":"ReadAction","target":["https:\/\/www.justiceinfo.net\/fr\/158507-aujourdhui-debut-premier-proces-justice-transitionnelle-syrie.html"]}]},{"@type":"ImageObject","inLanguage":"fr-FR","@id":"https:\/\/www.justiceinfo.net\/fr\/158507-aujourdhui-debut-premier-proces-justice-transitionnelle-syrie.html#primaryimage","url":"https:\/\/www.justiceinfo.net\/wp-content\/uploads\/Syria_Atif-Najib-trial-transitional-justice_big_@Karam-Amer-Justice-Info.jpg","contentUrl":"https:\/\/www.justiceinfo.net\/wp-content\/uploads\/Syria_Atif-Najib-trial-transitional-justice_big_@Karam-Amer-Justice-Info.jpg","width":1920,"height":1278,"caption":"Le proc\u00e8s d'Atef Najib, un ancien haut dignitaire du r\u00e9gime de Bachar al-Assad, a tenu sa premi\u00e8re audience, le 27 avril 2026, \u00e0 Damas. Photo : \u00a9 Karam Amer \/ Justice Info"},{"@type":"BreadcrumbList","@id":"https:\/\/www.justiceinfo.net\/fr\/158507-aujourdhui-debut-premier-proces-justice-transitionnelle-syrie.html#breadcrumb","itemListElement":[{"@type":"ListItem","position":1,"name":"Home","item":"https:\/\/www.justiceinfo.net\/fr"},{"@type":"ListItem","position":2,"name":"\u00ab\u00a0Aujourd\u2019hui marque le d\u00e9but du premier proc\u00e8s de justice transitionnelle en Syrie\u00a0\u00bb"}]},{"@type":"WebSite","@id":"https:\/\/www.justiceinfo.net\/fr#website","url":"https:\/\/www.justiceinfo.net\/fr","name":"JusticeInfo.net","description":"La justice doit \u00eatre vue pour \u00eatre rendue","publisher":{"@id":"https:\/\/www.justiceinfo.net\/fr#organization"},"potentialAction":[{"@type":"SearchAction","target":{"@type":"EntryPoint","urlTemplate":"https:\/\/www.justiceinfo.net\/fr?s={search_term_string}"},"query-input":{"@type":"PropertyValueSpecification","valueRequired":true,"valueName":"search_term_string"}}],"inLanguage":"fr-FR"},{"@type":"Organization","@id":"https:\/\/www.justiceinfo.net\/fr#organization","name":"Justice Info","url":"https:\/\/www.justiceinfo.net\/fr","logo":{"@type":"ImageObject","inLanguage":"fr-FR","@id":"https:\/\/www.justiceinfo.net\/fr#\/schema\/logo\/image\/","url":"https:\/\/www.justiceinfo.net\/wp-content\/uploads\/justiceinfo_logo-trans_1200x1200px.png","contentUrl":"https:\/\/www.justiceinfo.net\/wp-content\/uploads\/justiceinfo_logo-trans_1200x1200px.png","width":1199,"height":1200,"caption":"Justice Info"},"image":{"@id":"https:\/\/www.justiceinfo.net\/fr#\/schema\/logo\/image\/"},"sameAs":["https:\/\/www.facebook.com\/JusticeInfo\/","https:\/\/x.com\/justiceinfonet","https:\/\/www.linkedin.com\/company\/justice-info","https:\/\/www.youtube.com\/channel\/UCyCEsARodyuWtkWyhn-e7pA"]},{"@type":"Person","name":"Karam Amer","url":"\/fr\/?s=Karam Amer"}]}},"_links":{"self":[{"href":"https:\/\/www.justiceinfo.net\/fr\/wp-json\/wp\/v2\/posts\/158507","targetHints":{"allow":["GET"]}}],"collection":[{"href":"https:\/\/www.justiceinfo.net\/fr\/wp-json\/wp\/v2\/posts"}],"about":[{"href":"https:\/\/www.justiceinfo.net\/fr\/wp-json\/wp\/v2\/types\/post"}],"author":[{"embeddable":true,"href":"https:\/\/www.justiceinfo.net\/fr\/wp-json\/wp\/v2\/users\/209"}],"replies":[{"embeddable":true,"href":"https:\/\/www.justiceinfo.net\/fr\/wp-json\/wp\/v2\/comments?post=158507"}],"version-history":[{"count":7,"href":"https:\/\/www.justiceinfo.net\/fr\/wp-json\/wp\/v2\/posts\/158507\/revisions"}],"predecessor-version":[{"id":158535,"href":"https:\/\/www.justiceinfo.net\/fr\/wp-json\/wp\/v2\/posts\/158507\/revisions\/158535"}],"wp:featuredmedia":[{"embeddable":true,"href":"https:\/\/www.justiceinfo.net\/fr\/wp-json\/wp\/v2\/media\/158512"}],"wp:attachment":[{"href":"https:\/\/www.justiceinfo.net\/fr\/wp-json\/wp\/v2\/media?parent=158507"}],"wp:term":[{"taxonomy":"category","embeddable":true,"href":"https:\/\/www.justiceinfo.net\/fr\/wp-json\/wp\/v2\/categories?post=158507"},{"taxonomy":"post_tag","embeddable":true,"href":"https:\/\/www.justiceinfo.net\/fr\/wp-json\/wp\/v2\/tags?post=158507"},{"taxonomy":"ji_location","embeddable":true,"href":"https:\/\/www.justiceinfo.net\/fr\/wp-json\/wp\/v2\/ji_location?post=158507"}],"curies":[{"name":"wp","href":"https:\/\/api.w.org\/{rel}","templated":true}]}}