{"id":158552,"date":"2026-04-28T08:53:02","date_gmt":"2026-04-28T06:53:02","guid":{"rendered":"https:\/\/www.justiceinfo.net\/158552-la-cpi-ordonne-des-reparations-de-725-millions-deuros-pour-les-victimes-dun-ex-chef-jihadiste-malien.html"},"modified":"2026-04-28T08:53:02","modified_gmt":"2026-04-28T06:53:02","slug":"la-cpi-ordonne-des-reparations-de-725-millions-deuros-pour-les-victimes-dun-ex-chef-jihadiste-malien","status":"publish","type":"post","link":"https:\/\/www.justiceinfo.net\/fr\/158552-la-cpi-ordonne-des-reparations-de-725-millions-deuros-pour-les-victimes-dun-ex-chef-jihadiste-malien.html","title":{"rendered":"La CPI ordonne des r\u00e9parations de 7,25 millions d'euros pour les victimes d'un ex-chef jihadiste malien"},"content":{"rendered":"<p>\n             La Cour p\u00e9nale internationale (CPI) a ordonn\u00e9 mardi des r\u00e9parations \u00e0 hauteur de 7,25 millions d'euros pour les victimes de l'ancien chef jihadiste malien Al Hassan, reconnu coupable en 2024 de crimes de guerres et crimes contre l'humanit\u00e9.\n<\/p>\n<p>\n            Des \"r\u00e9parations collectives ax\u00e9es sur la communaut\u00e9\", des r\u00e9parations individualis\u00e9es ax\u00e9es sur la r\u00e9insertion, ainsi que des \"mesures symboliques de satisfaction\" ont \u00e9t\u00e9 accord\u00e9es \u00e0 pr\u00e8s de 65.202 victimes \u00e9ligibles, a annonc\u00e9 la juge Kimberly Prost, qui pr\u00e9sidait l'audience.\n<\/p>\n<p>\n            \"La chambre a \u00e9valu\u00e9 la responsabilit\u00e9 de M. Al Hassan en mati\u00e8re de r\u00e9parations \u00e0 environ 7.250.000 euros, soit l'\u00e9quivalent de 4.755.688.250 francs CFA\", a pr\u00e9cis\u00e9 la juge.\n<\/p>\n<p>\n            Al Hassan Ag Abdoul Aziz Ag Mohamed Ag Mahmoud, dit Al Hassan, 48 ans, \u00e9tait membre d'Ansar Dine, l'un des groupes arm\u00e9s jihadistes qui avait pris le contr\u00f4le de Tombouctou entre avril 2012 et janvier 2013, et y avait sem\u00e9 la destruction.\n<\/p>\n<p>\n            Parmi les crimes pour lesquels il a \u00e9t\u00e9 condamn\u00e9 \u00e0 dix ans de prison figurent: \"traitement cruel en tant que crime de guerre\" pour avoir flagell\u00e9 un individu, \"mutilation\" pour avoir amput\u00e9 une main, et \"torture en tant que crime contre l'humanit\u00e9 et crime de guerre\".\n<\/p>\n<p>\n            Celui qui \u00e9tait le chef de la police islamique de Tombouctou a aussi \u00e9t\u00e9 reconnu coupable de proc\u00e8s ill\u00e9gaux et pers\u00e9cution religieuse.\n<\/p>\n<p>\n            V\u00eatu d'une robe ocre et d'un foulard traditionnel blanc, M. Al Hassan a \u00e9cout\u00e9 impassiblement l'ordonnance de r\u00e9parations.\n<\/p>\n<p>\n            Les mesures de r\u00e9habilitation collective ordonn\u00e9es par la CPI, qui si\u00e8ge \u00e0 La Haye, comprendront \"un soutien socio-\u00e9conomique, des programmes \u00e9ducatifs ou des formations, ainsi qu'un soutien psychologique\" aux victimes.\n<\/p>\n<p>\n            Celles et ceux qui ont souffert de torture et autres actes de mutilation b\u00e9n\u00e9ficieront de programmes de r\u00e9habilitation personnalis\u00e9s.\n<\/p>\n<p>\n            La CPI a remarqu\u00e9 que les femmes et les filles avaient subi un fort pr\u00e9judice moral et mat\u00e9riel \"du fait du crime de pers\u00e9cution\", indiquant que ce pr\u00e9judice devait \u00eatre refl\u00e9t\u00e9 dans la mise en oeuvre des r\u00e9parations.\n<\/p>\n<p>\n            \"Compte tenu de la situation financi\u00e8re de M. Al Hassan, les r\u00e9parations seront vers\u00e9es par l'interm\u00e9diaire du fonds au profit des victimes\", a pr\u00e9cis\u00e9 la Cour dans un communiqu\u00e9.\n<\/p>\n<p>\n            La CPI a \u00e9galement encourag\u00e9 \u00c9tats, organisations, entreprises et particuliers \u00e0 soutenir la mission et les efforts du fonds.\n<\/p>\n<p>\n            M. Al Hassan avait \u00e9t\u00e9 acquitt\u00e9 des crimes de guerre de viol, d'esclavage sexuel et d'attaques contre des biens prot\u00e9g\u00e9s, ainsi que du crime contre l'humanit\u00e9 concernant le mariage forc\u00e9.\n<\/p>\n<p>\n            L'ancien chef jihadiste avait \u00e9t\u00e9 arr\u00eat\u00e9 par les autorit\u00e9s maliennes et livr\u00e9 \u00e0 la CPI en mars 2018.\n<\/p>\n<p>\n            Il devrait \u00eatre lib\u00e9r\u00e9 en mars 2027 au lieu de 2028, la Cour ayant estim\u00e9 en juillet que cette r\u00e9duction de peine \u00e9tait \"dans l'int\u00e9r\u00eat de la justice\", puisqu'il a renonc\u00e9 \u00e0 faire appel du jugement et de sa condamnation.<\/p>\n","protected":false},"excerpt":{"rendered":"<p>La Cour p\u00e9nale internationale (CPI) a ordonn\u00e9 mardi des r\u00e9parations \u00e0 hauteur de 7,25 millions d'euros pour les victimes de l'ancien chef jihadiste malien Al Hassan, reconnu coupable en 2024 de crimes de guerres et crimes contre l'humanit\u00e9. Des \"r\u00e9parations collectives ax\u00e9es sur la communaut\u00e9\", des r\u00e9parations individualis\u00e9es ax\u00e9es sur la r\u00e9insertion, ainsi que des [&hellip;]<\/p>\n","protected":false},"author":60,"featured_media":0,"comment_status":"open","ping_status":"closed","sticky":false,"template":"","format":"standard","meta":{"_acf_changed":false,"footnotes":""},"categories":[2576],"tags":[],"ji_location":[],"class_list":["post-158552","post","type-post","status-publish","format-standard","hentry","category-fil-d-actualite"],"acf":[],"yoast_head":"<!-- This site is optimized with the Yoast SEO Premium plugin v25.3.1 (Yoast SEO v25.3.1) - https:\/\/yoast.com\/wordpress\/plugins\/seo\/ -->\n<title>La CPI ordonne des r\u00e9parations de 7,25 millions d&#039;euros pour les victimes d&#039;un ex-chef jihadiste malien - JusticeInfo.net<\/title>\n<meta name=\"robots\" content=\"index, follow, max-snippet:-1, max-image-preview:large, max-video-preview:-1\" \/>\n<link rel=\"canonical\" href=\"https:\/\/www.justiceinfo.net\/fr\/158552-la-cpi-ordonne-des-reparations-de-725-millions-deuros-pour-les-victimes-dun-ex-chef-jihadiste-malien.html\" \/>\n<meta property=\"og:locale\" content=\"fr_FR\" \/>\n<meta property=\"og:type\" content=\"article\" \/>\n<meta property=\"og:title\" content=\"La CPI ordonne des r\u00e9parations de 7,25 millions d&#039;euros pour les victimes d&#039;un ex-chef jihadiste malien\" \/>\n<meta property=\"og:description\" content=\"La Cour p\u00e9nale internationale (CPI) a ordonn\u00e9 mardi des r\u00e9parations \u00e0 hauteur de 7,25 millions d&#039;euros pour les victimes de l&#039;ancien chef jihadiste malien Al Hassan, reconnu coupable en 2024 de crimes de guerres et crimes contre l&#039;humanit\u00e9. Des &quot;r\u00e9parations collectives ax\u00e9es sur la communaut\u00e9&quot;, des r\u00e9parations individualis\u00e9es ax\u00e9es sur la r\u00e9insertion, ainsi que des [&hellip;]\" \/>\n<meta property=\"og:url\" content=\"https:\/\/www.justiceinfo.net\/fr\/158552-la-cpi-ordonne-des-reparations-de-725-millions-deuros-pour-les-victimes-dun-ex-chef-jihadiste-malien.html\" \/>\n<meta property=\"og:site_name\" content=\"JusticeInfo.net\" \/>\n<meta property=\"article:publisher\" content=\"https:\/\/www.facebook.com\/JusticeInfo\/\" \/>\n<meta property=\"article:published_time\" content=\"2026-04-28T06:53:02+00:00\" \/>\n<meta property=\"og:image\" content=\"https:\/\/www.justiceinfo.net\/wp-content\/uploads\/JusticeInfoNet_logo_1200x630px.jpg\" \/>\n\t<meta property=\"og:image:width\" content=\"1200\" \/>\n\t<meta property=\"og:image:height\" content=\"630\" \/>\n\t<meta property=\"og:image:type\" content=\"image\/jpeg\" \/>\n<meta name=\"author\" content=\"afp\" \/>\n<meta name=\"twitter:card\" content=\"summary_large_image\" \/>\n<meta name=\"twitter:creator\" content=\"@justiceinfonet\" \/>\n<meta name=\"twitter:site\" content=\"@justiceinfonet\" \/>\n<meta name=\"twitter:label1\" content=\"\u00c9crit par\" \/>\n\t<meta name=\"twitter:data1\" content=\"afp\" \/>\n\t<meta name=\"twitter:label2\" content=\"Dur\u00e9e de lecture estim\u00e9e\" \/>\n\t<meta name=\"twitter:data2\" content=\"2 minutes\" \/>\n<script type=\"application\/ld+json\" class=\"yoast-schema-graph\">{\"@context\":\"https:\/\/schema.org\",\"@graph\":[{\"@type\":\"NewsArticle\",\"@id\":\"https:\/\/www.justiceinfo.net\/fr\/158552-la-cpi-ordonne-des-reparations-de-725-millions-deuros-pour-les-victimes-dun-ex-chef-jihadiste-malien.html#article\",\"isPartOf\":{\"@id\":\"https:\/\/www.justiceinfo.net\/fr\/158552-la-cpi-ordonne-des-reparations-de-725-millions-deuros-pour-les-victimes-dun-ex-chef-jihadiste-malien.html\"},\"author\":{\"name\":\"afp\",\"@id\":\"https:\/\/www.justiceinfo.net\/fr#\/schema\/person\/713d340ef5f218fc36ce9b4244364a7f\"},\"headline\":\"La CPI ordonne des r\u00e9parations de 7,25 millions d'euros pour les victimes d'un ex-chef jihadiste malien\",\"datePublished\":\"2026-04-28T06:53:02+00:00\",\"mainEntityOfPage\":{\"@id\":\"https:\/\/www.justiceinfo.net\/fr\/158552-la-cpi-ordonne-des-reparations-de-725-millions-deuros-pour-les-victimes-dun-ex-chef-jihadiste-malien.html\"},\"wordCount\":522,\"commentCount\":0,\"publisher\":{\"@id\":\"https:\/\/www.justiceinfo.net\/fr#organization\"},\"articleSection\":[\"Fil d'info AFP\"],\"inLanguage\":\"fr-FR\",\"potentialAction\":[{\"@type\":\"CommentAction\",\"name\":\"Comment\",\"target\":[\"https:\/\/www.justiceinfo.net\/fr\/158552-la-cpi-ordonne-des-reparations-de-725-millions-deuros-pour-les-victimes-dun-ex-chef-jihadiste-malien.html#respond\"]}]},{\"@type\":\"WebPage\",\"@id\":\"https:\/\/www.justiceinfo.net\/fr\/158552-la-cpi-ordonne-des-reparations-de-725-millions-deuros-pour-les-victimes-dun-ex-chef-jihadiste-malien.html\",\"url\":\"https:\/\/www.justiceinfo.net\/fr\/158552-la-cpi-ordonne-des-reparations-de-725-millions-deuros-pour-les-victimes-dun-ex-chef-jihadiste-malien.html\",\"name\":\"La CPI ordonne des r\u00e9parations de 7,25 millions d'euros pour les victimes d'un ex-chef jihadiste malien - JusticeInfo.net\",\"isPartOf\":{\"@id\":\"https:\/\/www.justiceinfo.net\/fr#website\"},\"datePublished\":\"2026-04-28T06:53:02+00:00\",\"breadcrumb\":{\"@id\":\"https:\/\/www.justiceinfo.net\/fr\/158552-la-cpi-ordonne-des-reparations-de-725-millions-deuros-pour-les-victimes-dun-ex-chef-jihadiste-malien.html#breadcrumb\"},\"inLanguage\":\"fr-FR\",\"potentialAction\":[{\"@type\":\"ReadAction\",\"target\":[\"https:\/\/www.justiceinfo.net\/fr\/158552-la-cpi-ordonne-des-reparations-de-725-millions-deuros-pour-les-victimes-dun-ex-chef-jihadiste-malien.html\"]}]},{\"@type\":\"BreadcrumbList\",\"@id\":\"https:\/\/www.justiceinfo.net\/fr\/158552-la-cpi-ordonne-des-reparations-de-725-millions-deuros-pour-les-victimes-dun-ex-chef-jihadiste-malien.html#breadcrumb\",\"itemListElement\":[{\"@type\":\"ListItem\",\"position\":1,\"name\":\"Home\",\"item\":\"https:\/\/www.justiceinfo.net\/fr\"},{\"@type\":\"ListItem\",\"position\":2,\"name\":\"La CPI ordonne des r\u00e9parations de 7,25 millions d'euros pour les victimes d'un ex-chef jihadiste malien\"}]},{\"@type\":\"WebSite\",\"@id\":\"https:\/\/www.justiceinfo.net\/fr#website\",\"url\":\"https:\/\/www.justiceinfo.net\/fr\",\"name\":\"JusticeInfo.net\",\"description\":\"La justice doit \u00eatre vue pour \u00eatre rendue\",\"publisher\":{\"@id\":\"https:\/\/www.justiceinfo.net\/fr#organization\"},\"potentialAction\":[{\"@type\":\"SearchAction\",\"target\":{\"@type\":\"EntryPoint\",\"urlTemplate\":\"https:\/\/www.justiceinfo.net\/fr?s={search_term_string}\"},\"query-input\":{\"@type\":\"PropertyValueSpecification\",\"valueRequired\":true,\"valueName\":\"search_term_string\"}}],\"inLanguage\":\"fr-FR\"},{\"@type\":\"Organization\",\"@id\":\"https:\/\/www.justiceinfo.net\/fr#organization\",\"name\":\"Justice Info\",\"url\":\"https:\/\/www.justiceinfo.net\/fr\",\"logo\":{\"@type\":\"ImageObject\",\"inLanguage\":\"fr-FR\",\"@id\":\"https:\/\/www.justiceinfo.net\/fr#\/schema\/logo\/image\/\",\"url\":\"https:\/\/www.justiceinfo.net\/wp-content\/uploads\/justiceinfo_logo-trans_1200x1200px.png\",\"contentUrl\":\"https:\/\/www.justiceinfo.net\/wp-content\/uploads\/justiceinfo_logo-trans_1200x1200px.png\",\"width\":1199,\"height\":1200,\"caption\":\"Justice Info\"},\"image\":{\"@id\":\"https:\/\/www.justiceinfo.net\/fr#\/schema\/logo\/image\/\"},\"sameAs\":[\"https:\/\/www.facebook.com\/JusticeInfo\/\",\"https:\/\/x.com\/justiceinfonet\",\"https:\/\/www.linkedin.com\/company\/justice-info\",\"https:\/\/www.youtube.com\/channel\/UCyCEsARodyuWtkWyhn-e7pA\"]},{\"@type\":\"Person\",\"name\":\"afp\",\"url\":\"\/fr\/?s=afp\"}]}<\/script>\n<!-- \/ Yoast SEO Premium plugin. -->","yoast_head_json":{"title":"La CPI ordonne des r\u00e9parations de 7,25 millions d'euros pour les victimes d'un ex-chef jihadiste malien - JusticeInfo.net","robots":{"index":"index","follow":"follow","max-snippet":"max-snippet:-1","max-image-preview":"max-image-preview:large","max-video-preview":"max-video-preview:-1"},"canonical":"https:\/\/www.justiceinfo.net\/fr\/158552-la-cpi-ordonne-des-reparations-de-725-millions-deuros-pour-les-victimes-dun-ex-chef-jihadiste-malien.html","og_locale":"fr_FR","og_type":"article","og_title":"La CPI ordonne des r\u00e9parations de 7,25 millions d'euros pour les victimes d'un ex-chef jihadiste malien","og_description":"La Cour p\u00e9nale internationale (CPI) a ordonn\u00e9 mardi des r\u00e9parations \u00e0 hauteur de 7,25 millions d'euros pour les victimes de l'ancien chef jihadiste malien Al Hassan, reconnu coupable en 2024 de crimes de guerres et crimes contre l'humanit\u00e9. Des \"r\u00e9parations collectives ax\u00e9es sur la communaut\u00e9\", des r\u00e9parations individualis\u00e9es ax\u00e9es sur la r\u00e9insertion, ainsi que des [&hellip;]","og_url":"https:\/\/www.justiceinfo.net\/fr\/158552-la-cpi-ordonne-des-reparations-de-725-millions-deuros-pour-les-victimes-dun-ex-chef-jihadiste-malien.html","og_site_name":"JusticeInfo.net","article_publisher":"https:\/\/www.facebook.com\/JusticeInfo\/","article_published_time":"2026-04-28T06:53:02+00:00","og_image":[{"width":1200,"height":630,"url":"https:\/\/www.justiceinfo.net\/wp-content\/uploads\/JusticeInfoNet_logo_1200x630px.jpg","type":"image\/jpeg"}],"author":"afp","twitter_card":"summary_large_image","twitter_creator":"@justiceinfonet","twitter_site":"@justiceinfonet","twitter_misc":{"\u00c9crit par":"afp","Dur\u00e9e de lecture estim\u00e9e":"2 minutes"},"schema":{"@context":"https:\/\/schema.org","@graph":[{"@type":"NewsArticle","@id":"https:\/\/www.justiceinfo.net\/fr\/158552-la-cpi-ordonne-des-reparations-de-725-millions-deuros-pour-les-victimes-dun-ex-chef-jihadiste-malien.html#article","isPartOf":{"@id":"https:\/\/www.justiceinfo.net\/fr\/158552-la-cpi-ordonne-des-reparations-de-725-millions-deuros-pour-les-victimes-dun-ex-chef-jihadiste-malien.html"},"author":{"name":"afp","@id":"https:\/\/www.justiceinfo.net\/fr#\/schema\/person\/713d340ef5f218fc36ce9b4244364a7f"},"headline":"La CPI ordonne des r\u00e9parations de 7,25 millions d'euros pour les victimes d'un ex-chef jihadiste malien","datePublished":"2026-04-28T06:53:02+00:00","mainEntityOfPage":{"@id":"https:\/\/www.justiceinfo.net\/fr\/158552-la-cpi-ordonne-des-reparations-de-725-millions-deuros-pour-les-victimes-dun-ex-chef-jihadiste-malien.html"},"wordCount":522,"commentCount":0,"publisher":{"@id":"https:\/\/www.justiceinfo.net\/fr#organization"},"articleSection":["Fil d'info AFP"],"inLanguage":"fr-FR","potentialAction":[{"@type":"CommentAction","name":"Comment","target":["https:\/\/www.justiceinfo.net\/fr\/158552-la-cpi-ordonne-des-reparations-de-725-millions-deuros-pour-les-victimes-dun-ex-chef-jihadiste-malien.html#respond"]}]},{"@type":"WebPage","@id":"https:\/\/www.justiceinfo.net\/fr\/158552-la-cpi-ordonne-des-reparations-de-725-millions-deuros-pour-les-victimes-dun-ex-chef-jihadiste-malien.html","url":"https:\/\/www.justiceinfo.net\/fr\/158552-la-cpi-ordonne-des-reparations-de-725-millions-deuros-pour-les-victimes-dun-ex-chef-jihadiste-malien.html","name":"La CPI ordonne des r\u00e9parations de 7,25 millions d'euros pour les victimes d'un ex-chef jihadiste malien - JusticeInfo.net","isPartOf":{"@id":"https:\/\/www.justiceinfo.net\/fr#website"},"datePublished":"2026-04-28T06:53:02+00:00","breadcrumb":{"@id":"https:\/\/www.justiceinfo.net\/fr\/158552-la-cpi-ordonne-des-reparations-de-725-millions-deuros-pour-les-victimes-dun-ex-chef-jihadiste-malien.html#breadcrumb"},"inLanguage":"fr-FR","potentialAction":[{"@type":"ReadAction","target":["https:\/\/www.justiceinfo.net\/fr\/158552-la-cpi-ordonne-des-reparations-de-725-millions-deuros-pour-les-victimes-dun-ex-chef-jihadiste-malien.html"]}]},{"@type":"BreadcrumbList","@id":"https:\/\/www.justiceinfo.net\/fr\/158552-la-cpi-ordonne-des-reparations-de-725-millions-deuros-pour-les-victimes-dun-ex-chef-jihadiste-malien.html#breadcrumb","itemListElement":[{"@type":"ListItem","position":1,"name":"Home","item":"https:\/\/www.justiceinfo.net\/fr"},{"@type":"ListItem","position":2,"name":"La CPI ordonne des r\u00e9parations de 7,25 millions d'euros pour les victimes d'un ex-chef jihadiste malien"}]},{"@type":"WebSite","@id":"https:\/\/www.justiceinfo.net\/fr#website","url":"https:\/\/www.justiceinfo.net\/fr","name":"JusticeInfo.net","description":"La justice doit \u00eatre vue pour \u00eatre rendue","publisher":{"@id":"https:\/\/www.justiceinfo.net\/fr#organization"},"potentialAction":[{"@type":"SearchAction","target":{"@type":"EntryPoint","urlTemplate":"https:\/\/www.justiceinfo.net\/fr?s={search_term_string}"},"query-input":{"@type":"PropertyValueSpecification","valueRequired":true,"valueName":"search_term_string"}}],"inLanguage":"fr-FR"},{"@type":"Organization","@id":"https:\/\/www.justiceinfo.net\/fr#organization","name":"Justice Info","url":"https:\/\/www.justiceinfo.net\/fr","logo":{"@type":"ImageObject","inLanguage":"fr-FR","@id":"https:\/\/www.justiceinfo.net\/fr#\/schema\/logo\/image\/","url":"https:\/\/www.justiceinfo.net\/wp-content\/uploads\/justiceinfo_logo-trans_1200x1200px.png","contentUrl":"https:\/\/www.justiceinfo.net\/wp-content\/uploads\/justiceinfo_logo-trans_1200x1200px.png","width":1199,"height":1200,"caption":"Justice Info"},"image":{"@id":"https:\/\/www.justiceinfo.net\/fr#\/schema\/logo\/image\/"},"sameAs":["https:\/\/www.facebook.com\/JusticeInfo\/","https:\/\/x.com\/justiceinfonet","https:\/\/www.linkedin.com\/company\/justice-info","https:\/\/www.youtube.com\/channel\/UCyCEsARodyuWtkWyhn-e7pA"]},{"@type":"Person","name":"afp","url":"\/fr\/?s=afp"}]}},"_links":{"self":[{"href":"https:\/\/www.justiceinfo.net\/fr\/wp-json\/wp\/v2\/posts\/158552","targetHints":{"allow":["GET"]}}],"collection":[{"href":"https:\/\/www.justiceinfo.net\/fr\/wp-json\/wp\/v2\/posts"}],"about":[{"href":"https:\/\/www.justiceinfo.net\/fr\/wp-json\/wp\/v2\/types\/post"}],"author":[{"embeddable":true,"href":"https:\/\/www.justiceinfo.net\/fr\/wp-json\/wp\/v2\/users\/60"}],"replies":[{"embeddable":true,"href":"https:\/\/www.justiceinfo.net\/fr\/wp-json\/wp\/v2\/comments?post=158552"}],"version-history":[{"count":0,"href":"https:\/\/www.justiceinfo.net\/fr\/wp-json\/wp\/v2\/posts\/158552\/revisions"}],"wp:attachment":[{"href":"https:\/\/www.justiceinfo.net\/fr\/wp-json\/wp\/v2\/media?parent=158552"}],"wp:term":[{"taxonomy":"category","embeddable":true,"href":"https:\/\/www.justiceinfo.net\/fr\/wp-json\/wp\/v2\/categories?post=158552"},{"taxonomy":"post_tag","embeddable":true,"href":"https:\/\/www.justiceinfo.net\/fr\/wp-json\/wp\/v2\/tags?post=158552"},{"taxonomy":"ji_location","embeddable":true,"href":"https:\/\/www.justiceinfo.net\/fr\/wp-json\/wp\/v2\/ji_location?post=158552"}],"curies":[{"name":"wp","href":"https:\/\/api.w.org\/{rel}","templated":true}]}}