{"id":158568,"date":"2026-04-28T17:13:03","date_gmt":"2026-04-28T15:13:03","guid":{"rendered":"https:\/\/www.justiceinfo.net\/158568-colombie-le-nombre-de-civils-tues-par-larmee-et-presentes-comme-des-guerilleros-revu-a-la-hausse.html"},"modified":"2026-04-28T17:13:03","modified_gmt":"2026-04-28T15:13:03","slug":"colombie-le-nombre-de-civils-tues-par-larmee-et-presentes-comme-des-guerilleros-revu-a-la-hausse","status":"publish","type":"post","link":"https:\/\/www.justiceinfo.net\/fr\/158568-colombie-le-nombre-de-civils-tues-par-larmee-et-presentes-comme-des-guerilleros-revu-a-la-hausse.html","title":{"rendered":"Colombie: le nombre de civils tu\u00e9s par l'arm\u00e9e et pr\u00e9sent\u00e9s comme des gu\u00e9rilleros revu \u00e0 la hausse"},"content":{"rendered":"<p>\n             Le tribunal de paix en Colombie, n\u00e9 de l'accord en 2016 avec la gu\u00e9rilla des ex-Farc, a annonc\u00e9 mardi avoir relev\u00e9 \u00e0 7.837 le nombre de civils assassin\u00e9s par des militaires puis pr\u00e9sent\u00e9s comme des gu\u00e9rilleros morts au combat, apr\u00e8s avoir \u00e9tendu la p\u00e9riode du conflit arm\u00e9.\n<\/p>\n<p>\n            La Juridiction sp\u00e9ciale pour la paix (JEP) enqu\u00eate sur ces cas dits \"faux positifs\" dans le cadre de sa mission d'\u00e9lucidation des violations les plus graves commises pendant le conflit interne.\n<\/p>\n<p>\n            En 2021, le tribunal avait \u00e9tabli l'existence de 6.402 ex\u00e9cutions de civils entre 2002 et 2008. Mardi, le pr\u00e9sident de la JEP, Alejandro Ramelli, a indiqu\u00e9 que sur la base de nouveaux \u00e9l\u00e9ments, la p\u00e9riode d'analyse avait \u00e9t\u00e9 \u00e9tendue de 1990 \u00e0 2016.\n<\/p>\n<p>\n            \"Il est tr\u00e8s probable que ce nouveau chiffre augmente \u00e0 l'avenir\", a d\u00e9clar\u00e9 M. Ramelli au cours d'une audience.\n<\/p>\n<p>\n            Le pr\u00e9sident colombien de gauche Gustavo Petro a affirm\u00e9 sur X qu'\"il s'agit du pire crime contre l'humanit\u00e9 commis sur le continent am\u00e9ricain en ce si\u00e8cle\".\n<\/p>\n<p>\n            Plusieurs militaires, dont des hauts grad\u00e9s, ont confess\u00e9 ces crimes devant la JEP, qui pr\u00e9voit des peines alternatives \u00e0 la prison si les personnes reconnues coupables disent la v\u00e9rit\u00e9 et apportent r\u00e9paration aux victimes.\n<\/p>\n<p>\n            Lors d'audiences face aux familles des victimes, ils ont racont\u00e9 comment ils avaient tromp\u00e9 de jeunes gens pour les assassiner et les faire passer pour des membres de groupes insurg\u00e9s, dans certains cas sous la pression de leurs sup\u00e9rieurs.\n<\/p>\n<p>\n            La plupart des cas se sont d\u00e9roul\u00e9s sous le gouvernement du pr\u00e9sident de droite Alvaro Uribe (2002-2010), qui avait mis en oeuvre une politique de fermet\u00e9 \u00e0 l'\u00e9gard des gu\u00e9rillas.\n<\/p>\n<p>\n            L'ancien pr\u00e9sident a toujours ni\u00e9 qu'il s'agissait d'une politique d'Etat.\n<\/p>\n<p>\n            En septembre 2025, la JEP avait prononc\u00e9 sa premi\u00e8re sentence, condamnant sept ex-chefs des ex-Farc \u00e0 huit ans de travaux d'int\u00e9r\u00eat g\u00e9n\u00e9ral pour plus de 21.000 enl\u00e8vements.\n<\/p>\n<p>\n            Elle a ensuite, en d\u00e9cembre, de nouveau prononc\u00e9 des peines alternatives \u00e0 la prison \u00e0 l'encontre d'un premier groupe de 12 militaires \u00e0 la retraite, pour le meurtre et la disparition de civils.<\/p>\n","protected":false},"excerpt":{"rendered":"<p>Le tribunal de paix en Colombie, n\u00e9 de l'accord en 2016 avec la gu\u00e9rilla des ex-Farc, a annonc\u00e9 mardi avoir relev\u00e9 \u00e0 7.837 le nombre de civils assassin\u00e9s par des militaires puis pr\u00e9sent\u00e9s comme des gu\u00e9rilleros morts au combat, apr\u00e8s avoir \u00e9tendu la p\u00e9riode du conflit arm\u00e9. La Juridiction sp\u00e9ciale pour la paix (JEP) enqu\u00eate [&hellip;]<\/p>\n","protected":false},"author":60,"featured_media":0,"comment_status":"open","ping_status":"closed","sticky":false,"template":"","format":"standard","meta":{"_acf_changed":false,"footnotes":""},"categories":[2576],"tags":[],"ji_location":[],"class_list":["post-158568","post","type-post","status-publish","format-standard","hentry","category-fil-d-actualite"],"acf":[],"yoast_head":"<!-- This site is optimized with the Yoast SEO Premium plugin v25.3.1 (Yoast SEO v25.3.1) - https:\/\/yoast.com\/wordpress\/plugins\/seo\/ -->\n<title>Colombie: le nombre de civils tu\u00e9s par l&#039;arm\u00e9e et pr\u00e9sent\u00e9s comme des gu\u00e9rilleros revu \u00e0 la hausse - JusticeInfo.net<\/title>\n<meta name=\"robots\" content=\"index, follow, max-snippet:-1, max-image-preview:large, max-video-preview:-1\" \/>\n<link rel=\"canonical\" href=\"https:\/\/www.justiceinfo.net\/fr\/158568-colombie-le-nombre-de-civils-tues-par-larmee-et-presentes-comme-des-guerilleros-revu-a-la-hausse.html\" \/>\n<meta property=\"og:locale\" content=\"fr_FR\" \/>\n<meta property=\"og:type\" content=\"article\" \/>\n<meta property=\"og:title\" content=\"Colombie: le nombre de civils tu\u00e9s par l&#039;arm\u00e9e et pr\u00e9sent\u00e9s comme des gu\u00e9rilleros revu \u00e0 la hausse\" \/>\n<meta property=\"og:description\" content=\"Le tribunal de paix en Colombie, n\u00e9 de l&#039;accord en 2016 avec la gu\u00e9rilla des ex-Farc, a annonc\u00e9 mardi avoir relev\u00e9 \u00e0 7.837 le nombre de civils assassin\u00e9s par des militaires puis pr\u00e9sent\u00e9s comme des gu\u00e9rilleros morts au combat, apr\u00e8s avoir \u00e9tendu la p\u00e9riode du conflit arm\u00e9. La Juridiction sp\u00e9ciale pour la paix (JEP) enqu\u00eate [&hellip;]\" \/>\n<meta property=\"og:url\" content=\"https:\/\/www.justiceinfo.net\/fr\/158568-colombie-le-nombre-de-civils-tues-par-larmee-et-presentes-comme-des-guerilleros-revu-a-la-hausse.html\" \/>\n<meta property=\"og:site_name\" content=\"JusticeInfo.net\" \/>\n<meta property=\"article:publisher\" content=\"https:\/\/www.facebook.com\/JusticeInfo\/\" \/>\n<meta property=\"article:published_time\" content=\"2026-04-28T15:13:03+00:00\" \/>\n<meta property=\"og:image\" content=\"https:\/\/www.justiceinfo.net\/wp-content\/uploads\/JusticeInfoNet_logo_1200x630px.jpg\" \/>\n\t<meta property=\"og:image:width\" content=\"1200\" \/>\n\t<meta property=\"og:image:height\" content=\"630\" \/>\n\t<meta property=\"og:image:type\" content=\"image\/jpeg\" \/>\n<meta name=\"author\" content=\"afp\" \/>\n<meta name=\"twitter:card\" content=\"summary_large_image\" \/>\n<meta name=\"twitter:creator\" content=\"@justiceinfonet\" \/>\n<meta name=\"twitter:site\" content=\"@justiceinfonet\" \/>\n<meta name=\"twitter:label1\" content=\"\u00c9crit par\" \/>\n\t<meta name=\"twitter:data1\" content=\"afp\" \/>\n\t<meta name=\"twitter:label2\" content=\"Dur\u00e9e de lecture estim\u00e9e\" \/>\n\t<meta name=\"twitter:data2\" content=\"2 minutes\" \/>\n<script type=\"application\/ld+json\" class=\"yoast-schema-graph\">{\"@context\":\"https:\/\/schema.org\",\"@graph\":[{\"@type\":\"NewsArticle\",\"@id\":\"https:\/\/www.justiceinfo.net\/fr\/158568-colombie-le-nombre-de-civils-tues-par-larmee-et-presentes-comme-des-guerilleros-revu-a-la-hausse.html#article\",\"isPartOf\":{\"@id\":\"https:\/\/www.justiceinfo.net\/fr\/158568-colombie-le-nombre-de-civils-tues-par-larmee-et-presentes-comme-des-guerilleros-revu-a-la-hausse.html\"},\"author\":{\"name\":\"afp\",\"@id\":\"https:\/\/www.justiceinfo.net\/fr#\/schema\/person\/713d340ef5f218fc36ce9b4244364a7f\"},\"headline\":\"Colombie: le nombre de civils tu\u00e9s par l'arm\u00e9e et pr\u00e9sent\u00e9s comme des gu\u00e9rilleros revu \u00e0 la hausse\",\"datePublished\":\"2026-04-28T15:13:03+00:00\",\"mainEntityOfPage\":{\"@id\":\"https:\/\/www.justiceinfo.net\/fr\/158568-colombie-le-nombre-de-civils-tues-par-larmee-et-presentes-comme-des-guerilleros-revu-a-la-hausse.html\"},\"wordCount\":396,\"commentCount\":0,\"publisher\":{\"@id\":\"https:\/\/www.justiceinfo.net\/fr#organization\"},\"articleSection\":[\"Fil d'info AFP\"],\"inLanguage\":\"fr-FR\",\"potentialAction\":[{\"@type\":\"CommentAction\",\"name\":\"Comment\",\"target\":[\"https:\/\/www.justiceinfo.net\/fr\/158568-colombie-le-nombre-de-civils-tues-par-larmee-et-presentes-comme-des-guerilleros-revu-a-la-hausse.html#respond\"]}]},{\"@type\":\"WebPage\",\"@id\":\"https:\/\/www.justiceinfo.net\/fr\/158568-colombie-le-nombre-de-civils-tues-par-larmee-et-presentes-comme-des-guerilleros-revu-a-la-hausse.html\",\"url\":\"https:\/\/www.justiceinfo.net\/fr\/158568-colombie-le-nombre-de-civils-tues-par-larmee-et-presentes-comme-des-guerilleros-revu-a-la-hausse.html\",\"name\":\"Colombie: le nombre de civils tu\u00e9s par l'arm\u00e9e et pr\u00e9sent\u00e9s comme des gu\u00e9rilleros revu \u00e0 la hausse - JusticeInfo.net\",\"isPartOf\":{\"@id\":\"https:\/\/www.justiceinfo.net\/fr#website\"},\"datePublished\":\"2026-04-28T15:13:03+00:00\",\"breadcrumb\":{\"@id\":\"https:\/\/www.justiceinfo.net\/fr\/158568-colombie-le-nombre-de-civils-tues-par-larmee-et-presentes-comme-des-guerilleros-revu-a-la-hausse.html#breadcrumb\"},\"inLanguage\":\"fr-FR\",\"potentialAction\":[{\"@type\":\"ReadAction\",\"target\":[\"https:\/\/www.justiceinfo.net\/fr\/158568-colombie-le-nombre-de-civils-tues-par-larmee-et-presentes-comme-des-guerilleros-revu-a-la-hausse.html\"]}]},{\"@type\":\"BreadcrumbList\",\"@id\":\"https:\/\/www.justiceinfo.net\/fr\/158568-colombie-le-nombre-de-civils-tues-par-larmee-et-presentes-comme-des-guerilleros-revu-a-la-hausse.html#breadcrumb\",\"itemListElement\":[{\"@type\":\"ListItem\",\"position\":1,\"name\":\"Home\",\"item\":\"https:\/\/www.justiceinfo.net\/fr\"},{\"@type\":\"ListItem\",\"position\":2,\"name\":\"Colombie: le nombre de civils tu\u00e9s par l'arm\u00e9e et pr\u00e9sent\u00e9s comme des gu\u00e9rilleros revu \u00e0 la hausse\"}]},{\"@type\":\"WebSite\",\"@id\":\"https:\/\/www.justiceinfo.net\/fr#website\",\"url\":\"https:\/\/www.justiceinfo.net\/fr\",\"name\":\"JusticeInfo.net\",\"description\":\"La justice doit \u00eatre vue pour \u00eatre rendue\",\"publisher\":{\"@id\":\"https:\/\/www.justiceinfo.net\/fr#organization\"},\"potentialAction\":[{\"@type\":\"SearchAction\",\"target\":{\"@type\":\"EntryPoint\",\"urlTemplate\":\"https:\/\/www.justiceinfo.net\/fr?s={search_term_string}\"},\"query-input\":{\"@type\":\"PropertyValueSpecification\",\"valueRequired\":true,\"valueName\":\"search_term_string\"}}],\"inLanguage\":\"fr-FR\"},{\"@type\":\"Organization\",\"@id\":\"https:\/\/www.justiceinfo.net\/fr#organization\",\"name\":\"Justice Info\",\"url\":\"https:\/\/www.justiceinfo.net\/fr\",\"logo\":{\"@type\":\"ImageObject\",\"inLanguage\":\"fr-FR\",\"@id\":\"https:\/\/www.justiceinfo.net\/fr#\/schema\/logo\/image\/\",\"url\":\"https:\/\/www.justiceinfo.net\/wp-content\/uploads\/justiceinfo_logo-trans_1200x1200px.png\",\"contentUrl\":\"https:\/\/www.justiceinfo.net\/wp-content\/uploads\/justiceinfo_logo-trans_1200x1200px.png\",\"width\":1199,\"height\":1200,\"caption\":\"Justice Info\"},\"image\":{\"@id\":\"https:\/\/www.justiceinfo.net\/fr#\/schema\/logo\/image\/\"},\"sameAs\":[\"https:\/\/www.facebook.com\/JusticeInfo\/\",\"https:\/\/x.com\/justiceinfonet\",\"https:\/\/www.linkedin.com\/company\/justice-info\",\"https:\/\/www.youtube.com\/channel\/UCyCEsARodyuWtkWyhn-e7pA\"]},{\"@type\":\"Person\",\"name\":\"afp\",\"url\":\"\/fr\/?s=afp\"}]}<\/script>\n<!-- \/ Yoast SEO Premium plugin. -->","yoast_head_json":{"title":"Colombie: le nombre de civils tu\u00e9s par l'arm\u00e9e et pr\u00e9sent\u00e9s comme des gu\u00e9rilleros revu \u00e0 la hausse - JusticeInfo.net","robots":{"index":"index","follow":"follow","max-snippet":"max-snippet:-1","max-image-preview":"max-image-preview:large","max-video-preview":"max-video-preview:-1"},"canonical":"https:\/\/www.justiceinfo.net\/fr\/158568-colombie-le-nombre-de-civils-tues-par-larmee-et-presentes-comme-des-guerilleros-revu-a-la-hausse.html","og_locale":"fr_FR","og_type":"article","og_title":"Colombie: le nombre de civils tu\u00e9s par l'arm\u00e9e et pr\u00e9sent\u00e9s comme des gu\u00e9rilleros revu \u00e0 la hausse","og_description":"Le tribunal de paix en Colombie, n\u00e9 de l'accord en 2016 avec la gu\u00e9rilla des ex-Farc, a annonc\u00e9 mardi avoir relev\u00e9 \u00e0 7.837 le nombre de civils assassin\u00e9s par des militaires puis pr\u00e9sent\u00e9s comme des gu\u00e9rilleros morts au combat, apr\u00e8s avoir \u00e9tendu la p\u00e9riode du conflit arm\u00e9. La Juridiction sp\u00e9ciale pour la paix (JEP) enqu\u00eate [&hellip;]","og_url":"https:\/\/www.justiceinfo.net\/fr\/158568-colombie-le-nombre-de-civils-tues-par-larmee-et-presentes-comme-des-guerilleros-revu-a-la-hausse.html","og_site_name":"JusticeInfo.net","article_publisher":"https:\/\/www.facebook.com\/JusticeInfo\/","article_published_time":"2026-04-28T15:13:03+00:00","og_image":[{"width":1200,"height":630,"url":"https:\/\/www.justiceinfo.net\/wp-content\/uploads\/JusticeInfoNet_logo_1200x630px.jpg","type":"image\/jpeg"}],"author":"afp","twitter_card":"summary_large_image","twitter_creator":"@justiceinfonet","twitter_site":"@justiceinfonet","twitter_misc":{"\u00c9crit par":"afp","Dur\u00e9e de lecture estim\u00e9e":"2 minutes"},"schema":{"@context":"https:\/\/schema.org","@graph":[{"@type":"NewsArticle","@id":"https:\/\/www.justiceinfo.net\/fr\/158568-colombie-le-nombre-de-civils-tues-par-larmee-et-presentes-comme-des-guerilleros-revu-a-la-hausse.html#article","isPartOf":{"@id":"https:\/\/www.justiceinfo.net\/fr\/158568-colombie-le-nombre-de-civils-tues-par-larmee-et-presentes-comme-des-guerilleros-revu-a-la-hausse.html"},"author":{"name":"afp","@id":"https:\/\/www.justiceinfo.net\/fr#\/schema\/person\/713d340ef5f218fc36ce9b4244364a7f"},"headline":"Colombie: le nombre de civils tu\u00e9s par l'arm\u00e9e et pr\u00e9sent\u00e9s comme des gu\u00e9rilleros revu \u00e0 la hausse","datePublished":"2026-04-28T15:13:03+00:00","mainEntityOfPage":{"@id":"https:\/\/www.justiceinfo.net\/fr\/158568-colombie-le-nombre-de-civils-tues-par-larmee-et-presentes-comme-des-guerilleros-revu-a-la-hausse.html"},"wordCount":396,"commentCount":0,"publisher":{"@id":"https:\/\/www.justiceinfo.net\/fr#organization"},"articleSection":["Fil d'info AFP"],"inLanguage":"fr-FR","potentialAction":[{"@type":"CommentAction","name":"Comment","target":["https:\/\/www.justiceinfo.net\/fr\/158568-colombie-le-nombre-de-civils-tues-par-larmee-et-presentes-comme-des-guerilleros-revu-a-la-hausse.html#respond"]}]},{"@type":"WebPage","@id":"https:\/\/www.justiceinfo.net\/fr\/158568-colombie-le-nombre-de-civils-tues-par-larmee-et-presentes-comme-des-guerilleros-revu-a-la-hausse.html","url":"https:\/\/www.justiceinfo.net\/fr\/158568-colombie-le-nombre-de-civils-tues-par-larmee-et-presentes-comme-des-guerilleros-revu-a-la-hausse.html","name":"Colombie: le nombre de civils tu\u00e9s par l'arm\u00e9e et pr\u00e9sent\u00e9s comme des gu\u00e9rilleros revu \u00e0 la hausse - JusticeInfo.net","isPartOf":{"@id":"https:\/\/www.justiceinfo.net\/fr#website"},"datePublished":"2026-04-28T15:13:03+00:00","breadcrumb":{"@id":"https:\/\/www.justiceinfo.net\/fr\/158568-colombie-le-nombre-de-civils-tues-par-larmee-et-presentes-comme-des-guerilleros-revu-a-la-hausse.html#breadcrumb"},"inLanguage":"fr-FR","potentialAction":[{"@type":"ReadAction","target":["https:\/\/www.justiceinfo.net\/fr\/158568-colombie-le-nombre-de-civils-tues-par-larmee-et-presentes-comme-des-guerilleros-revu-a-la-hausse.html"]}]},{"@type":"BreadcrumbList","@id":"https:\/\/www.justiceinfo.net\/fr\/158568-colombie-le-nombre-de-civils-tues-par-larmee-et-presentes-comme-des-guerilleros-revu-a-la-hausse.html#breadcrumb","itemListElement":[{"@type":"ListItem","position":1,"name":"Home","item":"https:\/\/www.justiceinfo.net\/fr"},{"@type":"ListItem","position":2,"name":"Colombie: le nombre de civils tu\u00e9s par l'arm\u00e9e et pr\u00e9sent\u00e9s comme des gu\u00e9rilleros revu \u00e0 la hausse"}]},{"@type":"WebSite","@id":"https:\/\/www.justiceinfo.net\/fr#website","url":"https:\/\/www.justiceinfo.net\/fr","name":"JusticeInfo.net","description":"La justice doit \u00eatre vue pour \u00eatre rendue","publisher":{"@id":"https:\/\/www.justiceinfo.net\/fr#organization"},"potentialAction":[{"@type":"SearchAction","target":{"@type":"EntryPoint","urlTemplate":"https:\/\/www.justiceinfo.net\/fr?s={search_term_string}"},"query-input":{"@type":"PropertyValueSpecification","valueRequired":true,"valueName":"search_term_string"}}],"inLanguage":"fr-FR"},{"@type":"Organization","@id":"https:\/\/www.justiceinfo.net\/fr#organization","name":"Justice Info","url":"https:\/\/www.justiceinfo.net\/fr","logo":{"@type":"ImageObject","inLanguage":"fr-FR","@id":"https:\/\/www.justiceinfo.net\/fr#\/schema\/logo\/image\/","url":"https:\/\/www.justiceinfo.net\/wp-content\/uploads\/justiceinfo_logo-trans_1200x1200px.png","contentUrl":"https:\/\/www.justiceinfo.net\/wp-content\/uploads\/justiceinfo_logo-trans_1200x1200px.png","width":1199,"height":1200,"caption":"Justice Info"},"image":{"@id":"https:\/\/www.justiceinfo.net\/fr#\/schema\/logo\/image\/"},"sameAs":["https:\/\/www.facebook.com\/JusticeInfo\/","https:\/\/x.com\/justiceinfonet","https:\/\/www.linkedin.com\/company\/justice-info","https:\/\/www.youtube.com\/channel\/UCyCEsARodyuWtkWyhn-e7pA"]},{"@type":"Person","name":"afp","url":"\/fr\/?s=afp"}]}},"_links":{"self":[{"href":"https:\/\/www.justiceinfo.net\/fr\/wp-json\/wp\/v2\/posts\/158568","targetHints":{"allow":["GET"]}}],"collection":[{"href":"https:\/\/www.justiceinfo.net\/fr\/wp-json\/wp\/v2\/posts"}],"about":[{"href":"https:\/\/www.justiceinfo.net\/fr\/wp-json\/wp\/v2\/types\/post"}],"author":[{"embeddable":true,"href":"https:\/\/www.justiceinfo.net\/fr\/wp-json\/wp\/v2\/users\/60"}],"replies":[{"embeddable":true,"href":"https:\/\/www.justiceinfo.net\/fr\/wp-json\/wp\/v2\/comments?post=158568"}],"version-history":[{"count":0,"href":"https:\/\/www.justiceinfo.net\/fr\/wp-json\/wp\/v2\/posts\/158568\/revisions"}],"wp:attachment":[{"href":"https:\/\/www.justiceinfo.net\/fr\/wp-json\/wp\/v2\/media?parent=158568"}],"wp:term":[{"taxonomy":"category","embeddable":true,"href":"https:\/\/www.justiceinfo.net\/fr\/wp-json\/wp\/v2\/categories?post=158568"},{"taxonomy":"post_tag","embeddable":true,"href":"https:\/\/www.justiceinfo.net\/fr\/wp-json\/wp\/v2\/tags?post=158568"},{"taxonomy":"ji_location","embeddable":true,"href":"https:\/\/www.justiceinfo.net\/fr\/wp-json\/wp\/v2\/ji_location?post=158568"}],"curies":[{"name":"wp","href":"https:\/\/api.w.org\/{rel}","templated":true}]}}