{"id":158576,"date":"2026-04-29T09:48:03","date_gmt":"2026-04-29T07:48:03","guid":{"rendered":"https:\/\/www.justiceinfo.net\/158576-liban-deux-morts-dont-un-soldat-dans-une-nouvelle-frappe-israelienne-armee.html"},"modified":"2026-04-29T09:48:03","modified_gmt":"2026-04-29T07:48:03","slug":"liban-deux-morts-dont-un-soldat-dans-une-nouvelle-frappe-israelienne-armee","status":"publish","type":"post","link":"https:\/\/www.justiceinfo.net\/fr\/158576-liban-deux-morts-dont-un-soldat-dans-une-nouvelle-frappe-israelienne-armee.html","title":{"rendered":"Liban: deux morts, dont un soldat, dans une nouvelle frappe isra\u00e9lienne (arm\u00e9e)"},"content":{"rendered":"<p>\n             Une nouvelle frappe isra\u00e9lienne sur le sud du Liban a tu\u00e9 un soldat et son fr\u00e8re, a indiqu\u00e9 mercredi l'arm\u00e9e libanaise, les hostilit\u00e9s entre Isra\u00ebl et le Hezbollah se poursuivant malgr\u00e9 la tr\u00eave.\n<\/p>\n<p>\n            \"Un soldat et son fr\u00e8re ont \u00e9t\u00e9 tu\u00e9s dans une frappe isra\u00e9lienne qui les a vis\u00e9s\" dans une localit\u00e9 du secteur de Bint Jbeil, \"alors qu'ils rentraient (chez eux) en moto depuis le poste\" o\u00f9 \u00e9tait bas\u00e9 le militaire, selon un communiqu\u00e9 de l'arm\u00e9e.\n<\/p>\n<p>\n            La veille, onze personnes ont \u00e9t\u00e9 tu\u00e9es dans des frappes isra\u00e9liennes dans le sud, dont trois secouristes de la D\u00e9fense civile, et deux soldats ont \u00e9t\u00e9 bless\u00e9s pendant une op\u00e9ration de secours.\n<\/p>\n<p>\n            Le Premier ministre, Nawaf Salam, a qualifi\u00e9 de \"crime de guerre\" la frappe qui a tu\u00e9 les secouristes.\n<\/p>\n<p>\n            Une s\u00e9rie de frappes isra\u00e9liennes ont de nouveau vis\u00e9 mercredi plusieurs localit\u00e9s du sud du Liban, a rapport\u00e9 l'Agence nationale d'information (Ani, officielle).\n<\/p>\n<p>\n            Le Liban et Isra\u00ebl ont tenu deux sessions de pourparlers au niveau des ambassadeurs, \u00e0 Washington, pour tenter de mettre fin \u00e0 la guerre dans laquelle le Hezbollah pro-iranien a entra\u00een\u00e9 le Liban le 2 mars, en menant des tirs contre Isra\u00ebl qui a ripost\u00e9 par des frappes meurtri\u00e8res.\n<\/p>\n<p>\n            A la suite des pourparlers, une tr\u00eave est entr\u00e9e en vigueur le 17 avril et a \u00e9t\u00e9 prolong\u00e9e de trois semaines.\n<\/p>\n<p>\n            Selon les termes de l'accord de cessez-le-feu, Isra\u00ebl se r\u00e9serve \"le droit de prendre, \u00e0 tout moment, toutes les mesures n\u00e9cessaires en l\u00e9gitime d\u00e9fense\" contre le Hezbollah.\n<\/p>\n<p>\n            Le pr\u00e9sident libanais Joseph Aoun a annonc\u00e9 mercredi, dans un communiqu\u00e9, qu'il \"poursuit (ses) contacts en vue de consolider le cessez-le-feu et de mettre fin \u00e0 la d\u00e9molition des maisons dans les villages occup\u00e9s du sud\".\n<\/p>\n<p>\n            En parall\u00e8le de ses frappes, l'arm\u00e9e isra\u00e9lienne poursuit ses op\u00e9rations de d\u00e9molition de maisons dans des localit\u00e9s frontali\u00e8res, situ\u00e9es dans une zone de dix kilom\u00e8tres de profondeur d\u00e9limit\u00e9e par une \"ligne jaune\" \u00e9tablie par l'arm\u00e9e isra\u00e9lienne.\n<\/p>\n<p>\n            \"La tentative de l'ennemi d'\u00e9tablir une zone de s\u00e9curit\u00e9 sur notre sol, nous la ferons \u00e9chouer gr\u00e2ce aux sacrifices de la r\u00e9sistance\", a affirm\u00e9 mercredi Hassan Fadlallah, un d\u00e9put\u00e9 du Hezbollah, r\u00e9it\u00e9rant le refus de son parti de n\u00e9gociations directes avec Isra\u00ebl.\n<\/p>\n<p>\n            Le Hezbollah continue de revendiquer des attaques contre le territoire isra\u00e9lien et ses forces aux fronti\u00e8res.\n<\/p>\n<p>\n            Les raids isra\u00e9liens ont fait au moins 53 morts au Liban depuis l'entr\u00e9e en vigueur de la tr\u00eave le 17 avril, selon des chiffres du minist\u00e8re de la Sant\u00e9 et de l'arm\u00e9e rassembl\u00e9s par l'AFP.<\/p>\n","protected":false},"excerpt":{"rendered":"<p>Une nouvelle frappe isra\u00e9lienne sur le sud du Liban a tu\u00e9 un soldat et son fr\u00e8re, a indiqu\u00e9 mercredi l'arm\u00e9e libanaise, les hostilit\u00e9s entre Isra\u00ebl et le Hezbollah se poursuivant malgr\u00e9 la tr\u00eave. \"Un soldat et son fr\u00e8re ont \u00e9t\u00e9 tu\u00e9s dans une frappe isra\u00e9lienne qui les a vis\u00e9s\" dans une localit\u00e9 du secteur de [&hellip;]<\/p>\n","protected":false},"author":60,"featured_media":0,"comment_status":"open","ping_status":"closed","sticky":false,"template":"","format":"standard","meta":{"_acf_changed":false,"footnotes":""},"categories":[2576],"tags":[],"ji_location":[],"class_list":["post-158576","post","type-post","status-publish","format-standard","hentry","category-fil-d-actualite"],"acf":[],"yoast_head":"<!-- This site is optimized with the Yoast SEO Premium plugin v25.3.1 (Yoast SEO v25.3.1) - https:\/\/yoast.com\/wordpress\/plugins\/seo\/ -->\n<title>Liban: deux morts, dont un soldat, dans une nouvelle frappe isra\u00e9lienne (arm\u00e9e) - JusticeInfo.net<\/title>\n<meta name=\"robots\" content=\"index, follow, max-snippet:-1, max-image-preview:large, max-video-preview:-1\" \/>\n<link rel=\"canonical\" href=\"https:\/\/www.justiceinfo.net\/fr\/158576-liban-deux-morts-dont-un-soldat-dans-une-nouvelle-frappe-israelienne-armee.html\" \/>\n<meta property=\"og:locale\" content=\"fr_FR\" \/>\n<meta property=\"og:type\" content=\"article\" \/>\n<meta property=\"og:title\" content=\"Liban: deux morts, dont un soldat, dans une nouvelle frappe isra\u00e9lienne (arm\u00e9e)\" \/>\n<meta property=\"og:description\" content=\"Une nouvelle frappe isra\u00e9lienne sur le sud du Liban a tu\u00e9 un soldat et son fr\u00e8re, a indiqu\u00e9 mercredi l&#039;arm\u00e9e libanaise, les hostilit\u00e9s entre Isra\u00ebl et le Hezbollah se poursuivant malgr\u00e9 la tr\u00eave. &quot;Un soldat et son fr\u00e8re ont \u00e9t\u00e9 tu\u00e9s dans une frappe isra\u00e9lienne qui les a vis\u00e9s&quot; dans une localit\u00e9 du secteur de [&hellip;]\" \/>\n<meta property=\"og:url\" content=\"https:\/\/www.justiceinfo.net\/fr\/158576-liban-deux-morts-dont-un-soldat-dans-une-nouvelle-frappe-israelienne-armee.html\" \/>\n<meta property=\"og:site_name\" content=\"JusticeInfo.net\" \/>\n<meta property=\"article:publisher\" content=\"https:\/\/www.facebook.com\/JusticeInfo\/\" \/>\n<meta property=\"article:published_time\" content=\"2026-04-29T07:48:03+00:00\" \/>\n<meta property=\"og:image\" content=\"https:\/\/www.justiceinfo.net\/wp-content\/uploads\/JusticeInfoNet_logo_1200x630px.jpg\" \/>\n\t<meta property=\"og:image:width\" content=\"1200\" \/>\n\t<meta property=\"og:image:height\" content=\"630\" \/>\n\t<meta property=\"og:image:type\" content=\"image\/jpeg\" \/>\n<meta name=\"author\" content=\"afp\" \/>\n<meta name=\"twitter:card\" content=\"summary_large_image\" \/>\n<meta name=\"twitter:creator\" content=\"@justiceinfonet\" \/>\n<meta name=\"twitter:site\" content=\"@justiceinfonet\" \/>\n<meta name=\"twitter:label1\" content=\"\u00c9crit par\" \/>\n\t<meta name=\"twitter:data1\" content=\"afp\" \/>\n\t<meta name=\"twitter:label2\" content=\"Dur\u00e9e de lecture estim\u00e9e\" \/>\n\t<meta name=\"twitter:data2\" content=\"2 minutes\" \/>\n<script type=\"application\/ld+json\" class=\"yoast-schema-graph\">{\"@context\":\"https:\/\/schema.org\",\"@graph\":[{\"@type\":\"NewsArticle\",\"@id\":\"https:\/\/www.justiceinfo.net\/fr\/158576-liban-deux-morts-dont-un-soldat-dans-une-nouvelle-frappe-israelienne-armee.html#article\",\"isPartOf\":{\"@id\":\"https:\/\/www.justiceinfo.net\/fr\/158576-liban-deux-morts-dont-un-soldat-dans-une-nouvelle-frappe-israelienne-armee.html\"},\"author\":{\"name\":\"afp\",\"@id\":\"https:\/\/www.justiceinfo.net\/fr#\/schema\/person\/713d340ef5f218fc36ce9b4244364a7f\"},\"headline\":\"Liban: deux morts, dont un soldat, dans une nouvelle frappe isra\u00e9lienne (arm\u00e9e)\",\"datePublished\":\"2026-04-29T07:48:03+00:00\",\"mainEntityOfPage\":{\"@id\":\"https:\/\/www.justiceinfo.net\/fr\/158576-liban-deux-morts-dont-un-soldat-dans-une-nouvelle-frappe-israelienne-armee.html\"},\"wordCount\":495,\"commentCount\":0,\"publisher\":{\"@id\":\"https:\/\/www.justiceinfo.net\/fr#organization\"},\"articleSection\":[\"Fil d'info AFP\"],\"inLanguage\":\"fr-FR\",\"potentialAction\":[{\"@type\":\"CommentAction\",\"name\":\"Comment\",\"target\":[\"https:\/\/www.justiceinfo.net\/fr\/158576-liban-deux-morts-dont-un-soldat-dans-une-nouvelle-frappe-israelienne-armee.html#respond\"]}]},{\"@type\":\"WebPage\",\"@id\":\"https:\/\/www.justiceinfo.net\/fr\/158576-liban-deux-morts-dont-un-soldat-dans-une-nouvelle-frappe-israelienne-armee.html\",\"url\":\"https:\/\/www.justiceinfo.net\/fr\/158576-liban-deux-morts-dont-un-soldat-dans-une-nouvelle-frappe-israelienne-armee.html\",\"name\":\"Liban: deux morts, dont un soldat, dans une nouvelle frappe isra\u00e9lienne (arm\u00e9e) - JusticeInfo.net\",\"isPartOf\":{\"@id\":\"https:\/\/www.justiceinfo.net\/fr#website\"},\"datePublished\":\"2026-04-29T07:48:03+00:00\",\"breadcrumb\":{\"@id\":\"https:\/\/www.justiceinfo.net\/fr\/158576-liban-deux-morts-dont-un-soldat-dans-une-nouvelle-frappe-israelienne-armee.html#breadcrumb\"},\"inLanguage\":\"fr-FR\",\"potentialAction\":[{\"@type\":\"ReadAction\",\"target\":[\"https:\/\/www.justiceinfo.net\/fr\/158576-liban-deux-morts-dont-un-soldat-dans-une-nouvelle-frappe-israelienne-armee.html\"]}]},{\"@type\":\"BreadcrumbList\",\"@id\":\"https:\/\/www.justiceinfo.net\/fr\/158576-liban-deux-morts-dont-un-soldat-dans-une-nouvelle-frappe-israelienne-armee.html#breadcrumb\",\"itemListElement\":[{\"@type\":\"ListItem\",\"position\":1,\"name\":\"Home\",\"item\":\"https:\/\/www.justiceinfo.net\/fr\"},{\"@type\":\"ListItem\",\"position\":2,\"name\":\"Liban: deux morts, dont un soldat, dans une nouvelle frappe isra\u00e9lienne (arm\u00e9e)\"}]},{\"@type\":\"WebSite\",\"@id\":\"https:\/\/www.justiceinfo.net\/fr#website\",\"url\":\"https:\/\/www.justiceinfo.net\/fr\",\"name\":\"JusticeInfo.net\",\"description\":\"La justice doit \u00eatre vue pour \u00eatre rendue\",\"publisher\":{\"@id\":\"https:\/\/www.justiceinfo.net\/fr#organization\"},\"potentialAction\":[{\"@type\":\"SearchAction\",\"target\":{\"@type\":\"EntryPoint\",\"urlTemplate\":\"https:\/\/www.justiceinfo.net\/fr?s={search_term_string}\"},\"query-input\":{\"@type\":\"PropertyValueSpecification\",\"valueRequired\":true,\"valueName\":\"search_term_string\"}}],\"inLanguage\":\"fr-FR\"},{\"@type\":\"Organization\",\"@id\":\"https:\/\/www.justiceinfo.net\/fr#organization\",\"name\":\"Justice Info\",\"url\":\"https:\/\/www.justiceinfo.net\/fr\",\"logo\":{\"@type\":\"ImageObject\",\"inLanguage\":\"fr-FR\",\"@id\":\"https:\/\/www.justiceinfo.net\/fr#\/schema\/logo\/image\/\",\"url\":\"https:\/\/www.justiceinfo.net\/wp-content\/uploads\/justiceinfo_logo-trans_1200x1200px.png\",\"contentUrl\":\"https:\/\/www.justiceinfo.net\/wp-content\/uploads\/justiceinfo_logo-trans_1200x1200px.png\",\"width\":1199,\"height\":1200,\"caption\":\"Justice Info\"},\"image\":{\"@id\":\"https:\/\/www.justiceinfo.net\/fr#\/schema\/logo\/image\/\"},\"sameAs\":[\"https:\/\/www.facebook.com\/JusticeInfo\/\",\"https:\/\/x.com\/justiceinfonet\",\"https:\/\/www.linkedin.com\/company\/justice-info\",\"https:\/\/www.youtube.com\/channel\/UCyCEsARodyuWtkWyhn-e7pA\"]},{\"@type\":\"Person\",\"name\":\"afp\",\"url\":\"\/fr\/?s=afp\"}]}<\/script>\n<!-- \/ Yoast SEO Premium plugin. -->","yoast_head_json":{"title":"Liban: deux morts, dont un soldat, dans une nouvelle frappe isra\u00e9lienne (arm\u00e9e) - JusticeInfo.net","robots":{"index":"index","follow":"follow","max-snippet":"max-snippet:-1","max-image-preview":"max-image-preview:large","max-video-preview":"max-video-preview:-1"},"canonical":"https:\/\/www.justiceinfo.net\/fr\/158576-liban-deux-morts-dont-un-soldat-dans-une-nouvelle-frappe-israelienne-armee.html","og_locale":"fr_FR","og_type":"article","og_title":"Liban: deux morts, dont un soldat, dans une nouvelle frappe isra\u00e9lienne (arm\u00e9e)","og_description":"Une nouvelle frappe isra\u00e9lienne sur le sud du Liban a tu\u00e9 un soldat et son fr\u00e8re, a indiqu\u00e9 mercredi l'arm\u00e9e libanaise, les hostilit\u00e9s entre Isra\u00ebl et le Hezbollah se poursuivant malgr\u00e9 la tr\u00eave. \"Un soldat et son fr\u00e8re ont \u00e9t\u00e9 tu\u00e9s dans une frappe isra\u00e9lienne qui les a vis\u00e9s\" dans une localit\u00e9 du secteur de [&hellip;]","og_url":"https:\/\/www.justiceinfo.net\/fr\/158576-liban-deux-morts-dont-un-soldat-dans-une-nouvelle-frappe-israelienne-armee.html","og_site_name":"JusticeInfo.net","article_publisher":"https:\/\/www.facebook.com\/JusticeInfo\/","article_published_time":"2026-04-29T07:48:03+00:00","og_image":[{"width":1200,"height":630,"url":"https:\/\/www.justiceinfo.net\/wp-content\/uploads\/JusticeInfoNet_logo_1200x630px.jpg","type":"image\/jpeg"}],"author":"afp","twitter_card":"summary_large_image","twitter_creator":"@justiceinfonet","twitter_site":"@justiceinfonet","twitter_misc":{"\u00c9crit par":"afp","Dur\u00e9e de lecture estim\u00e9e":"2 minutes"},"schema":{"@context":"https:\/\/schema.org","@graph":[{"@type":"NewsArticle","@id":"https:\/\/www.justiceinfo.net\/fr\/158576-liban-deux-morts-dont-un-soldat-dans-une-nouvelle-frappe-israelienne-armee.html#article","isPartOf":{"@id":"https:\/\/www.justiceinfo.net\/fr\/158576-liban-deux-morts-dont-un-soldat-dans-une-nouvelle-frappe-israelienne-armee.html"},"author":{"name":"afp","@id":"https:\/\/www.justiceinfo.net\/fr#\/schema\/person\/713d340ef5f218fc36ce9b4244364a7f"},"headline":"Liban: deux morts, dont un soldat, dans une nouvelle frappe isra\u00e9lienne (arm\u00e9e)","datePublished":"2026-04-29T07:48:03+00:00","mainEntityOfPage":{"@id":"https:\/\/www.justiceinfo.net\/fr\/158576-liban-deux-morts-dont-un-soldat-dans-une-nouvelle-frappe-israelienne-armee.html"},"wordCount":495,"commentCount":0,"publisher":{"@id":"https:\/\/www.justiceinfo.net\/fr#organization"},"articleSection":["Fil d'info AFP"],"inLanguage":"fr-FR","potentialAction":[{"@type":"CommentAction","name":"Comment","target":["https:\/\/www.justiceinfo.net\/fr\/158576-liban-deux-morts-dont-un-soldat-dans-une-nouvelle-frappe-israelienne-armee.html#respond"]}]},{"@type":"WebPage","@id":"https:\/\/www.justiceinfo.net\/fr\/158576-liban-deux-morts-dont-un-soldat-dans-une-nouvelle-frappe-israelienne-armee.html","url":"https:\/\/www.justiceinfo.net\/fr\/158576-liban-deux-morts-dont-un-soldat-dans-une-nouvelle-frappe-israelienne-armee.html","name":"Liban: deux morts, dont un soldat, dans une nouvelle frappe isra\u00e9lienne (arm\u00e9e) - JusticeInfo.net","isPartOf":{"@id":"https:\/\/www.justiceinfo.net\/fr#website"},"datePublished":"2026-04-29T07:48:03+00:00","breadcrumb":{"@id":"https:\/\/www.justiceinfo.net\/fr\/158576-liban-deux-morts-dont-un-soldat-dans-une-nouvelle-frappe-israelienne-armee.html#breadcrumb"},"inLanguage":"fr-FR","potentialAction":[{"@type":"ReadAction","target":["https:\/\/www.justiceinfo.net\/fr\/158576-liban-deux-morts-dont-un-soldat-dans-une-nouvelle-frappe-israelienne-armee.html"]}]},{"@type":"BreadcrumbList","@id":"https:\/\/www.justiceinfo.net\/fr\/158576-liban-deux-morts-dont-un-soldat-dans-une-nouvelle-frappe-israelienne-armee.html#breadcrumb","itemListElement":[{"@type":"ListItem","position":1,"name":"Home","item":"https:\/\/www.justiceinfo.net\/fr"},{"@type":"ListItem","position":2,"name":"Liban: deux morts, dont un soldat, dans une nouvelle frappe isra\u00e9lienne (arm\u00e9e)"}]},{"@type":"WebSite","@id":"https:\/\/www.justiceinfo.net\/fr#website","url":"https:\/\/www.justiceinfo.net\/fr","name":"JusticeInfo.net","description":"La justice doit \u00eatre vue pour \u00eatre rendue","publisher":{"@id":"https:\/\/www.justiceinfo.net\/fr#organization"},"potentialAction":[{"@type":"SearchAction","target":{"@type":"EntryPoint","urlTemplate":"https:\/\/www.justiceinfo.net\/fr?s={search_term_string}"},"query-input":{"@type":"PropertyValueSpecification","valueRequired":true,"valueName":"search_term_string"}}],"inLanguage":"fr-FR"},{"@type":"Organization","@id":"https:\/\/www.justiceinfo.net\/fr#organization","name":"Justice Info","url":"https:\/\/www.justiceinfo.net\/fr","logo":{"@type":"ImageObject","inLanguage":"fr-FR","@id":"https:\/\/www.justiceinfo.net\/fr#\/schema\/logo\/image\/","url":"https:\/\/www.justiceinfo.net\/wp-content\/uploads\/justiceinfo_logo-trans_1200x1200px.png","contentUrl":"https:\/\/www.justiceinfo.net\/wp-content\/uploads\/justiceinfo_logo-trans_1200x1200px.png","width":1199,"height":1200,"caption":"Justice Info"},"image":{"@id":"https:\/\/www.justiceinfo.net\/fr#\/schema\/logo\/image\/"},"sameAs":["https:\/\/www.facebook.com\/JusticeInfo\/","https:\/\/x.com\/justiceinfonet","https:\/\/www.linkedin.com\/company\/justice-info","https:\/\/www.youtube.com\/channel\/UCyCEsARodyuWtkWyhn-e7pA"]},{"@type":"Person","name":"afp","url":"\/fr\/?s=afp"}]}},"_links":{"self":[{"href":"https:\/\/www.justiceinfo.net\/fr\/wp-json\/wp\/v2\/posts\/158576","targetHints":{"allow":["GET"]}}],"collection":[{"href":"https:\/\/www.justiceinfo.net\/fr\/wp-json\/wp\/v2\/posts"}],"about":[{"href":"https:\/\/www.justiceinfo.net\/fr\/wp-json\/wp\/v2\/types\/post"}],"author":[{"embeddable":true,"href":"https:\/\/www.justiceinfo.net\/fr\/wp-json\/wp\/v2\/users\/60"}],"replies":[{"embeddable":true,"href":"https:\/\/www.justiceinfo.net\/fr\/wp-json\/wp\/v2\/comments?post=158576"}],"version-history":[{"count":0,"href":"https:\/\/www.justiceinfo.net\/fr\/wp-json\/wp\/v2\/posts\/158576\/revisions"}],"wp:attachment":[{"href":"https:\/\/www.justiceinfo.net\/fr\/wp-json\/wp\/v2\/media?parent=158576"}],"wp:term":[{"taxonomy":"category","embeddable":true,"href":"https:\/\/www.justiceinfo.net\/fr\/wp-json\/wp\/v2\/categories?post=158576"},{"taxonomy":"post_tag","embeddable":true,"href":"https:\/\/www.justiceinfo.net\/fr\/wp-json\/wp\/v2\/tags?post=158576"},{"taxonomy":"ji_location","embeddable":true,"href":"https:\/\/www.justiceinfo.net\/fr\/wp-json\/wp\/v2\/ji_location?post=158576"}],"curies":[{"name":"wp","href":"https:\/\/api.w.org\/{rel}","templated":true}]}}